{"id":830,"date":"2010-06-08T17:23:18","date_gmt":"2010-06-08T15:23:18","guid":{"rendered":"http:\/\/www.jschamberi.org\/blog\/?p=830"},"modified":"2010-06-08T22:57:35","modified_gmt":"2010-06-08T20:57:35","slug":"830","status":"publish","type":"post","link":"https:\/\/www.jschamberi.org\/blog\/?p=830","title":{"rendered":"JSCH en la presentaci\u00f3n del nuevo informe de la Fundaci\u00f3n IDEAS"},"content":{"rendered":"<p style=\"text-align: justify;\">El pasado viernes 28, Juventudes Socialistas de Chamber\u00ed acudi\u00f3 a la presentaci\u00f3n del nuevo informe de la <span style=\"color: #ff0000;\">Fundaci\u00f3n IDEAS<\/span>, sobre la necesidad de crear un impuesto contra la especulaci\u00f3n financiera, donde\u00a0 se dieron cita algunos de los economistas m\u00e1s prestigiosos del momento, entre ellos Stiglitz, Sachs, Sapir, Griffith-Jones y Stern. A continuaci\u00f3n os presentamos un breve resumen de algunas de las recomendaciones\u00a0 que nos brindaron.<\/p>\n<ul>\n<li style=\"text-align: justify;\"><strong>La profesora Grifith-Jones<\/strong> estableci\u00f3 los v\u00ednculos que unen a la econom\u00eda espa\u00f1ola con el resto de las econom\u00edas europeas, demostrando que si bien, es verdad que la econom\u00eda espa\u00f1ola padece de algunos problemas estructurales, como pueda ser la falta de crecimiento de competitividad en los \u00faltimos a\u00f1os, a grandes rasgos, los valores macro del estado espa\u00f1ol no difieren de los de otras grandes econom\u00edas europeas, y en algunos aspectos son manifiestamente mejores, como la regulaci\u00f3n del sistema financiero. La profesora defendi\u00f3 que abandonemos el viejo paradigma del pensamiento \u00fanico neocon, y caminemos hacia un nuevo sistema financiero y econ\u00f3mico m\u00e1s justo y equitativo.<\/li>\n<\/ul>\n<p style=\"text-align: justify;\">\n<ul>\n<li style=\"text-align: justify;\"> Por otro lado <strong>el profesor Stern<\/strong>, record\u00f3 que adem\u00e1s de la crisis financiera, el mundo se enfrenta a dos grandes desaf\u00edos en estos momentos: el cambio y clim\u00e1tico y la pobreza mundial. Adem\u00e1s defendi\u00f3 las medidas llevadas a cabo por el ejecutivo de Jos\u00e9 Luis Rodr\u00edguez Zapatero, explic\u00f3 que de esta crisis solo saldr\u00edamos todos los pa\u00edses de la UE juntos y que en Europa, no deb\u00edamos olvidar que nuestra gran apuesta ha sido y debe ser el estado social y de bienestar, que permite a los que menos tienen tener las condiciones m\u00ednimas para vivir.<\/li>\n<\/ul>\n<p style=\"text-align: justify;\">\n<ul>\n<li style=\"text-align: justify;\"> <strong>El profesor Sachs<\/strong> carg\u00f3 contra las brutales desigualdades que asolan al mundo y que ya no son s\u00f3lo un problema para los pa\u00edses en desarrollo, sino tambi\u00e9n para los pa\u00edses desarrollados. En la actualidad las grandes fortunas, que controlan los mercados, apenas pagan impuestos, lo que conlleva que la redistribuci\u00f3n de la riqueza sea cada vez m\u00e1s deficiente tanto en EE.UU como en Europa (mientras tanto en EE.UU. uno de cada cinco menores vive en condiciones de pobreza). Adem\u00e1s, lanz\u00f3 una advertencia, contra aquellos que defienden la privatizaci\u00f3n de la pol\u00edtica, como el l\u00edder de la oposici\u00f3n Mariano Rajoy. En EE.UU. donde los fondos de las campa\u00f1as provienen de la financiaci\u00f3n privada, los pol\u00edticos est\u00e1n en manos de los donantes, lo cual da lugar a situaciones tan surrealistas como que hoy, apenas dos meses despu\u00e9s del vertido de petr\u00f3leo en el Golfo de M\u00e9xico, la regulaci\u00f3n medioambiental para las petroleras sea mas laxa que antes de producirse el vertido.<\/li>\n<\/ul>\n<p style=\"text-align: justify;\"><img loading=\"lazy\" decoding=\"async\" class=\"aligncenter size-full wp-image-831\" title=\"foto\" src=\"http:\/\/www.jschamberi.org\/blog\/wp-content\/uploads\/2010\/06\/foto.jpg\" alt=\"foto\" width=\"473\" height=\"355\" srcset=\"https:\/\/www.jschamberi.org\/blog\/wp-content\/uploads\/2010\/06\/foto.jpg 800w, https:\/\/www.jschamberi.org\/blog\/wp-content\/uploads\/2010\/06\/foto-300x225.jpg 300w\" sizes=\"(max-width: 473px) 100vw, 473px\" \/><\/p>\n<ul>\n<li style=\"text-align: justify;\"> <strong>Sapir<\/strong> por su parte se encarg\u00f3 de hacer un minucioso an\u00e1lisis sobre los mecanismos que hicieron que una crisis que hab\u00eda comenzado en Wall Street, haya acabado poniendo contra las cuerdas a pa\u00edses que antes de la crisis presentaban un cuadro macroecon\u00f3mico bastante saneado, como es el caso de Espa\u00f1a. Nos mostr\u00f3 como gracias a la integraci\u00f3n europea, los pa\u00edses que part\u00edan de una situaci\u00f3n econ\u00f3mica m\u00e1s atrasada han podido converger, aunque tambi\u00e9n han acusado m\u00e1s r\u00e1pidamente los males de la crisis.\u00a0 Por otro lado analiz\u00f3 las similitudes de Espa\u00f1a con otras econom\u00edas, y recomend\u00f3 al gobierno basar el crecimiento futuro en el aumento de la productividad y no solo en el aumento de la fuerza laboral como pas\u00f3 durantes los a\u00f1os de la burbuja inmobiliaria.<\/li>\n<\/ul>\n<p style=\"text-align: justify;\">\n<ul>\n<li style=\"text-align: justify;\"> Por \u00faltimo <strong>el maestro Stiglitz<\/strong>, nos deleit\u00f3 como suele ser habitual en \u00e9l con un discurso cargado de cr\u00edtica, iron\u00eda pero tambi\u00e9n de mensajes de cambio y de optimismo. Defendi\u00f3 la regulaci\u00f3n del mercado como \u00fanico instrumento para evitar que unos pocos se beneficien del esfuerzo de todo. Evidenci\u00f3 el descr\u00e9dito en el que han ca\u00eddo los te\u00f3ricos que con tanta insistencia han defendido la \u201cmano invisible\u201d\u00a0 desde los a\u00f1os de Reagan y Thatcher y nos precavi\u00f3 contra la inercia de dejar las cosas como est\u00e1n. Acept\u00f3 la necesidad de luchar contra el d\u00e9ficit, aunque sea ir\u00f3nico que sean los mercados los paladines de esta lucha, cuando hace apenas un a\u00f1o predicaban justamente lo contrario. Sin embargo nos dio unas recetas diferentes a las que nos suelen vender los gur\u00fas de la crisis. Abog\u00f3 por una reducci\u00f3n del d\u00e9ficit por la v\u00eda del ingreso, m\u00e1s impuestos para los que m\u00e1s tienen, y propugno una reducci\u00f3n importante en los gastos que de verdad no son productivos, como el impresionante gasto militar norteamericano. Apost\u00f3 por la creaci\u00f3n de un impuesto contra los productos financieros t\u00f3xicos, bajo el lema medioambiental de \u201cquien contamina el sistema financiero debe pagar\u201d. Y finalmente, y en consonancia con todos los dem\u00e1s ponentes nos invit\u00f3 a apostar por las inversiones que son realmente importantes para la sociedad como son la educaci\u00f3n y la salud, que han sido y deben ser el leitmotiv de todos aquellos que nos consideramos progresistas a ambos lados del Atl\u00e1ntico.<\/li>\n<\/ul>\n<p><img loading=\"lazy\" decoding=\"async\" class=\"aligncenter size-full wp-image-832\" title=\"foto2\" src=\"http:\/\/www.jschamberi.org\/blog\/wp-content\/uploads\/2010\/06\/foto2.jpg\" alt=\"foto2\" width=\"225\" height=\"332\" \/><\/p>\n","protected":false},"excerpt":{"rendered":"<p>El pasado viernes 28, Juventudes Socialistas de Chamber\u00ed acudi\u00f3 a la presentaci\u00f3n del nuevo informe de la Fundaci\u00f3n IDEAS, sobre la necesidad de crear un impuesto contra la especulaci\u00f3n financiera, donde\u00a0 se dieron cita algunos de los economistas m\u00e1s prestigiosos del momento, entre ellos Stiglitz, Sachs, Sapir, Griffith-Jones y Stern. A continuaci\u00f3n os presentamos un <a class=\"read-more\" href=\"https:\/\/www.jschamberi.org\/blog\/?p=830\">Leer m\u00e1s<\/a><\/p>\n","protected":false},"author":1,"featured_media":0,"comment_status":"open","ping_status":"open","sticky":false,"template":"","format":"standard","meta":{"footnotes":""},"categories":[13,21],"tags":[],"class_list":["post-830","post","type-post","status-publish","format-standard","hentry","category-eventos","category-sostenibilidad"],"yoast_head":"<!-- This site is optimized with the Yoast SEO plugin v23.7 - https:\/\/yoast.com\/wordpress\/plugins\/seo\/ -->\n<title>JSCH en la presentaci\u00f3n del nuevo informe de la Fundaci\u00f3n IDEAS - Juventudes Socialistas de Chamber\u00ed<\/title>\n<meta name=\"robots\" content=\"index, follow, max-snippet:-1, max-image-preview:large, max-video-preview:-1\" \/>\n<link rel=\"canonical\" href=\"https:\/\/www.jschamberi.org\/blog\/?p=830\" \/>\n<meta property=\"og:locale\" content=\"es_ES\" \/>\n<meta property=\"og:type\" content=\"article\" \/>\n<meta property=\"og:title\" content=\"JSCH en la presentaci\u00f3n del nuevo informe de la Fundaci\u00f3n IDEAS - Juventudes Socialistas de Chamber\u00ed\" \/>\n<meta property=\"og:description\" content=\"El pasado viernes 28, Juventudes Socialistas de Chamber\u00ed acudi\u00f3 a la presentaci\u00f3n del nuevo informe de la Fundaci\u00f3n IDEAS, sobre la necesidad de crear un impuesto contra la especulaci\u00f3n financiera, donde\u00a0 se dieron cita algunos de los economistas m\u00e1s prestigiosos del momento, entre ellos Stiglitz, Sachs, Sapir, Griffith-Jones y Stern. A continuaci\u00f3n os presentamos un Leer m\u00e1s\" \/>\n<meta property=\"og:url\" content=\"https:\/\/www.jschamberi.org\/blog\/?p=830\" \/>\n<meta property=\"og:site_name\" content=\"Juventudes Socialistas de Chamber\u00ed\" \/>\n<meta property=\"article:published_time\" content=\"2010-06-08T15:23:18+00:00\" \/>\n<meta property=\"article:modified_time\" content=\"2010-06-08T20:57:35+00:00\" \/>\n<meta property=\"og:image\" content=\"https:\/\/www.jschamberi.org\/blog\/wp-content\/uploads\/2010\/06\/foto.jpg\" \/>\n\t<meta property=\"og:image:width\" content=\"800\" \/>\n\t<meta property=\"og:image:height\" content=\"600\" \/>\n\t<meta property=\"og:image:type\" content=\"image\/jpeg\" \/>\n<meta name=\"author\" content=\"admin\" \/>\n<meta name=\"twitter:card\" content=\"summary_large_image\" \/>\n<meta name=\"twitter:label1\" content=\"Escrito por\" \/>\n\t<meta name=\"twitter:data1\" content=\"admin\" \/>\n\t<meta name=\"twitter:label2\" content=\"Tiempo de lectura\" \/>\n\t<meta name=\"twitter:data2\" content=\"4 minutos\" \/>\n<script type=\"application\/ld+json\" class=\"yoast-schema-graph\">{\"@context\":\"https:\/\/schema.org\",\"@graph\":[{\"@type\":\"WebPage\",\"@id\":\"https:\/\/www.jschamberi.org\/blog\/?p=830\",\"url\":\"https:\/\/www.jschamberi.org\/blog\/?p=830\",\"name\":\"JSCH en la presentaci\u00f3n del nuevo informe de la Fundaci\u00f3n IDEAS - Juventudes Socialistas de Chamber\u00ed\",\"isPartOf\":{\"@id\":\"https:\/\/www.jschamberi.org\/blog\/#website\"},\"primaryImageOfPage\":{\"@id\":\"https:\/\/www.jschamberi.org\/blog\/?p=830#primaryimage\"},\"image\":{\"@id\":\"https:\/\/www.jschamberi.org\/blog\/?p=830#primaryimage\"},\"thumbnailUrl\":\"http:\/\/www.jschamberi.org\/blog\/wp-content\/uploads\/2010\/06\/foto.jpg\",\"datePublished\":\"2010-06-08T15:23:18+00:00\",\"dateModified\":\"2010-06-08T20:57:35+00:00\",\"author\":{\"@id\":\"https:\/\/www.jschamberi.org\/blog\/#\/schema\/person\/c059c083419d357c708520483aafc898\"},\"breadcrumb\":{\"@id\":\"https:\/\/www.jschamberi.org\/blog\/?p=830#breadcrumb\"},\"inLanguage\":\"es\",\"potentialAction\":[{\"@type\":\"ReadAction\",\"target\":[\"https:\/\/www.jschamberi.org\/blog\/?p=830\"]}]},{\"@type\":\"ImageObject\",\"inLanguage\":\"es\",\"@id\":\"https:\/\/www.jschamberi.org\/blog\/?p=830#primaryimage\",\"url\":\"https:\/\/www.jschamberi.org\/blog\/wp-content\/uploads\/2010\/06\/foto.jpg\",\"contentUrl\":\"https:\/\/www.jschamberi.org\/blog\/wp-content\/uploads\/2010\/06\/foto.jpg\",\"width\":\"800\",\"height\":\"600\"},{\"@type\":\"BreadcrumbList\",\"@id\":\"https:\/\/www.jschamberi.org\/blog\/?p=830#breadcrumb\",\"itemListElement\":[{\"@type\":\"ListItem\",\"position\":1,\"name\":\"Home\",\"item\":\"https:\/\/www.jschamberi.org\/blog\/\"},{\"@type\":\"ListItem\",\"position\":2,\"name\":\"JSCH en la presentaci\u00f3n del nuevo informe de la Fundaci\u00f3n IDEAS\"}]},{\"@type\":\"WebSite\",\"@id\":\"https:\/\/www.jschamberi.org\/blog\/#website\",\"url\":\"https:\/\/www.jschamberi.org\/blog\/\",\"name\":\"Juventudes Socialistas de Chamber\u00ed\",\"description\":\"\",\"potentialAction\":[{\"@type\":\"SearchAction\",\"target\":{\"@type\":\"EntryPoint\",\"urlTemplate\":\"https:\/\/www.jschamberi.org\/blog\/?s={search_term_string}\"},\"query-input\":{\"@type\":\"PropertyValueSpecification\",\"valueRequired\":true,\"valueName\":\"search_term_string\"}}],\"inLanguage\":\"es\"},{\"@type\":\"Person\",\"@id\":\"https:\/\/www.jschamberi.org\/blog\/#\/schema\/person\/c059c083419d357c708520483aafc898\",\"name\":\"admin\",\"image\":{\"@type\":\"ImageObject\",\"inLanguage\":\"es\",\"@id\":\"https:\/\/www.jschamberi.org\/blog\/#\/schema\/person\/image\/\",\"url\":\"https:\/\/secure.gravatar.com\/avatar\/7113fc9fabb67d6308a52515bfcb6797?s=96&d=identicon&r=g\",\"contentUrl\":\"https:\/\/secure.gravatar.com\/avatar\/7113fc9fabb67d6308a52515bfcb6797?s=96&d=identicon&r=g\",\"caption\":\"admin\"},\"url\":\"https:\/\/www.jschamberi.org\/blog\/?author=1\"}]}<\/script>\n<!-- \/ Yoast SEO plugin. -->","yoast_head_json":{"title":"JSCH en la presentaci\u00f3n del nuevo informe de la Fundaci\u00f3n IDEAS - Juventudes Socialistas de Chamber\u00ed","robots":{"index":"index","follow":"follow","max-snippet":"max-snippet:-1","max-image-preview":"max-image-preview:large","max-video-preview":"max-video-preview:-1"},"canonical":"https:\/\/www.jschamberi.org\/blog\/?p=830","og_locale":"es_ES","og_type":"article","og_title":"JSCH en la presentaci\u00f3n del nuevo informe de la Fundaci\u00f3n IDEAS - Juventudes Socialistas de Chamber\u00ed","og_description":"El pasado viernes 28, Juventudes Socialistas de Chamber\u00ed acudi\u00f3 a la presentaci\u00f3n del nuevo informe de la Fundaci\u00f3n IDEAS, sobre la necesidad de crear un impuesto contra la especulaci\u00f3n financiera, donde\u00a0 se dieron cita algunos de los economistas m\u00e1s prestigiosos del momento, entre ellos Stiglitz, Sachs, Sapir, Griffith-Jones y Stern. A continuaci\u00f3n os presentamos un Leer m\u00e1s","og_url":"https:\/\/www.jschamberi.org\/blog\/?p=830","og_site_name":"Juventudes Socialistas de Chamber\u00ed","article_published_time":"2010-06-08T15:23:18+00:00","article_modified_time":"2010-06-08T20:57:35+00:00","og_image":[{"width":800,"height":600,"url":"https:\/\/www.jschamberi.org\/blog\/wp-content\/uploads\/2010\/06\/foto.jpg","type":"image\/jpeg"}],"author":"admin","twitter_card":"summary_large_image","twitter_misc":{"Escrito por":"admin","Tiempo de lectura":"4 minutos"},"schema":{"@context":"https:\/\/schema.org","@graph":[{"@type":"WebPage","@id":"https:\/\/www.jschamberi.org\/blog\/?p=830","url":"https:\/\/www.jschamberi.org\/blog\/?p=830","name":"JSCH en la presentaci\u00f3n del nuevo informe de la Fundaci\u00f3n IDEAS - Juventudes Socialistas de Chamber\u00ed","isPartOf":{"@id":"https:\/\/www.jschamberi.org\/blog\/#website"},"primaryImageOfPage":{"@id":"https:\/\/www.jschamberi.org\/blog\/?p=830#primaryimage"},"image":{"@id":"https:\/\/www.jschamberi.org\/blog\/?p=830#primaryimage"},"thumbnailUrl":"http:\/\/www.jschamberi.org\/blog\/wp-content\/uploads\/2010\/06\/foto.jpg","datePublished":"2010-06-08T15:23:18+00:00","dateModified":"2010-06-08T20:57:35+00:00","author":{"@id":"https:\/\/www.jschamberi.org\/blog\/#\/schema\/person\/c059c083419d357c708520483aafc898"},"breadcrumb":{"@id":"https:\/\/www.jschamberi.org\/blog\/?p=830#breadcrumb"},"inLanguage":"es","potentialAction":[{"@type":"ReadAction","target":["https:\/\/www.jschamberi.org\/blog\/?p=830"]}]},{"@type":"ImageObject","inLanguage":"es","@id":"https:\/\/www.jschamberi.org\/blog\/?p=830#primaryimage","url":"https:\/\/www.jschamberi.org\/blog\/wp-content\/uploads\/2010\/06\/foto.jpg","contentUrl":"https:\/\/www.jschamberi.org\/blog\/wp-content\/uploads\/2010\/06\/foto.jpg","width":"800","height":"600"},{"@type":"BreadcrumbList","@id":"https:\/\/www.jschamberi.org\/blog\/?p=830#breadcrumb","itemListElement":[{"@type":"ListItem","position":1,"name":"Home","item":"https:\/\/www.jschamberi.org\/blog\/"},{"@type":"ListItem","position":2,"name":"JSCH en la presentaci\u00f3n del nuevo informe de la Fundaci\u00f3n IDEAS"}]},{"@type":"WebSite","@id":"https:\/\/www.jschamberi.org\/blog\/#website","url":"https:\/\/www.jschamberi.org\/blog\/","name":"Juventudes Socialistas de Chamber\u00ed","description":"","potentialAction":[{"@type":"SearchAction","target":{"@type":"EntryPoint","urlTemplate":"https:\/\/www.jschamberi.org\/blog\/?s={search_term_string}"},"query-input":{"@type":"PropertyValueSpecification","valueRequired":true,"valueName":"search_term_string"}}],"inLanguage":"es"},{"@type":"Person","@id":"https:\/\/www.jschamberi.org\/blog\/#\/schema\/person\/c059c083419d357c708520483aafc898","name":"admin","image":{"@type":"ImageObject","inLanguage":"es","@id":"https:\/\/www.jschamberi.org\/blog\/#\/schema\/person\/image\/","url":"https:\/\/secure.gravatar.com\/avatar\/7113fc9fabb67d6308a52515bfcb6797?s=96&d=identicon&r=g","contentUrl":"https:\/\/secure.gravatar.com\/avatar\/7113fc9fabb67d6308a52515bfcb6797?s=96&d=identicon&r=g","caption":"admin"},"url":"https:\/\/www.jschamberi.org\/blog\/?author=1"}]}},"_links":{"self":[{"href":"https:\/\/www.jschamberi.org\/blog\/index.php?rest_route=\/wp\/v2\/posts\/830"}],"collection":[{"href":"https:\/\/www.jschamberi.org\/blog\/index.php?rest_route=\/wp\/v2\/posts"}],"about":[{"href":"https:\/\/www.jschamberi.org\/blog\/index.php?rest_route=\/wp\/v2\/types\/post"}],"author":[{"embeddable":true,"href":"https:\/\/www.jschamberi.org\/blog\/index.php?rest_route=\/wp\/v2\/users\/1"}],"replies":[{"embeddable":true,"href":"https:\/\/www.jschamberi.org\/blog\/index.php?rest_route=%2Fwp%2Fv2%2Fcomments&post=830"}],"version-history":[{"count":3,"href":"https:\/\/www.jschamberi.org\/blog\/index.php?rest_route=\/wp\/v2\/posts\/830\/revisions"}],"predecessor-version":[{"id":835,"href":"https:\/\/www.jschamberi.org\/blog\/index.php?rest_route=\/wp\/v2\/posts\/830\/revisions\/835"}],"wp:attachment":[{"href":"https:\/\/www.jschamberi.org\/blog\/index.php?rest_route=%2Fwp%2Fv2%2Fmedia&parent=830"}],"wp:term":[{"taxonomy":"category","embeddable":true,"href":"https:\/\/www.jschamberi.org\/blog\/index.php?rest_route=%2Fwp%2Fv2%2Fcategories&post=830"},{"taxonomy":"post_tag","embeddable":true,"href":"https:\/\/www.jschamberi.org\/blog\/index.php?rest_route=%2Fwp%2Fv2%2Ftags&post=830"}],"curies":[{"name":"wp","href":"https:\/\/api.w.org\/{rel}","templated":true}]}}