{"id":797,"date":"2010-05-31T15:35:05","date_gmt":"2010-05-31T13:35:05","guid":{"rendered":"http:\/\/www.jschamberi.org\/blog\/?p=797"},"modified":"2010-06-02T14:08:38","modified_gmt":"2010-06-02T12:08:38","slug":"cuando-humanitarismo-es-terrorismo","status":"publish","type":"post","link":"https:\/\/www.jschamberi.org\/blog\/?p=797","title":{"rendered":"Cuando humanitarismo es terrorismo"},"content":{"rendered":"<p style=\"text-align: justify\"><img loading=\"lazy\" decoding=\"async\" class=\"alignleft size-medium wp-image-803\" style=\"margin-left: 10px;margin-right: 10px\" src=\"http:\/\/www.jschamberi.org\/blog\/wp-content\/uploads\/2010\/05\/paloma__2007124165311_edited13-300x228.jpg\" alt=\"paloma__2007124165311_edited[1]\" width=\"300\" height=\"228\" srcset=\"https:\/\/www.jschamberi.org\/blog\/wp-content\/uploads\/2010\/05\/paloma__2007124165311_edited13-300x228.jpg 300w, https:\/\/www.jschamberi.org\/blog\/wp-content\/uploads\/2010\/05\/paloma__2007124165311_edited13.jpg 400w\" sizes=\"(max-width: 300px) 100vw, 300px\" \/>Si uno reflexiona y se pregunta c\u00f3mo ciertas naciones pudieron llegar a hacer las bestialidades m\u00e1s impensables, por ejemplo la Francia colonial, la <a href=\"http:\/\/es.wikipedia.org\/wiki\/Alemania_nazi\">Alemania del 33<\/a> o los <a href=\"http:\/\/es.wikipedia.org\/wiki\/Guerras_Yugoslavas\">conflictos balc\u00e1nicos <\/a>pos-titoistas en los a\u00f1os 90, uno cae en la cuenta que, independientemente de las circunstancia concretas, hay un punto en com\u00fan que lo hicieron posible: la inactividad del resto de las naciones.<\/p>\n<p style=\"text-align: justify\">A pesar de todos los ejemplos ilustrativos que nos ha dejado el siglo XX (incluyendo el periodo 36-39 en nuestra piel de toro), todav\u00eda creemos que los conflictos que suceden en alg\u00fan punto lejano no nos afectar\u00e1 lo m\u00e1s m\u00ednimo, es m\u00e1s, que intervenir es meterse en asuntos ajenos a los que nadie nos llama, es hacerse cargo de problemas innecesariamente. Una visi\u00f3n que si vivi\u00e9semos en el neol\u00edtico a lo mejor se sosten\u00eda, pero que viviendo en un mundo absolutamente globalizado, no s\u00f3lo es una teor\u00eda que se cae por su propio peso, sino que adem\u00e1s es peligrosa. El no intervenir (y no me refiero militarmente) cuando una naci\u00f3n est\u00e1 cometiendo todo tipo de brutalidades, es dejar que se siga alimentando <a href=\"http:\/\/www.elpais.com\/graficos\/internacional\/ve\/Forges\/ataque\/flotilla\/ayuda\/humanitaria\/elpgraint\/20100531elpepuint_2\/Ges\/\">la bestia negra<\/a>, que llegue un punto que cuando nuestros intereses se vean afectados, ya no haya forma de pararlo. Y eso que me estoy refiriendo desde un punto de vista pragm\u00e1tico, que desde mi perspectiva tendr\u00eda que ser tambi\u00e9n por una cuesti\u00f3n \u00e9tica y humanitaria, el reprobar actos violentos de otras naciones.<\/p>\n<p style=\"text-align: justify\">Israel de nuevo vuelve a dar un paso m\u00e1s all\u00e1, y ataca una flota humanitaria que pretend\u00eda llevar alimento y medicinas a la ciudad de Gaza, sometida a un estricto bloqueo por parte israel\u00ed, ya que consideran que son terroristas que atacan a su poblaci\u00f3n civil. Por supuesto la \u00fanica poblaci\u00f3n civil que merece la pena defender, porque a la palestina se la puede bombardear con fosforo blanco que no pasa lo m\u00e1s m\u00ednimo, siempre y cuando despu\u00e9s se justifique adecuadamente el que un mercado es un punto estrat\u00e9gico militar de Ham\u00e1s, y que la fruta que se vende es armamento pesado. Lo mismo que en este caso, s\u00f3lo que esta vez, mira por donde, los muertos y heridos son ciudadanos europeos. <a href=\"http:\/\/www.culturaypaz.org\/programa-de-la-flotilla-por-la-libertad-de-gaza\">Un barco de ayuda humanitaria<\/a> asaltado por el ej\u00e9rcito israel\u00ed, cuya excusa esta vez es que transportaban armas para los terroristas palestinos, tan mort\u00edferos contra sus carros de combate y aviones, como palos y piedras. Esto es una muestra m\u00e1s de que Israel por s\u00ed sola no va a parar, y que este acto ha sido posible sabiendo de primera mano que la Uni\u00f3n Europea est\u00e1 en un profundo letargo, con apenas capacidad de respuesta, lo que permite todos los desmanes que se quiera. Si este hecho queda en un interesado olvido y t\u00e1citamente se admiten las bochornosas excusas dadas, y apenas se hacen cuatro gestos diplom\u00e1ticos con la intenci\u00f3n de hacer ver a la poblaci\u00f3n europea, votantes cada cierto tiempo, de que se est\u00e1 actuando, Israel ya ha encontrado su campo abonado, como otras naciones lo encontraron antes.<\/p>\n<p style=\"text-align: justify\">Por cierto, \u00bfse admitir\u00e1 como nuevos terroristas a los activistas humanitarios?, o dicho de otro modo \u00bfse admitir\u00e1 como terrorismo tener un sentimiento humanitario?.<\/p>\n<p style=\"text-align: right\"><strong>Pedro Reig Ruiz<\/strong><\/p>\n<p style=\"text-align: left\">Recogida de firmas para que se investigue el ataque y\u00a0para que cese el bloqueo de Gaza:<\/p>\n<p style=\"text-align: left\"><a href=\"http:\/\/www.avaaz.org\/es\/gaza_flotilla_3\/?cl=596113515&amp;v=6418\">http:\/\/www.avaaz.org\/es\/gaza_flotilla_3\/?cl=596113515&amp;v=6418<\/a><\/p>\n","protected":false},"excerpt":{"rendered":"<p>Si uno reflexiona y se pregunta c\u00f3mo ciertas naciones pudieron llegar a hacer las bestialidades m\u00e1s impensables, por ejemplo la Francia colonial, la Alemania del 33 o los conflictos balc\u00e1nicos pos-titoistas en los a\u00f1os 90, uno cae en la cuenta que, independientemente de las circunstancia concretas, hay un punto en com\u00fan que lo hicieron posible: <a class=\"read-more\" href=\"https:\/\/www.jschamberi.org\/blog\/?p=797\">Leer m\u00e1s<\/a><\/p>\n","protected":false},"author":20,"featured_media":0,"comment_status":"open","ping_status":"open","sticky":false,"template":"","format":"standard","meta":{"footnotes":""},"categories":[26],"tags":[],"class_list":["post-797","post","type-post","status-publish","format-standard","hentry","category-opinion"],"yoast_head":"<!-- This site is optimized with the Yoast SEO plugin v23.7 - https:\/\/yoast.com\/wordpress\/plugins\/seo\/ -->\n<title>Cuando humanitarismo es terrorismo - Juventudes Socialistas de Chamber\u00ed<\/title>\n<meta name=\"robots\" content=\"index, follow, max-snippet:-1, max-image-preview:large, max-video-preview:-1\" \/>\n<link rel=\"canonical\" href=\"https:\/\/www.jschamberi.org\/blog\/?p=797\" \/>\n<meta property=\"og:locale\" content=\"es_ES\" \/>\n<meta property=\"og:type\" content=\"article\" \/>\n<meta property=\"og:title\" content=\"Cuando humanitarismo es terrorismo - Juventudes Socialistas de Chamber\u00ed\" \/>\n<meta property=\"og:description\" content=\"Si uno reflexiona y se pregunta c\u00f3mo ciertas naciones pudieron llegar a hacer las bestialidades m\u00e1s impensables, por ejemplo la Francia colonial, la Alemania del 33 o los conflictos balc\u00e1nicos pos-titoistas en los a\u00f1os 90, uno cae en la cuenta que, independientemente de las circunstancia concretas, hay un punto en com\u00fan que lo hicieron posible: Leer m\u00e1s\" \/>\n<meta property=\"og:url\" content=\"https:\/\/www.jschamberi.org\/blog\/?p=797\" \/>\n<meta property=\"og:site_name\" content=\"Juventudes Socialistas de Chamber\u00ed\" \/>\n<meta property=\"article:published_time\" content=\"2010-05-31T13:35:05+00:00\" \/>\n<meta property=\"article:modified_time\" content=\"2010-06-02T12:08:38+00:00\" \/>\n<meta property=\"og:image\" content=\"https:\/\/www.jschamberi.org\/blog\/wp-content\/uploads\/2010\/05\/paloma__2007124165311_edited13.jpg\" \/>\n\t<meta property=\"og:image:width\" content=\"400\" \/>\n\t<meta property=\"og:image:height\" content=\"305\" \/>\n\t<meta property=\"og:image:type\" content=\"image\/jpeg\" \/>\n<meta name=\"author\" content=\"JSChamberi\" \/>\n<meta name=\"twitter:card\" content=\"summary_large_image\" \/>\n<meta name=\"twitter:label1\" content=\"Escrito por\" \/>\n\t<meta name=\"twitter:data1\" content=\"JSChamberi\" \/>\n\t<meta name=\"twitter:label2\" content=\"Tiempo de lectura\" \/>\n\t<meta name=\"twitter:data2\" content=\"3 minutos\" \/>\n<script type=\"application\/ld+json\" class=\"yoast-schema-graph\">{\"@context\":\"https:\/\/schema.org\",\"@graph\":[{\"@type\":\"WebPage\",\"@id\":\"https:\/\/www.jschamberi.org\/blog\/?p=797\",\"url\":\"https:\/\/www.jschamberi.org\/blog\/?p=797\",\"name\":\"Cuando humanitarismo es terrorismo - Juventudes Socialistas de Chamber\u00ed\",\"isPartOf\":{\"@id\":\"https:\/\/www.jschamberi.org\/blog\/#website\"},\"primaryImageOfPage\":{\"@id\":\"https:\/\/www.jschamberi.org\/blog\/?p=797#primaryimage\"},\"image\":{\"@id\":\"https:\/\/www.jschamberi.org\/blog\/?p=797#primaryimage\"},\"thumbnailUrl\":\"http:\/\/www.jschamberi.org\/blog\/wp-content\/uploads\/2010\/05\/paloma__2007124165311_edited13-300x228.jpg\",\"datePublished\":\"2010-05-31T13:35:05+00:00\",\"dateModified\":\"2010-06-02T12:08:38+00:00\",\"author\":{\"@id\":\"https:\/\/www.jschamberi.org\/blog\/#\/schema\/person\/3f82d901471b027bfc456bee2b9d0d3d\"},\"breadcrumb\":{\"@id\":\"https:\/\/www.jschamberi.org\/blog\/?p=797#breadcrumb\"},\"inLanguage\":\"es\",\"potentialAction\":[{\"@type\":\"ReadAction\",\"target\":[\"https:\/\/www.jschamberi.org\/blog\/?p=797\"]}]},{\"@type\":\"ImageObject\",\"inLanguage\":\"es\",\"@id\":\"https:\/\/www.jschamberi.org\/blog\/?p=797#primaryimage\",\"url\":\"https:\/\/www.jschamberi.org\/blog\/wp-content\/uploads\/2010\/05\/paloma__2007124165311_edited13.jpg\",\"contentUrl\":\"https:\/\/www.jschamberi.org\/blog\/wp-content\/uploads\/2010\/05\/paloma__2007124165311_edited13.jpg\",\"width\":\"400\",\"height\":\"305\"},{\"@type\":\"BreadcrumbList\",\"@id\":\"https:\/\/www.jschamberi.org\/blog\/?p=797#breadcrumb\",\"itemListElement\":[{\"@type\":\"ListItem\",\"position\":1,\"name\":\"Home\",\"item\":\"https:\/\/www.jschamberi.org\/blog\/\"},{\"@type\":\"ListItem\",\"position\":2,\"name\":\"Cuando humanitarismo es terrorismo\"}]},{\"@type\":\"WebSite\",\"@id\":\"https:\/\/www.jschamberi.org\/blog\/#website\",\"url\":\"https:\/\/www.jschamberi.org\/blog\/\",\"name\":\"Juventudes Socialistas de Chamber\u00ed\",\"description\":\"\",\"potentialAction\":[{\"@type\":\"SearchAction\",\"target\":{\"@type\":\"EntryPoint\",\"urlTemplate\":\"https:\/\/www.jschamberi.org\/blog\/?s={search_term_string}\"},\"query-input\":{\"@type\":\"PropertyValueSpecification\",\"valueRequired\":true,\"valueName\":\"search_term_string\"}}],\"inLanguage\":\"es\"},{\"@type\":\"Person\",\"@id\":\"https:\/\/www.jschamberi.org\/blog\/#\/schema\/person\/3f82d901471b027bfc456bee2b9d0d3d\",\"name\":\"JSChamberi\",\"image\":{\"@type\":\"ImageObject\",\"inLanguage\":\"es\",\"@id\":\"https:\/\/www.jschamberi.org\/blog\/#\/schema\/person\/image\/\",\"url\":\"https:\/\/secure.gravatar.com\/avatar\/c2d40e2dd384331a8f7f7a2390eaafdb?s=96&d=identicon&r=g\",\"contentUrl\":\"https:\/\/secure.gravatar.com\/avatar\/c2d40e2dd384331a8f7f7a2390eaafdb?s=96&d=identicon&r=g\",\"caption\":\"JSChamberi\"},\"sameAs\":[\"http:\/\/jschamberi.org\"],\"url\":\"https:\/\/www.jschamberi.org\/blog\/?author=20\"}]}<\/script>\n<!-- \/ Yoast SEO plugin. -->","yoast_head_json":{"title":"Cuando humanitarismo es terrorismo - Juventudes Socialistas de Chamber\u00ed","robots":{"index":"index","follow":"follow","max-snippet":"max-snippet:-1","max-image-preview":"max-image-preview:large","max-video-preview":"max-video-preview:-1"},"canonical":"https:\/\/www.jschamberi.org\/blog\/?p=797","og_locale":"es_ES","og_type":"article","og_title":"Cuando humanitarismo es terrorismo - Juventudes Socialistas de Chamber\u00ed","og_description":"Si uno reflexiona y se pregunta c\u00f3mo ciertas naciones pudieron llegar a hacer las bestialidades m\u00e1s impensables, por ejemplo la Francia colonial, la Alemania del 33 o los conflictos balc\u00e1nicos pos-titoistas en los a\u00f1os 90, uno cae en la cuenta que, independientemente de las circunstancia concretas, hay un punto en com\u00fan que lo hicieron posible: Leer m\u00e1s","og_url":"https:\/\/www.jschamberi.org\/blog\/?p=797","og_site_name":"Juventudes Socialistas de Chamber\u00ed","article_published_time":"2010-05-31T13:35:05+00:00","article_modified_time":"2010-06-02T12:08:38+00:00","og_image":[{"width":400,"height":305,"url":"https:\/\/www.jschamberi.org\/blog\/wp-content\/uploads\/2010\/05\/paloma__2007124165311_edited13.jpg","type":"image\/jpeg"}],"author":"JSChamberi","twitter_card":"summary_large_image","twitter_misc":{"Escrito por":"JSChamberi","Tiempo de lectura":"3 minutos"},"schema":{"@context":"https:\/\/schema.org","@graph":[{"@type":"WebPage","@id":"https:\/\/www.jschamberi.org\/blog\/?p=797","url":"https:\/\/www.jschamberi.org\/blog\/?p=797","name":"Cuando humanitarismo es terrorismo - Juventudes Socialistas de Chamber\u00ed","isPartOf":{"@id":"https:\/\/www.jschamberi.org\/blog\/#website"},"primaryImageOfPage":{"@id":"https:\/\/www.jschamberi.org\/blog\/?p=797#primaryimage"},"image":{"@id":"https:\/\/www.jschamberi.org\/blog\/?p=797#primaryimage"},"thumbnailUrl":"http:\/\/www.jschamberi.org\/blog\/wp-content\/uploads\/2010\/05\/paloma__2007124165311_edited13-300x228.jpg","datePublished":"2010-05-31T13:35:05+00:00","dateModified":"2010-06-02T12:08:38+00:00","author":{"@id":"https:\/\/www.jschamberi.org\/blog\/#\/schema\/person\/3f82d901471b027bfc456bee2b9d0d3d"},"breadcrumb":{"@id":"https:\/\/www.jschamberi.org\/blog\/?p=797#breadcrumb"},"inLanguage":"es","potentialAction":[{"@type":"ReadAction","target":["https:\/\/www.jschamberi.org\/blog\/?p=797"]}]},{"@type":"ImageObject","inLanguage":"es","@id":"https:\/\/www.jschamberi.org\/blog\/?p=797#primaryimage","url":"https:\/\/www.jschamberi.org\/blog\/wp-content\/uploads\/2010\/05\/paloma__2007124165311_edited13.jpg","contentUrl":"https:\/\/www.jschamberi.org\/blog\/wp-content\/uploads\/2010\/05\/paloma__2007124165311_edited13.jpg","width":"400","height":"305"},{"@type":"BreadcrumbList","@id":"https:\/\/www.jschamberi.org\/blog\/?p=797#breadcrumb","itemListElement":[{"@type":"ListItem","position":1,"name":"Home","item":"https:\/\/www.jschamberi.org\/blog\/"},{"@type":"ListItem","position":2,"name":"Cuando humanitarismo es terrorismo"}]},{"@type":"WebSite","@id":"https:\/\/www.jschamberi.org\/blog\/#website","url":"https:\/\/www.jschamberi.org\/blog\/","name":"Juventudes Socialistas de Chamber\u00ed","description":"","potentialAction":[{"@type":"SearchAction","target":{"@type":"EntryPoint","urlTemplate":"https:\/\/www.jschamberi.org\/blog\/?s={search_term_string}"},"query-input":{"@type":"PropertyValueSpecification","valueRequired":true,"valueName":"search_term_string"}}],"inLanguage":"es"},{"@type":"Person","@id":"https:\/\/www.jschamberi.org\/blog\/#\/schema\/person\/3f82d901471b027bfc456bee2b9d0d3d","name":"JSChamberi","image":{"@type":"ImageObject","inLanguage":"es","@id":"https:\/\/www.jschamberi.org\/blog\/#\/schema\/person\/image\/","url":"https:\/\/secure.gravatar.com\/avatar\/c2d40e2dd384331a8f7f7a2390eaafdb?s=96&d=identicon&r=g","contentUrl":"https:\/\/secure.gravatar.com\/avatar\/c2d40e2dd384331a8f7f7a2390eaafdb?s=96&d=identicon&r=g","caption":"JSChamberi"},"sameAs":["http:\/\/jschamberi.org"],"url":"https:\/\/www.jschamberi.org\/blog\/?author=20"}]}},"_links":{"self":[{"href":"https:\/\/www.jschamberi.org\/blog\/index.php?rest_route=\/wp\/v2\/posts\/797"}],"collection":[{"href":"https:\/\/www.jschamberi.org\/blog\/index.php?rest_route=\/wp\/v2\/posts"}],"about":[{"href":"https:\/\/www.jschamberi.org\/blog\/index.php?rest_route=\/wp\/v2\/types\/post"}],"author":[{"embeddable":true,"href":"https:\/\/www.jschamberi.org\/blog\/index.php?rest_route=\/wp\/v2\/users\/20"}],"replies":[{"embeddable":true,"href":"https:\/\/www.jschamberi.org\/blog\/index.php?rest_route=%2Fwp%2Fv2%2Fcomments&post=797"}],"version-history":[{"count":12,"href":"https:\/\/www.jschamberi.org\/blog\/index.php?rest_route=\/wp\/v2\/posts\/797\/revisions"}],"predecessor-version":[{"id":811,"href":"https:\/\/www.jschamberi.org\/blog\/index.php?rest_route=\/wp\/v2\/posts\/797\/revisions\/811"}],"wp:attachment":[{"href":"https:\/\/www.jschamberi.org\/blog\/index.php?rest_route=%2Fwp%2Fv2%2Fmedia&parent=797"}],"wp:term":[{"taxonomy":"category","embeddable":true,"href":"https:\/\/www.jschamberi.org\/blog\/index.php?rest_route=%2Fwp%2Fv2%2Fcategories&post=797"},{"taxonomy":"post_tag","embeddable":true,"href":"https:\/\/www.jschamberi.org\/blog\/index.php?rest_route=%2Fwp%2Fv2%2Ftags&post=797"}],"curies":[{"name":"wp","href":"https:\/\/api.w.org\/{rel}","templated":true}]}}