{"id":743,"date":"2010-05-22T11:35:57","date_gmt":"2010-05-22T10:35:57","guid":{"rendered":"http:\/\/www.jschamberi.org\/blog\/?p=743"},"modified":"2011-01-09T12:10:15","modified_gmt":"2011-01-09T11:10:15","slug":"transgenicos-corporaciones-y-soberania-alimentaria","status":"publish","type":"post","link":"https:\/\/www.jschamberi.org\/blog\/?p=743","title":{"rendered":"Transg\u00e9nicos, corporaciones y soberania alimentaria"},"content":{"rendered":"<p style=\"text-align: justify;\">Desde la Secretar\u00eda de medioambiente de juventudes socialistas de chamber\u00ed organizamos esta actividad con\u00a0representantes del colectivo <a href=\"http:\/\/colectivokybele.blogspot.com\/2010_05_01_archive.html\">Kybele<\/a> de Agroecolog\u00eda para exponernos un modelo distinto de agricultura en el mundo.\u00a0 Se trataron los siguientes puntos:<\/p>\n<ul style=\"text-align: justify;\">\n<li style=\"text-align: justify;\">Es <strong>el modelo actual de agricultura y ganader\u00eda extensiva el que agrava los problemas del hambre en el mundo<\/strong>. No es sostenible, degrada el medioambiente y genera dependencia econ\u00f3mica para el bien de una decena de compa\u00f1\u00edas que controlan las semillas, los productos fertilizantes y los de control de plagas. Este modelo actual es dependiente de los combustibles f\u00f3siles, sigue las normas del mercado especulativo y no soluciona la actual crisis alimentaria mundial, pues niega el derecho a la accesibilidad a los alimentos de cientos de miles de personas.\u00a0\u00a0 Monsanto (ver videos &#8220;<a href=\"http:\/\/www.youtube.com\/watch?v=Ln4Okz7eb0Q\">El mundo seg\u00fan Monsanto<\/a>&#8221; ) , Bayer, etc&#8230; Son alguna de estas compa\u00f1ias.<\/li>\n<li style=\"text-align: justify;\">Adem\u00e1s si se usan <a href=\"http:\/\/es.wikipedia.org\/wiki\/Organismo_gen%C3%A9ticamente_modificado\">Transg\u00e9nicos<\/a> ponemos en riesgo la biodiversidad, hay riesgos para la salud si se usan para el consumo y se desconoce como interact\u00faan.<\/li>\n<li style=\"text-align: justify;\">Existe una posibilidad de cambio, la<strong> Agroecolog\u00eda<\/strong>, que acerque el consumo a la producci\u00f3n agroganadera, que cambie las pautas de consumo (dejar de consumir tanta carne, cuya producci\u00f3n es causante de un tercio del metano contaminante) Es mucho m\u00e1s eficiente y da mas &#8220;rendimiento&#8221; nutricional, come productos agricolas, que no transformarlos en piensos para la ganader\u00eda. Esto disminuye altamente el rendimiento de los recursos para obtener alimentos.<\/li>\n<li style=\"text-align: justify;\">Hay que dar la capacidad al agricultor de poder ejercer su profesi\u00f3n de una manera rentable socialmente. Sobre todo hay que volver al <strong>cooperativismo<\/strong>, debido a que el derecho de la propiedad va en contra del derecho a la accesibilidad para poder producir alimentos en el mundo.<\/li>\n<\/ul>\n<p style=\"text-align: justify;\">Desp\u00faes de la exposici\u00f3n tuvimos un amplio debate sobre el devenir del progreso y los distintos riesgos a los que la humanidad (recordemos que hay <strong>1.000 millones de hambrientos<\/strong>) se enfrenta.\u00a0 Quiz\u00e1s ambos deber\u00edan buscar los mismos objetivos y como reflexi\u00f3n\u00a0 propia en JSCH creemos que colaborar de una forma cierta puede llevarnos a tener \u00e9xito en ellos.<\/p>\n<p style=\"text-align: justify;\">Desde la Secretaria de medioambiente fue un verdadero placer llevar a cabo un acto que gener\u00f3 un importante debate entre\u00a0la gran cantidad de\u00a0asistentes y esperamos seguir teniendo relaciones en el futuro con este tipo de asociaciones y poder realizar m\u00e1s encuentros y actividades conjuntas que ayuden a concienciar a la sociedad sobre los problemas que el actual modelo econ\u00f3mico-energ\u00e9tico provoca en el medioambiente.<\/p>\n<figure id=\"attachment_744\" aria-describedby=\"caption-attachment-744\" style=\"width: 245px\" class=\"wp-caption aligncenter\"><a href=\"http:\/\/MiembrosdelcolectivoKybeleanunciandolasJornadassobreConsumoResponsable(25,27deMayo,enlaEscueladeIngenierosAgr\u00f3nomos)\"><img loading=\"lazy\" decoding=\"async\" class=\"size-medium wp-image-744\" title=\"Consumo responsable\" src=\"http:\/\/www.jschamberi.org\/blog\/wp-content\/uploads\/2010\/05\/Consumo-responsable-245x300.jpg\" alt=\"Consumo responsable\" width=\"245\" height=\"300\" srcset=\"https:\/\/www.jschamberi.org\/blog\/wp-content\/uploads\/2010\/05\/Consumo-responsable-245x300.jpg 245w, https:\/\/www.jschamberi.org\/blog\/wp-content\/uploads\/2010\/05\/Consumo-responsable-839x1024.jpg 839w\" sizes=\"(max-width: 245px) 100vw, 245px\" \/><\/a><figcaption id=\"caption-attachment-744\" class=\"wp-caption-text\">Miembros del colectivo agroecologista Kybele y cartel de sus jornadas de &quot;Consumo Responsable&quot; (25,27 Mayo 17.00 ETSI Agr\u00f3nomos) <\/figcaption><\/figure>\n<blockquote>\n<div>La guia roja y verde de Greenpeace sobre los alimentos con productos transgenicos:<\/div>\n<p><a href=\"http:\/\/www.greenpeace.org\/raw\/content\/espana\/reports\/gu-a-roja-y-verde.pdf\" target=\"_blank\">http:\/\/www.greenpeace.org\/raw\/content\/espana\/reports\/gu-a-roja-y-verde.pdf<\/a><\/p>\n<div>The story of stuff:<\/div>\n<div><a href=\"http:\/\/www.storyofstuff.com\/\" target=\"_blank\">http:\/\/www.storyofstuff.com\/<\/a><\/div>\n<\/blockquote>\n<p style=\"text-align: center;\">\u00a0<\/p>\n","protected":false},"excerpt":{"rendered":"<p>Desde la Secretar\u00eda de medioambiente de juventudes socialistas de chamber\u00ed organizamos esta actividad con\u00a0representantes del colectivo Kybele de Agroecolog\u00eda para exponernos un modelo distinto de agricultura en el mundo.\u00a0 Se trataron los siguientes puntos: Es el modelo actual de agricultura y ganader\u00eda extensiva el que agrava los problemas del hambre en el mundo. No es <a class=\"read-more\" href=\"https:\/\/www.jschamberi.org\/blog\/?p=743\">Leer m\u00e1s<\/a><\/p>\n","protected":false},"author":20,"featured_media":0,"comment_status":"open","ping_status":"open","sticky":false,"template":"","format":"standard","meta":{"footnotes":""},"categories":[43,21],"tags":[33,32],"class_list":["post-743","post","type-post","status-publish","format-standard","hentry","category-medio-ambiente-2","category-sostenibilidad","tag-agroecologia","tag-medioambiente"],"yoast_head":"<!-- This site is optimized with the Yoast SEO plugin v23.7 - https:\/\/yoast.com\/wordpress\/plugins\/seo\/ -->\n<title>Transg\u00e9nicos, corporaciones y soberania alimentaria - Juventudes Socialistas de Chamber\u00ed<\/title>\n<meta name=\"robots\" content=\"index, follow, max-snippet:-1, max-image-preview:large, max-video-preview:-1\" \/>\n<link rel=\"canonical\" href=\"https:\/\/www.jschamberi.org\/blog\/?p=743\" \/>\n<meta property=\"og:locale\" content=\"es_ES\" \/>\n<meta property=\"og:type\" content=\"article\" \/>\n<meta property=\"og:title\" content=\"Transg\u00e9nicos, corporaciones y soberania alimentaria - Juventudes Socialistas de Chamber\u00ed\" \/>\n<meta property=\"og:description\" content=\"Desde la Secretar\u00eda de medioambiente de juventudes socialistas de chamber\u00ed organizamos esta actividad con\u00a0representantes del colectivo Kybele de Agroecolog\u00eda para exponernos un modelo distinto de agricultura en el mundo.\u00a0 Se trataron los siguientes puntos: Es el modelo actual de agricultura y ganader\u00eda extensiva el que agrava los problemas del hambre en el mundo. No es Leer m\u00e1s\" \/>\n<meta property=\"og:url\" content=\"https:\/\/www.jschamberi.org\/blog\/?p=743\" \/>\n<meta property=\"og:site_name\" content=\"Juventudes Socialistas de Chamber\u00ed\" \/>\n<meta property=\"article:published_time\" content=\"2010-05-22T10:35:57+00:00\" \/>\n<meta property=\"article:modified_time\" content=\"2011-01-09T11:10:15+00:00\" \/>\n<meta property=\"og:image\" content=\"https:\/\/www.jschamberi.org\/blog\/wp-content\/uploads\/2010\/05\/Consumo-responsable.jpg\" \/>\n\t<meta property=\"og:image:width\" content=\"2243\" \/>\n\t<meta property=\"og:image:height\" content=\"2736\" \/>\n\t<meta property=\"og:image:type\" content=\"image\/jpeg\" \/>\n<meta name=\"author\" content=\"JSChamberi\" \/>\n<meta name=\"twitter:card\" content=\"summary_large_image\" \/>\n<meta name=\"twitter:label1\" content=\"Escrito por\" \/>\n\t<meta name=\"twitter:data1\" content=\"JSChamberi\" \/>\n\t<meta name=\"twitter:label2\" content=\"Tiempo de lectura\" \/>\n\t<meta name=\"twitter:data2\" content=\"2 minutos\" \/>\n<script type=\"application\/ld+json\" class=\"yoast-schema-graph\">{\"@context\":\"https:\/\/schema.org\",\"@graph\":[{\"@type\":\"WebPage\",\"@id\":\"https:\/\/www.jschamberi.org\/blog\/?p=743\",\"url\":\"https:\/\/www.jschamberi.org\/blog\/?p=743\",\"name\":\"Transg\u00e9nicos, corporaciones y soberania alimentaria - Juventudes Socialistas de Chamber\u00ed\",\"isPartOf\":{\"@id\":\"https:\/\/www.jschamberi.org\/blog\/#website\"},\"primaryImageOfPage\":{\"@id\":\"https:\/\/www.jschamberi.org\/blog\/?p=743#primaryimage\"},\"image\":{\"@id\":\"https:\/\/www.jschamberi.org\/blog\/?p=743#primaryimage\"},\"thumbnailUrl\":\"http:\/\/www.jschamberi.org\/blog\/wp-content\/uploads\/2010\/05\/Consumo-responsable-245x300.jpg\",\"datePublished\":\"2010-05-22T10:35:57+00:00\",\"dateModified\":\"2011-01-09T11:10:15+00:00\",\"author\":{\"@id\":\"https:\/\/www.jschamberi.org\/blog\/#\/schema\/person\/3f82d901471b027bfc456bee2b9d0d3d\"},\"breadcrumb\":{\"@id\":\"https:\/\/www.jschamberi.org\/blog\/?p=743#breadcrumb\"},\"inLanguage\":\"es\",\"potentialAction\":[{\"@type\":\"ReadAction\",\"target\":[\"https:\/\/www.jschamberi.org\/blog\/?p=743\"]}]},{\"@type\":\"ImageObject\",\"inLanguage\":\"es\",\"@id\":\"https:\/\/www.jschamberi.org\/blog\/?p=743#primaryimage\",\"url\":\"https:\/\/www.jschamberi.org\/blog\/wp-content\/uploads\/2010\/05\/Consumo-responsable.jpg\",\"contentUrl\":\"https:\/\/www.jschamberi.org\/blog\/wp-content\/uploads\/2010\/05\/Consumo-responsable.jpg\",\"width\":\"2243\",\"height\":\"2736\"},{\"@type\":\"BreadcrumbList\",\"@id\":\"https:\/\/www.jschamberi.org\/blog\/?p=743#breadcrumb\",\"itemListElement\":[{\"@type\":\"ListItem\",\"position\":1,\"name\":\"Home\",\"item\":\"https:\/\/www.jschamberi.org\/blog\/\"},{\"@type\":\"ListItem\",\"position\":2,\"name\":\"Transg\u00e9nicos, corporaciones y soberania alimentaria\"}]},{\"@type\":\"WebSite\",\"@id\":\"https:\/\/www.jschamberi.org\/blog\/#website\",\"url\":\"https:\/\/www.jschamberi.org\/blog\/\",\"name\":\"Juventudes Socialistas de Chamber\u00ed\",\"description\":\"\",\"potentialAction\":[{\"@type\":\"SearchAction\",\"target\":{\"@type\":\"EntryPoint\",\"urlTemplate\":\"https:\/\/www.jschamberi.org\/blog\/?s={search_term_string}\"},\"query-input\":{\"@type\":\"PropertyValueSpecification\",\"valueRequired\":true,\"valueName\":\"search_term_string\"}}],\"inLanguage\":\"es\"},{\"@type\":\"Person\",\"@id\":\"https:\/\/www.jschamberi.org\/blog\/#\/schema\/person\/3f82d901471b027bfc456bee2b9d0d3d\",\"name\":\"JSChamberi\",\"image\":{\"@type\":\"ImageObject\",\"inLanguage\":\"es\",\"@id\":\"https:\/\/www.jschamberi.org\/blog\/#\/schema\/person\/image\/\",\"url\":\"https:\/\/secure.gravatar.com\/avatar\/c2d40e2dd384331a8f7f7a2390eaafdb?s=96&d=identicon&r=g\",\"contentUrl\":\"https:\/\/secure.gravatar.com\/avatar\/c2d40e2dd384331a8f7f7a2390eaafdb?s=96&d=identicon&r=g\",\"caption\":\"JSChamberi\"},\"sameAs\":[\"http:\/\/jschamberi.org\"],\"url\":\"https:\/\/www.jschamberi.org\/blog\/?author=20\"}]}<\/script>\n<!-- \/ Yoast SEO plugin. -->","yoast_head_json":{"title":"Transg\u00e9nicos, corporaciones y soberania alimentaria - Juventudes Socialistas de Chamber\u00ed","robots":{"index":"index","follow":"follow","max-snippet":"max-snippet:-1","max-image-preview":"max-image-preview:large","max-video-preview":"max-video-preview:-1"},"canonical":"https:\/\/www.jschamberi.org\/blog\/?p=743","og_locale":"es_ES","og_type":"article","og_title":"Transg\u00e9nicos, corporaciones y soberania alimentaria - Juventudes Socialistas de Chamber\u00ed","og_description":"Desde la Secretar\u00eda de medioambiente de juventudes socialistas de chamber\u00ed organizamos esta actividad con\u00a0representantes del colectivo Kybele de Agroecolog\u00eda para exponernos un modelo distinto de agricultura en el mundo.\u00a0 Se trataron los siguientes puntos: Es el modelo actual de agricultura y ganader\u00eda extensiva el que agrava los problemas del hambre en el mundo. No es Leer m\u00e1s","og_url":"https:\/\/www.jschamberi.org\/blog\/?p=743","og_site_name":"Juventudes Socialistas de Chamber\u00ed","article_published_time":"2010-05-22T10:35:57+00:00","article_modified_time":"2011-01-09T11:10:15+00:00","og_image":[{"width":2243,"height":2736,"url":"https:\/\/www.jschamberi.org\/blog\/wp-content\/uploads\/2010\/05\/Consumo-responsable.jpg","type":"image\/jpeg"}],"author":"JSChamberi","twitter_card":"summary_large_image","twitter_misc":{"Escrito por":"JSChamberi","Tiempo de lectura":"2 minutos"},"schema":{"@context":"https:\/\/schema.org","@graph":[{"@type":"WebPage","@id":"https:\/\/www.jschamberi.org\/blog\/?p=743","url":"https:\/\/www.jschamberi.org\/blog\/?p=743","name":"Transg\u00e9nicos, corporaciones y soberania alimentaria - Juventudes Socialistas de Chamber\u00ed","isPartOf":{"@id":"https:\/\/www.jschamberi.org\/blog\/#website"},"primaryImageOfPage":{"@id":"https:\/\/www.jschamberi.org\/blog\/?p=743#primaryimage"},"image":{"@id":"https:\/\/www.jschamberi.org\/blog\/?p=743#primaryimage"},"thumbnailUrl":"http:\/\/www.jschamberi.org\/blog\/wp-content\/uploads\/2010\/05\/Consumo-responsable-245x300.jpg","datePublished":"2010-05-22T10:35:57+00:00","dateModified":"2011-01-09T11:10:15+00:00","author":{"@id":"https:\/\/www.jschamberi.org\/blog\/#\/schema\/person\/3f82d901471b027bfc456bee2b9d0d3d"},"breadcrumb":{"@id":"https:\/\/www.jschamberi.org\/blog\/?p=743#breadcrumb"},"inLanguage":"es","potentialAction":[{"@type":"ReadAction","target":["https:\/\/www.jschamberi.org\/blog\/?p=743"]}]},{"@type":"ImageObject","inLanguage":"es","@id":"https:\/\/www.jschamberi.org\/blog\/?p=743#primaryimage","url":"https:\/\/www.jschamberi.org\/blog\/wp-content\/uploads\/2010\/05\/Consumo-responsable.jpg","contentUrl":"https:\/\/www.jschamberi.org\/blog\/wp-content\/uploads\/2010\/05\/Consumo-responsable.jpg","width":"2243","height":"2736"},{"@type":"BreadcrumbList","@id":"https:\/\/www.jschamberi.org\/blog\/?p=743#breadcrumb","itemListElement":[{"@type":"ListItem","position":1,"name":"Home","item":"https:\/\/www.jschamberi.org\/blog\/"},{"@type":"ListItem","position":2,"name":"Transg\u00e9nicos, corporaciones y soberania alimentaria"}]},{"@type":"WebSite","@id":"https:\/\/www.jschamberi.org\/blog\/#website","url":"https:\/\/www.jschamberi.org\/blog\/","name":"Juventudes Socialistas de Chamber\u00ed","description":"","potentialAction":[{"@type":"SearchAction","target":{"@type":"EntryPoint","urlTemplate":"https:\/\/www.jschamberi.org\/blog\/?s={search_term_string}"},"query-input":{"@type":"PropertyValueSpecification","valueRequired":true,"valueName":"search_term_string"}}],"inLanguage":"es"},{"@type":"Person","@id":"https:\/\/www.jschamberi.org\/blog\/#\/schema\/person\/3f82d901471b027bfc456bee2b9d0d3d","name":"JSChamberi","image":{"@type":"ImageObject","inLanguage":"es","@id":"https:\/\/www.jschamberi.org\/blog\/#\/schema\/person\/image\/","url":"https:\/\/secure.gravatar.com\/avatar\/c2d40e2dd384331a8f7f7a2390eaafdb?s=96&d=identicon&r=g","contentUrl":"https:\/\/secure.gravatar.com\/avatar\/c2d40e2dd384331a8f7f7a2390eaafdb?s=96&d=identicon&r=g","caption":"JSChamberi"},"sameAs":["http:\/\/jschamberi.org"],"url":"https:\/\/www.jschamberi.org\/blog\/?author=20"}]}},"_links":{"self":[{"href":"https:\/\/www.jschamberi.org\/blog\/index.php?rest_route=\/wp\/v2\/posts\/743"}],"collection":[{"href":"https:\/\/www.jschamberi.org\/blog\/index.php?rest_route=\/wp\/v2\/posts"}],"about":[{"href":"https:\/\/www.jschamberi.org\/blog\/index.php?rest_route=\/wp\/v2\/types\/post"}],"author":[{"embeddable":true,"href":"https:\/\/www.jschamberi.org\/blog\/index.php?rest_route=\/wp\/v2\/users\/20"}],"replies":[{"embeddable":true,"href":"https:\/\/www.jschamberi.org\/blog\/index.php?rest_route=%2Fwp%2Fv2%2Fcomments&post=743"}],"version-history":[{"count":16,"href":"https:\/\/www.jschamberi.org\/blog\/index.php?rest_route=\/wp\/v2\/posts\/743\/revisions"}],"predecessor-version":[{"id":1311,"href":"https:\/\/www.jschamberi.org\/blog\/index.php?rest_route=\/wp\/v2\/posts\/743\/revisions\/1311"}],"wp:attachment":[{"href":"https:\/\/www.jschamberi.org\/blog\/index.php?rest_route=%2Fwp%2Fv2%2Fmedia&parent=743"}],"wp:term":[{"taxonomy":"category","embeddable":true,"href":"https:\/\/www.jschamberi.org\/blog\/index.php?rest_route=%2Fwp%2Fv2%2Fcategories&post=743"},{"taxonomy":"post_tag","embeddable":true,"href":"https:\/\/www.jschamberi.org\/blog\/index.php?rest_route=%2Fwp%2Fv2%2Ftags&post=743"}],"curies":[{"name":"wp","href":"https:\/\/api.w.org\/{rel}","templated":true}]}}