{"id":600,"date":"2010-04-14T20:24:45","date_gmt":"2010-04-14T19:24:45","guid":{"rendered":"http:\/\/www.jschamberi.org\/blog\/?p=600"},"modified":"2010-04-14T20:50:34","modified_gmt":"2010-04-14T19:50:34","slug":"atado-y-bien-atado-un-paso-despues-de-la-transicion","status":"publish","type":"post","link":"https:\/\/www.jschamberi.org\/blog\/?p=600","title":{"rendered":"Atado y bien atado (Los errores de la Transici\u00f3n)"},"content":{"rendered":"<p><strong> <\/strong><\/p>\n<p style=\"text-align: justify;\">Utilizando esta frase que dijo Franco en relaci\u00f3n con su sucesi\u00f3n, quiero analizar aqu\u00ed las cuestiones que, en mi opini\u00f3n, parecen haber quedado \u201catadas y bien atadas\u201d. Es decir, que se han obviado por el debate pol\u00edtico o que no han tenido cabida despu\u00e9s de la transici\u00f3n.<\/p>\n<p style=\"text-align: justify;\"><strong>La primera cuesti\u00f3n<\/strong> es, sin duda,<strong> la investigaci\u00f3n de los cr\u00edmenes franquistas.<\/strong> Cr\u00edmenes de una enorme crueldad, ya que durante el franquismo, se cometieron sistem\u00e1ticamente fusilamientos, desapariciones, persecuci\u00f3n pol\u00edtica y todo tipo de vulneraciones a los derechos humanaos. La transici\u00f3n y la democracia espa\u00f1ola no han sabido reparar las atrocidades cometidas durante la Dictadura franquista, ni tampoco determinar la responsabilidad penal de sus autores. El mejor ejemplo y m\u00e1s actual es el proceso que est\u00e1 llevando al juez Garz\u00f3n a un juicio oral en el Tribunal Supremo por una supuesta prevaricaci\u00f3n al investigar los cr\u00edmenes del franquismo. Garz\u00f3n, procedi\u00f3 a una investigaci\u00f3n de los cr\u00edmenes al no aplicar la Ley de Amnist\u00eda, ya que estaba investigando delitos de lesa humanidad, utilizando la consolidada interpretaci\u00f3n doctrinal que se desprende del C\u00f3digo penal espa\u00f1ol, la Ley de Enjuiciamiento Criminal e, incluso, la propia doctrina que en su d\u00eda utiliz\u00f3 el propio Tribunal Supremo, que determina la nulidad de las leyes de amnist\u00eda o \u201cpunto final\u201d para este tipo de delitos (lesa humanidad).<\/p>\n<p style=\"text-align: justify;\">Adem\u00e1s, hay que recordar que el Comit\u00e9 de Derechos Humanos de Naciones Unidas ha instado a su declaraci\u00f3n de nulidad. Para colmo, la acusaci\u00f3n particular del caso se compone por la Falange Espa\u00f1ola y por el sindicato ultraderechista Manos Limpias, lo que da al proceso un tinte grotesco e insultante. Tambi\u00e9n es asombroso como el juez Luciano Varela ha dictado un auto de procesamiento contra Garz\u00f3n sin haberle concedido ni una sola prueba. En definitiva, resulta una terrible paradoja, que el primer juicio que va a haber en Espa\u00f1a por los cr\u00edmenes del franquismo, va a sentar en el banquillo precisamente al juez que intent\u00f3 investigarlos. Mientras, los familiares de las v\u00edctimas del franquismo siguen sin tener reparaci\u00f3n y con sus familiares en las cunetas, sin poder \u201crecuperar\u201d o conocer el paradero de los mismos. Hay que se\u00f1alar que, aunque la Ley de Memoria Hist\u00f3rica fue un digno intento, no ha conseguido la reparaci\u00f3n necesaria.<\/p>\n<p style=\"text-align: justify;\">\n<p style=\"text-align: justify;\"><strong>La segunda cuesti\u00f3n es que se ha apartado del debate pol\u00edtico la forma pol\u00edtica del Estado. Es decir, no se discute la monarqu\u00eda parlamentaria como forma pol\u00edtica, ni se plantea la Rep\u00fablica como alternativa.<\/strong> Evidentemente, determinados grupos y partidos pol\u00edticos s\u00ed que han reivindicado la Rep\u00fablica, pero no ha habido ni un debate en la sociedad espa\u00f1ola, ni la ciudadan\u00eda ha podido manifestarse democr\u00e1ticamente al respecto (aunque algunos alegan que al votar el refer\u00e9ndum de la Constituci\u00f3n de 1978 s\u00ed se hizo, yo no lo considero as\u00ed). La justificaci\u00f3n ideol\u00f3gica de la Rep\u00fablica es la igualdad. Es decir, que cualquier espa\u00f1ol pueda acceder a la Jefatura del Estado democr\u00e1ticamente y en igualdad de condiciones, no hered\u00e1ndola. \u00bfCu\u00e1l es la justificaci\u00f3n de la monarqu\u00eda en el siglo XXI? \u00bfLa gracia de Dios? \u00bfPor qu\u00e9 Felipe tiene que ser el pr\u00f3ximo Jefe de Estado y no qui\u00e9n decidan democr\u00e1ticamente los espa\u00f1oles? Seguramente esta no parece una cuesti\u00f3n prioritaria, ya que la Corona y sus funciones est\u00e1n constitucionalmente tasadas y no tiene una gran incidencia en el \u00e1mbito pol\u00edtico, pero s\u00ed es realmente desde una perspectiva filos\u00f3fica o \u00e9tica: ning\u00fan ser humano deber\u00eda estar por encima de otro desde su nacimiento.<\/p>\n<p style=\"text-align: justify;\">\n<p style=\"text-align: justify;\"><strong>La tercera cuesti\u00f3n es la relaci\u00f3n de las confesiones religiosas con el Estado, especialmente la Iglesia Cat\u00f3lica. No est\u00e1 en el debate pol\u00edtico, salvo algunas excepciones, la financiaci\u00f3n de la Iglesia Cat\u00f3lica, ni su enorme influencia en los centros educativos<\/strong>. No forma parte de la agenda del Gobierno la revisi\u00f3n del Pacto Iglesia-Estado. \u00bfPor qu\u00e9 el Estado espa\u00f1ol debe cooperar con las confesiones religiosas y no dejarlas para el \u00e1mbito privado? Una respuesta simple ser\u00eda recordar que as\u00ed lo dispone el art\u00edculo 16.3 de la Constituci\u00f3n espa\u00f1ola, sin embargo, \u00bfno es momento de volver a pensar dicho art\u00edculo? Deber\u00edamos poder analizar que tipo de relaci\u00f3n queremos entre el Estado y la Iglesia Cat\u00f3lica y las dem\u00e1s confesiones.<\/p>\n<p style=\"text-align: justify;\">\n<p style=\"text-align: justify;\">Los j\u00f3venes, que hemos nacido ya en la etapa democr\u00e1tica y constitucional, que no vivimos ni la transici\u00f3n ni el franquismo, somos los que debemos retomar estas cuestiones. No podemos estar desapegados de nuestra Historia, pues para comprender el presente es necesario comprender nuestro pasado. <strong>Debemos afrontar estos debates con valent\u00eda y exponiendo nuestras posiciones, <\/strong>pero asegur\u00e1ndonos que lo hacemos desde el conocimiento y con la responsabilidad suficiente. <strong><br \/>\n<\/strong><\/p>\n<p style=\"text-align: justify;\">\n<p style=\"text-align: justify;\">En el caso particular de los j\u00f3venes socialistas, creo que deber\u00edamos reclamar justicia para las v\u00edctimas del franquismo. Siempre justicia, nunca venganza, pero es que hasta el momento no s\u00f3lo no han tenido justicia, sino que parece que el franquismo \u201cvuelve a ganar\u201d enjuiciando al juez Garz\u00f3n. Con respecto a la Rep\u00fablica, debemos afrontar el debate, exponiendo por qu\u00e9 creemos que el mejor modelo de Estado ser\u00eda el republicano, intentando no caer en una burda cr\u00edtica a la monarqu\u00eda. No se trata de insultar a la monarqu\u00eda o al monarca personalmente, sino de exponer las ventajas de la Rep\u00fablica. Por \u00faltimo, en cuanto la relaci\u00f3n entre las confesiones religiosas y el Estado, deber\u00edamos proponer la configuraci\u00f3n de un Estado laico, sin religi\u00f3n oficial ni cooperaci\u00f3n estatal con las confesiones religiosas, avanzando hacia un modelo de financiaci\u00f3n privado de las confesiones, especialmente de la Iglesia Cat\u00f3lica que es la que m\u00e1s ingresos recibe del Estado espa\u00f1ol.<\/p>\n<p style=\"text-align: justify;\">Estos son los temas que considero que no han podido ser realmente encarados desde la transici\u00f3n y que, en mi opini\u00f3n, nosotros debemos afrontar.<\/p>\n<p style=\"text-align: justify;\"><strong><span style=\"color: #ff0000;\">Julio J. Alem\u00e1n de Francisco <\/span><\/strong><\/p>\n","protected":false},"excerpt":{"rendered":"<p>Utilizando esta frase que dijo Franco en relaci\u00f3n con su sucesi\u00f3n, quiero analizar aqu\u00ed las cuestiones que, en mi opini\u00f3n, parecen haber quedado \u201catadas y bien atadas\u201d. Es decir, que se han obviado por el debate pol\u00edtico o que no han tenido cabida despu\u00e9s de la transici\u00f3n. La primera cuesti\u00f3n es, sin duda, la investigaci\u00f3n <a class=\"read-more\" href=\"https:\/\/www.jschamberi.org\/blog\/?p=600\">Leer m\u00e1s<\/a><\/p>\n","protected":false},"author":20,"featured_media":0,"comment_status":"open","ping_status":"open","sticky":false,"template":"","format":"standard","meta":{"footnotes":""},"categories":[26],"tags":[],"class_list":["post-600","post","type-post","status-publish","format-standard","hentry","category-opinion"],"yoast_head":"<!-- This site is optimized with the Yoast SEO plugin v23.7 - https:\/\/yoast.com\/wordpress\/plugins\/seo\/ -->\n<title>Atado y bien atado (Los errores de la Transici\u00f3n)  - Juventudes Socialistas de Chamber\u00ed<\/title>\n<meta name=\"robots\" content=\"index, follow, max-snippet:-1, max-image-preview:large, max-video-preview:-1\" \/>\n<link rel=\"canonical\" href=\"https:\/\/www.jschamberi.org\/blog\/?p=600\" \/>\n<meta property=\"og:locale\" content=\"es_ES\" \/>\n<meta property=\"og:type\" content=\"article\" \/>\n<meta property=\"og:title\" content=\"Atado y bien atado (Los errores de la Transici\u00f3n)  - Juventudes Socialistas de Chamber\u00ed\" \/>\n<meta property=\"og:description\" content=\"Utilizando esta frase que dijo Franco en relaci\u00f3n con su sucesi\u00f3n, quiero analizar aqu\u00ed las cuestiones que, en mi opini\u00f3n, parecen haber quedado \u201catadas y bien atadas\u201d. Es decir, que se han obviado por el debate pol\u00edtico o que no han tenido cabida despu\u00e9s de la transici\u00f3n. La primera cuesti\u00f3n es, sin duda, la investigaci\u00f3n Leer m\u00e1s\" \/>\n<meta property=\"og:url\" content=\"https:\/\/www.jschamberi.org\/blog\/?p=600\" \/>\n<meta property=\"og:site_name\" content=\"Juventudes Socialistas de Chamber\u00ed\" \/>\n<meta property=\"article:published_time\" content=\"2010-04-14T19:24:45+00:00\" \/>\n<meta property=\"article:modified_time\" content=\"2010-04-14T19:50:34+00:00\" \/>\n<meta name=\"author\" content=\"JSChamberi\" \/>\n<meta name=\"twitter:card\" content=\"summary_large_image\" \/>\n<meta name=\"twitter:label1\" content=\"Escrito por\" \/>\n\t<meta name=\"twitter:data1\" content=\"JSChamberi\" \/>\n\t<meta name=\"twitter:label2\" content=\"Tiempo de lectura\" \/>\n\t<meta name=\"twitter:data2\" content=\"5 minutos\" \/>\n<script type=\"application\/ld+json\" class=\"yoast-schema-graph\">{\"@context\":\"https:\/\/schema.org\",\"@graph\":[{\"@type\":\"WebPage\",\"@id\":\"https:\/\/www.jschamberi.org\/blog\/?p=600\",\"url\":\"https:\/\/www.jschamberi.org\/blog\/?p=600\",\"name\":\"Atado y bien atado (Los errores de la Transici\u00f3n) - Juventudes Socialistas de Chamber\u00ed\",\"isPartOf\":{\"@id\":\"https:\/\/www.jschamberi.org\/blog\/#website\"},\"datePublished\":\"2010-04-14T19:24:45+00:00\",\"dateModified\":\"2010-04-14T19:50:34+00:00\",\"author\":{\"@id\":\"https:\/\/www.jschamberi.org\/blog\/#\/schema\/person\/3f82d901471b027bfc456bee2b9d0d3d\"},\"breadcrumb\":{\"@id\":\"https:\/\/www.jschamberi.org\/blog\/?p=600#breadcrumb\"},\"inLanguage\":\"es\",\"potentialAction\":[{\"@type\":\"ReadAction\",\"target\":[\"https:\/\/www.jschamberi.org\/blog\/?p=600\"]}]},{\"@type\":\"BreadcrumbList\",\"@id\":\"https:\/\/www.jschamberi.org\/blog\/?p=600#breadcrumb\",\"itemListElement\":[{\"@type\":\"ListItem\",\"position\":1,\"name\":\"Home\",\"item\":\"https:\/\/www.jschamberi.org\/blog\/\"},{\"@type\":\"ListItem\",\"position\":2,\"name\":\"Atado y bien atado (Los errores de la Transici\u00f3n)\"}]},{\"@type\":\"WebSite\",\"@id\":\"https:\/\/www.jschamberi.org\/blog\/#website\",\"url\":\"https:\/\/www.jschamberi.org\/blog\/\",\"name\":\"Juventudes Socialistas de Chamber\u00ed\",\"description\":\"\",\"potentialAction\":[{\"@type\":\"SearchAction\",\"target\":{\"@type\":\"EntryPoint\",\"urlTemplate\":\"https:\/\/www.jschamberi.org\/blog\/?s={search_term_string}\"},\"query-input\":{\"@type\":\"PropertyValueSpecification\",\"valueRequired\":true,\"valueName\":\"search_term_string\"}}],\"inLanguage\":\"es\"},{\"@type\":\"Person\",\"@id\":\"https:\/\/www.jschamberi.org\/blog\/#\/schema\/person\/3f82d901471b027bfc456bee2b9d0d3d\",\"name\":\"JSChamberi\",\"image\":{\"@type\":\"ImageObject\",\"inLanguage\":\"es\",\"@id\":\"https:\/\/www.jschamberi.org\/blog\/#\/schema\/person\/image\/\",\"url\":\"https:\/\/secure.gravatar.com\/avatar\/c2d40e2dd384331a8f7f7a2390eaafdb?s=96&d=identicon&r=g\",\"contentUrl\":\"https:\/\/secure.gravatar.com\/avatar\/c2d40e2dd384331a8f7f7a2390eaafdb?s=96&d=identicon&r=g\",\"caption\":\"JSChamberi\"},\"sameAs\":[\"http:\/\/jschamberi.org\"],\"url\":\"https:\/\/www.jschamberi.org\/blog\/?author=20\"}]}<\/script>\n<!-- \/ Yoast SEO plugin. -->","yoast_head_json":{"title":"Atado y bien atado (Los errores de la Transici\u00f3n)  - Juventudes Socialistas de Chamber\u00ed","robots":{"index":"index","follow":"follow","max-snippet":"max-snippet:-1","max-image-preview":"max-image-preview:large","max-video-preview":"max-video-preview:-1"},"canonical":"https:\/\/www.jschamberi.org\/blog\/?p=600","og_locale":"es_ES","og_type":"article","og_title":"Atado y bien atado (Los errores de la Transici\u00f3n)  - Juventudes Socialistas de Chamber\u00ed","og_description":"Utilizando esta frase que dijo Franco en relaci\u00f3n con su sucesi\u00f3n, quiero analizar aqu\u00ed las cuestiones que, en mi opini\u00f3n, parecen haber quedado \u201catadas y bien atadas\u201d. Es decir, que se han obviado por el debate pol\u00edtico o que no han tenido cabida despu\u00e9s de la transici\u00f3n. La primera cuesti\u00f3n es, sin duda, la investigaci\u00f3n Leer m\u00e1s","og_url":"https:\/\/www.jschamberi.org\/blog\/?p=600","og_site_name":"Juventudes Socialistas de Chamber\u00ed","article_published_time":"2010-04-14T19:24:45+00:00","article_modified_time":"2010-04-14T19:50:34+00:00","author":"JSChamberi","twitter_card":"summary_large_image","twitter_misc":{"Escrito por":"JSChamberi","Tiempo de lectura":"5 minutos"},"schema":{"@context":"https:\/\/schema.org","@graph":[{"@type":"WebPage","@id":"https:\/\/www.jschamberi.org\/blog\/?p=600","url":"https:\/\/www.jschamberi.org\/blog\/?p=600","name":"Atado y bien atado (Los errores de la Transici\u00f3n) - Juventudes Socialistas de Chamber\u00ed","isPartOf":{"@id":"https:\/\/www.jschamberi.org\/blog\/#website"},"datePublished":"2010-04-14T19:24:45+00:00","dateModified":"2010-04-14T19:50:34+00:00","author":{"@id":"https:\/\/www.jschamberi.org\/blog\/#\/schema\/person\/3f82d901471b027bfc456bee2b9d0d3d"},"breadcrumb":{"@id":"https:\/\/www.jschamberi.org\/blog\/?p=600#breadcrumb"},"inLanguage":"es","potentialAction":[{"@type":"ReadAction","target":["https:\/\/www.jschamberi.org\/blog\/?p=600"]}]},{"@type":"BreadcrumbList","@id":"https:\/\/www.jschamberi.org\/blog\/?p=600#breadcrumb","itemListElement":[{"@type":"ListItem","position":1,"name":"Home","item":"https:\/\/www.jschamberi.org\/blog\/"},{"@type":"ListItem","position":2,"name":"Atado y bien atado (Los errores de la Transici\u00f3n)"}]},{"@type":"WebSite","@id":"https:\/\/www.jschamberi.org\/blog\/#website","url":"https:\/\/www.jschamberi.org\/blog\/","name":"Juventudes Socialistas de Chamber\u00ed","description":"","potentialAction":[{"@type":"SearchAction","target":{"@type":"EntryPoint","urlTemplate":"https:\/\/www.jschamberi.org\/blog\/?s={search_term_string}"},"query-input":{"@type":"PropertyValueSpecification","valueRequired":true,"valueName":"search_term_string"}}],"inLanguage":"es"},{"@type":"Person","@id":"https:\/\/www.jschamberi.org\/blog\/#\/schema\/person\/3f82d901471b027bfc456bee2b9d0d3d","name":"JSChamberi","image":{"@type":"ImageObject","inLanguage":"es","@id":"https:\/\/www.jschamberi.org\/blog\/#\/schema\/person\/image\/","url":"https:\/\/secure.gravatar.com\/avatar\/c2d40e2dd384331a8f7f7a2390eaafdb?s=96&d=identicon&r=g","contentUrl":"https:\/\/secure.gravatar.com\/avatar\/c2d40e2dd384331a8f7f7a2390eaafdb?s=96&d=identicon&r=g","caption":"JSChamberi"},"sameAs":["http:\/\/jschamberi.org"],"url":"https:\/\/www.jschamberi.org\/blog\/?author=20"}]}},"_links":{"self":[{"href":"https:\/\/www.jschamberi.org\/blog\/index.php?rest_route=\/wp\/v2\/posts\/600"}],"collection":[{"href":"https:\/\/www.jschamberi.org\/blog\/index.php?rest_route=\/wp\/v2\/posts"}],"about":[{"href":"https:\/\/www.jschamberi.org\/blog\/index.php?rest_route=\/wp\/v2\/types\/post"}],"author":[{"embeddable":true,"href":"https:\/\/www.jschamberi.org\/blog\/index.php?rest_route=\/wp\/v2\/users\/20"}],"replies":[{"embeddable":true,"href":"https:\/\/www.jschamberi.org\/blog\/index.php?rest_route=%2Fwp%2Fv2%2Fcomments&post=600"}],"version-history":[{"count":6,"href":"https:\/\/www.jschamberi.org\/blog\/index.php?rest_route=\/wp\/v2\/posts\/600\/revisions"}],"predecessor-version":[{"id":606,"href":"https:\/\/www.jschamberi.org\/blog\/index.php?rest_route=\/wp\/v2\/posts\/600\/revisions\/606"}],"wp:attachment":[{"href":"https:\/\/www.jschamberi.org\/blog\/index.php?rest_route=%2Fwp%2Fv2%2Fmedia&parent=600"}],"wp:term":[{"taxonomy":"category","embeddable":true,"href":"https:\/\/www.jschamberi.org\/blog\/index.php?rest_route=%2Fwp%2Fv2%2Fcategories&post=600"},{"taxonomy":"post_tag","embeddable":true,"href":"https:\/\/www.jschamberi.org\/blog\/index.php?rest_route=%2Fwp%2Fv2%2Ftags&post=600"}],"curies":[{"name":"wp","href":"https:\/\/api.w.org\/{rel}","templated":true}]}}