{"id":567,"date":"2010-04-12T09:36:57","date_gmt":"2010-04-12T08:36:57","guid":{"rendered":"http:\/\/www.jschamberi.org\/blog\/?p=567"},"modified":"2011-11-28T17:38:27","modified_gmt":"2011-11-28T16:38:27","slug":"propuestas-de-juventudes-socialistas-de-chamberi-en-el-foro-joven-2010","status":"publish","type":"post","link":"https:\/\/www.jschamberi.org\/blog\/?p=567","title":{"rendered":"Propuestas de Juventudes Socialistas de Chamber\u00ed en el Foro Joven 2010"},"content":{"rendered":"<p style=\"text-align: justify;\">Estas fueron nuestras intervenciones en el Foro Joven de JSM celebrado el pasado 10 de Abril en el Centro Cultural Pe\u00f1alba de Collado Villalba.<\/p>\n<figure style=\"width: 383px\" class=\"wp-caption alignleft\"><img loading=\"lazy\" decoding=\"async\" src=\"http:\/\/sphotos.ak.fbcdn.net\/hphotos-ak-snc3\/hs428.snc3\/24681_381130554806_731224806_3887899_5005340_n.jpg\" alt=\"Marina, Jorge, Victor y Fernando atendiendo en las charlas sobre derechos sociales\" width=\"383\" height=\"286\" \/><figcaption class=\"wp-caption-text\">Marina, Jorge, Victor y Fernando atendiendo en las charlas sobre derechos sociales<\/figcaption><\/figure>\n<p style=\"text-align: justify;\"><span style=\"color: #ff0000;\"><strong>Jorge Alonso <span style=\"color: #000000;\">(Econom\u00eda y empleo, industria, sostenibilidad)<\/span><\/strong><\/span><\/p>\n<p style=\"text-align: justify;\">Desde \u00a0Juventudes Socialistas de Chamber\u00ed \u00a0entendemos que la mejor forma de reactivar la econom\u00eda y el empleo en la Comunidad de\u00a0 Madrid pasa necesariamente por la articulaci\u00f3n de cuatro\u00a0 ejes transversales: Medioambiente, Vivienda, Innovaci\u00f3n y Dependencia.<\/p>\n<p style=\"text-align: justify;\">A trav\u00e9s de estos se podr\u00eda lograr, que una regi\u00f3n como Madrid, que por razones geogr\u00e1ficas y demogr\u00e1ficas se encuentra limitada a la hora de desarrollar su actividad industrial, pudiera encaminarse hacia el desarrollo de una econom\u00eda sostenible en sus tres vertientes: econ\u00f3mica, social y medioambiental.<\/p>\n<p style=\"text-align: justify;\">Para esto, entendemos que el gobierno regional debe potenciar las siguientes pol\u00edticas p\u00fablicas:<\/p>\n<p style=\"text-align: justify;\"><strong>&#8211; <\/strong> <strong>Vivienda:<\/strong> Desarrollar una pol\u00edtica de alquiler potente. Los j\u00f3venes de Chamber\u00ed creemos desde una \u00f3ptica socialista, que el derecho a la vivienda no pasa necesariamente por el derecho a la propiedad, sino por la obtenci\u00f3n de una vivienda digna a un precio justo. Entendemos adem\u00e1s que dada la cantidad de edificios en mal estado y semi-abandonados que se encuentran en los centros urbanos de muchas de las ciudades y pueblos de nuestra regi\u00f3n, ser\u00eda necesario una pol\u00edtica de rehabilitaci\u00f3n de viviendas ambiciosa que a corto plazo permitiera que estas fueran destinadas al alquiler. Adem\u00e1s y gracias a estas pol\u00edticas de alquiler y rehabilitaci\u00f3n de viviendas en los centros urbanos se lograr\u00edan una serie de efectos colaterales positivos, como es la reposici\u00f3n de empleos en el sector de la construcci\u00f3n, especialmente afectados por el paro; facilitar\u00eda la movilidad de los j\u00f3venes madrile\u00f1@s, lo que a sus vez les dar\u00eda ventaja a la hora de buscar un trabajo; disminuir\u00eda los costes econ\u00f3micos y ecol\u00f3gicos del transporte; mejorar\u00eda la eficiencia energ\u00e9tica de los edificios; beneficiar\u00eda al comercio de barrio, que es intensivo en mano de obra; y por \u00faltimo fomentar\u00eda la convivencia y la participaci\u00f3n ciudadana.<\/p>\n<p style=\"text-align: justify;\"><strong>&#8211; <\/strong> <strong>Medioambiente<\/strong>: Actualmente en la Comunidad de Madrid existen grandes problemas medioambientales, relacionados principalmente con la contaminaci\u00f3n atmosf\u00e9rica, los residuos urbanos, el tratamiento del agua y la degradaci\u00f3n de los ecosistemas. Creemos que impulsar el desarrollo de una industria potente en estas a\u00e9reas es una gran oportunidad para la econom\u00eda madrile\u00f1a, ya que las empresas que hoy apuesten por estos sectores, ma\u00f1ana podr\u00e1n competir en un mundo global cada vez m\u00e1s concienciado con estos problemas.<\/p>\n<p style=\"text-align: justify;\"><strong>&#8211; <\/strong><strong>Innovaci\u00f3n:<\/strong> Madrid cuenta con una gran ventaja comparativa respecto de las dem\u00e1s regiones de Espa\u00f1a que est\u00e1 claramente infravalorada; una red muy importante de centros de educaci\u00f3n e investigaci\u00f3n superior, entre ellos 7 universidades p\u00fablicas, que est\u00e1n exportando a algunos de los investigadores y profesionales m\u00e1s capacitados al resto del mundo. Es de vital importancia, que la Comunidad desarrolle una pol\u00edtica de estimulo y desarrollo del potencial empresarial t\u00e9cnico y cient\u00edfico de la regi\u00f3n, a trav\u00e9s de la creaci\u00f3n de sociedades y agencias que incentiven la creaci\u00f3n de empresas de alto valor a\u00f1adido. Los j\u00f3venes socialistas de Madrid, estamos indignados al contemplar como el IMADE, destina sus esfuerzos a la financiaci\u00f3n ilegal de actos electorales, en lugar de estimular la innovaci\u00f3n y el empleo de calidad en la regi\u00f3n.<\/p>\n<p style=\"text-align: justify;\"><strong>&#8211; <\/strong><strong>Dependencia:<\/strong> la sostenibilidad en la regi\u00f3n pasa necesariamente por el desarrollo de una infraestructura social que permita a los madrile\u00f1@s afrontar los crecientes desaf\u00edos de un mundo cada vez m\u00e1s din\u00e1mico y cambiante. Para ello, es imprescindible que se articule una red de apoyo social, que no solo lograra\u00a0 que mejoren las condiciones de vida de los ciudadan@s, sino que adem\u00e1s permitir\u00e1 adaptarse mejor al mercado laboral, y generar empleos de calidad en la regi\u00f3n (escuelas infantiles, centros de d\u00eda, asistencia domiciliaria, etc).<\/p>\n<p><span style=\"color: #ff0000;\"><strong>\u00c1ngel Mart\u00ednez (sobre la sostenibilidad, estrategia de marketing, comunicaci\u00f3n y NNTT)<\/strong><\/span> <strong> <\/strong><\/p>\n<p><strong>Hacer una comunicaci\u00f3n efectiva a la ciudadan\u00eda sobre el concepto de Desarrollo sostenible en Madrid es vital<\/strong>. El ciudadano est\u00e1 de acuerdo con que el entorno de la Comunidad donde vive sea m\u00e1s habitable desde un punto de vista medioambiental y de movilidad. Tambi\u00e9n entiende con facilidad la ventaja de las energ\u00edas renovables. Pero no sabe que una aplicaci\u00f3n efectiva de un Plan Energ\u00e9tico Sostenible puede mejorar sus vidas directamente.  Explicar un Madrid Sostenible usando las nuevas formas de comunicaci\u00f3n de las que disponemos debe ser funci\u00f3n de JSM. Tenemos que ser pedag\u00f3gicos para crear conciencia de sostenibilidad.<\/p>\n<ul>\n<li>Trazar la estrategia del modelo que necesita Madrid<\/li>\n<li><strong>Comunicaci\u00f3n 2.0<\/strong> para concienciar socialmente de la necesidad de la Sostenibilidad.<\/li>\n<li>Tener un <strong>mensaje efectivo<\/strong>, directo que haga que la ciudadan\u00eda vea la necesidad de cambiar de gobierno dado que el actual solo est\u00e1 empeorando el problema de Madrid.<\/li>\n<li>Campa\u00f1as para <strong>la mejora de los servicios p\u00fablicos como el transporte<\/strong> para que cambie el h\u00e1bito adquirido de usar como primera opci\u00f3n el transporte privado.<\/li>\n<li>Apoyar decididamente el uso de la bicicleta como transporte alternativo y sostenible en Madrid<\/li>\n<\/ul>\n<p>Intervenci\u00f3n en el foro:<\/p>\n<blockquote style=\"text-align: justify;\"><p><em>El madrile\u00f1o est\u00e1 cabreado y no sabe por qu\u00e9. Se levanta, coge un atasco, vive en medio del Caos de Ruido y Contaminaci\u00f3n, le hacen ser individualista y no sabe lo que le enfada. <\/em> <em>Adem\u00e1s ve lo del G\u00fcrtel y a los pol\u00edticos que les gobiernan insultando al resto. Explicar que <strong>otro Madrid Sostenible es posible<\/strong> es una necesidad para JSM, tenemos que ir quitando causas de su enfado y explic\u00e1ndole a la gente que Madrid puede llegar a ser habitable y darles una calidad vida buena. <\/em> <em>En el Bar, en el atasco, nadie habla de econom\u00eda sostenible, ni de energ\u00edas renovables. Todos somos unos ac\u00e9rrimos convencidos de la Sostenibilidad en este tipo de foros entre pol\u00edticos progresistas, nos gusta teorizar, tenemos gente muy preparada, pero no lo sabemos explicar al ciudadano. Necesitamos comunicar directamente para todos por qu\u00e9 son necesarias estas medidas. Y en el momento que el ciudadano vea que si que es posible, pues intentar\u00e1 participar a este cambio con su voto. Hay que ser directos, quiz\u00e1s es m\u00e1s efectivo decirles &#8220;<strong>Coge la bicicleta, la calle es tuya&#8221;<\/strong> que no explicarles un plan de movilidad perfecto en profundidad<\/em><\/p><\/blockquote>\n<p style=\"text-align: justify;\"><span style=\"color: #ff0000;\"><strong>Fernando Ru\u00edz Bowen <span style=\"color: #000000;\">(Vivienda, propiedad o alquiler, rehabilitaci\u00f3n)<\/span><\/strong><\/span><\/p>\n<p style=\"text-align: justify;\">Madrid es una ciudad que viene demasiado tiempo aplicando una pol\u00edtia voraz de desarrollo urbanistico sin control, descuidando los espacios dedicados a terciario.<\/p>\n<p style=\"text-align: justify;\">El concepto de Sostenibilidad del que estamos hablando no viene sino a certificar que <strong>Madrid es el paradigma de ciudad insostenible Econ\u00f3mica, Social y Medioambientamente<\/strong>. En p\u00f3l\u00edtica de Vivienda los j\u00f3venes y (Juventudes en particular) debemos reivindicar que no se siga con esa linea que potencia la pol\u00edtica basada en la cultura de la propiedad (tan arraigada en nuestro pa\u00eds) y se exija un <strong>cambio dr\u00e1stico en favor del alquiler<\/strong>, hay que apostar por pol\u00edticas a Largo Plazo y \u00e9sta es una de ellas.<\/p>\n<p style=\"text-align: justify;\">Por otro lado y fij\u00e1ndonos en modelos como el de Barcelona o el de Berlin podemos apreciar que la tendencia est\u00e1 cambiando tambien <strong>en favor de la Rehabilitaci\u00f3n<\/strong>, la ciudad no puede terminar convirtiendose en el centro al que acudimos para trabajar pero que dejamos abandonado en concepto de &#8220;residencial&#8221;. Experiencias como la de Barcelona hacen que veamos con esperanza la posibilidad de que los jovenes tomemos los centros de las ciudades y las revitalicemos permitiendo que nuestros mayores accedan a viviendas habilitadas en funcion de sus necesidades.<\/p>\n<p style=\"text-align: justify;\">Otra de nuestras reivindicaciones debe ser la creaci\u00f3n de espacios de <strong>&#8220;alojamiento temporal para jovenes&#8221; <\/strong>que tanto promet\u00eda nuestro Gobierno Municipal y que finalmente se ha quedado en absolutamente nada. \u00c9stos espacios se consolidar\u00edan como espacios de encuentro potendiando el <strong>dinamismo social y cultural de nuestra ciudad<\/strong>.<\/p>\n<blockquote>\n<p style=\"text-align: justify;\"><em>El derecho que debe exigir JSM es <strong>la posibilidad para cualquier joven que quiera emanciparse de disfrutar de una Vivienda digna<\/strong>, y no la antigua concepci\u00f3n de la propiedad de la misma. <\/em><\/p>\n<\/blockquote>\n<figure style=\"width: 389px\" class=\"wp-caption alignleft\"><img loading=\"lazy\" decoding=\"async\" src=\"http:\/\/sphotos.ak.fbcdn.net\/hphotos-ak-snc3\/hs428.snc3\/24681_381130494806_731224806_3887889_5728484_n.jpg\" alt=\"Victor, Jorge y Marina y detras en Centro Cultural Pe\u00f1alba, una buena elecci\u00f3n del lugar para este foro.\" width=\"389\" height=\"292\" \/><figcaption class=\"wp-caption-text\">Victor, Jorge y Marina y detras en Centro Cultural Pe\u00f1alba, una buena elecci\u00f3n del lugar para este foro.<\/figcaption><\/figure>\n<p style=\"text-align: justify;\"><span style=\"color: #ff0000;\"><strong>Marina Pascual<span style=\"color: #000000;\"> (Educaci\u00f3n) <\/span><\/strong><\/span><\/p>\n<p style=\"text-align: justify;\">Actualmente la educaci\u00f3n en la Comunidad de Madrid est\u00e1 sufriendo numerosas dificultades en todos sus \u00e1mbitos. La <strong>ponente Laura Vargas del FAPA Giner de los R\u00edos<\/strong> indic\u00f3 que estas dificultades han sido generadas por algunas razones entre las que destacan: el aumento de ratio (n\u00famero de alumnos por aula), el crecimiento mucho menor de gasto en educaci\u00f3n en la escuela p\u00fablica que en la escuela concertada, la concentraci\u00f3n del alumnado inmigrante o con necesidades educativas especiales (N.E.E.) en los centros p\u00fablicos, o el cont\u00ednuo incumplimiento de la Ley Org\u00e1nica de Educaci\u00f3n (L.O.E.) por parte de nuestra Consejer\u00eda de Educaci\u00f3n: eliminando becas, no apostando por la Formaci\u00f3n Profesional (F.P.), cerrando los Centros de Atenci\u00f3n al Profesorado (C.A.P.), en definitiva, realizando un cont\u00ednuo desprestigio hacia lo p\u00fablico.<\/p>\n<p style=\"text-align: justify;\">Desde <strong>JS Chamber\u00ed creemos que es necesario un cambio significativo<\/strong> no s\u00f3lo en el incremento de los presupuestos para educaci\u00f3n, sino en aquellos aspectos a los que se dedican \u00e9stos. \u00a0En primer lugar <strong>la formaci\u00f3n al profesorado<\/strong> se ha visto reducida de manera significativa, con el cierre de los Centros de Atenci\u00f3n al Profesorado (C.A.P.) que atend\u00edan a cada municipio de forma individual, en pro de los Centros Territorias de Innovaci\u00f3n y Formaci\u00f3n (C.T.I.F.) que actualmente atienden a una \u00e1rea territorial. Esta reducci\u00f3n de Centros ha producido una\u00a0<em>disminuci\u00f3n del n\u00famero de cursos de formaci\u00f3n, y las posibilidades de autoformaci\u00f3n de los Centros Educativos. <\/em> Adem\u00e1s se est\u00e1 <em>viendo coartada dicha formaci\u00f3n<\/em>, ya que nuestra Comunidad est\u00e1 o no reconociendo determinados cursos para sexenios en funci\u00f3n de qu\u00e9 instituci\u00f3n est\u00e9 llev\u00e1ndolos a cabo, sin tener en cuanta la calidad de los mismos. \u00a0De esta manera existen gran cantidad de cursos con relevancia pedag\u00f3gica puestos en marcha por Sindicatos como CCOO o UGT, que no se encuentran reconocidos por la Consejer\u00eda de educaci\u00f3n, por lo que no valen para sexenios, mientras que aquellos realizados por\u00a0<em>Asociaciones y Sindicatos m\u00e1s afines con la pol\u00edtica de nuestra Comunidad, <\/em>s\u00ed est\u00e1n consiguiendo esta titulaci\u00f3n<em>.<\/em><\/p>\n<p style=\"text-align: justify;\"><strong>Desde Juventudes Chamber\u00ed pedimos que haya una formaci\u00f3n integral para el profesorado<\/strong>, un formaci\u00f3n de calidad y basada en las necesidades de los Centros (cosa imposible con un s\u00f3lo CTIF para cada \u00e1rea territorial), y por supuesto que los cursos para sexenios sigan los mismos criterios para unas u otras Organizaciones, sin atender a su ideolog\u00eda, criterios basados en los principios establecidos en la LOE, inclusi\u00f3n, no discriminaci\u00f3n e igualdad.\u00a0En segundo lugar, <strong> el horario que se est\u00e1 desarrollando en los I.E.S. p\u00fablicos<\/strong> es inferior a aquel que se ofrece en los Centros Concertados que imparten dicha etapa educativa; lo que hace que muchas familias se decanten por llevar a sus hijos a este \u00faltimo tipo de Centros, al serles imposible compatibilizar su vida laboral con el cuidado de sus hijos a partir de las 2:30.<\/p>\n<p style=\"text-align: justify;\"><strong>Desde J.S. Chamber\u00ed se propuso el desarrollo de un servicio de comedor en los I.E.S.,<\/strong> que facilitara una igualdad a la hora de elegir un Centro y otro a los padres. \u00a0En tercer lugar, <strong>las tardes de los alumnos con desventaja social, o cuyas circustancias familiares impidien sus padres estar con ellos tras el horario escolar<\/strong>, est\u00e1n organizadas a trav\u00e9s O.N.G. o Fundaciones, muchas de ellas con car\u00e1cter religioso. Estas Organizaciones reciben subvenciones de la C.A.M. para desarrollar su cometido. Bien sea por los escasos recursos que \u00e9stas reciben, o porque \u00e9stos se pierden por el camino, el alumnado con el que trabajan se encuentra en entornos poco preparados, peque\u00f1os y en malas condiciones; con profesionales, casi siempre voluntarios, en la mayor\u00eda de los casos no cualificados, y con una ratio alt\u00edsima.\u00a0JS Chamber\u00ed considera que esta labor, es funci\u00f3n de <strong>la Consejer\u00eda de Educaci\u00f3n, y que es \u00e9sta la que deber\u00eda hacerse cargo de la organizaci\u00f3n de los entornos, las actividades, de la contrataci\u00f3n de los profesionales (trabajadores sociales, o educadores sociales),<\/strong> que desarrollaran una labor con una n\u00famero reducido de alumno, en coordinaci\u00f3n con sus familias y con el Centro educativo, ofreciendo un servicio sin ideolog\u00eda pol\u00edtica ni religiosa, que se base en los principios establecidos en la LOE.\u00a0\u00a0\u00a0Por \u00faltimo, nuestra Comunidad est\u00e1 generando un <strong>Proyecto biling\u00fce sin planificaci\u00f3n ni organizaci\u00f3n<\/strong>, que se encuentra <em>infradotado en recursos tanto personales como materiales<\/em>, lo que genera situaciones de desigualdad social cont\u00ednua. \u00a0<strong> <\/strong><\/p>\n<p style=\"text-align: justify;\"><strong>Desde JSChamber\u00ed queremos hacer constar que otro Proyecto en posible, que el British Council <\/strong>lleva en vigor desde 1995 y ha obtenido buenos resultados que quiz\u00e1 deber\u00edamos paranos a analizar; as\u00ed como que <strong>en ning\u00fan caso el Proyecto Biling\u00fce debe ser generador de desigualdades<\/strong>, por lo que el biling\u00fcismo no puede ser un Proyecto que cree centros separados del resto, sino que debe convivir con la ense\u00f1anza no biling\u00fce, desarrollando con ello el principio de equidad educativa.<\/p>\n<p style=\"text-align: justify;\">\n<p><strong><span style=\"color: #ff0000;\">V\u00edctor Ru\u00edz de Almir\u00f3n <\/span><\/strong><span style=\"color: #ff0000;\"><span style=\"color: #000000;\"> <strong>(Cultura, Sanidad,Transportes y Deporte)<\/strong><\/span><\/span><\/p>\n<blockquote>\n<p style=\"text-align: justify;\"><em>En el apartado de transportes queremos sumarnos a la iniciativa que otros compa\u00f1eros han puesto encima de la mesa en lo referente a aumentar la edad en el abono joven, pues consideramos muy escasos los 21 actuales. Y la decisi\u00f3n de subirlo a 22 a partir de Julio de 2010 se queda muy lejos de nuestras pretensiones. Pensamos que en pr\u00f3ximo foros\u00a0 en los que se puedan tratar de manera espec\u00edfica las propuestas aqu\u00ed planteadas, se desarrollar\u00e1 esta propuesta fijando definitivamente la edad que estimemos adecuada. Creemos que un ascenso en esta edad hasta los 31 por lo menos ser\u00eda importante.<br \/>\n<\/em><\/p>\n<p style=\"text-align: justify;\"><em> <strong>En el tema de Sanidad la postura de juventudes debe seguir encaminada a criticar con todas nuestras energ\u00edas la pol\u00edtica privatizadora que est\u00e1 llevando a cabo el gobierno de Esperanza Aguirre. <\/strong><\/em><\/p>\n<p style=\"text-align: justify;\"><em>Ahora que se acaba de aprobar la <strong>LIVE no debemos permitir que desde la derecha madrile\u00f1a se presione y criminalice a los m\u00e9dicos madrile\u00f1os que decidan practicar abortos<\/strong>. No ser\u00eda la primera vez que act\u00faan de una manera parecida. En colaboraci\u00f3n con las agrupaciones debemos llevar a cabo un control de la situaci\u00f3n en cada distrito de los centros de planificaci\u00f3n familiar, en los centros que existan pues en muchos de ellos han desaparecido.Vigilar muy de cerca que no haya trabas en ning\u00fan distrito para obtener la p\u00edldora del d\u00eda despu\u00e9s .La LIVE no es s\u00f3lo la ley del aborto, sino una norma que busca la concienciaci\u00f3n social y especialmente de la juventud en el asunto de la educaci\u00f3n sexual y reproductiva. En este punto defendemos que la salud sexual y ,especialmente la difusi\u00f3n de las medidas preventivas de embarazos no deseados y enfermedades de transmisi\u00f3n sexual, deben ser un pilar b\u00e1sico de la educaci\u00f3n de los j\u00f3venes y gozar de un lugar importante en la asignatura de educaci\u00f3n para la ciudadania.\u00a0Creo que todos compartimos que en la CAM la situaci\u00f3n de la cultura es nefasta. En el municipio de Madrid es muy deficiente y en el resto de la CAM, inexistente. Ese es uno de los principales problemas la falta de espacios culturales en todas las \u00e1reas de la comunidad, excepto en el centro de Madrid ciudad. <\/em><\/p>\n<p style=\"text-align: justify;\"><em>Esa ser\u00eda la primera reivindicaci\u00f3n, la creaci\u00f3n de espacios p\u00fablicos dedicados a la cultura en las zonas que carezcan de ellos. <strong>En Madrid ciudad los espacios dedicados a la cultura sufren actualmente el abandono por parte del ayuntamiento dirigido por Alberto Ruiz Gallard\u00f3n<\/strong> y esto hace especial da\u00f1o a las fundaciones y centros culturales m\u00e1s peque\u00f1os. Siempre se tiene la tendencia a recortar en el apartado cultural cuando se sufren dificultades econ\u00f3micas y se nos suele olvidar que la cultura es patrimonio del pueblo y debe tener el patrocinio y protecci\u00f3n de la administraci\u00f3n p\u00fablica, adem\u00e1s de que tambi\u00e9n es un sector que puede generar multitud de empleos directos e indirectos. Con la pol\u00edtica que se est\u00e1 llevando actualmente, estos centros se ven obligados a reducir personal y subir los precios de acceso a sus exposiciones y en algunos casos establecer uno pues muchas de estos espacios son organizaci\u00f3nes sin \u00e1nimo de lucro que se ven maniatados y deben variar su pol\u00edtica de actuaci\u00f3n lo que les genera la antipatia del p\u00fablico. Una subida de precios en la cultura es lo menos beneficioso para fomentar la cultura entre los j\u00f3venes. Nos sumamos a la idea, y creemos que JSM debe hacer bandera de ello, de la idea de crear un abono cultural para j\u00f3venes con el que se pueda acceder a los museos y fundaciones de la CAM y la obtenci\u00f3n descuentos en cines y teatros.<\/em><\/p>\n<p style=\"text-align: justify;\"><em><strong>Vivimos en una Comunidad en la que los j\u00f3venes recibimos un trato denigrante por parte de la derecha y sus medios afines. La imagen de los j\u00f3venes se encuadra simplemente en la percepci\u00f3n de unos chicos \u00fanicamente interesados en el botell\u00f3n y el ocio nocturno<\/strong>. Desde Juventudes debemos defender que no somos s\u00f3lo eso y denunciar que lo que ocurre es que hay pocas alternativas de ocio accesibles para j\u00f3venes. Hay una escasez manifiesta de espacios p\u00fablicos deportivos y a precios accesibles para los j\u00f3venes. En Chamber\u00ed creemos que un campo de golf ,rodeado de instalaciones a precios inaccesibles para un estudiante, no es la mejor manera de fomentar el deporte. Pedimos que se vuelvan a imponer descuentos para j\u00f3venes en las instalaciones deportivas, descuentos que se obten\u00edan mediante la presentaci\u00f3n del carn\u00e9 j\u00f3ven y que han sido suprimidos. Otro tipo de ocio es posible y el deporte es fundamental no s\u00f3lo para esto sino para fomentar nuevos h\u00e1bitos en los j\u00f3venes alej\u00e1ndoles\u00a0 de costumbres sedentarias y nocivas para la salud. <\/em><\/p>\n<\/blockquote>\n<p><span style=\"color: #ff0000;\"><strong>Santiago Garc\u00eda-Carzorla\u00a0<span style=\"color: #000000;\"> (Educaci\u00f3n y transportes)<\/span><\/strong><\/span><\/p>\n<p>Puntos a tener en cuenta:<\/p>\n<p><strong>&#8211; Transportes:<\/strong> Subida excesiva del transporte p\u00fablico en la Ciudad de Madrid. Hay que protestar sobre este hecho y pedir una mejora de los servicios p\u00fablicos de Transporte. No hay razones econ\u00f3micas para que los precios suban en esa proporci\u00f3n, dado que ninguna de las variables que hacen que estos var\u00eden, han variado en tanta proporci\u00f3n. Abono Joven hasta los 30 a\u00f1os.<\/p>\n<p><strong>&#8211; Educaci\u00f3n:<\/strong><\/p>\n<p>Educaci\u00f3n en Primerios Auxilios mejorar\u00eda la actitud c\u00edvica del ciudadano en situaciones de emergencia. Podr\u00eda ir incluido en el temario de Educaci\u00f3n para la Ciudadan\u00eda.<\/p>\n<p style=\"text-align: justify;\"><em> <\/em><\/p>\n<p style=\"text-align: justify;\"><em>Intervenci\u00f3n: <\/em><\/p>\n<blockquote style=\"text-align: justify;\"><p><em>He decidido dividir las propuestas en dos bloques Transportes y educaci\u00f3n (unido con sanidad) <\/em><\/p><\/blockquote>\n<blockquote style=\"text-align: justify;\">\n<p style=\"text-align: justify;\"><em> <\/em> <em><strong>Transportes:<\/strong> Jos\u00e9 Manuel Pradillo\u00a0 el Gerente del Consorcio Regional de Transportes, en una entrevista realizada al peri\u00f3dico digital Madridiario.es\u00a0 dej\u00f3 intuir por d\u00f3nde ir\u00e1 el precio\u00a0 del Metro &#8220;El billete sencillo subir\u00e1 a 1,50 euros para mantener la velocidad comercial&#8221;. Unido al hecho de que el metrob\u00fas normal ha subido un 22% en el a\u00f1o presente, los j\u00f3venes que tenemos que utilizar el transporte p\u00fablico para movernos de un lado a otro notan estos incrementos de una manera directa en su econom\u00eda. <\/em> <em>La lideresa Esperanza Aguirre , en ruedas de prensa ha repetido hasta la saciedad que no iban haber m\u00e1s subidas en el transporte p\u00fablico y ahora nos viene con esta. Bien, como el metrob\u00fas y sencillo suben mucho de precio, propongo que el abono joven sea limite hasta los 30 a\u00f1os, ya que seg\u00fan las \u00faltimas estad\u00edsticas de Tasas demogr\u00e1ficas, la edad de la juventud ha ido ascendiendo, y el empleo en este rango de edad es de peor calidad y peor pagado.<strong> Educaci\u00f3n<\/strong>: Son necesarios cursos de Primeros Auxilios en los centros educativos, deber\u00eda ser una parte fundamental ya que mejorar\u00eda el civismo dentro de la sociedad teniendo una formaci\u00f3n b\u00e1sica. \u00bfSabr\u00edas decirme c\u00f3mo se puede realizar una maniobra de RCP (con eso se salvar\u00edan vidas si se hace bien y con una peque\u00f1a formaci\u00f3n)? \u00bfO alguien sabr\u00eda realizar una maniobra de Hemlich (maniobra que se usa en caso en caso de tener alg\u00fan elemento que obstruya las vias respiratorias), Hay mucho m\u00e1s y por eso deber\u00eda ser fundamental tener conocimientos b\u00e1sicos sobre este tema, ya que puedes se puede aportar una ayuda en seg\u00fan que circunstancias de emergencias.<\/em><\/p>\n<\/blockquote>\n<blockquote style=\"text-align: justify;\">\n<p style=\"text-align: justify;\">\n<\/blockquote>\n<figure style=\"width: 420px\" class=\"wp-caption aligncenter\"><img loading=\"lazy\" decoding=\"async\" src=\"http:\/\/sphotos.ak.fbcdn.net\/hphotos-ak-ash1\/hs448.ash1\/24681_381130524806_731224806_3887895_2315656_n.jpg\" alt=\"\" width=\"420\" height=\"315\" \/><figcaption class=\"wp-caption-text\">Tambi\u00e9n hubo momentos de debate m\u00e1s relajado  en el foro joven<\/figcaption><\/figure>\n","protected":false},"excerpt":{"rendered":"<p>Estas fueron nuestras intervenciones en el Foro Joven de JSM celebrado el pasado 10 de Abril en el Centro Cultural Pe\u00f1alba de Collado Villalba. Jorge Alonso (Econom\u00eda y empleo, industria, sostenibilidad) Desde \u00a0Juventudes Socialistas de Chamber\u00ed \u00a0entendemos que la mejor forma de reactivar la econom\u00eda y el empleo en la Comunidad de\u00a0 Madrid pasa necesariamente <a class=\"read-more\" href=\"https:\/\/www.jschamberi.org\/blog\/?p=567\">Leer m\u00e1s<\/a><\/p>\n","protected":false},"author":20,"featured_media":0,"comment_status":"open","ping_status":"open","sticky":false,"template":"","format":"standard","meta":{"footnotes":""},"categories":[26],"tags":[],"class_list":["post-567","post","type-post","status-publish","format-standard","hentry","category-opinion"],"yoast_head":"<!-- This site is optimized with the Yoast SEO plugin v23.7 - https:\/\/yoast.com\/wordpress\/plugins\/seo\/ -->\n<title>Propuestas de Juventudes Socialistas de Chamber\u00ed en el Foro Joven 2010 - Juventudes Socialistas de Chamber\u00ed<\/title>\n<meta name=\"robots\" content=\"index, follow, max-snippet:-1, max-image-preview:large, max-video-preview:-1\" \/>\n<link rel=\"canonical\" href=\"https:\/\/www.jschamberi.org\/blog\/?p=567\" \/>\n<meta property=\"og:locale\" content=\"es_ES\" \/>\n<meta property=\"og:type\" content=\"article\" \/>\n<meta property=\"og:title\" content=\"Propuestas de Juventudes Socialistas de Chamber\u00ed en el Foro Joven 2010 - Juventudes Socialistas de Chamber\u00ed\" \/>\n<meta property=\"og:description\" content=\"Estas fueron nuestras intervenciones en el Foro Joven de JSM celebrado el pasado 10 de Abril en el Centro Cultural Pe\u00f1alba de Collado Villalba. Jorge Alonso (Econom\u00eda y empleo, industria, sostenibilidad) Desde \u00a0Juventudes Socialistas de Chamber\u00ed \u00a0entendemos que la mejor forma de reactivar la econom\u00eda y el empleo en la Comunidad de\u00a0 Madrid pasa necesariamente Leer m\u00e1s\" \/>\n<meta property=\"og:url\" content=\"https:\/\/www.jschamberi.org\/blog\/?p=567\" \/>\n<meta property=\"og:site_name\" content=\"Juventudes Socialistas de Chamber\u00ed\" \/>\n<meta property=\"article:published_time\" content=\"2010-04-12T08:36:57+00:00\" \/>\n<meta property=\"article:modified_time\" content=\"2011-11-28T16:38:27+00:00\" \/>\n<meta property=\"og:image\" content=\"http:\/\/sphotos.ak.fbcdn.net\/hphotos-ak-snc3\/hs428.snc3\/24681_381130554806_731224806_3887899_5005340_n.jpg\" \/>\n<meta name=\"author\" content=\"JSChamberi\" \/>\n<meta name=\"twitter:card\" content=\"summary_large_image\" \/>\n<meta name=\"twitter:label1\" content=\"Escrito por\" \/>\n\t<meta name=\"twitter:data1\" content=\"JSChamberi\" \/>\n\t<meta name=\"twitter:label2\" content=\"Tiempo de lectura\" \/>\n\t<meta name=\"twitter:data2\" content=\"18 minutos\" \/>\n<script type=\"application\/ld+json\" class=\"yoast-schema-graph\">{\"@context\":\"https:\/\/schema.org\",\"@graph\":[{\"@type\":\"WebPage\",\"@id\":\"https:\/\/www.jschamberi.org\/blog\/?p=567\",\"url\":\"https:\/\/www.jschamberi.org\/blog\/?p=567\",\"name\":\"Propuestas de Juventudes Socialistas de Chamber\u00ed en el Foro Joven 2010 - Juventudes Socialistas de Chamber\u00ed\",\"isPartOf\":{\"@id\":\"https:\/\/www.jschamberi.org\/blog\/#website\"},\"primaryImageOfPage\":{\"@id\":\"https:\/\/www.jschamberi.org\/blog\/?p=567#primaryimage\"},\"image\":{\"@id\":\"https:\/\/www.jschamberi.org\/blog\/?p=567#primaryimage\"},\"thumbnailUrl\":\"http:\/\/sphotos.ak.fbcdn.net\/hphotos-ak-snc3\/hs428.snc3\/24681_381130554806_731224806_3887899_5005340_n.jpg\",\"datePublished\":\"2010-04-12T08:36:57+00:00\",\"dateModified\":\"2011-11-28T16:38:27+00:00\",\"author\":{\"@id\":\"https:\/\/www.jschamberi.org\/blog\/#\/schema\/person\/3f82d901471b027bfc456bee2b9d0d3d\"},\"breadcrumb\":{\"@id\":\"https:\/\/www.jschamberi.org\/blog\/?p=567#breadcrumb\"},\"inLanguage\":\"es\",\"potentialAction\":[{\"@type\":\"ReadAction\",\"target\":[\"https:\/\/www.jschamberi.org\/blog\/?p=567\"]}]},{\"@type\":\"ImageObject\",\"inLanguage\":\"es\",\"@id\":\"https:\/\/www.jschamberi.org\/blog\/?p=567#primaryimage\",\"url\":\"http:\/\/sphotos.ak.fbcdn.net\/hphotos-ak-snc3\/hs428.snc3\/24681_381130554806_731224806_3887899_5005340_n.jpg\",\"contentUrl\":\"http:\/\/sphotos.ak.fbcdn.net\/hphotos-ak-snc3\/hs428.snc3\/24681_381130554806_731224806_3887899_5005340_n.jpg\"},{\"@type\":\"BreadcrumbList\",\"@id\":\"https:\/\/www.jschamberi.org\/blog\/?p=567#breadcrumb\",\"itemListElement\":[{\"@type\":\"ListItem\",\"position\":1,\"name\":\"Home\",\"item\":\"https:\/\/www.jschamberi.org\/blog\/\"},{\"@type\":\"ListItem\",\"position\":2,\"name\":\"Propuestas de Juventudes Socialistas de Chamber\u00ed en el Foro Joven 2010\"}]},{\"@type\":\"WebSite\",\"@id\":\"https:\/\/www.jschamberi.org\/blog\/#website\",\"url\":\"https:\/\/www.jschamberi.org\/blog\/\",\"name\":\"Juventudes Socialistas de Chamber\u00ed\",\"description\":\"\",\"potentialAction\":[{\"@type\":\"SearchAction\",\"target\":{\"@type\":\"EntryPoint\",\"urlTemplate\":\"https:\/\/www.jschamberi.org\/blog\/?s={search_term_string}\"},\"query-input\":{\"@type\":\"PropertyValueSpecification\",\"valueRequired\":true,\"valueName\":\"search_term_string\"}}],\"inLanguage\":\"es\"},{\"@type\":\"Person\",\"@id\":\"https:\/\/www.jschamberi.org\/blog\/#\/schema\/person\/3f82d901471b027bfc456bee2b9d0d3d\",\"name\":\"JSChamberi\",\"image\":{\"@type\":\"ImageObject\",\"inLanguage\":\"es\",\"@id\":\"https:\/\/www.jschamberi.org\/blog\/#\/schema\/person\/image\/\",\"url\":\"https:\/\/secure.gravatar.com\/avatar\/c2d40e2dd384331a8f7f7a2390eaafdb?s=96&d=identicon&r=g\",\"contentUrl\":\"https:\/\/secure.gravatar.com\/avatar\/c2d40e2dd384331a8f7f7a2390eaafdb?s=96&d=identicon&r=g\",\"caption\":\"JSChamberi\"},\"sameAs\":[\"http:\/\/jschamberi.org\"],\"url\":\"https:\/\/www.jschamberi.org\/blog\/?author=20\"}]}<\/script>\n<!-- \/ Yoast SEO plugin. -->","yoast_head_json":{"title":"Propuestas de Juventudes Socialistas de Chamber\u00ed en el Foro Joven 2010 - Juventudes Socialistas de Chamber\u00ed","robots":{"index":"index","follow":"follow","max-snippet":"max-snippet:-1","max-image-preview":"max-image-preview:large","max-video-preview":"max-video-preview:-1"},"canonical":"https:\/\/www.jschamberi.org\/blog\/?p=567","og_locale":"es_ES","og_type":"article","og_title":"Propuestas de Juventudes Socialistas de Chamber\u00ed en el Foro Joven 2010 - Juventudes Socialistas de Chamber\u00ed","og_description":"Estas fueron nuestras intervenciones en el Foro Joven de JSM celebrado el pasado 10 de Abril en el Centro Cultural Pe\u00f1alba de Collado Villalba. Jorge Alonso (Econom\u00eda y empleo, industria, sostenibilidad) Desde \u00a0Juventudes Socialistas de Chamber\u00ed \u00a0entendemos que la mejor forma de reactivar la econom\u00eda y el empleo en la Comunidad de\u00a0 Madrid pasa necesariamente Leer m\u00e1s","og_url":"https:\/\/www.jschamberi.org\/blog\/?p=567","og_site_name":"Juventudes Socialistas de Chamber\u00ed","article_published_time":"2010-04-12T08:36:57+00:00","article_modified_time":"2011-11-28T16:38:27+00:00","og_image":[{"url":"http:\/\/sphotos.ak.fbcdn.net\/hphotos-ak-snc3\/hs428.snc3\/24681_381130554806_731224806_3887899_5005340_n.jpg"}],"author":"JSChamberi","twitter_card":"summary_large_image","twitter_misc":{"Escrito por":"JSChamberi","Tiempo de lectura":"18 minutos"},"schema":{"@context":"https:\/\/schema.org","@graph":[{"@type":"WebPage","@id":"https:\/\/www.jschamberi.org\/blog\/?p=567","url":"https:\/\/www.jschamberi.org\/blog\/?p=567","name":"Propuestas de Juventudes Socialistas de Chamber\u00ed en el Foro Joven 2010 - Juventudes Socialistas de Chamber\u00ed","isPartOf":{"@id":"https:\/\/www.jschamberi.org\/blog\/#website"},"primaryImageOfPage":{"@id":"https:\/\/www.jschamberi.org\/blog\/?p=567#primaryimage"},"image":{"@id":"https:\/\/www.jschamberi.org\/blog\/?p=567#primaryimage"},"thumbnailUrl":"http:\/\/sphotos.ak.fbcdn.net\/hphotos-ak-snc3\/hs428.snc3\/24681_381130554806_731224806_3887899_5005340_n.jpg","datePublished":"2010-04-12T08:36:57+00:00","dateModified":"2011-11-28T16:38:27+00:00","author":{"@id":"https:\/\/www.jschamberi.org\/blog\/#\/schema\/person\/3f82d901471b027bfc456bee2b9d0d3d"},"breadcrumb":{"@id":"https:\/\/www.jschamberi.org\/blog\/?p=567#breadcrumb"},"inLanguage":"es","potentialAction":[{"@type":"ReadAction","target":["https:\/\/www.jschamberi.org\/blog\/?p=567"]}]},{"@type":"ImageObject","inLanguage":"es","@id":"https:\/\/www.jschamberi.org\/blog\/?p=567#primaryimage","url":"http:\/\/sphotos.ak.fbcdn.net\/hphotos-ak-snc3\/hs428.snc3\/24681_381130554806_731224806_3887899_5005340_n.jpg","contentUrl":"http:\/\/sphotos.ak.fbcdn.net\/hphotos-ak-snc3\/hs428.snc3\/24681_381130554806_731224806_3887899_5005340_n.jpg"},{"@type":"BreadcrumbList","@id":"https:\/\/www.jschamberi.org\/blog\/?p=567#breadcrumb","itemListElement":[{"@type":"ListItem","position":1,"name":"Home","item":"https:\/\/www.jschamberi.org\/blog\/"},{"@type":"ListItem","position":2,"name":"Propuestas de Juventudes Socialistas de Chamber\u00ed en el Foro Joven 2010"}]},{"@type":"WebSite","@id":"https:\/\/www.jschamberi.org\/blog\/#website","url":"https:\/\/www.jschamberi.org\/blog\/","name":"Juventudes Socialistas de Chamber\u00ed","description":"","potentialAction":[{"@type":"SearchAction","target":{"@type":"EntryPoint","urlTemplate":"https:\/\/www.jschamberi.org\/blog\/?s={search_term_string}"},"query-input":{"@type":"PropertyValueSpecification","valueRequired":true,"valueName":"search_term_string"}}],"inLanguage":"es"},{"@type":"Person","@id":"https:\/\/www.jschamberi.org\/blog\/#\/schema\/person\/3f82d901471b027bfc456bee2b9d0d3d","name":"JSChamberi","image":{"@type":"ImageObject","inLanguage":"es","@id":"https:\/\/www.jschamberi.org\/blog\/#\/schema\/person\/image\/","url":"https:\/\/secure.gravatar.com\/avatar\/c2d40e2dd384331a8f7f7a2390eaafdb?s=96&d=identicon&r=g","contentUrl":"https:\/\/secure.gravatar.com\/avatar\/c2d40e2dd384331a8f7f7a2390eaafdb?s=96&d=identicon&r=g","caption":"JSChamberi"},"sameAs":["http:\/\/jschamberi.org"],"url":"https:\/\/www.jschamberi.org\/blog\/?author=20"}]}},"_links":{"self":[{"href":"https:\/\/www.jschamberi.org\/blog\/index.php?rest_route=\/wp\/v2\/posts\/567"}],"collection":[{"href":"https:\/\/www.jschamberi.org\/blog\/index.php?rest_route=\/wp\/v2\/posts"}],"about":[{"href":"https:\/\/www.jschamberi.org\/blog\/index.php?rest_route=\/wp\/v2\/types\/post"}],"author":[{"embeddable":true,"href":"https:\/\/www.jschamberi.org\/blog\/index.php?rest_route=\/wp\/v2\/users\/20"}],"replies":[{"embeddable":true,"href":"https:\/\/www.jschamberi.org\/blog\/index.php?rest_route=%2Fwp%2Fv2%2Fcomments&post=567"}],"version-history":[{"count":10,"href":"https:\/\/www.jschamberi.org\/blog\/index.php?rest_route=\/wp\/v2\/posts\/567\/revisions"}],"predecessor-version":[{"id":1925,"href":"https:\/\/www.jschamberi.org\/blog\/index.php?rest_route=\/wp\/v2\/posts\/567\/revisions\/1925"}],"wp:attachment":[{"href":"https:\/\/www.jschamberi.org\/blog\/index.php?rest_route=%2Fwp%2Fv2%2Fmedia&parent=567"}],"wp:term":[{"taxonomy":"category","embeddable":true,"href":"https:\/\/www.jschamberi.org\/blog\/index.php?rest_route=%2Fwp%2Fv2%2Fcategories&post=567"},{"taxonomy":"post_tag","embeddable":true,"href":"https:\/\/www.jschamberi.org\/blog\/index.php?rest_route=%2Fwp%2Fv2%2Ftags&post=567"}],"curies":[{"name":"wp","href":"https:\/\/api.w.org\/{rel}","templated":true}]}}