{"id":460,"date":"2010-02-28T21:56:42","date_gmt":"2010-02-28T20:56:42","guid":{"rendered":"http:\/\/www.jschamberi.org\/blog\/?p=460"},"modified":"2010-03-24T12:48:10","modified_gmt":"2010-03-24T11:48:10","slug":"carlos-garcia-velazquez-nuevo-secretario-general-de-las-juventudes-socialistas-de-la-provincia-de-avila-eterno-companero-y-amigo-de-jsch","status":"publish","type":"post","link":"https:\/\/www.jschamberi.org\/blog\/?p=460","title":{"rendered":"Carlos Garc\u00eda Vel\u00e1zquez nuevo Secretario General de las Juventudes Socialistas de la provincia de \u00c1vila. Eterno compa\u00f1ero y amigo de JSCH"},"content":{"rendered":"<p style=\"text-align: justify;\"><img loading=\"lazy\" decoding=\"async\" class=\"alignleft size-medium wp-image-462\" title=\"IMG_0054\" src=\"http:\/\/www.jschamberi.org\/blog\/wp-content\/uploads\/2010\/02\/IMG_00541-300x225.jpg\" alt=\"IMG_0054\" width=\"300\" height=\"222\" \/>El sabado 27 de febrero\u00a0ser\u00e1 recordado por esa famosa ciclog\u00e9nesis explosiva que sacudi\u00f3 el pa\u00eds, el lugar m\u00e1s afectado por estas corrientes de aire fue la provincia de \u00c1vila pero por un fen\u00f3meno que se escapa de lo meteorol\u00f3gico. Y es que desde este domingo se respira un aire nuevo en JS \u00c1vila, un hurac\u00e1n de socialismo puro y afectivo que viene de la mano del nuevo secretario general de la provincia, Carlos Garc\u00eda Vel\u00e1zquez. Gran amigo y compa\u00f1ero de Juventudes Socialistas de Chamber\u00ed con el que tan buenos ratos hemos pasado y pasaremos en el futuro.<\/p>\n<p style=\"text-align: justify;\">\n<p style=\"text-align: justify;\">Chamber\u00ed no pod\u00eda faltar a un momento tan importante para un amigo, que el sabado era sumamente feliz pero que el sabado lo exteriorizaba menos de lo que acostumbra, la responsabilidad que le llega es grande. Tendr\u00e1 que dirigir a un grupo, que le eligi\u00f3 por unanimidad, en una de las zonas m\u00e1s complicadas\u00a0historicamente para el socialismo espa\u00f1ol. Una provincia y uan comunidad aut\u00f3noma que llevan a\u00f1os y a\u00f1os gobernadas por una derecha rancia que permanece impasible ante los problemas de la regi\u00f3n y en especial ante un problema tan serio como es la despoblaci\u00f3n que deja esas regi\u00f3nes sin j\u00f3venes que se ven obligados a buscarse el futuro lejos de su hogar.<\/p>\n<p style=\"text-align: justify;\">Adem\u00e1s de los compa\u00f1eros de chamber\u00ed, tambi\u00e9n estuvieron arropando a Carlos la ejecutiva saliente y el secretario general y el de organizaci\u00f3n de las Juventudes de Castilla y Le\u00f3n que recibieron con optimismo y convencidos de su capacidad de trabajo al nuevo secretario general.Las Juventudes Socialistas de \u00c1vila deber\u00e1n pelear m\u00e1s que nunca por invertir la tendencia en su provincia y luchar porque \u00c1vila sea un lugar de futuro. Para lo que quiera Carlos siempre nos tendr\u00e1 a su lado.<\/p>\n","protected":false},"excerpt":{"rendered":"<p>El sabado 27 de febrero\u00a0ser\u00e1 recordado por esa famosa ciclog\u00e9nesis explosiva que sacudi\u00f3 el pa\u00eds, el lugar m\u00e1s afectado por estas corrientes de aire fue la provincia de \u00c1vila pero por un fen\u00f3meno que se escapa de lo meteorol\u00f3gico. Y es que desde este domingo se respira un aire nuevo en JS \u00c1vila, un hurac\u00e1n <a class=\"read-more\" href=\"https:\/\/www.jschamberi.org\/blog\/?p=460\">Leer m\u00e1s<\/a><\/p>\n","protected":false},"author":1,"featured_media":0,"comment_status":"open","ping_status":"open","sticky":false,"template":"","format":"standard","meta":{"footnotes":""},"categories":[13],"tags":[],"class_list":["post-460","post","type-post","status-publish","format-standard","hentry","category-eventos"],"yoast_head":"<!-- This site is optimized with the Yoast SEO plugin v23.7 - https:\/\/yoast.com\/wordpress\/plugins\/seo\/ -->\n<title>Carlos Garc\u00eda Vel\u00e1zquez nuevo Secretario General de las Juventudes Socialistas de la provincia de \u00c1vila. Eterno compa\u00f1ero y amigo de JSCH - Juventudes Socialistas de Chamber\u00ed<\/title>\n<meta name=\"robots\" content=\"index, follow, max-snippet:-1, max-image-preview:large, max-video-preview:-1\" \/>\n<link rel=\"canonical\" href=\"https:\/\/www.jschamberi.org\/blog\/?p=460\" \/>\n<meta property=\"og:locale\" content=\"es_ES\" \/>\n<meta property=\"og:type\" content=\"article\" \/>\n<meta property=\"og:title\" content=\"Carlos Garc\u00eda Vel\u00e1zquez nuevo Secretario General de las Juventudes Socialistas de la provincia de \u00c1vila. Eterno compa\u00f1ero y amigo de JSCH - Juventudes Socialistas de Chamber\u00ed\" \/>\n<meta property=\"og:description\" content=\"El sabado 27 de febrero\u00a0ser\u00e1 recordado por esa famosa ciclog\u00e9nesis explosiva que sacudi\u00f3 el pa\u00eds, el lugar m\u00e1s afectado por estas corrientes de aire fue la provincia de \u00c1vila pero por un fen\u00f3meno que se escapa de lo meteorol\u00f3gico. Y es que desde este domingo se respira un aire nuevo en JS \u00c1vila, un hurac\u00e1n Leer m\u00e1s\" \/>\n<meta property=\"og:url\" content=\"https:\/\/www.jschamberi.org\/blog\/?p=460\" \/>\n<meta property=\"og:site_name\" content=\"Juventudes Socialistas de Chamber\u00ed\" \/>\n<meta property=\"article:published_time\" content=\"2010-02-28T20:56:42+00:00\" \/>\n<meta property=\"article:modified_time\" content=\"2010-03-24T11:48:10+00:00\" \/>\n<meta property=\"og:image\" content=\"https:\/\/www.jschamberi.org\/blog\/wp-content\/uploads\/2010\/02\/IMG_00541.JPG\" \/>\n\t<meta property=\"og:image:width\" content=\"2048\" \/>\n\t<meta property=\"og:image:height\" content=\"1536\" \/>\n\t<meta property=\"og:image:type\" content=\"image\/jpeg\" \/>\n<meta name=\"author\" content=\"admin\" \/>\n<meta name=\"twitter:card\" content=\"summary_large_image\" \/>\n<meta name=\"twitter:label1\" content=\"Escrito por\" \/>\n\t<meta name=\"twitter:data1\" content=\"admin\" \/>\n\t<meta name=\"twitter:label2\" content=\"Tiempo de lectura\" \/>\n\t<meta name=\"twitter:data2\" content=\"2 minutos\" \/>\n<script type=\"application\/ld+json\" class=\"yoast-schema-graph\">{\"@context\":\"https:\/\/schema.org\",\"@graph\":[{\"@type\":\"WebPage\",\"@id\":\"https:\/\/www.jschamberi.org\/blog\/?p=460\",\"url\":\"https:\/\/www.jschamberi.org\/blog\/?p=460\",\"name\":\"Carlos Garc\u00eda Vel\u00e1zquez nuevo Secretario General de las Juventudes Socialistas de la provincia de \u00c1vila. Eterno compa\u00f1ero y amigo de JSCH - Juventudes Socialistas de Chamber\u00ed\",\"isPartOf\":{\"@id\":\"https:\/\/www.jschamberi.org\/blog\/#website\"},\"primaryImageOfPage\":{\"@id\":\"https:\/\/www.jschamberi.org\/blog\/?p=460#primaryimage\"},\"image\":{\"@id\":\"https:\/\/www.jschamberi.org\/blog\/?p=460#primaryimage\"},\"thumbnailUrl\":\"http:\/\/www.jschamberi.org\/blog\/wp-content\/uploads\/2010\/02\/IMG_00541-300x225.jpg\",\"datePublished\":\"2010-02-28T20:56:42+00:00\",\"dateModified\":\"2010-03-24T11:48:10+00:00\",\"author\":{\"@id\":\"https:\/\/www.jschamberi.org\/blog\/#\/schema\/person\/c059c083419d357c708520483aafc898\"},\"breadcrumb\":{\"@id\":\"https:\/\/www.jschamberi.org\/blog\/?p=460#breadcrumb\"},\"inLanguage\":\"es\",\"potentialAction\":[{\"@type\":\"ReadAction\",\"target\":[\"https:\/\/www.jschamberi.org\/blog\/?p=460\"]}]},{\"@type\":\"ImageObject\",\"inLanguage\":\"es\",\"@id\":\"https:\/\/www.jschamberi.org\/blog\/?p=460#primaryimage\",\"url\":\"https:\/\/www.jschamberi.org\/blog\/wp-content\/uploads\/2010\/02\/IMG_00541.JPG\",\"contentUrl\":\"https:\/\/www.jschamberi.org\/blog\/wp-content\/uploads\/2010\/02\/IMG_00541.JPG\",\"width\":\"2048\",\"height\":\"1536\"},{\"@type\":\"BreadcrumbList\",\"@id\":\"https:\/\/www.jschamberi.org\/blog\/?p=460#breadcrumb\",\"itemListElement\":[{\"@type\":\"ListItem\",\"position\":1,\"name\":\"Home\",\"item\":\"https:\/\/www.jschamberi.org\/blog\/\"},{\"@type\":\"ListItem\",\"position\":2,\"name\":\"Carlos Garc\u00eda Vel\u00e1zquez nuevo Secretario General de las Juventudes Socialistas de la provincia de \u00c1vila. Eterno compa\u00f1ero y amigo de JSCH\"}]},{\"@type\":\"WebSite\",\"@id\":\"https:\/\/www.jschamberi.org\/blog\/#website\",\"url\":\"https:\/\/www.jschamberi.org\/blog\/\",\"name\":\"Juventudes Socialistas de Chamber\u00ed\",\"description\":\"\",\"potentialAction\":[{\"@type\":\"SearchAction\",\"target\":{\"@type\":\"EntryPoint\",\"urlTemplate\":\"https:\/\/www.jschamberi.org\/blog\/?s={search_term_string}\"},\"query-input\":{\"@type\":\"PropertyValueSpecification\",\"valueRequired\":true,\"valueName\":\"search_term_string\"}}],\"inLanguage\":\"es\"},{\"@type\":\"Person\",\"@id\":\"https:\/\/www.jschamberi.org\/blog\/#\/schema\/person\/c059c083419d357c708520483aafc898\",\"name\":\"admin\",\"image\":{\"@type\":\"ImageObject\",\"inLanguage\":\"es\",\"@id\":\"https:\/\/www.jschamberi.org\/blog\/#\/schema\/person\/image\/\",\"url\":\"https:\/\/secure.gravatar.com\/avatar\/7113fc9fabb67d6308a52515bfcb6797?s=96&d=identicon&r=g\",\"contentUrl\":\"https:\/\/secure.gravatar.com\/avatar\/7113fc9fabb67d6308a52515bfcb6797?s=96&d=identicon&r=g\",\"caption\":\"admin\"},\"url\":\"https:\/\/www.jschamberi.org\/blog\/?author=1\"}]}<\/script>\n<!-- \/ Yoast SEO plugin. -->","yoast_head_json":{"title":"Carlos Garc\u00eda Vel\u00e1zquez nuevo Secretario General de las Juventudes Socialistas de la provincia de \u00c1vila. Eterno compa\u00f1ero y amigo de JSCH - Juventudes Socialistas de Chamber\u00ed","robots":{"index":"index","follow":"follow","max-snippet":"max-snippet:-1","max-image-preview":"max-image-preview:large","max-video-preview":"max-video-preview:-1"},"canonical":"https:\/\/www.jschamberi.org\/blog\/?p=460","og_locale":"es_ES","og_type":"article","og_title":"Carlos Garc\u00eda Vel\u00e1zquez nuevo Secretario General de las Juventudes Socialistas de la provincia de \u00c1vila. Eterno compa\u00f1ero y amigo de JSCH - Juventudes Socialistas de Chamber\u00ed","og_description":"El sabado 27 de febrero\u00a0ser\u00e1 recordado por esa famosa ciclog\u00e9nesis explosiva que sacudi\u00f3 el pa\u00eds, el lugar m\u00e1s afectado por estas corrientes de aire fue la provincia de \u00c1vila pero por un fen\u00f3meno que se escapa de lo meteorol\u00f3gico. Y es que desde este domingo se respira un aire nuevo en JS \u00c1vila, un hurac\u00e1n Leer m\u00e1s","og_url":"https:\/\/www.jschamberi.org\/blog\/?p=460","og_site_name":"Juventudes Socialistas de Chamber\u00ed","article_published_time":"2010-02-28T20:56:42+00:00","article_modified_time":"2010-03-24T11:48:10+00:00","og_image":[{"width":2048,"height":1536,"url":"https:\/\/www.jschamberi.org\/blog\/wp-content\/uploads\/2010\/02\/IMG_00541.JPG","type":"image\/jpeg"}],"author":"admin","twitter_card":"summary_large_image","twitter_misc":{"Escrito por":"admin","Tiempo de lectura":"2 minutos"},"schema":{"@context":"https:\/\/schema.org","@graph":[{"@type":"WebPage","@id":"https:\/\/www.jschamberi.org\/blog\/?p=460","url":"https:\/\/www.jschamberi.org\/blog\/?p=460","name":"Carlos Garc\u00eda Vel\u00e1zquez nuevo Secretario General de las Juventudes Socialistas de la provincia de \u00c1vila. Eterno compa\u00f1ero y amigo de JSCH - Juventudes Socialistas de Chamber\u00ed","isPartOf":{"@id":"https:\/\/www.jschamberi.org\/blog\/#website"},"primaryImageOfPage":{"@id":"https:\/\/www.jschamberi.org\/blog\/?p=460#primaryimage"},"image":{"@id":"https:\/\/www.jschamberi.org\/blog\/?p=460#primaryimage"},"thumbnailUrl":"http:\/\/www.jschamberi.org\/blog\/wp-content\/uploads\/2010\/02\/IMG_00541-300x225.jpg","datePublished":"2010-02-28T20:56:42+00:00","dateModified":"2010-03-24T11:48:10+00:00","author":{"@id":"https:\/\/www.jschamberi.org\/blog\/#\/schema\/person\/c059c083419d357c708520483aafc898"},"breadcrumb":{"@id":"https:\/\/www.jschamberi.org\/blog\/?p=460#breadcrumb"},"inLanguage":"es","potentialAction":[{"@type":"ReadAction","target":["https:\/\/www.jschamberi.org\/blog\/?p=460"]}]},{"@type":"ImageObject","inLanguage":"es","@id":"https:\/\/www.jschamberi.org\/blog\/?p=460#primaryimage","url":"https:\/\/www.jschamberi.org\/blog\/wp-content\/uploads\/2010\/02\/IMG_00541.JPG","contentUrl":"https:\/\/www.jschamberi.org\/blog\/wp-content\/uploads\/2010\/02\/IMG_00541.JPG","width":"2048","height":"1536"},{"@type":"BreadcrumbList","@id":"https:\/\/www.jschamberi.org\/blog\/?p=460#breadcrumb","itemListElement":[{"@type":"ListItem","position":1,"name":"Home","item":"https:\/\/www.jschamberi.org\/blog\/"},{"@type":"ListItem","position":2,"name":"Carlos Garc\u00eda Vel\u00e1zquez nuevo Secretario General de las Juventudes Socialistas de la provincia de \u00c1vila. Eterno compa\u00f1ero y amigo de JSCH"}]},{"@type":"WebSite","@id":"https:\/\/www.jschamberi.org\/blog\/#website","url":"https:\/\/www.jschamberi.org\/blog\/","name":"Juventudes Socialistas de Chamber\u00ed","description":"","potentialAction":[{"@type":"SearchAction","target":{"@type":"EntryPoint","urlTemplate":"https:\/\/www.jschamberi.org\/blog\/?s={search_term_string}"},"query-input":{"@type":"PropertyValueSpecification","valueRequired":true,"valueName":"search_term_string"}}],"inLanguage":"es"},{"@type":"Person","@id":"https:\/\/www.jschamberi.org\/blog\/#\/schema\/person\/c059c083419d357c708520483aafc898","name":"admin","image":{"@type":"ImageObject","inLanguage":"es","@id":"https:\/\/www.jschamberi.org\/blog\/#\/schema\/person\/image\/","url":"https:\/\/secure.gravatar.com\/avatar\/7113fc9fabb67d6308a52515bfcb6797?s=96&d=identicon&r=g","contentUrl":"https:\/\/secure.gravatar.com\/avatar\/7113fc9fabb67d6308a52515bfcb6797?s=96&d=identicon&r=g","caption":"admin"},"url":"https:\/\/www.jschamberi.org\/blog\/?author=1"}]}},"_links":{"self":[{"href":"https:\/\/www.jschamberi.org\/blog\/index.php?rest_route=\/wp\/v2\/posts\/460"}],"collection":[{"href":"https:\/\/www.jschamberi.org\/blog\/index.php?rest_route=\/wp\/v2\/posts"}],"about":[{"href":"https:\/\/www.jschamberi.org\/blog\/index.php?rest_route=\/wp\/v2\/types\/post"}],"author":[{"embeddable":true,"href":"https:\/\/www.jschamberi.org\/blog\/index.php?rest_route=\/wp\/v2\/users\/1"}],"replies":[{"embeddable":true,"href":"https:\/\/www.jschamberi.org\/blog\/index.php?rest_route=%2Fwp%2Fv2%2Fcomments&post=460"}],"version-history":[{"count":5,"href":"https:\/\/www.jschamberi.org\/blog\/index.php?rest_route=\/wp\/v2\/posts\/460\/revisions"}],"predecessor-version":[{"id":528,"href":"https:\/\/www.jschamberi.org\/blog\/index.php?rest_route=\/wp\/v2\/posts\/460\/revisions\/528"}],"wp:attachment":[{"href":"https:\/\/www.jschamberi.org\/blog\/index.php?rest_route=%2Fwp%2Fv2%2Fmedia&parent=460"}],"wp:term":[{"taxonomy":"category","embeddable":true,"href":"https:\/\/www.jschamberi.org\/blog\/index.php?rest_route=%2Fwp%2Fv2%2Fcategories&post=460"},{"taxonomy":"post_tag","embeddable":true,"href":"https:\/\/www.jschamberi.org\/blog\/index.php?rest_route=%2Fwp%2Fv2%2Ftags&post=460"}],"curies":[{"name":"wp","href":"https:\/\/api.w.org\/{rel}","templated":true}]}}