{"id":3993,"date":"2025-02-16T22:04:53","date_gmt":"2025-02-16T21:04:53","guid":{"rendered":"https:\/\/www.jschamberi.org\/blog\/?p=3993"},"modified":"2025-02-16T22:09:48","modified_gmt":"2025-02-16T21:09:48","slug":"12-cosas-que-deberias-saber-de-chamberi","status":"publish","type":"post","link":"https:\/\/www.jschamberi.org\/blog\/?p=3993","title":{"rendered":"\u00bfSab\u00edas qu\u00e9?"},"content":{"rendered":"<h2 style=\"text-align: center;\"><strong style=\"font-size: revert;\">12 cosas que deber\u00edas saber de Chamber\u00ed<\/strong><\/h2>\n<p>Chamber\u00ed, uno de los distritos m\u00e1s castizos de Madrid, y situado en el coraz\u00f3n de Madrid.<\/p>\n<p>Queremos que conozc\u00e1is mejor este maravilloso distrito y os anim\u00e9is a recorrer sus calles, y es por ello que hemos rescatado 12 curiosidades que queremos compartir.<\/p>\n<h3>1. Barrios del distrito<\/h3>\n<p>Chamber\u00ed es uno de los 21 distritos de Madrid y se encuentra agrupado en seis barrios. Gaztambide, \u00a0Arapiles, Trafalgar, Almagro, R\u00edos Rosas y Vallehermoso.<\/p>\n<p><img loading=\"lazy\" decoding=\"async\" class=\"aligncenter size-full wp-image-4009\" src=\"https:\/\/www.jschamberi.org\/blog\/wp-content\/uploads\/2025\/02\/IMG_8799.jpeg\" alt=\"\" width=\"448\" height=\"448\" \/><\/p>\n<h3>2. Mercados Municipales<\/h3>\n<p>En el distrito de Chamber\u00ed encontramos 3 mercados municipales.<\/p>\n<ul>\n<li>Mercado de Vallehermoso<\/li>\n<li>Mercado de Chamber\u00ed<\/li>\n<li>Mercado de Guzm\u00e1n el Bueno<\/li>\n<\/ul>\n<p>Espacios \u00fanicos donde encontramos una gran variedad de \u00a0productos de diversa \u00edndole donde predominan los productos frescos como carne, frutas, verduras y pescado.<\/p>\n<h3>3. Museos<\/h3>\n<p>Sorprende la gran cantidad de museos que existen en nuestro distrito y que valen la pena ver y disfrutar. Alguno de los numerosos museos que encontramos son:<\/p>\n<ul>\n<li>Museo Geominero<\/li>\n<li>Museo Sorolla<\/li>\n<li>Fundaci\u00f3n Giner de los R\u00edos<\/li>\n<li>Casa de M\u00e9xico en Espa\u00f1a<\/li>\n<li>Casa Canal Isabel II<\/li>\n<li>And\u00e9n 0 (Estaci\u00f3n fantasma)<\/li>\n<\/ul>\n<h3>4. Estaci\u00f3n fantasma<\/h3>\n<p>La conocida estaci\u00f3n fantasma se encuentra en el distrito de Chamber\u00ed. Esta antigua estaci\u00f3n pertenece a la primera l\u00ednea de Metro inaugurada en Madrid en 1919.<\/p>\n<p>Podemos recorrer desde las taquillas hasta el and\u00e9n y descubrir una estaci\u00f3n de 1919 y todos sus elementos originales de la \u00e9poca. \u00a0Estos carteles publicitarios son uno de los grandes atractivos de la estaci\u00f3n, ya que se conservan pr\u00e1cticamente tal y como fueron creados en la d\u00e9cada de los a\u00f1os 20.<\/p>\n<p><img loading=\"lazy\" decoding=\"async\" class=\"aligncenter size-full wp-image-4006\" src=\"https:\/\/www.jschamberi.org\/blog\/wp-content\/uploads\/2025\/02\/IMG_0292.jpeg\" alt=\"\" width=\"1200\" height=\"800\" \/><\/p>\n<h3>5. Front\u00f3n Beti Jai<\/h3>\n<p>El front\u00f3n Beti Jai trata de una joya arquitect\u00f3nica y es el \u00fanico front\u00f3n que a\u00fan permanece en pie en Madrid.<\/p>\n<p>Actualmente se puede visitar, y cuenta con el Centro de Interpretaci\u00f3n del front\u00f3n Beti Jai, integrado en las galer\u00edas y pasillos de este edificio.<\/p>\n<p><img loading=\"lazy\" decoding=\"async\" class=\"aligncenter size-full wp-image-4007\" src=\"https:\/\/www.jschamberi.org\/blog\/wp-content\/uploads\/2025\/02\/IMG_0294.jpeg\" alt=\"\" width=\"315\" height=\"160\" \/><\/p>\n<h3>6. Dep\u00f3sito del Canal Isabel II<\/h3>\n<p>El primer dep\u00f3sito elevado del Canal Isabel II se encuentra en Chamber\u00ed.<\/p>\n<p>Este dep\u00f3sito en altura, ahora inutilizado, se encuentra sobre una torre fabricada con piedras, ladrillos y hierro.<\/p>\n<p>Hoy alberga la Sala Canal de Isabel II de la Comunidad de Madrid, espacio expositivo especializado en fotograf\u00eda.<\/p>\n<p><img loading=\"lazy\" decoding=\"async\" class=\"aligncenter size-full wp-image-3995\" src=\"https:\/\/www.jschamberi.org\/blog\/wp-content\/uploads\/2025\/02\/1395a869-1faf-4f9c-b0cb-ed4130466f5c.jpeg\" alt=\"\" width=\"1200\" height=\"1675\" \/><\/p>\n<h3>7. Monumento a Quevedo<\/h3>\n<p>El monumento a Quevedo dedicado a Francisco de Quevedo, es un ejemplar de arte p\u00fablico en Madrid, obra de Agust\u00edn Querol.<\/p>\n<p>La figura de cuerpo completo puesta en pie de Quevedo, ejecutada en m\u00e1rmol.<\/p>\n<h3>8. Plaza de Olavide<\/h3>\n<p>La plaza de Olavide es en la actualidad una amplia glorieta octogonal con jardines y una gran fuente central, en el coraz\u00f3n del barrio de Trafalgar.<\/p>\n<p>Lleva el nombre del ilustrado espa\u00f1ol del siglo XVIII Pablo de Olavide.<\/p>\n<p>Confluyen en ella las calles de Trafalgar, Raimundo Lulio, Santa Feliciana, Murillo, Palafox, Jord\u00e1n, Gonzalo de C\u00f3rdoba y Olid.<\/p>\n<h3>9. Teatros<\/h3>\n<p>En este distrito, tambi\u00e9n encontramos varios teatros, donde podemos encontrar una gran oferta de entretenimiento y cultura, adaptada a todos los gustos.<\/p>\n<ul>\n<li>Teatros Luchana<\/li>\n<li>Teatro de la Abad\u00eda<\/li>\n<li>Teatro Quique San Francisco<\/li>\n<li>Teatros del Canal<\/li>\n<\/ul>\n<h3>10. Gentilicio<\/h3>\n<p>El gentilicio de Chamber\u00ed es chamberilero o chispero.<\/p>\n<p>El monumento a los chisperos se ubica actualmente en la plaza de Chamber\u00ed.<\/p>\n<p><img loading=\"lazy\" decoding=\"async\" class=\"aligncenter size-full wp-image-4002\" src=\"https:\/\/www.jschamberi.org\/blog\/wp-content\/uploads\/2025\/02\/a03e0524-a562-4527-a73e-61d06ca19ff4.jpeg\" alt=\"\" width=\"1200\" height=\"1600\" \/><\/p>\n<h3>11. Distritos que limitan<\/h3>\n<p>Chamber\u00ed es uno de los distritos de Madrid que se encuentran muy pr\u00f3ximos al centro de la ciudad.<\/p>\n<p>Limita al norte con Tetu\u00e1n, noreste con Chamart\u00edn, al sur con el distrito Centro, al oeste con Moncloa-Aravaca y al este con Salamanca.<\/p>\n<p><img loading=\"lazy\" decoding=\"async\" class=\"aligncenter size-full wp-image-4001\" src=\"https:\/\/www.jschamberi.org\/blog\/wp-content\/uploads\/2025\/02\/PHOTO-2025-01-31-19-52-50.jpeg\" alt=\"\" width=\"1170\" height=\"1982\" \/><\/p>\n<h3>12. Primera gasolinera autom\u00e1tica de Espa\u00f1a<\/h3>\n<p>La primera gasolinera autom\u00e1tica de Espa\u00f1a se encuentra en nuestro distrito, concretamente en el cruce de Alberto Aguilera con Vallehermoso.<\/p>\n<p><img loading=\"lazy\" decoding=\"async\" class=\"aligncenter size-full wp-image-4000\" src=\"https:\/\/www.jschamberi.org\/blog\/wp-content\/uploads\/2025\/02\/IMG_0312.jpeg\" alt=\"\" width=\"726\" height=\"895\" \/><\/p>\n\n\n<p><\/p>\n","protected":false},"excerpt":{"rendered":"<p>12 cosas que deber\u00edas saber de Chamber\u00ed Chamber\u00ed, uno de los distritos m\u00e1s castizos de Madrid, y situado en el coraz\u00f3n de Madrid. Queremos que conozc\u00e1is mejor este maravilloso distrito y os anim\u00e9is a recorrer sus calles, y es por ello que hemos rescatado 12 curiosidades que queremos compartir. 1. Barrios del distrito Chamber\u00ed es <a class=\"read-more\" href=\"https:\/\/www.jschamberi.org\/blog\/?p=3993\">Leer m\u00e1s<\/a><\/p>\n","protected":false},"author":20,"featured_media":0,"comment_status":"open","ping_status":"open","sticky":false,"template":"","format":"standard","meta":{"footnotes":""},"categories":[26],"tags":[],"class_list":["post-3993","post","type-post","status-publish","format-standard","hentry","category-opinion"],"yoast_head":"<!-- This site is optimized with the Yoast SEO plugin v23.7 - https:\/\/yoast.com\/wordpress\/plugins\/seo\/ -->\n<title>\u00bfSab\u00edas qu\u00e9? - Juventudes Socialistas de Chamber\u00ed<\/title>\n<meta name=\"robots\" content=\"index, follow, max-snippet:-1, max-image-preview:large, max-video-preview:-1\" \/>\n<link rel=\"canonical\" href=\"https:\/\/www.jschamberi.org\/blog\/?p=3993\" \/>\n<meta property=\"og:locale\" content=\"es_ES\" \/>\n<meta property=\"og:type\" content=\"article\" \/>\n<meta property=\"og:title\" content=\"\u00bfSab\u00edas qu\u00e9? - Juventudes Socialistas de Chamber\u00ed\" \/>\n<meta property=\"og:description\" content=\"12 cosas que deber\u00edas saber de Chamber\u00ed Chamber\u00ed, uno de los distritos m\u00e1s castizos de Madrid, y situado en el coraz\u00f3n de Madrid. Queremos que conozc\u00e1is mejor este maravilloso distrito y os anim\u00e9is a recorrer sus calles, y es por ello que hemos rescatado 12 curiosidades que queremos compartir. 1. Barrios del distrito Chamber\u00ed es Leer m\u00e1s\" \/>\n<meta property=\"og:url\" content=\"https:\/\/www.jschamberi.org\/blog\/?p=3993\" \/>\n<meta property=\"og:site_name\" content=\"Juventudes Socialistas de Chamber\u00ed\" \/>\n<meta property=\"article:published_time\" content=\"2025-02-16T21:04:53+00:00\" \/>\n<meta property=\"article:modified_time\" content=\"2025-02-16T21:09:48+00:00\" \/>\n<meta property=\"og:image\" content=\"https:\/\/www.jschamberi.org\/blog\/wp-content\/uploads\/2025\/02\/IMG_8799.jpeg\" \/>\n\t<meta property=\"og:image:width\" content=\"448\" \/>\n\t<meta property=\"og:image:height\" content=\"448\" \/>\n\t<meta property=\"og:image:type\" content=\"image\/jpeg\" \/>\n<meta name=\"author\" content=\"JSChamberi\" \/>\n<meta name=\"twitter:card\" content=\"summary_large_image\" \/>\n<meta name=\"twitter:label1\" content=\"Escrito por\" \/>\n\t<meta name=\"twitter:data1\" content=\"JSChamberi\" \/>\n\t<meta name=\"twitter:label2\" content=\"Tiempo de lectura\" \/>\n\t<meta name=\"twitter:data2\" content=\"5 minutos\" \/>\n<script type=\"application\/ld+json\" class=\"yoast-schema-graph\">{\"@context\":\"https:\/\/schema.org\",\"@graph\":[{\"@type\":\"WebPage\",\"@id\":\"https:\/\/www.jschamberi.org\/blog\/?p=3993\",\"url\":\"https:\/\/www.jschamberi.org\/blog\/?p=3993\",\"name\":\"\u00bfSab\u00edas qu\u00e9? - Juventudes Socialistas de Chamber\u00ed\",\"isPartOf\":{\"@id\":\"https:\/\/www.jschamberi.org\/blog\/#website\"},\"primaryImageOfPage\":{\"@id\":\"https:\/\/www.jschamberi.org\/blog\/?p=3993#primaryimage\"},\"image\":{\"@id\":\"https:\/\/www.jschamberi.org\/blog\/?p=3993#primaryimage\"},\"thumbnailUrl\":\"https:\/\/www.jschamberi.org\/blog\/wp-content\/uploads\/2025\/02\/IMG_8799.jpeg\",\"datePublished\":\"2025-02-16T21:04:53+00:00\",\"dateModified\":\"2025-02-16T21:09:48+00:00\",\"author\":{\"@id\":\"https:\/\/www.jschamberi.org\/blog\/#\/schema\/person\/3f82d901471b027bfc456bee2b9d0d3d\"},\"breadcrumb\":{\"@id\":\"https:\/\/www.jschamberi.org\/blog\/?p=3993#breadcrumb\"},\"inLanguage\":\"es\",\"potentialAction\":[{\"@type\":\"ReadAction\",\"target\":[\"https:\/\/www.jschamberi.org\/blog\/?p=3993\"]}]},{\"@type\":\"ImageObject\",\"inLanguage\":\"es\",\"@id\":\"https:\/\/www.jschamberi.org\/blog\/?p=3993#primaryimage\",\"url\":\"https:\/\/www.jschamberi.org\/blog\/wp-content\/uploads\/2025\/02\/IMG_8799.jpeg\",\"contentUrl\":\"https:\/\/www.jschamberi.org\/blog\/wp-content\/uploads\/2025\/02\/IMG_8799.jpeg\",\"width\":448,\"height\":448},{\"@type\":\"BreadcrumbList\",\"@id\":\"https:\/\/www.jschamberi.org\/blog\/?p=3993#breadcrumb\",\"itemListElement\":[{\"@type\":\"ListItem\",\"position\":1,\"name\":\"Home\",\"item\":\"https:\/\/www.jschamberi.org\/blog\/\"},{\"@type\":\"ListItem\",\"position\":2,\"name\":\"\u00bfSab\u00edas qu\u00e9?\"}]},{\"@type\":\"WebSite\",\"@id\":\"https:\/\/www.jschamberi.org\/blog\/#website\",\"url\":\"https:\/\/www.jschamberi.org\/blog\/\",\"name\":\"Juventudes Socialistas de Chamber\u00ed\",\"description\":\"\",\"potentialAction\":[{\"@type\":\"SearchAction\",\"target\":{\"@type\":\"EntryPoint\",\"urlTemplate\":\"https:\/\/www.jschamberi.org\/blog\/?s={search_term_string}\"},\"query-input\":{\"@type\":\"PropertyValueSpecification\",\"valueRequired\":true,\"valueName\":\"search_term_string\"}}],\"inLanguage\":\"es\"},{\"@type\":\"Person\",\"@id\":\"https:\/\/www.jschamberi.org\/blog\/#\/schema\/person\/3f82d901471b027bfc456bee2b9d0d3d\",\"name\":\"JSChamberi\",\"image\":{\"@type\":\"ImageObject\",\"inLanguage\":\"es\",\"@id\":\"https:\/\/www.jschamberi.org\/blog\/#\/schema\/person\/image\/\",\"url\":\"https:\/\/secure.gravatar.com\/avatar\/c2d40e2dd384331a8f7f7a2390eaafdb?s=96&d=identicon&r=g\",\"contentUrl\":\"https:\/\/secure.gravatar.com\/avatar\/c2d40e2dd384331a8f7f7a2390eaafdb?s=96&d=identicon&r=g\",\"caption\":\"JSChamberi\"},\"sameAs\":[\"http:\/\/jschamberi.org\"],\"url\":\"https:\/\/www.jschamberi.org\/blog\/?author=20\"}]}<\/script>\n<!-- \/ Yoast SEO plugin. -->","yoast_head_json":{"title":"\u00bfSab\u00edas qu\u00e9? - Juventudes Socialistas de Chamber\u00ed","robots":{"index":"index","follow":"follow","max-snippet":"max-snippet:-1","max-image-preview":"max-image-preview:large","max-video-preview":"max-video-preview:-1"},"canonical":"https:\/\/www.jschamberi.org\/blog\/?p=3993","og_locale":"es_ES","og_type":"article","og_title":"\u00bfSab\u00edas qu\u00e9? - Juventudes Socialistas de Chamber\u00ed","og_description":"12 cosas que deber\u00edas saber de Chamber\u00ed Chamber\u00ed, uno de los distritos m\u00e1s castizos de Madrid, y situado en el coraz\u00f3n de Madrid. Queremos que conozc\u00e1is mejor este maravilloso distrito y os anim\u00e9is a recorrer sus calles, y es por ello que hemos rescatado 12 curiosidades que queremos compartir. 1. Barrios del distrito Chamber\u00ed es Leer m\u00e1s","og_url":"https:\/\/www.jschamberi.org\/blog\/?p=3993","og_site_name":"Juventudes Socialistas de Chamber\u00ed","article_published_time":"2025-02-16T21:04:53+00:00","article_modified_time":"2025-02-16T21:09:48+00:00","og_image":[{"width":448,"height":448,"url":"https:\/\/www.jschamberi.org\/blog\/wp-content\/uploads\/2025\/02\/IMG_8799.jpeg","type":"image\/jpeg"}],"author":"JSChamberi","twitter_card":"summary_large_image","twitter_misc":{"Escrito por":"JSChamberi","Tiempo de lectura":"5 minutos"},"schema":{"@context":"https:\/\/schema.org","@graph":[{"@type":"WebPage","@id":"https:\/\/www.jschamberi.org\/blog\/?p=3993","url":"https:\/\/www.jschamberi.org\/blog\/?p=3993","name":"\u00bfSab\u00edas qu\u00e9? - Juventudes Socialistas de Chamber\u00ed","isPartOf":{"@id":"https:\/\/www.jschamberi.org\/blog\/#website"},"primaryImageOfPage":{"@id":"https:\/\/www.jschamberi.org\/blog\/?p=3993#primaryimage"},"image":{"@id":"https:\/\/www.jschamberi.org\/blog\/?p=3993#primaryimage"},"thumbnailUrl":"https:\/\/www.jschamberi.org\/blog\/wp-content\/uploads\/2025\/02\/IMG_8799.jpeg","datePublished":"2025-02-16T21:04:53+00:00","dateModified":"2025-02-16T21:09:48+00:00","author":{"@id":"https:\/\/www.jschamberi.org\/blog\/#\/schema\/person\/3f82d901471b027bfc456bee2b9d0d3d"},"breadcrumb":{"@id":"https:\/\/www.jschamberi.org\/blog\/?p=3993#breadcrumb"},"inLanguage":"es","potentialAction":[{"@type":"ReadAction","target":["https:\/\/www.jschamberi.org\/blog\/?p=3993"]}]},{"@type":"ImageObject","inLanguage":"es","@id":"https:\/\/www.jschamberi.org\/blog\/?p=3993#primaryimage","url":"https:\/\/www.jschamberi.org\/blog\/wp-content\/uploads\/2025\/02\/IMG_8799.jpeg","contentUrl":"https:\/\/www.jschamberi.org\/blog\/wp-content\/uploads\/2025\/02\/IMG_8799.jpeg","width":448,"height":448},{"@type":"BreadcrumbList","@id":"https:\/\/www.jschamberi.org\/blog\/?p=3993#breadcrumb","itemListElement":[{"@type":"ListItem","position":1,"name":"Home","item":"https:\/\/www.jschamberi.org\/blog\/"},{"@type":"ListItem","position":2,"name":"\u00bfSab\u00edas qu\u00e9?"}]},{"@type":"WebSite","@id":"https:\/\/www.jschamberi.org\/blog\/#website","url":"https:\/\/www.jschamberi.org\/blog\/","name":"Juventudes Socialistas de Chamber\u00ed","description":"","potentialAction":[{"@type":"SearchAction","target":{"@type":"EntryPoint","urlTemplate":"https:\/\/www.jschamberi.org\/blog\/?s={search_term_string}"},"query-input":{"@type":"PropertyValueSpecification","valueRequired":true,"valueName":"search_term_string"}}],"inLanguage":"es"},{"@type":"Person","@id":"https:\/\/www.jschamberi.org\/blog\/#\/schema\/person\/3f82d901471b027bfc456bee2b9d0d3d","name":"JSChamberi","image":{"@type":"ImageObject","inLanguage":"es","@id":"https:\/\/www.jschamberi.org\/blog\/#\/schema\/person\/image\/","url":"https:\/\/secure.gravatar.com\/avatar\/c2d40e2dd384331a8f7f7a2390eaafdb?s=96&d=identicon&r=g","contentUrl":"https:\/\/secure.gravatar.com\/avatar\/c2d40e2dd384331a8f7f7a2390eaafdb?s=96&d=identicon&r=g","caption":"JSChamberi"},"sameAs":["http:\/\/jschamberi.org"],"url":"https:\/\/www.jschamberi.org\/blog\/?author=20"}]}},"_links":{"self":[{"href":"https:\/\/www.jschamberi.org\/blog\/index.php?rest_route=\/wp\/v2\/posts\/3993"}],"collection":[{"href":"https:\/\/www.jschamberi.org\/blog\/index.php?rest_route=\/wp\/v2\/posts"}],"about":[{"href":"https:\/\/www.jschamberi.org\/blog\/index.php?rest_route=\/wp\/v2\/types\/post"}],"author":[{"embeddable":true,"href":"https:\/\/www.jschamberi.org\/blog\/index.php?rest_route=\/wp\/v2\/users\/20"}],"replies":[{"embeddable":true,"href":"https:\/\/www.jschamberi.org\/blog\/index.php?rest_route=%2Fwp%2Fv2%2Fcomments&post=3993"}],"version-history":[{"count":6,"href":"https:\/\/www.jschamberi.org\/blog\/index.php?rest_route=\/wp\/v2\/posts\/3993\/revisions"}],"predecessor-version":[{"id":4017,"href":"https:\/\/www.jschamberi.org\/blog\/index.php?rest_route=\/wp\/v2\/posts\/3993\/revisions\/4017"}],"wp:attachment":[{"href":"https:\/\/www.jschamberi.org\/blog\/index.php?rest_route=%2Fwp%2Fv2%2Fmedia&parent=3993"}],"wp:term":[{"taxonomy":"category","embeddable":true,"href":"https:\/\/www.jschamberi.org\/blog\/index.php?rest_route=%2Fwp%2Fv2%2Fcategories&post=3993"},{"taxonomy":"post_tag","embeddable":true,"href":"https:\/\/www.jschamberi.org\/blog\/index.php?rest_route=%2Fwp%2Fv2%2Ftags&post=3993"}],"curies":[{"name":"wp","href":"https:\/\/api.w.org\/{rel}","templated":true}]}}