{"id":3620,"date":"2018-09-29T13:27:07","date_gmt":"2018-09-29T12:27:07","guid":{"rendered":"http:\/\/www.jschamberi.org\/blog\/?p=3620"},"modified":"2018-10-15T19:30:47","modified_gmt":"2018-10-15T18:30:47","slug":"juventud-un-colectivo-electoral","status":"publish","type":"post","link":"https:\/\/www.jschamberi.org\/blog\/?p=3620","title":{"rendered":"Juventud, un colectivo electoral"},"content":{"rendered":"<p style=\"text-align: justify;\">Falta mucho, pero falta poco. Aunque todav\u00eda estemos en septiembre, la actividad pol\u00edtica municipal y auton\u00f3mica pivotar\u00e1 in crescendo en torno a las pr\u00f3ximas elecciones de mayo de 2019. Entre otras cosas, como candidaturas o programas, durante los pr\u00f3ximos meses veremos cambios en la actitud y formas de dirigentes y partidos del Ayuntamiento, y aparecer\u00e1n por arte de magia colectivos, que aunque ignorados durante los a\u00f1os anteriores, volver\u00e1n a ser parte del debate como potenciales votantes. La juventud ser\u00e1 uno de estos colectivos predilectos que no faltar\u00e1 en la estrategia de todos los partidos. Ahora bien, los j\u00f3venes, y en general los votantes, deben analizar si se les ha atendido adecuadamente, es decir, si se les ha tenido realmente en cuenta en la elaboraci\u00f3n de los presupuestos, en los programas que se han puesto en marcha o en los debates municipales. Si no hay una correspondencia entre las pol\u00edticas llevadas a cabo en los \u00faltimos a\u00f1os y su inclusi\u00f3n en el debate electoral, ser\u00e1 puro maquillaje y propaganda pol\u00edtica.<\/p>\n<p dir=\"ltr\" style=\"text-align: justify;\">Tres a\u00f1os despu\u00e9s de la llegada de Ahora Madrid al Ayuntamiento ya hay datos suficientes para constatar el nivel de cumplimiento de sus compromisos pol\u00edticos, pero tambi\u00e9n el comportamiento del resto de los grupos en la oposici\u00f3n en materia de juventud. Si algo ha llamado la atenci\u00f3n durante estos a\u00f1os, tanto en el Ayuntamiento como en las Juntas de Distrito, ha sido la falta de inter\u00e9s y de ideas, y en general la desidia, que tanto gobierno como la derecha pol\u00edtica (azul y naranja) han demostrado en materia de Juventud. Los que hemos tenido la suerte de ser representantes del Partido Socialista durante esta legislatura, cre\u00edmos que la salida del Partido Popular del Ayuntamiento tras 24 a\u00f1os de gobierno continuado era una oportunidad para cambiar las pol\u00edticas municipales. Aunque los resultados no nos fuesen muy favorables, hemos tenido una posici\u00f3n desde el inicio activa y propositiva y, entre otras cosas, hemos querido avanzar en materia de juventud, pero\u2026nos hemos quedado solos.<\/p>\n<p dir=\"ltr\" style=\"text-align: justify;\">Podr\u00edamos partir del hecho de que no exista ninguna concejal\u00eda con esta denominaci\u00f3n expresa (Concejal\u00eda, s\u00ed Direcci\u00f3n General), pero ser\u00eda lo de menos si en los presupuestos municipales se recogiesen pol\u00edticas para j\u00f3venes. Pero tampoco ha sido as\u00ed. En 2017, de los 4.487 millones del Presupuesto, apenas un 0,1% fue destinado a ello. Un dato bastante relevante para calibrar el inter\u00e9s de Ahora Madrid en sus tan alabados j\u00f3venes. Tampoco se ha puesto en marcha el Consejo de la Juventud de la Ciudad de Madrid (no confundir con el Consejo Sectorial de Juventud) que hubiese sido un instrumento muy \u00fatil de participaci\u00f3n pol\u00edtica y representaci\u00f3n de los j\u00f3venes para, entre otras cosas, dise\u00f1ar programas espec\u00edficos en los distritos. Llama la atenci\u00f3n que s\u00ed que se haya constituido en la Comunidad de Madrid y no en el ayuntamiento. Tampoco se ha elaborado ning\u00fan Plan Joven, donde se analizase la situaci\u00f3n de la juventud madrile\u00f1a, y enmarcar y organizar como respuesta a ello una serie de objetivos, programas y recursos. Por cierto, ambas cosas, el Consejo y un Plan joven, fue una propuesta del PSOE, en una misma iniciativa aprobada (y no realizada) en el pleno del Ayuntamiento de Madrid en diciembre de 2015. Pero ante todo, lo que m\u00e1s sorprende, es que esto de la juventud, parece que era un tema exclusivo del Partido Socialista. El consistorio no hubiese debatido en tres a\u00f1os sobre pol\u00edticas juveniles si no hubiese estado el grupo municipal socialista detr\u00e1s de ello. Ni Ahora Madrid ni Partido Popular ni Ciudadanos, han tenido entre sus prioridades las pol\u00edticas de juventud.<\/p>\n<p dir=\"ltr\" style=\"text-align: justify;\">Si nos trasladamos a las Juntas de Distrito, el panorama ha sido el mismo, y en concreto en Chamber\u00ed, las pol\u00edticas juveniles han estado tradicionalmente condenadas. Durante a\u00f1os, desde 2001, los distritos de Madrid se han beneficiado de un programa juvenil denominado \u201cLa tarde m\u00e1s joven\u201d, que por alguna raz\u00f3n quedaron al margen Chamber\u00ed y Moncloa. Ya en 2008 y 2009 el Grupo Municipal Socialista de Chamber\u00ed pidi\u00f3 a la Junta Municipal de Distrito que nos incorpor\u00e1semos a este programa (sin \u00e9xito) y desde el inicio de esta legislatura volvimos a pedirlo, apenas unos meses despu\u00e9s de su inicio, en el pleno de mayo de 2016. De nuevo, pero esta vez Ahora Madrid en el gobierno, se resist\u00edan a querer enmendar la situaci\u00f3n de exclusi\u00f3n que padec\u00eda Chamber\u00ed respecto del resto. Nuestra proposici\u00f3n fue aprobada, a pesar de Ahora Madrid que se abstuvo, y en septiembre de ese mismo a\u00f1o lo conseguimos, empez\u00f3 a funcionar despu\u00e9s de muchos a\u00f1os. Dur\u00f3 poco. En enero, Marta Higueras, responsable de esta \u00e1rea, anunci\u00f3 su supresi\u00f3n de todos los distritos de Madrid. La excusa esta vez era su sustituci\u00f3n por un programa de intervenci\u00f3n socioeducativa, no siendo por tanto un programa juvenil, y que en cualquier caso no iba a tener nuestro distrito (es el programa \u201cQu\u00e9date\u201d y solo lo tienen 10 de 21). Tanto en febrero de 2017 como en septiembre de 2018, seguimos dando la tabarra con este asunto en la Junta, pidiendo un programa juvenil, pidiendo alguna actuaci\u00f3n en este sentido, preguntando sobre las intenciones en esta materia, y denunciando la desidia con la que han abordado este tema.<\/p>\n<p dir=\"ltr\" style=\"text-align: justify;\">Y as\u00ed nos hemos quedado, sin programa juvenil, ni en Chamber\u00ed ni en ning\u00fan sitio. Las excusas de Ahora Madrid han sido constantes desde 2015: que si no iba a tener mucho \u00e9xito, que si la gesti\u00f3n del programa tendr\u00eda que ser diferente, que si no cuenta con el tejido vecinal asociativo, que si la gente que lo lleva son solo gu\u00edas y no dinamizadores, etc. Y por parte de los dos concejales que ha tenido nuestro distrito estos a\u00f1os, intentos de confusi\u00f3n constante con tal de no decir abierta y p\u00fablicamente que no ten\u00edan intenci\u00f3n alguna de implantar ning\u00fan programa juvenil. Algo demasiado contundente como para despu\u00e9s apelar a la juventud en periodo electoral, claro. Ahora que se aproxima ese momento, ahora que volver\u00e1 la Juventud a ser el colectivo favorito de Ahora Madrid, ahora que dir\u00e1n que han estado presentes en todos sus pensamientos (que no presupuestos), y todo con mucha ternura y corazones. Quiz\u00e1, es el momento de pedirles cuentas, de decirles que el trato afable y casi maternal con el que se dirigen a nosotros, la Juventud, no es suficiente. Y como dice un refr\u00e1n, que ellos mismos han utilizado en una campa\u00f1a reciente, \u201chechos son amores\u201d. Pues eso, hechos.<\/p>\n<p style=\"text-align: justify;\"><em><strong>Pedro Reig<br \/>\n<\/strong><\/em><strong><em>Vocal Vecino del Grupo Municipal Socialista de Chamber\u00ed<\/em><\/strong><\/p>\n","protected":false},"excerpt":{"rendered":"<p>Falta mucho, pero falta poco. Aunque todav\u00eda estemos en septiembre, la actividad pol\u00edtica municipal y auton\u00f3mica pivotar\u00e1 in crescendo en torno a las pr\u00f3ximas elecciones de mayo de 2019. Entre otras cosas, como candidaturas o programas, durante los pr\u00f3ximos meses veremos cambios en la actitud y formas de dirigentes y partidos del Ayuntamiento, y aparecer\u00e1n <a class=\"read-more\" href=\"https:\/\/www.jschamberi.org\/blog\/?p=3620\">Leer m\u00e1s<\/a><\/p>\n","protected":false},"author":20,"featured_media":0,"comment_status":"open","ping_status":"open","sticky":false,"template":"","format":"standard","meta":{"footnotes":""},"categories":[26],"tags":[],"class_list":["post-3620","post","type-post","status-publish","format-standard","hentry","category-opinion"],"yoast_head":"<!-- This site is optimized with the Yoast SEO plugin v23.7 - https:\/\/yoast.com\/wordpress\/plugins\/seo\/ -->\n<title>Juventud, un colectivo electoral - Juventudes Socialistas de Chamber\u00ed<\/title>\n<meta name=\"robots\" content=\"index, follow, max-snippet:-1, max-image-preview:large, max-video-preview:-1\" \/>\n<link rel=\"canonical\" href=\"https:\/\/www.jschamberi.org\/blog\/?p=3620\" \/>\n<meta property=\"og:locale\" content=\"es_ES\" \/>\n<meta property=\"og:type\" content=\"article\" \/>\n<meta property=\"og:title\" content=\"Juventud, un colectivo electoral - Juventudes Socialistas de Chamber\u00ed\" \/>\n<meta property=\"og:description\" content=\"Falta mucho, pero falta poco. Aunque todav\u00eda estemos en septiembre, la actividad pol\u00edtica municipal y auton\u00f3mica pivotar\u00e1 in crescendo en torno a las pr\u00f3ximas elecciones de mayo de 2019. Entre otras cosas, como candidaturas o programas, durante los pr\u00f3ximos meses veremos cambios en la actitud y formas de dirigentes y partidos del Ayuntamiento, y aparecer\u00e1n Leer m\u00e1s\" \/>\n<meta property=\"og:url\" content=\"https:\/\/www.jschamberi.org\/blog\/?p=3620\" \/>\n<meta property=\"og:site_name\" content=\"Juventudes Socialistas de Chamber\u00ed\" \/>\n<meta property=\"article:published_time\" content=\"2018-09-29T12:27:07+00:00\" \/>\n<meta property=\"article:modified_time\" content=\"2018-10-15T18:30:47+00:00\" \/>\n<meta name=\"author\" content=\"JSChamberi\" \/>\n<meta name=\"twitter:card\" content=\"summary_large_image\" \/>\n<meta name=\"twitter:label1\" content=\"Escrito por\" \/>\n\t<meta name=\"twitter:data1\" content=\"JSChamberi\" \/>\n\t<meta name=\"twitter:label2\" content=\"Tiempo de lectura\" \/>\n\t<meta name=\"twitter:data2\" content=\"6 minutos\" \/>\n<script type=\"application\/ld+json\" class=\"yoast-schema-graph\">{\"@context\":\"https:\/\/schema.org\",\"@graph\":[{\"@type\":\"WebPage\",\"@id\":\"https:\/\/www.jschamberi.org\/blog\/?p=3620\",\"url\":\"https:\/\/www.jschamberi.org\/blog\/?p=3620\",\"name\":\"Juventud, un colectivo electoral - Juventudes Socialistas de Chamber\u00ed\",\"isPartOf\":{\"@id\":\"https:\/\/www.jschamberi.org\/blog\/#website\"},\"datePublished\":\"2018-09-29T12:27:07+00:00\",\"dateModified\":\"2018-10-15T18:30:47+00:00\",\"author\":{\"@id\":\"https:\/\/www.jschamberi.org\/blog\/#\/schema\/person\/3f82d901471b027bfc456bee2b9d0d3d\"},\"breadcrumb\":{\"@id\":\"https:\/\/www.jschamberi.org\/blog\/?p=3620#breadcrumb\"},\"inLanguage\":\"es\",\"potentialAction\":[{\"@type\":\"ReadAction\",\"target\":[\"https:\/\/www.jschamberi.org\/blog\/?p=3620\"]}]},{\"@type\":\"BreadcrumbList\",\"@id\":\"https:\/\/www.jschamberi.org\/blog\/?p=3620#breadcrumb\",\"itemListElement\":[{\"@type\":\"ListItem\",\"position\":1,\"name\":\"Home\",\"item\":\"https:\/\/www.jschamberi.org\/blog\/\"},{\"@type\":\"ListItem\",\"position\":2,\"name\":\"Juventud, un colectivo electoral\"}]},{\"@type\":\"WebSite\",\"@id\":\"https:\/\/www.jschamberi.org\/blog\/#website\",\"url\":\"https:\/\/www.jschamberi.org\/blog\/\",\"name\":\"Juventudes Socialistas de Chamber\u00ed\",\"description\":\"\",\"potentialAction\":[{\"@type\":\"SearchAction\",\"target\":{\"@type\":\"EntryPoint\",\"urlTemplate\":\"https:\/\/www.jschamberi.org\/blog\/?s={search_term_string}\"},\"query-input\":{\"@type\":\"PropertyValueSpecification\",\"valueRequired\":true,\"valueName\":\"search_term_string\"}}],\"inLanguage\":\"es\"},{\"@type\":\"Person\",\"@id\":\"https:\/\/www.jschamberi.org\/blog\/#\/schema\/person\/3f82d901471b027bfc456bee2b9d0d3d\",\"name\":\"JSChamberi\",\"image\":{\"@type\":\"ImageObject\",\"inLanguage\":\"es\",\"@id\":\"https:\/\/www.jschamberi.org\/blog\/#\/schema\/person\/image\/\",\"url\":\"https:\/\/secure.gravatar.com\/avatar\/c2d40e2dd384331a8f7f7a2390eaafdb?s=96&d=identicon&r=g\",\"contentUrl\":\"https:\/\/secure.gravatar.com\/avatar\/c2d40e2dd384331a8f7f7a2390eaafdb?s=96&d=identicon&r=g\",\"caption\":\"JSChamberi\"},\"sameAs\":[\"http:\/\/jschamberi.org\"],\"url\":\"https:\/\/www.jschamberi.org\/blog\/?author=20\"}]}<\/script>\n<!-- \/ Yoast SEO plugin. -->","yoast_head_json":{"title":"Juventud, un colectivo electoral - Juventudes Socialistas de Chamber\u00ed","robots":{"index":"index","follow":"follow","max-snippet":"max-snippet:-1","max-image-preview":"max-image-preview:large","max-video-preview":"max-video-preview:-1"},"canonical":"https:\/\/www.jschamberi.org\/blog\/?p=3620","og_locale":"es_ES","og_type":"article","og_title":"Juventud, un colectivo electoral - Juventudes Socialistas de Chamber\u00ed","og_description":"Falta mucho, pero falta poco. Aunque todav\u00eda estemos en septiembre, la actividad pol\u00edtica municipal y auton\u00f3mica pivotar\u00e1 in crescendo en torno a las pr\u00f3ximas elecciones de mayo de 2019. Entre otras cosas, como candidaturas o programas, durante los pr\u00f3ximos meses veremos cambios en la actitud y formas de dirigentes y partidos del Ayuntamiento, y aparecer\u00e1n Leer m\u00e1s","og_url":"https:\/\/www.jschamberi.org\/blog\/?p=3620","og_site_name":"Juventudes Socialistas de Chamber\u00ed","article_published_time":"2018-09-29T12:27:07+00:00","article_modified_time":"2018-10-15T18:30:47+00:00","author":"JSChamberi","twitter_card":"summary_large_image","twitter_misc":{"Escrito por":"JSChamberi","Tiempo de lectura":"6 minutos"},"schema":{"@context":"https:\/\/schema.org","@graph":[{"@type":"WebPage","@id":"https:\/\/www.jschamberi.org\/blog\/?p=3620","url":"https:\/\/www.jschamberi.org\/blog\/?p=3620","name":"Juventud, un colectivo electoral - Juventudes Socialistas de Chamber\u00ed","isPartOf":{"@id":"https:\/\/www.jschamberi.org\/blog\/#website"},"datePublished":"2018-09-29T12:27:07+00:00","dateModified":"2018-10-15T18:30:47+00:00","author":{"@id":"https:\/\/www.jschamberi.org\/blog\/#\/schema\/person\/3f82d901471b027bfc456bee2b9d0d3d"},"breadcrumb":{"@id":"https:\/\/www.jschamberi.org\/blog\/?p=3620#breadcrumb"},"inLanguage":"es","potentialAction":[{"@type":"ReadAction","target":["https:\/\/www.jschamberi.org\/blog\/?p=3620"]}]},{"@type":"BreadcrumbList","@id":"https:\/\/www.jschamberi.org\/blog\/?p=3620#breadcrumb","itemListElement":[{"@type":"ListItem","position":1,"name":"Home","item":"https:\/\/www.jschamberi.org\/blog\/"},{"@type":"ListItem","position":2,"name":"Juventud, un colectivo electoral"}]},{"@type":"WebSite","@id":"https:\/\/www.jschamberi.org\/blog\/#website","url":"https:\/\/www.jschamberi.org\/blog\/","name":"Juventudes Socialistas de Chamber\u00ed","description":"","potentialAction":[{"@type":"SearchAction","target":{"@type":"EntryPoint","urlTemplate":"https:\/\/www.jschamberi.org\/blog\/?s={search_term_string}"},"query-input":{"@type":"PropertyValueSpecification","valueRequired":true,"valueName":"search_term_string"}}],"inLanguage":"es"},{"@type":"Person","@id":"https:\/\/www.jschamberi.org\/blog\/#\/schema\/person\/3f82d901471b027bfc456bee2b9d0d3d","name":"JSChamberi","image":{"@type":"ImageObject","inLanguage":"es","@id":"https:\/\/www.jschamberi.org\/blog\/#\/schema\/person\/image\/","url":"https:\/\/secure.gravatar.com\/avatar\/c2d40e2dd384331a8f7f7a2390eaafdb?s=96&d=identicon&r=g","contentUrl":"https:\/\/secure.gravatar.com\/avatar\/c2d40e2dd384331a8f7f7a2390eaafdb?s=96&d=identicon&r=g","caption":"JSChamberi"},"sameAs":["http:\/\/jschamberi.org"],"url":"https:\/\/www.jschamberi.org\/blog\/?author=20"}]}},"_links":{"self":[{"href":"https:\/\/www.jschamberi.org\/blog\/index.php?rest_route=\/wp\/v2\/posts\/3620"}],"collection":[{"href":"https:\/\/www.jschamberi.org\/blog\/index.php?rest_route=\/wp\/v2\/posts"}],"about":[{"href":"https:\/\/www.jschamberi.org\/blog\/index.php?rest_route=\/wp\/v2\/types\/post"}],"author":[{"embeddable":true,"href":"https:\/\/www.jschamberi.org\/blog\/index.php?rest_route=\/wp\/v2\/users\/20"}],"replies":[{"embeddable":true,"href":"https:\/\/www.jschamberi.org\/blog\/index.php?rest_route=%2Fwp%2Fv2%2Fcomments&post=3620"}],"version-history":[{"count":0,"href":"https:\/\/www.jschamberi.org\/blog\/index.php?rest_route=\/wp\/v2\/posts\/3620\/revisions"}],"wp:attachment":[{"href":"https:\/\/www.jschamberi.org\/blog\/index.php?rest_route=%2Fwp%2Fv2%2Fmedia&parent=3620"}],"wp:term":[{"taxonomy":"category","embeddable":true,"href":"https:\/\/www.jschamberi.org\/blog\/index.php?rest_route=%2Fwp%2Fv2%2Fcategories&post=3620"},{"taxonomy":"post_tag","embeddable":true,"href":"https:\/\/www.jschamberi.org\/blog\/index.php?rest_route=%2Fwp%2Fv2%2Ftags&post=3620"}],"curies":[{"name":"wp","href":"https:\/\/api.w.org\/{rel}","templated":true}]}}