{"id":3559,"date":"2016-06-11T12:31:40","date_gmt":"2016-06-11T11:31:40","guid":{"rendered":"http:\/\/www.jschamberi.org\/blog\/?p=3559"},"modified":"2016-06-13T13:41:07","modified_gmt":"2016-06-13T12:41:07","slug":"dies-irae","status":"publish","type":"post","link":"https:\/\/www.jschamberi.org\/blog\/?p=3559","title":{"rendered":"Dies irae"},"content":{"rendered":"<p><i>Dies irae<\/i>. El d\u00eda de la ira. Ya est\u00e1 aqu\u00ed. Pleno de ira, y de miedo. Las dificultades asaltan los hogares y vulneran a las familias. Renacen los espectros del odio. La inquina de los poderosos vac\u00eda las mentes de la naci\u00f3n. La cultura muere. Y el hambre, la desesperaci\u00f3n, la esclavitud, la ira, y el miedo, que todo lo acalla, han vuelto. A nadie nada le import\u00f3, mientras com\u00eda tres veces al d\u00eda, pod\u00eda llevar a sus hijos a la escuela, y ver cuanta televisi\u00f3n quisiera. Pero ahora, hasta el renqueante Estado del Bienestar se resquebraja, y la Sanidad, la Educaci\u00f3n y el Empleo se han visto abatidos. Miedo e ira.<\/p>\n<p>En tal situaci\u00f3n, \u00bfqu\u00e9 mejor ocasi\u00f3n para dar un golpe de mano y tomar el poder? Pocas. Y eso es exactamente lo que hacen, hoy de nuevo, los hombres cobardes y mentirosos, ansiosos de poder, y de gloria, en su vanidad. Hombres amparados por la ira de los descontentos, y engrandecidos por el miedo de los desesperados. Hombres que necesitan la turba vac\u00eda para sentirse tan grandes como a s\u00ed mismos se ven en sus innobles mientes. Y turbas que necesitan a alguien que les d\u00e9 esperanzas y un futuro, por muy borrosos y falsos que sean, como la niebla en el espejo c\u00f3ncavo.<\/p>\n<p>El d\u00eda de la ira y del miedo ha llegado. Ante los que gritan en confusi\u00f3n y propagan las mentiras de sus maestros, no queda sino permanecer de pie, mir\u00e1ndolos a los ojos, y, cuando se haga el silencio, decir la verdad:<\/p>\n<p>Que sus heresiarcas los enga\u00f1an, que no son sus amigos, que no buscan otro beneficio sino el propio. <i>Ubi humilitas, ibi sapientia<\/i>. Donde se halla la humildad, all\u00ed la sabidur\u00eda. Y esos enemigos rezuman orgullo. Orgullo, pero no confianza. Gritan; no porque tengan algo que decir, sino porque tienen miedo de que se les pueda contestar. No son dignos en modo alguno. No son capaces de ninguna manera. S\u00f3lo son el reflejo de toda la necedad, el miedo, y la ira de estos d\u00edas.<\/p>\n<p>&nbsp;<\/p>\n<p><i>Jorge Blanco<\/i><\/p>\n<p>Militante de JS de Chamber\u00ed<\/p>\n","protected":false},"excerpt":{"rendered":"<p>Dies irae. El d\u00eda de la ira. Ya est\u00e1 aqu\u00ed. Pleno de ira, y de miedo. Las dificultades asaltan los hogares y vulneran a las familias. Renacen los espectros del odio. La inquina de los poderosos vac\u00eda las mentes de la naci\u00f3n. La cultura muere. Y el hambre, la desesperaci\u00f3n, la esclavitud, la ira, y <a class=\"read-more\" href=\"https:\/\/www.jschamberi.org\/blog\/?p=3559\">Leer m\u00e1s<\/a><\/p>\n","protected":false},"author":20,"featured_media":0,"comment_status":"open","ping_status":"open","sticky":false,"template":"","format":"standard","meta":{"footnotes":""},"categories":[26],"tags":[],"class_list":["post-3559","post","type-post","status-publish","format-standard","hentry","category-opinion"],"yoast_head":"<!-- This site is optimized with the Yoast SEO plugin v23.7 - https:\/\/yoast.com\/wordpress\/plugins\/seo\/ -->\n<title>Dies irae - Juventudes Socialistas de Chamber\u00ed<\/title>\n<meta name=\"robots\" content=\"index, follow, max-snippet:-1, max-image-preview:large, max-video-preview:-1\" \/>\n<link rel=\"canonical\" href=\"https:\/\/www.jschamberi.org\/blog\/?p=3559\" \/>\n<meta property=\"og:locale\" content=\"es_ES\" \/>\n<meta property=\"og:type\" content=\"article\" \/>\n<meta property=\"og:title\" content=\"Dies irae - Juventudes Socialistas de Chamber\u00ed\" \/>\n<meta property=\"og:description\" content=\"Dies irae. El d\u00eda de la ira. Ya est\u00e1 aqu\u00ed. Pleno de ira, y de miedo. Las dificultades asaltan los hogares y vulneran a las familias. Renacen los espectros del odio. La inquina de los poderosos vac\u00eda las mentes de la naci\u00f3n. La cultura muere. Y el hambre, la desesperaci\u00f3n, la esclavitud, la ira, y Leer m\u00e1s\" \/>\n<meta property=\"og:url\" content=\"https:\/\/www.jschamberi.org\/blog\/?p=3559\" \/>\n<meta property=\"og:site_name\" content=\"Juventudes Socialistas de Chamber\u00ed\" \/>\n<meta property=\"article:published_time\" content=\"2016-06-11T11:31:40+00:00\" \/>\n<meta property=\"article:modified_time\" content=\"2016-06-13T12:41:07+00:00\" \/>\n<meta name=\"author\" content=\"JSChamberi\" \/>\n<meta name=\"twitter:card\" content=\"summary_large_image\" \/>\n<meta name=\"twitter:label1\" content=\"Escrito por\" \/>\n\t<meta name=\"twitter:data1\" content=\"JSChamberi\" \/>\n\t<meta name=\"twitter:label2\" content=\"Tiempo de lectura\" \/>\n\t<meta name=\"twitter:data2\" content=\"2 minutos\" \/>\n<script type=\"application\/ld+json\" class=\"yoast-schema-graph\">{\"@context\":\"https:\/\/schema.org\",\"@graph\":[{\"@type\":\"WebPage\",\"@id\":\"https:\/\/www.jschamberi.org\/blog\/?p=3559\",\"url\":\"https:\/\/www.jschamberi.org\/blog\/?p=3559\",\"name\":\"Dies irae - Juventudes Socialistas de Chamber\u00ed\",\"isPartOf\":{\"@id\":\"https:\/\/www.jschamberi.org\/blog\/#website\"},\"datePublished\":\"2016-06-11T11:31:40+00:00\",\"dateModified\":\"2016-06-13T12:41:07+00:00\",\"author\":{\"@id\":\"https:\/\/www.jschamberi.org\/blog\/#\/schema\/person\/3f82d901471b027bfc456bee2b9d0d3d\"},\"breadcrumb\":{\"@id\":\"https:\/\/www.jschamberi.org\/blog\/?p=3559#breadcrumb\"},\"inLanguage\":\"es\",\"potentialAction\":[{\"@type\":\"ReadAction\",\"target\":[\"https:\/\/www.jschamberi.org\/blog\/?p=3559\"]}]},{\"@type\":\"BreadcrumbList\",\"@id\":\"https:\/\/www.jschamberi.org\/blog\/?p=3559#breadcrumb\",\"itemListElement\":[{\"@type\":\"ListItem\",\"position\":1,\"name\":\"Home\",\"item\":\"https:\/\/www.jschamberi.org\/blog\/\"},{\"@type\":\"ListItem\",\"position\":2,\"name\":\"Dies irae\"}]},{\"@type\":\"WebSite\",\"@id\":\"https:\/\/www.jschamberi.org\/blog\/#website\",\"url\":\"https:\/\/www.jschamberi.org\/blog\/\",\"name\":\"Juventudes Socialistas de Chamber\u00ed\",\"description\":\"\",\"potentialAction\":[{\"@type\":\"SearchAction\",\"target\":{\"@type\":\"EntryPoint\",\"urlTemplate\":\"https:\/\/www.jschamberi.org\/blog\/?s={search_term_string}\"},\"query-input\":{\"@type\":\"PropertyValueSpecification\",\"valueRequired\":true,\"valueName\":\"search_term_string\"}}],\"inLanguage\":\"es\"},{\"@type\":\"Person\",\"@id\":\"https:\/\/www.jschamberi.org\/blog\/#\/schema\/person\/3f82d901471b027bfc456bee2b9d0d3d\",\"name\":\"JSChamberi\",\"image\":{\"@type\":\"ImageObject\",\"inLanguage\":\"es\",\"@id\":\"https:\/\/www.jschamberi.org\/blog\/#\/schema\/person\/image\/\",\"url\":\"https:\/\/secure.gravatar.com\/avatar\/c2d40e2dd384331a8f7f7a2390eaafdb?s=96&d=identicon&r=g\",\"contentUrl\":\"https:\/\/secure.gravatar.com\/avatar\/c2d40e2dd384331a8f7f7a2390eaafdb?s=96&d=identicon&r=g\",\"caption\":\"JSChamberi\"},\"sameAs\":[\"http:\/\/jschamberi.org\"],\"url\":\"https:\/\/www.jschamberi.org\/blog\/?author=20\"}]}<\/script>\n<!-- \/ Yoast SEO plugin. -->","yoast_head_json":{"title":"Dies irae - Juventudes Socialistas de Chamber\u00ed","robots":{"index":"index","follow":"follow","max-snippet":"max-snippet:-1","max-image-preview":"max-image-preview:large","max-video-preview":"max-video-preview:-1"},"canonical":"https:\/\/www.jschamberi.org\/blog\/?p=3559","og_locale":"es_ES","og_type":"article","og_title":"Dies irae - Juventudes Socialistas de Chamber\u00ed","og_description":"Dies irae. El d\u00eda de la ira. Ya est\u00e1 aqu\u00ed. Pleno de ira, y de miedo. Las dificultades asaltan los hogares y vulneran a las familias. Renacen los espectros del odio. La inquina de los poderosos vac\u00eda las mentes de la naci\u00f3n. La cultura muere. Y el hambre, la desesperaci\u00f3n, la esclavitud, la ira, y Leer m\u00e1s","og_url":"https:\/\/www.jschamberi.org\/blog\/?p=3559","og_site_name":"Juventudes Socialistas de Chamber\u00ed","article_published_time":"2016-06-11T11:31:40+00:00","article_modified_time":"2016-06-13T12:41:07+00:00","author":"JSChamberi","twitter_card":"summary_large_image","twitter_misc":{"Escrito por":"JSChamberi","Tiempo de lectura":"2 minutos"},"schema":{"@context":"https:\/\/schema.org","@graph":[{"@type":"WebPage","@id":"https:\/\/www.jschamberi.org\/blog\/?p=3559","url":"https:\/\/www.jschamberi.org\/blog\/?p=3559","name":"Dies irae - Juventudes Socialistas de Chamber\u00ed","isPartOf":{"@id":"https:\/\/www.jschamberi.org\/blog\/#website"},"datePublished":"2016-06-11T11:31:40+00:00","dateModified":"2016-06-13T12:41:07+00:00","author":{"@id":"https:\/\/www.jschamberi.org\/blog\/#\/schema\/person\/3f82d901471b027bfc456bee2b9d0d3d"},"breadcrumb":{"@id":"https:\/\/www.jschamberi.org\/blog\/?p=3559#breadcrumb"},"inLanguage":"es","potentialAction":[{"@type":"ReadAction","target":["https:\/\/www.jschamberi.org\/blog\/?p=3559"]}]},{"@type":"BreadcrumbList","@id":"https:\/\/www.jschamberi.org\/blog\/?p=3559#breadcrumb","itemListElement":[{"@type":"ListItem","position":1,"name":"Home","item":"https:\/\/www.jschamberi.org\/blog\/"},{"@type":"ListItem","position":2,"name":"Dies irae"}]},{"@type":"WebSite","@id":"https:\/\/www.jschamberi.org\/blog\/#website","url":"https:\/\/www.jschamberi.org\/blog\/","name":"Juventudes Socialistas de Chamber\u00ed","description":"","potentialAction":[{"@type":"SearchAction","target":{"@type":"EntryPoint","urlTemplate":"https:\/\/www.jschamberi.org\/blog\/?s={search_term_string}"},"query-input":{"@type":"PropertyValueSpecification","valueRequired":true,"valueName":"search_term_string"}}],"inLanguage":"es"},{"@type":"Person","@id":"https:\/\/www.jschamberi.org\/blog\/#\/schema\/person\/3f82d901471b027bfc456bee2b9d0d3d","name":"JSChamberi","image":{"@type":"ImageObject","inLanguage":"es","@id":"https:\/\/www.jschamberi.org\/blog\/#\/schema\/person\/image\/","url":"https:\/\/secure.gravatar.com\/avatar\/c2d40e2dd384331a8f7f7a2390eaafdb?s=96&d=identicon&r=g","contentUrl":"https:\/\/secure.gravatar.com\/avatar\/c2d40e2dd384331a8f7f7a2390eaafdb?s=96&d=identicon&r=g","caption":"JSChamberi"},"sameAs":["http:\/\/jschamberi.org"],"url":"https:\/\/www.jschamberi.org\/blog\/?author=20"}]}},"_links":{"self":[{"href":"https:\/\/www.jschamberi.org\/blog\/index.php?rest_route=\/wp\/v2\/posts\/3559"}],"collection":[{"href":"https:\/\/www.jschamberi.org\/blog\/index.php?rest_route=\/wp\/v2\/posts"}],"about":[{"href":"https:\/\/www.jschamberi.org\/blog\/index.php?rest_route=\/wp\/v2\/types\/post"}],"author":[{"embeddable":true,"href":"https:\/\/www.jschamberi.org\/blog\/index.php?rest_route=\/wp\/v2\/users\/20"}],"replies":[{"embeddable":true,"href":"https:\/\/www.jschamberi.org\/blog\/index.php?rest_route=%2Fwp%2Fv2%2Fcomments&post=3559"}],"version-history":[{"count":2,"href":"https:\/\/www.jschamberi.org\/blog\/index.php?rest_route=\/wp\/v2\/posts\/3559\/revisions"}],"predecessor-version":[{"id":3561,"href":"https:\/\/www.jschamberi.org\/blog\/index.php?rest_route=\/wp\/v2\/posts\/3559\/revisions\/3561"}],"wp:attachment":[{"href":"https:\/\/www.jschamberi.org\/blog\/index.php?rest_route=%2Fwp%2Fv2%2Fmedia&parent=3559"}],"wp:term":[{"taxonomy":"category","embeddable":true,"href":"https:\/\/www.jschamberi.org\/blog\/index.php?rest_route=%2Fwp%2Fv2%2Fcategories&post=3559"},{"taxonomy":"post_tag","embeddable":true,"href":"https:\/\/www.jschamberi.org\/blog\/index.php?rest_route=%2Fwp%2Fv2%2Ftags&post=3559"}],"curies":[{"name":"wp","href":"https:\/\/api.w.org\/{rel}","templated":true}]}}