{"id":3514,"date":"2015-12-07T16:15:59","date_gmt":"2015-12-07T15:15:59","guid":{"rendered":"http:\/\/www.jschamberi.org\/blog\/?p=3514"},"modified":"2015-12-07T16:15:59","modified_gmt":"2015-12-07T15:15:59","slug":"soneto-socialista","status":"publish","type":"post","link":"https:\/\/www.jschamberi.org\/blog\/?p=3514","title":{"rendered":"Soneto socialista"},"content":{"rendered":"<p align=\"center\">Agucen sus mentes los ciudadanos,<\/p>\n<p align=\"center\">pues un muy grande aprieto es el de Espa\u00f1a,<\/p>\n<p align=\"center\">que en asedio se ve de gran ciza\u00f1a,<\/p>\n<p align=\"center\">promovida por necios, y villanos.<\/p>\n<p align=\"center\">\n<p align=\"center\">\n<p align=\"center\">Tratan los populares a traici\u00f3n<\/p>\n<p align=\"center\">de extirpar la cultura del pa\u00eds,<\/p>\n<p align=\"center\">por ver si acaso as\u00ed lo tornan gris,<\/p>\n<p align=\"center\">y en fin de latrocinio cantan son.<\/p>\n<p align=\"center\">\n<p align=\"center\">\n<p align=\"center\">Nefandos Ciudadans, sus herederos,<\/p>\n<p align=\"center\">incorruptibles se hacen hoy llamar,<\/p>\n<p align=\"center\">en la sombra contando los dineros.<\/p>\n<p align=\"center\">\n<p align=\"center\">\n<p align=\"center\">Esperemos no lleguen a mandar,<\/p>\n<p align=\"center\">ni ellos ni los Podemos pendencieros.<\/p>\n<p align=\"center\">S\u00f3lo resta la rosa por votar.<\/p>\n<p>&nbsp;<\/p>\n<p><i>Jorge Blanco<\/i><\/p>\n<p>Militante de JS de Chamber\u00ed<\/p>\n","protected":false},"excerpt":{"rendered":"<p>Agucen sus mentes los ciudadanos, pues un muy grande aprieto es el de Espa\u00f1a, que en asedio se ve de gran ciza\u00f1a, promovida por necios, y villanos. Tratan los populares a traici\u00f3n de extirpar la cultura del pa\u00eds, por ver si acaso as\u00ed lo tornan gris, y en fin de latrocinio cantan son. Nefandos Ciudadans, <a class=\"read-more\" href=\"https:\/\/www.jschamberi.org\/blog\/?p=3514\">Leer m\u00e1s<\/a><\/p>\n","protected":false},"author":20,"featured_media":0,"comment_status":"open","ping_status":"open","sticky":false,"template":"","format":"standard","meta":{"footnotes":""},"categories":[26],"tags":[],"class_list":["post-3514","post","type-post","status-publish","format-standard","hentry","category-opinion"],"yoast_head":"<!-- This site is optimized with the Yoast SEO plugin v23.7 - https:\/\/yoast.com\/wordpress\/plugins\/seo\/ -->\n<title>Soneto socialista - Juventudes Socialistas de Chamber\u00ed<\/title>\n<meta name=\"robots\" content=\"index, follow, max-snippet:-1, max-image-preview:large, max-video-preview:-1\" \/>\n<link rel=\"canonical\" href=\"https:\/\/www.jschamberi.org\/blog\/?p=3514\" \/>\n<meta property=\"og:locale\" content=\"es_ES\" \/>\n<meta property=\"og:type\" content=\"article\" \/>\n<meta property=\"og:title\" content=\"Soneto socialista - Juventudes Socialistas de Chamber\u00ed\" \/>\n<meta property=\"og:description\" content=\"Agucen sus mentes los ciudadanos, pues un muy grande aprieto es el de Espa\u00f1a, que en asedio se ve de gran ciza\u00f1a, promovida por necios, y villanos. Tratan los populares a traici\u00f3n de extirpar la cultura del pa\u00eds, por ver si acaso as\u00ed lo tornan gris, y en fin de latrocinio cantan son. Nefandos Ciudadans, Leer m\u00e1s\" \/>\n<meta property=\"og:url\" content=\"https:\/\/www.jschamberi.org\/blog\/?p=3514\" \/>\n<meta property=\"og:site_name\" content=\"Juventudes Socialistas de Chamber\u00ed\" \/>\n<meta property=\"article:published_time\" content=\"2015-12-07T15:15:59+00:00\" \/>\n<meta name=\"author\" content=\"JSChamberi\" \/>\n<meta name=\"twitter:card\" content=\"summary_large_image\" \/>\n<meta name=\"twitter:label1\" content=\"Escrito por\" \/>\n\t<meta name=\"twitter:data1\" content=\"JSChamberi\" \/>\n<script type=\"application\/ld+json\" class=\"yoast-schema-graph\">{\"@context\":\"https:\/\/schema.org\",\"@graph\":[{\"@type\":\"WebPage\",\"@id\":\"https:\/\/www.jschamberi.org\/blog\/?p=3514\",\"url\":\"https:\/\/www.jschamberi.org\/blog\/?p=3514\",\"name\":\"Soneto socialista - Juventudes Socialistas de Chamber\u00ed\",\"isPartOf\":{\"@id\":\"https:\/\/www.jschamberi.org\/blog\/#website\"},\"datePublished\":\"2015-12-07T15:15:59+00:00\",\"dateModified\":\"2015-12-07T15:15:59+00:00\",\"author\":{\"@id\":\"https:\/\/www.jschamberi.org\/blog\/#\/schema\/person\/3f82d901471b027bfc456bee2b9d0d3d\"},\"breadcrumb\":{\"@id\":\"https:\/\/www.jschamberi.org\/blog\/?p=3514#breadcrumb\"},\"inLanguage\":\"es\",\"potentialAction\":[{\"@type\":\"ReadAction\",\"target\":[\"https:\/\/www.jschamberi.org\/blog\/?p=3514\"]}]},{\"@type\":\"BreadcrumbList\",\"@id\":\"https:\/\/www.jschamberi.org\/blog\/?p=3514#breadcrumb\",\"itemListElement\":[{\"@type\":\"ListItem\",\"position\":1,\"name\":\"Home\",\"item\":\"https:\/\/www.jschamberi.org\/blog\/\"},{\"@type\":\"ListItem\",\"position\":2,\"name\":\"Soneto socialista\"}]},{\"@type\":\"WebSite\",\"@id\":\"https:\/\/www.jschamberi.org\/blog\/#website\",\"url\":\"https:\/\/www.jschamberi.org\/blog\/\",\"name\":\"Juventudes Socialistas de Chamber\u00ed\",\"description\":\"\",\"potentialAction\":[{\"@type\":\"SearchAction\",\"target\":{\"@type\":\"EntryPoint\",\"urlTemplate\":\"https:\/\/www.jschamberi.org\/blog\/?s={search_term_string}\"},\"query-input\":{\"@type\":\"PropertyValueSpecification\",\"valueRequired\":true,\"valueName\":\"search_term_string\"}}],\"inLanguage\":\"es\"},{\"@type\":\"Person\",\"@id\":\"https:\/\/www.jschamberi.org\/blog\/#\/schema\/person\/3f82d901471b027bfc456bee2b9d0d3d\",\"name\":\"JSChamberi\",\"image\":{\"@type\":\"ImageObject\",\"inLanguage\":\"es\",\"@id\":\"https:\/\/www.jschamberi.org\/blog\/#\/schema\/person\/image\/\",\"url\":\"https:\/\/secure.gravatar.com\/avatar\/c2d40e2dd384331a8f7f7a2390eaafdb?s=96&d=identicon&r=g\",\"contentUrl\":\"https:\/\/secure.gravatar.com\/avatar\/c2d40e2dd384331a8f7f7a2390eaafdb?s=96&d=identicon&r=g\",\"caption\":\"JSChamberi\"},\"sameAs\":[\"http:\/\/jschamberi.org\"],\"url\":\"https:\/\/www.jschamberi.org\/blog\/?author=20\"}]}<\/script>\n<!-- \/ Yoast SEO plugin. -->","yoast_head_json":{"title":"Soneto socialista - Juventudes Socialistas de Chamber\u00ed","robots":{"index":"index","follow":"follow","max-snippet":"max-snippet:-1","max-image-preview":"max-image-preview:large","max-video-preview":"max-video-preview:-1"},"canonical":"https:\/\/www.jschamberi.org\/blog\/?p=3514","og_locale":"es_ES","og_type":"article","og_title":"Soneto socialista - Juventudes Socialistas de Chamber\u00ed","og_description":"Agucen sus mentes los ciudadanos, pues un muy grande aprieto es el de Espa\u00f1a, que en asedio se ve de gran ciza\u00f1a, promovida por necios, y villanos. Tratan los populares a traici\u00f3n de extirpar la cultura del pa\u00eds, por ver si acaso as\u00ed lo tornan gris, y en fin de latrocinio cantan son. Nefandos Ciudadans, Leer m\u00e1s","og_url":"https:\/\/www.jschamberi.org\/blog\/?p=3514","og_site_name":"Juventudes Socialistas de Chamber\u00ed","article_published_time":"2015-12-07T15:15:59+00:00","author":"JSChamberi","twitter_card":"summary_large_image","twitter_misc":{"Escrito por":"JSChamberi"},"schema":{"@context":"https:\/\/schema.org","@graph":[{"@type":"WebPage","@id":"https:\/\/www.jschamberi.org\/blog\/?p=3514","url":"https:\/\/www.jschamberi.org\/blog\/?p=3514","name":"Soneto socialista - Juventudes Socialistas de Chamber\u00ed","isPartOf":{"@id":"https:\/\/www.jschamberi.org\/blog\/#website"},"datePublished":"2015-12-07T15:15:59+00:00","dateModified":"2015-12-07T15:15:59+00:00","author":{"@id":"https:\/\/www.jschamberi.org\/blog\/#\/schema\/person\/3f82d901471b027bfc456bee2b9d0d3d"},"breadcrumb":{"@id":"https:\/\/www.jschamberi.org\/blog\/?p=3514#breadcrumb"},"inLanguage":"es","potentialAction":[{"@type":"ReadAction","target":["https:\/\/www.jschamberi.org\/blog\/?p=3514"]}]},{"@type":"BreadcrumbList","@id":"https:\/\/www.jschamberi.org\/blog\/?p=3514#breadcrumb","itemListElement":[{"@type":"ListItem","position":1,"name":"Home","item":"https:\/\/www.jschamberi.org\/blog\/"},{"@type":"ListItem","position":2,"name":"Soneto socialista"}]},{"@type":"WebSite","@id":"https:\/\/www.jschamberi.org\/blog\/#website","url":"https:\/\/www.jschamberi.org\/blog\/","name":"Juventudes Socialistas de Chamber\u00ed","description":"","potentialAction":[{"@type":"SearchAction","target":{"@type":"EntryPoint","urlTemplate":"https:\/\/www.jschamberi.org\/blog\/?s={search_term_string}"},"query-input":{"@type":"PropertyValueSpecification","valueRequired":true,"valueName":"search_term_string"}}],"inLanguage":"es"},{"@type":"Person","@id":"https:\/\/www.jschamberi.org\/blog\/#\/schema\/person\/3f82d901471b027bfc456bee2b9d0d3d","name":"JSChamberi","image":{"@type":"ImageObject","inLanguage":"es","@id":"https:\/\/www.jschamberi.org\/blog\/#\/schema\/person\/image\/","url":"https:\/\/secure.gravatar.com\/avatar\/c2d40e2dd384331a8f7f7a2390eaafdb?s=96&d=identicon&r=g","contentUrl":"https:\/\/secure.gravatar.com\/avatar\/c2d40e2dd384331a8f7f7a2390eaafdb?s=96&d=identicon&r=g","caption":"JSChamberi"},"sameAs":["http:\/\/jschamberi.org"],"url":"https:\/\/www.jschamberi.org\/blog\/?author=20"}]}},"_links":{"self":[{"href":"https:\/\/www.jschamberi.org\/blog\/index.php?rest_route=\/wp\/v2\/posts\/3514"}],"collection":[{"href":"https:\/\/www.jschamberi.org\/blog\/index.php?rest_route=\/wp\/v2\/posts"}],"about":[{"href":"https:\/\/www.jschamberi.org\/blog\/index.php?rest_route=\/wp\/v2\/types\/post"}],"author":[{"embeddable":true,"href":"https:\/\/www.jschamberi.org\/blog\/index.php?rest_route=\/wp\/v2\/users\/20"}],"replies":[{"embeddable":true,"href":"https:\/\/www.jschamberi.org\/blog\/index.php?rest_route=%2Fwp%2Fv2%2Fcomments&post=3514"}],"version-history":[{"count":3,"href":"https:\/\/www.jschamberi.org\/blog\/index.php?rest_route=\/wp\/v2\/posts\/3514\/revisions"}],"predecessor-version":[{"id":3517,"href":"https:\/\/www.jschamberi.org\/blog\/index.php?rest_route=\/wp\/v2\/posts\/3514\/revisions\/3517"}],"wp:attachment":[{"href":"https:\/\/www.jschamberi.org\/blog\/index.php?rest_route=%2Fwp%2Fv2%2Fmedia&parent=3514"}],"wp:term":[{"taxonomy":"category","embeddable":true,"href":"https:\/\/www.jschamberi.org\/blog\/index.php?rest_route=%2Fwp%2Fv2%2Fcategories&post=3514"},{"taxonomy":"post_tag","embeddable":true,"href":"https:\/\/www.jschamberi.org\/blog\/index.php?rest_route=%2Fwp%2Fv2%2Ftags&post=3514"}],"curies":[{"name":"wp","href":"https:\/\/api.w.org\/{rel}","templated":true}]}}