{"id":3479,"date":"2015-09-22T18:40:14","date_gmt":"2015-09-22T17:40:14","guid":{"rendered":"http:\/\/www.jschamberi.org\/blog\/?p=3479"},"modified":"2015-09-22T18:40:14","modified_gmt":"2015-09-22T17:40:14","slug":"27s-un-plebiscito-para-la-independencia","status":"publish","type":"post","link":"https:\/\/www.jschamberi.org\/blog\/?p=3479","title":{"rendered":"27S: \u00bfUn plebiscito para la independencia?"},"content":{"rendered":"<p>El otro d\u00eda me pas\u00e9 por el bar Manuela, en el barrio de Malasa\u00f1a, a escuchar a Llu\u00eds Orriols en el primer <a href=\"http:\/\/politikon.es\/2015\/09\/07\/cervezas-y-politikon-27s-un-plebiscito-para-la-independencia\/\">Cervezas y Politikon<\/a> de este curso. La charla se titulaba \u201c27S: \u00bfUn plebiscito para la independencia?\u201d y como es l\u00f3gico trataba de las pr\u00f3ximas elecciones en Catalu\u00f1a. En este post voy a contaros las ideas con las que me he quedado (aunque nada como el original) mezcladas con alguna que otra reflexi\u00f3n personal.<\/p>\n<p>La primera parte de la charla trataba el \u201c\u00bfde d\u00f3nde venimos?\u201d, es decir, hitos importantes que dan pie a la crisis actual en Catalu\u00f1a.\u00a0 Personalmente creo que aunque est\u00e1n muy manidos, por lo menos en Madrid tenemos cierta tendencia a olvidarlos o a restarles importancia, incluso de forma subconsciente. Estos eventos clave son:<\/p>\n<ul>\n<li>La sentencia del Constitucional en 2010 sobre el entonces nuevoEstatut, ya sabemos que m\u00e1s que sus implicaciones pr\u00e1cticas (el 95% del recurso de inconstitucionalidad del PP fue rechazado por el tribunal) lo que produce en muchos catalanes es una sensaci\u00f3n de que el di\u00e1logo no es posible, cerrando puertas o salidas a la crisis que vino en 2012.<\/li>\n<li>Esta crisis de 2012 se desencadena debido a dos elementos, el primero de ellos es que el PP gana las elecciones. En Catalu\u00f1a\u00a0 ya sabemos que en general el PP cae como un tiro (igual que los tories en Escocia, por cierto).<\/li>\n<li>En segundo lugar hay que mencionar la crisis de deuda, que afect\u00f3 bastante a Catalu\u00f1a y acab\u00f3 con la Generalitat intervenida (<a href=\"http:\/\/ccaa.elpais.com\/ccaa\/2012\/08\/28\/catalunya\/1346151532_719745.html\">rescatada<\/a>) lo que supone de facto la anulaci\u00f3n de la autonom\u00eda (<a href=\"http:\/\/politica.elpais.com\/politica\/2012\/07\/26\/actualidad\/1343303019_674740.html\">con hombres de negro y todo, al m\u00e1s puro estilo Troika<\/a>).<\/li>\n<\/ul>\n<p>Llegados a este punto Llu\u00eds Orriols compar\u00f3 la situaci\u00f3n con la de Grecia: los rescatadores imponen unas condiciones que los rescatados interpretan como agresivas hacia su autogobierno, lo que en este caso da lugar a la escalada independentista. Por mi parte quiero recordaros, antes de que alguno piense \u201cestos catalanes, mucho hablar pero hubo que rescatarles\u201d, que el municipio de Madrid tambi\u00e9n hubo que intervenirlo (<a href=\"http:\/\/www.madrid.es\/UnidadesDescentralizadas\/Presupuestos\/PresupuestosAnuales\/Ppto2015\/Proyecto2015\/FicherosProyecto2015\/presupuesto2015-plandeajuste.pdf\">aunque acabamos el plan de ajuste el a\u00f1o pasado<\/a>), as\u00ed que mejor dejar estos debates merluzos de\u00e1reas geogr\u00e1ficas listas y tontas, que solo sirven para caer mal a los dem\u00e1s.<\/p>\n<p>Plant\u00e1ndonos en el presente, tenemos que 1\/3 de los ciudadanos catalanes est\u00e1n \u201cdesafectos y desconectados\u201d (vamos que son independentistas y no tiene arreglo), si bien el grupo de votantes que\u00a0 va a decidir qui\u00e9n gana estas elecciones (lo\u00a0 que le falta al independentismo puro y duro para ganar) es federalista, en el sentido de que es gente que no es independentista pero se inclina por m\u00e1s autogobierno, ahora bien, dado que lo que se les ofrece por el \u201cotro lado\u201d, que por parte del gobierno actual es poca cosa, actualmente prefieren la independencia al statu quo. Este grupo de ciudadanos son clave para resolver el embrollo, ya que se les podr\u00eda convencer haciendo as\u00ed que el n\u00famero de independentistas fuera insuficiente. Aqu\u00ed Llu\u00eds Orriols apunta que si en las pr\u00f3ximas generales gana el PP esto se tornar\u00e1 imposible (y seguro que muchos de los que le\u00e1is esto estar\u00e9is de acuerdo).<\/p>\n<p>\u201c\u00bfD\u00f3nde estamos?\u201d fue la segunda parte de la charla, que trat\u00f3 de las expectativas de cada partido de cada a la campa\u00f1a electoral. Como podr\u00e9is encontrar mucha informaci\u00f3n por ah\u00ed dar\u00e9 solo unas pinceladas:<\/p>\n<ul>\n<li>Como es evidente la campa\u00f1a ha empezado muy bien para los soberanistas, con la exitosa manifestaci\u00f3n de la D\u00edada. Adem\u00e1s la polarizaci\u00f3n alimentada por Ciudadanos y el PP de Albiol les beneficia tambi\u00e9n a ellos. De \u00e9ste modo el bloque independentista (<i>JuntspelS\u00ed <\/i>y la <i>CUP<\/i>) tiene el viento favorable.<\/li>\n<li>Una movilizaci\u00f3n de \u00faltima hora de votantes no independentistas podr\u00eda dar problemas a los independentistas (<a href=\"http:\/\/ccaa.elpais.com\/ccaa\/2015\/08\/31\/catalunya\/1441045990_424369.html\">ya pas\u00f3 en 2012<\/a>).<\/li>\n<li>De la lista patrocinada por Podemos\u00a0 (Catalunya S\u00ed que es Pot) se habl\u00f3 largo y tendido. Como todo el que me conoce sabe, me paso media vida poni\u00e9ndoles verdes, as\u00ed que esta vez lo dejar\u00e9 en que parece ser que esta vez la candidatura de confluencia no les va a ir tan bien, si bien es cierto que el debate identitario no se lo pone nada f\u00e1cil.<\/li>\n<li>La estrategia del PP poniendo a un candidato tan \u201chalc\u00f3n\u201d como Albiol se debe a una estrategia de resistencia en unas elecciones que no pueden ganar, donde adem\u00e1s es Ciudadanos la referencia en el debate identitario por la parte unionista. De hecho muchos exvotantes del PP es posible que voten a Ciudadanos esta vez.<\/li>\n<\/ul>\n<p>En la tercera parte \u201c\u00bfA d\u00f3nde vamos?\u201d el ponente explic\u00f3 un posible escenario para despu\u00e9s de las elecciones. El hecho de que se vayan a contar esca\u00f1os y no votos quita credibilidad al <i>proc\u00e9s<\/i>, y adem\u00e1s parece que vamos al escenario m\u00e1s complicado posible: que el independentismo gane en esca\u00f1os pero no en votos. Podr\u00eda ocurrir que el proceso pase a ser autista (que los convencidos no sean ya capaces de convencer a m\u00e1s gente) y altamente imprevisible (p.e. si se hace una votaci\u00f3n sobre la independencia en el <i>parlament<\/i> \u00bfQu\u00e9 har\u00e1n los diputados de <i>Catalunya S\u00ed que es Pot<\/i>?).<\/p>\n<p>Bueno, se dijeron muchas cosas m\u00e1s y las preguntas de los asistentes fueron tambi\u00e9n muy interesantes, pero para acabar este post voy a centrarme en lo que m\u00e1s me interesa, que es el papel del socialismo (PSC y PSOE) en todo este asunto.<\/p>\n<p>Para empezar me llam\u00f3 mucho la atenci\u00f3n que solamente se hablara del PSC en el turno de preguntas, y no porque crea que el ponente quisiera ignorarlo deliberadamente. Parece que el PSC tiene que aceptar la situaci\u00f3n y renunciar al electorado catalanista y poco m\u00e1s, esperar a que la situaci\u00f3n sea propicia con otros debates. A m\u00ed me preocupa bastante que los mayores defensores e impulsores de la opci\u00f3n federalista (aunque esa defensa y ese impulso sean desdibujados o insuficientes) tengamos un papel tan anodino.<\/p>\n<p>Esto enlaza con otra cuesti\u00f3n, que es qu\u00e9 pasar\u00e1 tras las elecciones generales. Un cambio de gobierno podr\u00eda ayudar a resolver la situaci\u00f3n, aunque desde luego no autom\u00e1ticamente. M\u00e1s all\u00e1 de que en m\u00ed opini\u00f3n eso es muy dif\u00edcil que ocurra, dado que el PP est\u00e1 subiendo sus expectativas para estas elecciones bastante m\u00e1s que nosotros, el PSOE solo no basta para esta labor. Adem\u00e1s que no tendr\u00eda votos suficientes para formar gobierno en solitario, es cierto que hay que ofrecer algo nuevo a los ciudadanos (ya ha quedado claro que somos aburridos), y no solo en Catalu\u00f1a. Ahora bien, yo desde el auge de Ciudadanos he cre\u00eddo que podr\u00edan ser un posible apoyo para formar un gobierno cuyo objetivo principal fuera una reforma de la Constituci\u00f3n (otra cosa son temas como pol\u00edticas sociales, reforma fiscal etc.), ya que\u00a0 no s\u00e9 qu\u00e9 puede aportar un partido como Podemos, que tanto la desprecia.<\/p>\n<p>La postura de Llu\u00eds Orriols, que defiende que tras las generales Podemos y la postura que adopte son clave en cuanto a Catalu\u00f1a se refiere, me ha hecho reflexionar (y ojo que esto es solo cosecha propia) y me lleva a pensar que mi punto de vista es muy madrile\u00f1o, \u00a1porque Ciudadanos no es nuevo para los catalanes! Y adem\u00e1s su papel protagonista en la postura unionista quiz\u00e1 impida que sirvan para convencer a esos catalanes federalistas, que ahora prefieren la independencia pero que quiz\u00e1 puedan ser convencidos.<\/p>\n<p>Concluyendo, como punto negativo el PSOE y el PSC tenemos mucha tarea pendiente para tratar de ser no solo determinantes para el resultado, sino tambi\u00e9n cre\u00edbles y convincentes y que nuestras propuestas sean tambi\u00e9n objeto de debate en la sociedad (los que desde luego en este momento somos autistas somos nosotros y no el <i>proc\u00e9s<\/i>).<\/p>\n<p>Como puntos positivos, hay que decir que estando tan mal el PSC y tan bien otras fuerzas, la <a href=\"http:\/\/elelectoral.com\/2015\/09\/media-de-encuestas-para-las-elecciones-al-parlamento-de-cataluna\/\">distancia real en % de voto estimado no es tanta<\/a> (lo que para unos son expectativas m\u00e1s o menos positivas (Cs y quiz\u00e1 Catalunya S\u00ed que es Pot) para el PSC solo puede calificarse como una mierda), y que Podemos, con quienes competimos por muchos votantes de izquierda, va a tener que definirse en temas complicados y tomar muchas decisiones importantes que le pueden pasar factura. La situaci\u00f3n de los partidos soberanistas tambi\u00e9n va a ser complicada despu\u00e9s de las elecciones, pues el final de este embrollo ser\u00e1 el que tenga que ser, pero no va a ser tan f\u00e1cil como ellos venden ni much\u00edsimo menos.<\/p>\n<p>&nbsp;<\/p>\n<p><b><i>Antonio Rodr\u00edguez<\/i><\/b><\/p>\n<p>Secretario de Movimientos Sociales e Inmigraci\u00f3n de JS de Chamber\u00ed<\/p>\n<p>&nbsp;<\/p>\n","protected":false},"excerpt":{"rendered":"<p>El otro d\u00eda me pas\u00e9 por el bar Manuela, en el barrio de Malasa\u00f1a, a escuchar a Llu\u00eds Orriols en el primer Cervezas y Politikon de este curso. La charla se titulaba \u201c27S: \u00bfUn plebiscito para la independencia?\u201d y como es l\u00f3gico trataba de las pr\u00f3ximas elecciones en Catalu\u00f1a. En este post voy a contaros <a class=\"read-more\" href=\"https:\/\/www.jschamberi.org\/blog\/?p=3479\">Leer m\u00e1s<\/a><\/p>\n","protected":false},"author":20,"featured_media":0,"comment_status":"open","ping_status":"open","sticky":false,"template":"","format":"standard","meta":{"footnotes":""},"categories":[80,26],"tags":[],"class_list":["post-3479","post","type-post","status-publish","format-standard","hentry","category-elecciones-2015","category-opinion"],"yoast_head":"<!-- This site is optimized with the Yoast SEO plugin v23.7 - https:\/\/yoast.com\/wordpress\/plugins\/seo\/ -->\n<title>27S: \u00bfUn plebiscito para la independencia? - Juventudes Socialistas de Chamber\u00ed<\/title>\n<meta name=\"robots\" content=\"index, follow, max-snippet:-1, max-image-preview:large, max-video-preview:-1\" \/>\n<link rel=\"canonical\" href=\"https:\/\/www.jschamberi.org\/blog\/?p=3479\" \/>\n<meta property=\"og:locale\" content=\"es_ES\" \/>\n<meta property=\"og:type\" content=\"article\" \/>\n<meta property=\"og:title\" content=\"27S: \u00bfUn plebiscito para la independencia? - Juventudes Socialistas de Chamber\u00ed\" \/>\n<meta property=\"og:description\" content=\"El otro d\u00eda me pas\u00e9 por el bar Manuela, en el barrio de Malasa\u00f1a, a escuchar a Llu\u00eds Orriols en el primer Cervezas y Politikon de este curso. La charla se titulaba \u201c27S: \u00bfUn plebiscito para la independencia?\u201d y como es l\u00f3gico trataba de las pr\u00f3ximas elecciones en Catalu\u00f1a. En este post voy a contaros Leer m\u00e1s\" \/>\n<meta property=\"og:url\" content=\"https:\/\/www.jschamberi.org\/blog\/?p=3479\" \/>\n<meta property=\"og:site_name\" content=\"Juventudes Socialistas de Chamber\u00ed\" \/>\n<meta property=\"article:published_time\" content=\"2015-09-22T17:40:14+00:00\" \/>\n<meta name=\"author\" content=\"JSChamberi\" \/>\n<meta name=\"twitter:card\" content=\"summary_large_image\" \/>\n<meta name=\"twitter:label1\" content=\"Escrito por\" \/>\n\t<meta name=\"twitter:data1\" content=\"JSChamberi\" \/>\n\t<meta name=\"twitter:label2\" content=\"Tiempo de lectura\" \/>\n\t<meta name=\"twitter:data2\" content=\"7 minutos\" \/>\n<script type=\"application\/ld+json\" class=\"yoast-schema-graph\">{\"@context\":\"https:\/\/schema.org\",\"@graph\":[{\"@type\":\"WebPage\",\"@id\":\"https:\/\/www.jschamberi.org\/blog\/?p=3479\",\"url\":\"https:\/\/www.jschamberi.org\/blog\/?p=3479\",\"name\":\"27S: \u00bfUn plebiscito para la independencia? - Juventudes Socialistas de Chamber\u00ed\",\"isPartOf\":{\"@id\":\"https:\/\/www.jschamberi.org\/blog\/#website\"},\"datePublished\":\"2015-09-22T17:40:14+00:00\",\"dateModified\":\"2015-09-22T17:40:14+00:00\",\"author\":{\"@id\":\"https:\/\/www.jschamberi.org\/blog\/#\/schema\/person\/3f82d901471b027bfc456bee2b9d0d3d\"},\"breadcrumb\":{\"@id\":\"https:\/\/www.jschamberi.org\/blog\/?p=3479#breadcrumb\"},\"inLanguage\":\"es\",\"potentialAction\":[{\"@type\":\"ReadAction\",\"target\":[\"https:\/\/www.jschamberi.org\/blog\/?p=3479\"]}]},{\"@type\":\"BreadcrumbList\",\"@id\":\"https:\/\/www.jschamberi.org\/blog\/?p=3479#breadcrumb\",\"itemListElement\":[{\"@type\":\"ListItem\",\"position\":1,\"name\":\"Home\",\"item\":\"https:\/\/www.jschamberi.org\/blog\/\"},{\"@type\":\"ListItem\",\"position\":2,\"name\":\"27S: \u00bfUn plebiscito para la independencia?\"}]},{\"@type\":\"WebSite\",\"@id\":\"https:\/\/www.jschamberi.org\/blog\/#website\",\"url\":\"https:\/\/www.jschamberi.org\/blog\/\",\"name\":\"Juventudes Socialistas de Chamber\u00ed\",\"description\":\"\",\"potentialAction\":[{\"@type\":\"SearchAction\",\"target\":{\"@type\":\"EntryPoint\",\"urlTemplate\":\"https:\/\/www.jschamberi.org\/blog\/?s={search_term_string}\"},\"query-input\":{\"@type\":\"PropertyValueSpecification\",\"valueRequired\":true,\"valueName\":\"search_term_string\"}}],\"inLanguage\":\"es\"},{\"@type\":\"Person\",\"@id\":\"https:\/\/www.jschamberi.org\/blog\/#\/schema\/person\/3f82d901471b027bfc456bee2b9d0d3d\",\"name\":\"JSChamberi\",\"image\":{\"@type\":\"ImageObject\",\"inLanguage\":\"es\",\"@id\":\"https:\/\/www.jschamberi.org\/blog\/#\/schema\/person\/image\/\",\"url\":\"https:\/\/secure.gravatar.com\/avatar\/c2d40e2dd384331a8f7f7a2390eaafdb?s=96&d=identicon&r=g\",\"contentUrl\":\"https:\/\/secure.gravatar.com\/avatar\/c2d40e2dd384331a8f7f7a2390eaafdb?s=96&d=identicon&r=g\",\"caption\":\"JSChamberi\"},\"sameAs\":[\"http:\/\/jschamberi.org\"],\"url\":\"https:\/\/www.jschamberi.org\/blog\/?author=20\"}]}<\/script>\n<!-- \/ Yoast SEO plugin. -->","yoast_head_json":{"title":"27S: \u00bfUn plebiscito para la independencia? - Juventudes Socialistas de Chamber\u00ed","robots":{"index":"index","follow":"follow","max-snippet":"max-snippet:-1","max-image-preview":"max-image-preview:large","max-video-preview":"max-video-preview:-1"},"canonical":"https:\/\/www.jschamberi.org\/blog\/?p=3479","og_locale":"es_ES","og_type":"article","og_title":"27S: \u00bfUn plebiscito para la independencia? - Juventudes Socialistas de Chamber\u00ed","og_description":"El otro d\u00eda me pas\u00e9 por el bar Manuela, en el barrio de Malasa\u00f1a, a escuchar a Llu\u00eds Orriols en el primer Cervezas y Politikon de este curso. La charla se titulaba \u201c27S: \u00bfUn plebiscito para la independencia?\u201d y como es l\u00f3gico trataba de las pr\u00f3ximas elecciones en Catalu\u00f1a. En este post voy a contaros Leer m\u00e1s","og_url":"https:\/\/www.jschamberi.org\/blog\/?p=3479","og_site_name":"Juventudes Socialistas de Chamber\u00ed","article_published_time":"2015-09-22T17:40:14+00:00","author":"JSChamberi","twitter_card":"summary_large_image","twitter_misc":{"Escrito por":"JSChamberi","Tiempo de lectura":"7 minutos"},"schema":{"@context":"https:\/\/schema.org","@graph":[{"@type":"WebPage","@id":"https:\/\/www.jschamberi.org\/blog\/?p=3479","url":"https:\/\/www.jschamberi.org\/blog\/?p=3479","name":"27S: \u00bfUn plebiscito para la independencia? - Juventudes Socialistas de Chamber\u00ed","isPartOf":{"@id":"https:\/\/www.jschamberi.org\/blog\/#website"},"datePublished":"2015-09-22T17:40:14+00:00","dateModified":"2015-09-22T17:40:14+00:00","author":{"@id":"https:\/\/www.jschamberi.org\/blog\/#\/schema\/person\/3f82d901471b027bfc456bee2b9d0d3d"},"breadcrumb":{"@id":"https:\/\/www.jschamberi.org\/blog\/?p=3479#breadcrumb"},"inLanguage":"es","potentialAction":[{"@type":"ReadAction","target":["https:\/\/www.jschamberi.org\/blog\/?p=3479"]}]},{"@type":"BreadcrumbList","@id":"https:\/\/www.jschamberi.org\/blog\/?p=3479#breadcrumb","itemListElement":[{"@type":"ListItem","position":1,"name":"Home","item":"https:\/\/www.jschamberi.org\/blog\/"},{"@type":"ListItem","position":2,"name":"27S: \u00bfUn plebiscito para la independencia?"}]},{"@type":"WebSite","@id":"https:\/\/www.jschamberi.org\/blog\/#website","url":"https:\/\/www.jschamberi.org\/blog\/","name":"Juventudes Socialistas de Chamber\u00ed","description":"","potentialAction":[{"@type":"SearchAction","target":{"@type":"EntryPoint","urlTemplate":"https:\/\/www.jschamberi.org\/blog\/?s={search_term_string}"},"query-input":{"@type":"PropertyValueSpecification","valueRequired":true,"valueName":"search_term_string"}}],"inLanguage":"es"},{"@type":"Person","@id":"https:\/\/www.jschamberi.org\/blog\/#\/schema\/person\/3f82d901471b027bfc456bee2b9d0d3d","name":"JSChamberi","image":{"@type":"ImageObject","inLanguage":"es","@id":"https:\/\/www.jschamberi.org\/blog\/#\/schema\/person\/image\/","url":"https:\/\/secure.gravatar.com\/avatar\/c2d40e2dd384331a8f7f7a2390eaafdb?s=96&d=identicon&r=g","contentUrl":"https:\/\/secure.gravatar.com\/avatar\/c2d40e2dd384331a8f7f7a2390eaafdb?s=96&d=identicon&r=g","caption":"JSChamberi"},"sameAs":["http:\/\/jschamberi.org"],"url":"https:\/\/www.jschamberi.org\/blog\/?author=20"}]}},"_links":{"self":[{"href":"https:\/\/www.jschamberi.org\/blog\/index.php?rest_route=\/wp\/v2\/posts\/3479"}],"collection":[{"href":"https:\/\/www.jschamberi.org\/blog\/index.php?rest_route=\/wp\/v2\/posts"}],"about":[{"href":"https:\/\/www.jschamberi.org\/blog\/index.php?rest_route=\/wp\/v2\/types\/post"}],"author":[{"embeddable":true,"href":"https:\/\/www.jschamberi.org\/blog\/index.php?rest_route=\/wp\/v2\/users\/20"}],"replies":[{"embeddable":true,"href":"https:\/\/www.jschamberi.org\/blog\/index.php?rest_route=%2Fwp%2Fv2%2Fcomments&post=3479"}],"version-history":[{"count":2,"href":"https:\/\/www.jschamberi.org\/blog\/index.php?rest_route=\/wp\/v2\/posts\/3479\/revisions"}],"predecessor-version":[{"id":3481,"href":"https:\/\/www.jschamberi.org\/blog\/index.php?rest_route=\/wp\/v2\/posts\/3479\/revisions\/3481"}],"wp:attachment":[{"href":"https:\/\/www.jschamberi.org\/blog\/index.php?rest_route=%2Fwp%2Fv2%2Fmedia&parent=3479"}],"wp:term":[{"taxonomy":"category","embeddable":true,"href":"https:\/\/www.jschamberi.org\/blog\/index.php?rest_route=%2Fwp%2Fv2%2Fcategories&post=3479"},{"taxonomy":"post_tag","embeddable":true,"href":"https:\/\/www.jschamberi.org\/blog\/index.php?rest_route=%2Fwp%2Fv2%2Ftags&post=3479"}],"curies":[{"name":"wp","href":"https:\/\/api.w.org\/{rel}","templated":true}]}}