{"id":3319,"date":"2014-09-17T13:23:19","date_gmt":"2014-09-17T12:23:19","guid":{"rendered":"http:\/\/www.jschamberi.org\/blog\/?p=3319"},"modified":"2014-09-21T16:38:51","modified_gmt":"2014-09-21T15:38:51","slug":"lo-que-el-nacionalismo-calla","status":"publish","type":"post","link":"https:\/\/www.jschamberi.org\/blog\/?p=3319","title":{"rendered":"Lo que el nacionalismo calla"},"content":{"rendered":"<p style=\"text-align: justify;\">Para alguien que se\u00a0 defina de ideas progresistas o de izquierdas la palabra democracia deber\u00eda ser su m\u00e1ximo mandamiento, pero\u00a0 surge otras dudas \u00bfQu\u00e9 es la democracia? Si partimos de la premisa de que la democracia es la voluntad de una mayor\u00eda de un determinado grupo, para aquellos que se llenan la boca haciendo llamar dem\u00f3cratas, la\u00a0 voluntad de la mayor\u00eda bastar\u00eda para elegir sobre una hipot\u00e9tica propuesta. A partir de aqu\u00ed surgen varias dudas: \u00bfD\u00f3nde quedan las reglas de juego? \u00bfQu\u00e9 ocurre cuando una sociedad est\u00e1 siendo bombardeada de mensajes err\u00f3neos para conseguir un determinado fin? <i>Ya todos sabemos que una mentira dicha mil veces se convierte en verdad.<\/i><\/p>\n<p style=\"text-align: justify;\"><b>\u00bfLa voluntad del pueblo?<\/b><\/p>\n<p style=\"text-align: justify;\">Si bien a\u00f1os atr\u00e1s Artur Mas dec\u00eda que el tema de la independencia era algo arcaico, ahora <i>donde dice digo dijo Diego. <\/i>El presidente de la Generalitat no para de mencionar en sus discursos la voluntad su pueblo, pero \u00bfDe qu\u00e9 pueblo, solo la Catalu\u00f1a independista o tambi\u00e9n aquella Catalu\u00f1a que se siente c\u00f3moda y orgullosa dentro de Espa\u00f1a? Curioso es tambi\u00e9n que no hable del verdadero origen del nacionalismo que catal\u00e1n que es por antonomasia burgu\u00e9s. Es esta la misma burgues\u00eda\u00a0 que utiliz\u00f3 y utiliza a las clases medias y obreras envolvi\u00e9ndose en la bandera independista. Se le olvida tambi\u00e9n decir que Catalu\u00f1a es la comunidad de Espa\u00f1a con m\u00e1s recortes; al fin y al cabo el Partido Popular y CIU no son tan diferentes.<\/p>\n<p style=\"text-align: justify;\">Cuando para implantar\u00a0 ideales de superioridad prefabricada\u00a0 se recurre a frases con altas dosis de mendacidad, el sentimiento de legitimidad queda reducido a la nada.<\/p>\n<p style=\"text-align: justify;\">EL independentismo\u00a0 cuando menciona a \u00a0Espa\u00f1a lo hace con un sentimiento de supremac\u00eda y victimismo a la vez que nada o muy poco tiene que ver con la realidad. Tenemos el ejemplo del se\u00f1or Santiago Espot, presidente de <i>Acci\u00f2 Catalana<\/i> que cada vez que visita un medio de comunicaci\u00f3n habla mostr\u00e1ndose con aires de legitimad \u00a0y salvapatrias de los Catalanes, exponiendo el supuesto expolio por parte de Espa\u00f1a.<\/p>\n<p style=\"text-align: justify;\"><b>\u00a0\u201cEspanya ens roba\u201d o \u201cPuyol nos roba\u201d <\/b><\/p>\n<p style=\"text-align: justify;\">Dados los \u00faltimos acontecimientos queda claro que ladrones hay en todos lados. Quiz\u00e1s aquellos que hablan de robo por parte del resto de Espa\u00f1a a Catalu\u00f1a deber\u00edan mirar dentro de la misma Catalu\u00f1a a ver si hay amigos de lo ajeno antes de buscar fuera. Podemos ser acusados de demagogos los que ponemos como ejemplo de icono ca\u00eddo a Puyol, catal\u00e1n de camisa y suizo de bolsillo. Es honesto decir que la mayor\u00eda de los catalanes pro independencia son gente horrada que nada tiene que ver con la familia Puyol, ni con su <i>modus<\/i> <i>operandi, <\/i>pero es imposible no mencionar este caso, no solo porque ha sido presidente de la Generalitat, sino tambi\u00e9n porque ha sido una de las caras visibles del catalanismo independistas con mayor repercusi\u00f3n.<\/p>\n<p style=\"text-align: justify;\"><b>\u201cEspa\u00f1a ser\u00e1 federal o no ser\u00e1\u201d <\/b><\/p>\n<p style=\"text-align: justify;\">Ya desde la segunda rep\u00fablica se est\u00e1 utilizando esta frase. Es cierto que la relaci\u00f3n entre Catalu\u00f1a y las dem\u00e1s comunidades de Espa\u00f1a debe mejorar, pero para esto hay quejar atr\u00e1s la inmovilidad del actual gobierno de Espa\u00f1a, y apostar por un mayor consenso entre catalanes y el resto del pa\u00eds. Habr\u00e1 que trabajar y poner una mayor voluntad por parte de todos, estando abiertos a la posibilidad de dialogo.<\/p>\n<p style=\"text-align: justify;\">\n<p style=\"text-align: justify;\">\n<p style=\"text-align: justify;\"><b><i>Francisco Guti\u00e9rrez<\/i><\/b><\/p>\n<p style=\"text-align: justify;\">Militante de JS de Chamber\u00ed<\/p>\n","protected":false},"excerpt":{"rendered":"<p>Para alguien que se\u00a0 defina de ideas progresistas o de izquierdas la palabra democracia deber\u00eda ser su m\u00e1ximo mandamiento, pero\u00a0 surge otras dudas \u00bfQu\u00e9 es la democracia? Si partimos de la premisa de que la democracia es la voluntad de una mayor\u00eda de un determinado grupo, para aquellos que se llenan la boca haciendo llamar <a class=\"read-more\" href=\"https:\/\/www.jschamberi.org\/blog\/?p=3319\">Leer m\u00e1s<\/a><\/p>\n","protected":false},"author":20,"featured_media":0,"comment_status":"open","ping_status":"open","sticky":false,"template":"","format":"standard","meta":{"footnotes":""},"categories":[26],"tags":[],"class_list":["post-3319","post","type-post","status-publish","format-standard","hentry","category-opinion"],"yoast_head":"<!-- This site is optimized with the Yoast SEO plugin v23.7 - https:\/\/yoast.com\/wordpress\/plugins\/seo\/ -->\n<title>Lo que el nacionalismo calla - Juventudes Socialistas de Chamber\u00ed<\/title>\n<meta name=\"robots\" content=\"index, follow, max-snippet:-1, max-image-preview:large, max-video-preview:-1\" \/>\n<link rel=\"canonical\" href=\"https:\/\/www.jschamberi.org\/blog\/?p=3319\" \/>\n<meta property=\"og:locale\" content=\"es_ES\" \/>\n<meta property=\"og:type\" content=\"article\" \/>\n<meta property=\"og:title\" content=\"Lo que el nacionalismo calla - Juventudes Socialistas de Chamber\u00ed\" \/>\n<meta property=\"og:description\" content=\"Para alguien que se\u00a0 defina de ideas progresistas o de izquierdas la palabra democracia deber\u00eda ser su m\u00e1ximo mandamiento, pero\u00a0 surge otras dudas \u00bfQu\u00e9 es la democracia? Si partimos de la premisa de que la democracia es la voluntad de una mayor\u00eda de un determinado grupo, para aquellos que se llenan la boca haciendo llamar Leer m\u00e1s\" \/>\n<meta property=\"og:url\" content=\"https:\/\/www.jschamberi.org\/blog\/?p=3319\" \/>\n<meta property=\"og:site_name\" content=\"Juventudes Socialistas de Chamber\u00ed\" \/>\n<meta property=\"article:published_time\" content=\"2014-09-17T12:23:19+00:00\" \/>\n<meta property=\"article:modified_time\" content=\"2014-09-21T15:38:51+00:00\" \/>\n<meta name=\"author\" content=\"JSChamberi\" \/>\n<meta name=\"twitter:card\" content=\"summary_large_image\" \/>\n<meta name=\"twitter:label1\" content=\"Escrito por\" \/>\n\t<meta name=\"twitter:data1\" content=\"JSChamberi\" \/>\n\t<meta name=\"twitter:label2\" content=\"Tiempo de lectura\" \/>\n\t<meta name=\"twitter:data2\" content=\"3 minutos\" \/>\n<script type=\"application\/ld+json\" class=\"yoast-schema-graph\">{\"@context\":\"https:\/\/schema.org\",\"@graph\":[{\"@type\":\"WebPage\",\"@id\":\"https:\/\/www.jschamberi.org\/blog\/?p=3319\",\"url\":\"https:\/\/www.jschamberi.org\/blog\/?p=3319\",\"name\":\"Lo que el nacionalismo calla - Juventudes Socialistas de Chamber\u00ed\",\"isPartOf\":{\"@id\":\"https:\/\/www.jschamberi.org\/blog\/#website\"},\"datePublished\":\"2014-09-17T12:23:19+00:00\",\"dateModified\":\"2014-09-21T15:38:51+00:00\",\"author\":{\"@id\":\"https:\/\/www.jschamberi.org\/blog\/#\/schema\/person\/3f82d901471b027bfc456bee2b9d0d3d\"},\"breadcrumb\":{\"@id\":\"https:\/\/www.jschamberi.org\/blog\/?p=3319#breadcrumb\"},\"inLanguage\":\"es\",\"potentialAction\":[{\"@type\":\"ReadAction\",\"target\":[\"https:\/\/www.jschamberi.org\/blog\/?p=3319\"]}]},{\"@type\":\"BreadcrumbList\",\"@id\":\"https:\/\/www.jschamberi.org\/blog\/?p=3319#breadcrumb\",\"itemListElement\":[{\"@type\":\"ListItem\",\"position\":1,\"name\":\"Home\",\"item\":\"https:\/\/www.jschamberi.org\/blog\/\"},{\"@type\":\"ListItem\",\"position\":2,\"name\":\"Lo que el nacionalismo calla\"}]},{\"@type\":\"WebSite\",\"@id\":\"https:\/\/www.jschamberi.org\/blog\/#website\",\"url\":\"https:\/\/www.jschamberi.org\/blog\/\",\"name\":\"Juventudes Socialistas de Chamber\u00ed\",\"description\":\"\",\"potentialAction\":[{\"@type\":\"SearchAction\",\"target\":{\"@type\":\"EntryPoint\",\"urlTemplate\":\"https:\/\/www.jschamberi.org\/blog\/?s={search_term_string}\"},\"query-input\":{\"@type\":\"PropertyValueSpecification\",\"valueRequired\":true,\"valueName\":\"search_term_string\"}}],\"inLanguage\":\"es\"},{\"@type\":\"Person\",\"@id\":\"https:\/\/www.jschamberi.org\/blog\/#\/schema\/person\/3f82d901471b027bfc456bee2b9d0d3d\",\"name\":\"JSChamberi\",\"image\":{\"@type\":\"ImageObject\",\"inLanguage\":\"es\",\"@id\":\"https:\/\/www.jschamberi.org\/blog\/#\/schema\/person\/image\/\",\"url\":\"https:\/\/secure.gravatar.com\/avatar\/c2d40e2dd384331a8f7f7a2390eaafdb?s=96&d=identicon&r=g\",\"contentUrl\":\"https:\/\/secure.gravatar.com\/avatar\/c2d40e2dd384331a8f7f7a2390eaafdb?s=96&d=identicon&r=g\",\"caption\":\"JSChamberi\"},\"sameAs\":[\"http:\/\/jschamberi.org\"],\"url\":\"https:\/\/www.jschamberi.org\/blog\/?author=20\"}]}<\/script>\n<!-- \/ Yoast SEO plugin. -->","yoast_head_json":{"title":"Lo que el nacionalismo calla - Juventudes Socialistas de Chamber\u00ed","robots":{"index":"index","follow":"follow","max-snippet":"max-snippet:-1","max-image-preview":"max-image-preview:large","max-video-preview":"max-video-preview:-1"},"canonical":"https:\/\/www.jschamberi.org\/blog\/?p=3319","og_locale":"es_ES","og_type":"article","og_title":"Lo que el nacionalismo calla - Juventudes Socialistas de Chamber\u00ed","og_description":"Para alguien que se\u00a0 defina de ideas progresistas o de izquierdas la palabra democracia deber\u00eda ser su m\u00e1ximo mandamiento, pero\u00a0 surge otras dudas \u00bfQu\u00e9 es la democracia? Si partimos de la premisa de que la democracia es la voluntad de una mayor\u00eda de un determinado grupo, para aquellos que se llenan la boca haciendo llamar Leer m\u00e1s","og_url":"https:\/\/www.jschamberi.org\/blog\/?p=3319","og_site_name":"Juventudes Socialistas de Chamber\u00ed","article_published_time":"2014-09-17T12:23:19+00:00","article_modified_time":"2014-09-21T15:38:51+00:00","author":"JSChamberi","twitter_card":"summary_large_image","twitter_misc":{"Escrito por":"JSChamberi","Tiempo de lectura":"3 minutos"},"schema":{"@context":"https:\/\/schema.org","@graph":[{"@type":"WebPage","@id":"https:\/\/www.jschamberi.org\/blog\/?p=3319","url":"https:\/\/www.jschamberi.org\/blog\/?p=3319","name":"Lo que el nacionalismo calla - Juventudes Socialistas de Chamber\u00ed","isPartOf":{"@id":"https:\/\/www.jschamberi.org\/blog\/#website"},"datePublished":"2014-09-17T12:23:19+00:00","dateModified":"2014-09-21T15:38:51+00:00","author":{"@id":"https:\/\/www.jschamberi.org\/blog\/#\/schema\/person\/3f82d901471b027bfc456bee2b9d0d3d"},"breadcrumb":{"@id":"https:\/\/www.jschamberi.org\/blog\/?p=3319#breadcrumb"},"inLanguage":"es","potentialAction":[{"@type":"ReadAction","target":["https:\/\/www.jschamberi.org\/blog\/?p=3319"]}]},{"@type":"BreadcrumbList","@id":"https:\/\/www.jschamberi.org\/blog\/?p=3319#breadcrumb","itemListElement":[{"@type":"ListItem","position":1,"name":"Home","item":"https:\/\/www.jschamberi.org\/blog\/"},{"@type":"ListItem","position":2,"name":"Lo que el nacionalismo calla"}]},{"@type":"WebSite","@id":"https:\/\/www.jschamberi.org\/blog\/#website","url":"https:\/\/www.jschamberi.org\/blog\/","name":"Juventudes Socialistas de Chamber\u00ed","description":"","potentialAction":[{"@type":"SearchAction","target":{"@type":"EntryPoint","urlTemplate":"https:\/\/www.jschamberi.org\/blog\/?s={search_term_string}"},"query-input":{"@type":"PropertyValueSpecification","valueRequired":true,"valueName":"search_term_string"}}],"inLanguage":"es"},{"@type":"Person","@id":"https:\/\/www.jschamberi.org\/blog\/#\/schema\/person\/3f82d901471b027bfc456bee2b9d0d3d","name":"JSChamberi","image":{"@type":"ImageObject","inLanguage":"es","@id":"https:\/\/www.jschamberi.org\/blog\/#\/schema\/person\/image\/","url":"https:\/\/secure.gravatar.com\/avatar\/c2d40e2dd384331a8f7f7a2390eaafdb?s=96&d=identicon&r=g","contentUrl":"https:\/\/secure.gravatar.com\/avatar\/c2d40e2dd384331a8f7f7a2390eaafdb?s=96&d=identicon&r=g","caption":"JSChamberi"},"sameAs":["http:\/\/jschamberi.org"],"url":"https:\/\/www.jschamberi.org\/blog\/?author=20"}]}},"_links":{"self":[{"href":"https:\/\/www.jschamberi.org\/blog\/index.php?rest_route=\/wp\/v2\/posts\/3319"}],"collection":[{"href":"https:\/\/www.jschamberi.org\/blog\/index.php?rest_route=\/wp\/v2\/posts"}],"about":[{"href":"https:\/\/www.jschamberi.org\/blog\/index.php?rest_route=\/wp\/v2\/types\/post"}],"author":[{"embeddable":true,"href":"https:\/\/www.jschamberi.org\/blog\/index.php?rest_route=\/wp\/v2\/users\/20"}],"replies":[{"embeddable":true,"href":"https:\/\/www.jschamberi.org\/blog\/index.php?rest_route=%2Fwp%2Fv2%2Fcomments&post=3319"}],"version-history":[{"count":2,"href":"https:\/\/www.jschamberi.org\/blog\/index.php?rest_route=\/wp\/v2\/posts\/3319\/revisions"}],"predecessor-version":[{"id":3321,"href":"https:\/\/www.jschamberi.org\/blog\/index.php?rest_route=\/wp\/v2\/posts\/3319\/revisions\/3321"}],"wp:attachment":[{"href":"https:\/\/www.jschamberi.org\/blog\/index.php?rest_route=%2Fwp%2Fv2%2Fmedia&parent=3319"}],"wp:term":[{"taxonomy":"category","embeddable":true,"href":"https:\/\/www.jschamberi.org\/blog\/index.php?rest_route=%2Fwp%2Fv2%2Fcategories&post=3319"},{"taxonomy":"post_tag","embeddable":true,"href":"https:\/\/www.jschamberi.org\/blog\/index.php?rest_route=%2Fwp%2Fv2%2Ftags&post=3319"}],"curies":[{"name":"wp","href":"https:\/\/api.w.org\/{rel}","templated":true}]}}