{"id":3220,"date":"2014-05-22T16:17:36","date_gmt":"2014-05-22T15:17:36","guid":{"rendered":"http:\/\/www.jschamberi.org\/blog\/?p=3220"},"modified":"2014-07-18T15:59:26","modified_gmt":"2014-07-18T14:59:26","slug":"nos-acecha-la-xenofobia","status":"publish","type":"post","link":"https:\/\/www.jschamberi.org\/blog\/?p=3220","title":{"rendered":"\u00bfNos acecha la xenofobia?"},"content":{"rendered":"<p style=\"text-align: justify;\" align=\"center\"><a href=\"http:\/\/www.jschamberi.org\/blog\/?attachment_id=3218\" rel=\"attachment wp-att-3218\"><img loading=\"lazy\" decoding=\"async\" class=\"size-medium wp-image-3218 alignleft\" alt=\"20080528elpepivin_4345\" src=\"http:\/\/www.jschamberi.org\/blog\/wp-content\/uploads\/2014\/05\/20080528elpepivin_4345-262x300.jpg\" width=\"262\" height=\"300\" srcset=\"https:\/\/www.jschamberi.org\/blog\/wp-content\/uploads\/2014\/05\/20080528elpepivin_4345-262x300.jpg 262w, https:\/\/www.jschamberi.org\/blog\/wp-content\/uploads\/2014\/05\/20080528elpepivin_4345.jpg 439w\" sizes=\"(max-width: 262px) 100vw, 262px\" \/><\/a>Cuando hace unos d\u00edas empec\u00e9 a escribir este art\u00edculo, estaba un poco sorprendido de la poca presencia del tema de la inmigraci\u00f3n en la campa\u00f1a electoral. Desde entonces hasta ahora se me ha dado la raz\u00f3n y han aparecido noticias y alg\u00fan art\u00edculo en los medios sobre este asunto (como este <a href=\"http:\/\/elpais.com\/elpais\/2014\/05\/15\/opinion\/1400174415_306693.html\">editorial<\/a>, o este <a href=\"http:\/\/www.huffingtonpost.es\/juan-fernando-lopez-aguilar\/la-mirada-de-la-izquierda_b_5324407.html\">art\u00edculo<\/a>), que adem\u00e1s son mucho m\u00e1s interesantes que lo que yo pueda contar.<\/p>\n<p style=\"text-align: justify;\">No obstante, tengo algo que decir, ya que al Ministro Fern\u00e1ndez D\u00edaz <a href=\"http:\/\/www.publico.es\/politica\/521741\/fernandez-diaz-avisa-la-inmigracion-masiva-deteriora-la-convivencia\">tambien le preocupa el tema<\/a> (podr\u00eda ya de paso comentar estos temas con un poco m\u00e1s de suavidad y menos alarmismo, que hace mucho da\u00f1o), dado que la inmigraci\u00f3n llamada irregular proveniente de \u00c1frica est\u00e1 aumentando considerablemente , yo humildemente quiero prevenir al lector de la ola de xenofobia que podemos llegar a padecer en nuestro pa\u00eds.<\/p>\n<p style=\"text-align: justify;\">M\u00e1s all\u00e1 de comportamientos individuales, de los que tambi\u00e9n hay que preocuparse, es bastante conocido el auge de partidos pol\u00edticos xen\u00f3fobos en muchos pa\u00edses de la Uni\u00f3n Europea. Nosotros, por alg\u00fan motivo, todav\u00eda no tenemos &#8220;de eso&#8221; como se suele decir, o no de forma tan patente como en otros pa\u00edses. Tenemos partidos xen\u00f3fobos, pero ninguno ha alcanzado las instituciones m\u00e1s altas, como las cortes generales.\u00a0 Pero m\u00e1s vale prevenir que curar, por si acaso.<\/p>\n<p style=\"text-align: justify;\">La mayor\u00eda de cosas que voy a exponer a continuaci\u00f3n las he extra\u00eddo del informe llamado &#8220;El avance de la xenofobia en Europa&#8221; (G\u00e1mez Tejada, 2013), y todas juntas conforman un peque\u00f1o resumen de lo que ser\u00eda una especie de &#8220;racismo 2.0&#8221; que es el que estila la ultraderecha europea, de la que tambi\u00e9n se puede decir que ya es una &#8220;ultraderecha 2.0&#8221; (el ejemplo t\u00edpico es el Frente Nacional de Francia) por sus diferencias en la forma del discurso con la ultraderecha m\u00e1s tradicional.<\/p>\n<p style=\"text-align: justify;\">En primer lugar es llamativo que en este informe se se\u00f1ala que el hecho de que algunos estudios emplazan a Espa\u00f1a en un buen lugar en cuanto a <a href=\"http:\/\/www.mipex.eu\/spain\">integraci\u00f3n se refiere<\/a>, gracias\u00a0 en parte a algunas medidas tomadas por el Gobierno Espa\u00f1ol en el a\u00f1o 2009\u00a0 (un dato sorprendente, pues mucha gente, tanto espa\u00f1oles como no espa\u00f1oles, pensamos que Espa\u00f1a es un pa\u00eds racista en algunos aspectos) y que esto puede ser un factor m\u00e1s que est\u00e9 evitando el auge de la xenofobia.<\/p>\n<p style=\"text-align: justify;\"><!--more-->Otro aspecto a destacar es que no existe relaci\u00f3n directa entre el n\u00famero de inmigrantes y el auge de partidos xen\u00f3fobos. Es decir, hay paises con altas tasas de inmigraci\u00f3n (como Luxemburgo o Espa\u00f1a) sin partidos xen\u00f3fobos importantes y pa\u00edses con bajas tasas e inmigraci\u00f3n y con partidos xen\u00f3fobos importantes (Polonia). Y aqu\u00ed es donde os preguntareis porque estoy tan preocupado por el tema. Bueno, pues resulta que por ejemplo Italia (a donde \u00faltimamente llega un mayor n\u00famero de personas sin papeles) tiene problemas de inmigraci\u00f3n m\u00e1yores que los nuestros (como puede leerse en este\u00a0 <a href=\"http:\/\/internacional.elpais.com\/internacional\/2014\/05\/14\/actualidad\/1400090339_174282.html\">art\u00edculo<\/a>) y resulta que no solo la Liga Norte, cuyos miembros entre otras cosas insultaban a una ministra por ser negra, sino que hasta Beppe Grillo se apunt\u00f3 en su momento a la xenofobia 2.0 (os animo a una b\u00fasqueda Grillo+xenofobia en Google). As\u00ed que ya lo he dicho, hay que prevenirse. Por si acaso.<\/p>\n<p style=\"text-align: justify;\">Otra caracter\u00edstica es que estos partidos suelen ser adem\u00e1s <a href=\"http:\/\/www.elmundo.es\/internacional\/2014\/05\/19\/537a26bd22601d67118b4582.html\">euroesc\u00e9pticos<\/a>, enmascarando con una defensa de la diversidad la intenci\u00f3n de discriminar.<\/p>\n<p style=\"text-align: justify;\">Ahora bien, si el aumento de inmigraci\u00f3n que esta ocurriendo o va a suceder en los meses o a\u00f1os sucesivos, viene acompa\u00f1ado de un aumento de xenofobia, \u00bfcon que mensaje nos la van a vender?<\/p>\n<p style=\"text-align: justify;\">Pues en resumidas cuentas, nos van a decir, con unas u otras palabras, que nuestras instituciones corruptas han permitido o estan permitiendo que los inmigrantes saturen el pa\u00eds, y que si hay que elegir, los espa\u00f1oles primero. Esto \u00faltimo es la clave del mensaje, es el tipo de xenofobia que se conoce como preferencialismo, y que se sirve de no ser racista de un modo abierto para enmascararse y ser aceptable socielmente. Todo esto vendr\u00e1 acompa\u00f1ado de un lenguaje pol\u00edtico rupturista, dir\u00e1n que no son de izquierdas ni de derechas, y como ya he mencionado, que los partidos tradicionales son corruptos y hay que regenerar el sistema (mediante ellos mismos por supuesto). Esta es la ret\u00f3rica del Frente Nacional o de Plataforma per Catalunya, por ejemplo. Ah, y que quede claro que no todos los partidos &#8220;rupturistas&#8221; con el sistema son necesariamente xen\u00f3fobos, faltaba m\u00e1s.<\/p>\n<p style=\"text-align: justify;\">La otra pregunta clara que podemos hacernos ser\u00eda: antes incluso de que aparezcan estos partidos, \u00bfqu\u00e9 debemos o qu\u00e9 podemos hacer?<\/p>\n<p style=\"text-align: justify;\">Bueno, resulta que estas olas de xenofobia se han apoyado en la falta de oposici\u00f3n del resto de partidos y de la sociedad, algunos incluso han adoptado parte de su discurso (ve\u00e1se el caso de Sarcozy o Valls en Francia). Lo que podemos hacer desde ya es no tolerar siquiera actitudes poco serias con este asunto, en nuestros pol\u00edticos ni en nadie (como precisamente Arias Ca\u00f1ete hace unos a\u00f1os por <a href=\"https:\/\/www.youtube.com\/watch?v=nBf66NPPS0Y\">ejemplo<\/a>).<\/p>\n<p style=\"text-align: justify;\">Bien solo un par de cosas m\u00e1s, relacionando este tema con las elecciones del 25 de mayo. En primer lugar, os recomiendo mirar los apartados sobre inmigraci\u00f3n de los programas electorales de algunos partidos espa\u00f1oles, ya que he visto que son muy diferentes entre s\u00ed, a ver que os parece cada uno. No quiero comentar nada por que es evidente, dada mi preferencia por la izquierda, cuales me gustan m\u00e1s y cuales menos.<\/p>\n<p style=\"text-align: justify;\">En segundo lugar, y m\u00e1s importante, creo que solo por el problema de la xenofobia, que aunque de momento no sea directamente espa\u00f1ol s\u00ed es europeo, y por tanto nos afecta, es muy importante ir a votar, para hacer frente a estas ideas en Europa, cuanto m\u00e1s fuerte y leg\u00edtimo sea el resto del parlamento contra estas ideas, mejor.<\/p>\n<p style=\"text-align: justify;\">Biograf\u00eda:<\/p>\n<p style=\"text-align: justify;\">Tejada G\u00e1mez, M., <em>El avance de la xenofobia en Europa,<\/em>\u00a0Fundaci\u00f3n IDEAS, 2013.<\/p>\n<p style=\"text-align: justify;\">Ilustraci\u00f3n:<\/p>\n<p style=\"text-align: justify;\">El Roto<\/p>\n<p style=\"text-align: justify;\"><em><strong>Antonio Rodriguez<\/strong><\/em><\/p>\n<p style=\"text-align: justify;\">Militante de JS de Chamber\u00ed<\/p>\n","protected":false},"excerpt":{"rendered":"<p>Cuando hace unos d\u00edas empec\u00e9 a escribir este art\u00edculo, estaba un poco sorprendido de la poca presencia del tema de la inmigraci\u00f3n en la campa\u00f1a electoral. Desde entonces hasta ahora se me ha dado la raz\u00f3n y han aparecido noticias y alg\u00fan art\u00edculo en los medios sobre este asunto (como este editorial, o este art\u00edculo), <a class=\"read-more\" href=\"https:\/\/www.jschamberi.org\/blog\/?p=3220\">Leer m\u00e1s<\/a><\/p>\n","protected":false},"author":20,"featured_media":0,"comment_status":"open","ping_status":"open","sticky":false,"template":"","format":"standard","meta":{"footnotes":""},"categories":[75,26],"tags":[],"class_list":["post-3220","post","type-post","status-publish","format-standard","hentry","category-europeas-2014","category-opinion"],"yoast_head":"<!-- This site is optimized with the Yoast SEO plugin v23.7 - https:\/\/yoast.com\/wordpress\/plugins\/seo\/ -->\n<title>\u00bfNos acecha la xenofobia? - Juventudes Socialistas de Chamber\u00ed<\/title>\n<meta name=\"robots\" content=\"index, follow, max-snippet:-1, max-image-preview:large, max-video-preview:-1\" \/>\n<link rel=\"canonical\" href=\"https:\/\/www.jschamberi.org\/blog\/?p=3220\" \/>\n<meta property=\"og:locale\" content=\"es_ES\" \/>\n<meta property=\"og:type\" content=\"article\" \/>\n<meta property=\"og:title\" content=\"\u00bfNos acecha la xenofobia? - Juventudes Socialistas de Chamber\u00ed\" \/>\n<meta property=\"og:description\" content=\"Cuando hace unos d\u00edas empec\u00e9 a escribir este art\u00edculo, estaba un poco sorprendido de la poca presencia del tema de la inmigraci\u00f3n en la campa\u00f1a electoral. Desde entonces hasta ahora se me ha dado la raz\u00f3n y han aparecido noticias y alg\u00fan art\u00edculo en los medios sobre este asunto (como este editorial, o este art\u00edculo), Leer m\u00e1s\" \/>\n<meta property=\"og:url\" content=\"https:\/\/www.jschamberi.org\/blog\/?p=3220\" \/>\n<meta property=\"og:site_name\" content=\"Juventudes Socialistas de Chamber\u00ed\" \/>\n<meta property=\"article:published_time\" content=\"2014-05-22T15:17:36+00:00\" \/>\n<meta property=\"article:modified_time\" content=\"2014-07-18T14:59:26+00:00\" \/>\n<meta property=\"og:image\" content=\"https:\/\/www.jschamberi.org\/blog\/wp-content\/uploads\/2014\/05\/20080528elpepivin_4345.jpg\" \/>\n\t<meta property=\"og:image:width\" content=\"439\" \/>\n\t<meta property=\"og:image:height\" content=\"501\" \/>\n\t<meta property=\"og:image:type\" content=\"image\/jpeg\" \/>\n<meta name=\"author\" content=\"JSChamberi\" \/>\n<meta name=\"twitter:card\" content=\"summary_large_image\" \/>\n<meta name=\"twitter:label1\" content=\"Escrito por\" \/>\n\t<meta name=\"twitter:data1\" content=\"JSChamberi\" \/>\n\t<meta name=\"twitter:label2\" content=\"Tiempo de lectura\" \/>\n\t<meta name=\"twitter:data2\" content=\"5 minutos\" \/>\n<script type=\"application\/ld+json\" class=\"yoast-schema-graph\">{\"@context\":\"https:\/\/schema.org\",\"@graph\":[{\"@type\":\"WebPage\",\"@id\":\"https:\/\/www.jschamberi.org\/blog\/?p=3220\",\"url\":\"https:\/\/www.jschamberi.org\/blog\/?p=3220\",\"name\":\"\u00bfNos acecha la xenofobia? - Juventudes Socialistas de Chamber\u00ed\",\"isPartOf\":{\"@id\":\"https:\/\/www.jschamberi.org\/blog\/#website\"},\"primaryImageOfPage\":{\"@id\":\"https:\/\/www.jschamberi.org\/blog\/?p=3220#primaryimage\"},\"image\":{\"@id\":\"https:\/\/www.jschamberi.org\/blog\/?p=3220#primaryimage\"},\"thumbnailUrl\":\"http:\/\/www.jschamberi.org\/blog\/wp-content\/uploads\/2014\/05\/20080528elpepivin_4345-262x300.jpg\",\"datePublished\":\"2014-05-22T15:17:36+00:00\",\"dateModified\":\"2014-07-18T14:59:26+00:00\",\"author\":{\"@id\":\"https:\/\/www.jschamberi.org\/blog\/#\/schema\/person\/3f82d901471b027bfc456bee2b9d0d3d\"},\"breadcrumb\":{\"@id\":\"https:\/\/www.jschamberi.org\/blog\/?p=3220#breadcrumb\"},\"inLanguage\":\"es\",\"potentialAction\":[{\"@type\":\"ReadAction\",\"target\":[\"https:\/\/www.jschamberi.org\/blog\/?p=3220\"]}]},{\"@type\":\"ImageObject\",\"inLanguage\":\"es\",\"@id\":\"https:\/\/www.jschamberi.org\/blog\/?p=3220#primaryimage\",\"url\":\"https:\/\/www.jschamberi.org\/blog\/wp-content\/uploads\/2014\/05\/20080528elpepivin_4345.jpg\",\"contentUrl\":\"https:\/\/www.jschamberi.org\/blog\/wp-content\/uploads\/2014\/05\/20080528elpepivin_4345.jpg\",\"width\":439,\"height\":501},{\"@type\":\"BreadcrumbList\",\"@id\":\"https:\/\/www.jschamberi.org\/blog\/?p=3220#breadcrumb\",\"itemListElement\":[{\"@type\":\"ListItem\",\"position\":1,\"name\":\"Home\",\"item\":\"https:\/\/www.jschamberi.org\/blog\/\"},{\"@type\":\"ListItem\",\"position\":2,\"name\":\"\u00bfNos acecha la xenofobia?\"}]},{\"@type\":\"WebSite\",\"@id\":\"https:\/\/www.jschamberi.org\/blog\/#website\",\"url\":\"https:\/\/www.jschamberi.org\/blog\/\",\"name\":\"Juventudes Socialistas de Chamber\u00ed\",\"description\":\"\",\"potentialAction\":[{\"@type\":\"SearchAction\",\"target\":{\"@type\":\"EntryPoint\",\"urlTemplate\":\"https:\/\/www.jschamberi.org\/blog\/?s={search_term_string}\"},\"query-input\":{\"@type\":\"PropertyValueSpecification\",\"valueRequired\":true,\"valueName\":\"search_term_string\"}}],\"inLanguage\":\"es\"},{\"@type\":\"Person\",\"@id\":\"https:\/\/www.jschamberi.org\/blog\/#\/schema\/person\/3f82d901471b027bfc456bee2b9d0d3d\",\"name\":\"JSChamberi\",\"image\":{\"@type\":\"ImageObject\",\"inLanguage\":\"es\",\"@id\":\"https:\/\/www.jschamberi.org\/blog\/#\/schema\/person\/image\/\",\"url\":\"https:\/\/secure.gravatar.com\/avatar\/c2d40e2dd384331a8f7f7a2390eaafdb?s=96&d=identicon&r=g\",\"contentUrl\":\"https:\/\/secure.gravatar.com\/avatar\/c2d40e2dd384331a8f7f7a2390eaafdb?s=96&d=identicon&r=g\",\"caption\":\"JSChamberi\"},\"sameAs\":[\"http:\/\/jschamberi.org\"],\"url\":\"https:\/\/www.jschamberi.org\/blog\/?author=20\"}]}<\/script>\n<!-- \/ Yoast SEO plugin. -->","yoast_head_json":{"title":"\u00bfNos acecha la xenofobia? - Juventudes Socialistas de Chamber\u00ed","robots":{"index":"index","follow":"follow","max-snippet":"max-snippet:-1","max-image-preview":"max-image-preview:large","max-video-preview":"max-video-preview:-1"},"canonical":"https:\/\/www.jschamberi.org\/blog\/?p=3220","og_locale":"es_ES","og_type":"article","og_title":"\u00bfNos acecha la xenofobia? - Juventudes Socialistas de Chamber\u00ed","og_description":"Cuando hace unos d\u00edas empec\u00e9 a escribir este art\u00edculo, estaba un poco sorprendido de la poca presencia del tema de la inmigraci\u00f3n en la campa\u00f1a electoral. Desde entonces hasta ahora se me ha dado la raz\u00f3n y han aparecido noticias y alg\u00fan art\u00edculo en los medios sobre este asunto (como este editorial, o este art\u00edculo), Leer m\u00e1s","og_url":"https:\/\/www.jschamberi.org\/blog\/?p=3220","og_site_name":"Juventudes Socialistas de Chamber\u00ed","article_published_time":"2014-05-22T15:17:36+00:00","article_modified_time":"2014-07-18T14:59:26+00:00","og_image":[{"width":439,"height":501,"url":"https:\/\/www.jschamberi.org\/blog\/wp-content\/uploads\/2014\/05\/20080528elpepivin_4345.jpg","type":"image\/jpeg"}],"author":"JSChamberi","twitter_card":"summary_large_image","twitter_misc":{"Escrito por":"JSChamberi","Tiempo de lectura":"5 minutos"},"schema":{"@context":"https:\/\/schema.org","@graph":[{"@type":"WebPage","@id":"https:\/\/www.jschamberi.org\/blog\/?p=3220","url":"https:\/\/www.jschamberi.org\/blog\/?p=3220","name":"\u00bfNos acecha la xenofobia? - Juventudes Socialistas de Chamber\u00ed","isPartOf":{"@id":"https:\/\/www.jschamberi.org\/blog\/#website"},"primaryImageOfPage":{"@id":"https:\/\/www.jschamberi.org\/blog\/?p=3220#primaryimage"},"image":{"@id":"https:\/\/www.jschamberi.org\/blog\/?p=3220#primaryimage"},"thumbnailUrl":"http:\/\/www.jschamberi.org\/blog\/wp-content\/uploads\/2014\/05\/20080528elpepivin_4345-262x300.jpg","datePublished":"2014-05-22T15:17:36+00:00","dateModified":"2014-07-18T14:59:26+00:00","author":{"@id":"https:\/\/www.jschamberi.org\/blog\/#\/schema\/person\/3f82d901471b027bfc456bee2b9d0d3d"},"breadcrumb":{"@id":"https:\/\/www.jschamberi.org\/blog\/?p=3220#breadcrumb"},"inLanguage":"es","potentialAction":[{"@type":"ReadAction","target":["https:\/\/www.jschamberi.org\/blog\/?p=3220"]}]},{"@type":"ImageObject","inLanguage":"es","@id":"https:\/\/www.jschamberi.org\/blog\/?p=3220#primaryimage","url":"https:\/\/www.jschamberi.org\/blog\/wp-content\/uploads\/2014\/05\/20080528elpepivin_4345.jpg","contentUrl":"https:\/\/www.jschamberi.org\/blog\/wp-content\/uploads\/2014\/05\/20080528elpepivin_4345.jpg","width":439,"height":501},{"@type":"BreadcrumbList","@id":"https:\/\/www.jschamberi.org\/blog\/?p=3220#breadcrumb","itemListElement":[{"@type":"ListItem","position":1,"name":"Home","item":"https:\/\/www.jschamberi.org\/blog\/"},{"@type":"ListItem","position":2,"name":"\u00bfNos acecha la xenofobia?"}]},{"@type":"WebSite","@id":"https:\/\/www.jschamberi.org\/blog\/#website","url":"https:\/\/www.jschamberi.org\/blog\/","name":"Juventudes Socialistas de Chamber\u00ed","description":"","potentialAction":[{"@type":"SearchAction","target":{"@type":"EntryPoint","urlTemplate":"https:\/\/www.jschamberi.org\/blog\/?s={search_term_string}"},"query-input":{"@type":"PropertyValueSpecification","valueRequired":true,"valueName":"search_term_string"}}],"inLanguage":"es"},{"@type":"Person","@id":"https:\/\/www.jschamberi.org\/blog\/#\/schema\/person\/3f82d901471b027bfc456bee2b9d0d3d","name":"JSChamberi","image":{"@type":"ImageObject","inLanguage":"es","@id":"https:\/\/www.jschamberi.org\/blog\/#\/schema\/person\/image\/","url":"https:\/\/secure.gravatar.com\/avatar\/c2d40e2dd384331a8f7f7a2390eaafdb?s=96&d=identicon&r=g","contentUrl":"https:\/\/secure.gravatar.com\/avatar\/c2d40e2dd384331a8f7f7a2390eaafdb?s=96&d=identicon&r=g","caption":"JSChamberi"},"sameAs":["http:\/\/jschamberi.org"],"url":"https:\/\/www.jschamberi.org\/blog\/?author=20"}]}},"_links":{"self":[{"href":"https:\/\/www.jschamberi.org\/blog\/index.php?rest_route=\/wp\/v2\/posts\/3220"}],"collection":[{"href":"https:\/\/www.jschamberi.org\/blog\/index.php?rest_route=\/wp\/v2\/posts"}],"about":[{"href":"https:\/\/www.jschamberi.org\/blog\/index.php?rest_route=\/wp\/v2\/types\/post"}],"author":[{"embeddable":true,"href":"https:\/\/www.jschamberi.org\/blog\/index.php?rest_route=\/wp\/v2\/users\/20"}],"replies":[{"embeddable":true,"href":"https:\/\/www.jschamberi.org\/blog\/index.php?rest_route=%2Fwp%2Fv2%2Fcomments&post=3220"}],"version-history":[{"count":3,"href":"https:\/\/www.jschamberi.org\/blog\/index.php?rest_route=\/wp\/v2\/posts\/3220\/revisions"}],"predecessor-version":[{"id":3223,"href":"https:\/\/www.jschamberi.org\/blog\/index.php?rest_route=\/wp\/v2\/posts\/3220\/revisions\/3223"}],"wp:attachment":[{"href":"https:\/\/www.jschamberi.org\/blog\/index.php?rest_route=%2Fwp%2Fv2%2Fmedia&parent=3220"}],"wp:term":[{"taxonomy":"category","embeddable":true,"href":"https:\/\/www.jschamberi.org\/blog\/index.php?rest_route=%2Fwp%2Fv2%2Fcategories&post=3220"},{"taxonomy":"post_tag","embeddable":true,"href":"https:\/\/www.jschamberi.org\/blog\/index.php?rest_route=%2Fwp%2Fv2%2Ftags&post=3220"}],"curies":[{"name":"wp","href":"https:\/\/api.w.org\/{rel}","templated":true}]}}