{"id":3180,"date":"2014-05-06T09:26:24","date_gmt":"2014-05-06T08:26:24","guid":{"rendered":"http:\/\/www.jschamberi.org\/blog\/?p=3180"},"modified":"2014-07-18T16:03:33","modified_gmt":"2014-07-18T15:03:33","slug":"14-de-abril","status":"publish","type":"post","link":"https:\/\/www.jschamberi.org\/blog\/?p=3180","title":{"rendered":"14 de abril"},"content":{"rendered":"<p style=\"text-align: justify;\">Dec\u00eda <b>Maquiavelo<\/b>, en uno de sus &#8220;Discursos sobre la primera d\u00e9cada de Tito Livio&#8221;, que los sistemas pol\u00edticos de los hombres se repiten en una especie de ciclo, que empezaba con la monarqu\u00edadel m\u00e1s fuerte y terminaba con la rep\u00fablica. En este ciclo, el hombre aprend\u00eda que la democracia era el mejor m\u00e9todo, y ello siempre le llevaba a una rep\u00fablica. Sin embargo, una vez mor\u00edan las primeras generaciones que trajeron la rep\u00fablica, el esp\u00edritu se perd\u00eda y se ca\u00eda en una corrupci\u00f3n que acababa llevando a una tiran\u00eda. Entonces, se volv\u00eda a una monarqu\u00eda primitiva en la que primaba la ley del m\u00e1s fuerte.<\/p>\n<p style=\"text-align: justify;\">\u00a0\u00a0 Si bien es cierto que este ciclo se ha repetido a lo largo de la historia de la humanidad, tambi\u00e9n lo es que los &#8220;Discursos sobre la primera d\u00e9cada de Tito Livio&#8221; se publicaron en 1531. Es decir: Hace casi 500 a\u00f1os. En aquella \u00e9poca, los requisitos democr\u00e1ticos actuales no eran contemplados, al no ser posibles. La corrupci\u00f3n no se hac\u00eda p\u00fablica hasta que era tan evidente como insalvable el sistema. Entonces, alguien tomaba el mando, ayudado de fuerzas militares, y se instauraba en el poder de forma autoritaria. Esta era, por tanto, el proceso de hechos que acaec\u00edan de forma general en cada r\u00e9gimen que intentaba la dif\u00edcil, a la par que so\u00f1ada, tarea de la <b>democracia<\/b>.<\/p>\n<p style=\"text-align: justify;\"><a href=\"http:\/\/www.jschamberi.org\/blog\/?attachment_id=3181\" rel=\"attachment wp-att-3181\"><img loading=\"lazy\" decoding=\"async\" class=\"alignleft size-medium wp-image-3181\" style=\"border: 10px solid white;\" alt=\"530116_359090944132842_112956075412998_1010803_1358139513_n\" src=\"http:\/\/www.jschamberi.org\/blog\/wp-content\/uploads\/2014\/05\/530116_359090944132842_112956075412998_1010803_1358139513_n-300x300.jpg\" width=\"300\" height=\"300\" srcset=\"https:\/\/www.jschamberi.org\/blog\/wp-content\/uploads\/2014\/05\/530116_359090944132842_112956075412998_1010803_1358139513_n-300x300.jpg 300w, https:\/\/www.jschamberi.org\/blog\/wp-content\/uploads\/2014\/05\/530116_359090944132842_112956075412998_1010803_1358139513_n-150x150.jpg 150w, https:\/\/www.jschamberi.org\/blog\/wp-content\/uploads\/2014\/05\/530116_359090944132842_112956075412998_1010803_1358139513_n.jpg 600w\" sizes=\"(max-width: 300px) 100vw, 300px\" \/><\/a>Hoy en d\u00eda, las cosas han cambiado en muchos aspectos. Casi 500 a\u00f1os despu\u00e9s, la democracia no se muestra como novedad, sino como sistema pol\u00edtico sano y normal (dentro de lo que cabe). La concepci\u00f3n de la democracia no muestra apenas dudas en una sociedad que empieza a entender como fundamentales ideas b\u00e1sicas en el talante dem\u00f3crata: <b>Tolerancia<\/b>, <b>respeto<\/b> e <b>igualdad<\/b>. Es por ello que sorprende que\u00a0 ciertas monarqu\u00edas sigan estando vigentes en la sociedad occidental m\u00e1s avanzada. Entre ellas, la<b> espa\u00f1ola<\/b>.<\/p>\n<p style=\"text-align: justify;\">Y es que, aunque dentro de lo que cabe, la monarqu\u00eda espa\u00f1ola tuvo razones y legitimidad en su momento (aunque la Ley para la Reforma Pol\u00edtica del 77 no especificase si el rey era realmente querido o no, s\u00ed lo hicieron las muchas encuestas del momento),<b> la sociedad espa\u00f1ola no es la misma que la de hace 40 a\u00f1os<\/b>. Hoy, no se le ha preguntado a la sociedad qu\u00e9 sistema prefiere. He aqu\u00ed uno de los problemas de la legitimidad de tal instituci\u00f3n: El estar desactualizada. Al menos, deber\u00eda plantearse un refer\u00e9ndum que aclarase si la sociedad espa\u00f1ola de verdad quiere el r\u00e9gimen democr\u00e1tico por excelencia o seguir con un r\u00e9gimen anacr\u00f3nico como es la monarqu\u00eda. Y si la monarqu\u00eda quiere tener opciones reales de continuar, probablemente sean ellos mismos quienes deban plantear el refer\u00e9ndum.<\/p>\n<p style=\"text-align: justify;\"><!--more--><\/p>\n<p style=\"text-align: justify;\">Que por qu\u00e9 es mejor una rep\u00fablica que una monarqu\u00eda si la democracia nos est\u00e1 dando m\u00e1s problemas que la monarqu\u00eda en este pa\u00eds, se preguntan algunos. Primero: Porque esto \u00faltimo es una <b>falacia<\/b>. La democracia no da problemas: Los da la <b>sociedad<\/b>. Los pol\u00edticos no son una serie de extraterrestres sin ning\u00fan tipo de moral que llegan al poder sin tener conexi\u00f3n con la sociedad. Los pol\u00edticos salen de la sociedad, son una representaci\u00f3n de ella misma. De manera que si queremos arreglar la democracia, primero habr\u00e1 que arreglar la sociedad. \u00bfC\u00f3mo? Mediante <b>educaci\u00f3n<\/b>. Mediante un cambio. Y este cambio puede ser el de la rep\u00fablica.<\/p>\n<p style=\"text-align: justify;\">En segundo lugar, porque <b>no es justo<\/b>. Ni para ellos (la familia real) ni para nosotros, sus &#8220;vasallos&#8221;. Para nosotros, por motivos obvios: Poseen por nacimiento <b>m\u00e1s derechos<\/b> que nosotros. Eso, quitando que el rey no es responsable de sus delitos, y el resto de espa\u00f1oles s\u00ed. Pero lo es para ellos tambi\u00e9n, pues se ven obligados por nacimiento a una serie de responsabilidades y a no poder llevar nunca una vida privada. Si esto es una ventaja o una desventaja, depende de cada persona. Pero lo que queda claro es que se vulnera un principio b\u00e1sico de la democracia: La <b>igualdad<\/b>.<\/p>\n<p style=\"text-align: justify;\">Por todo esto, entiendo que la m\u00e1xima representaci\u00f3n de la democracia en un sistema pol\u00edtico es la rep\u00fablica. Aquel que se considera <b>dem\u00f3crata<\/b>, deber\u00eda considerarse, por consiguiente <b>republicano<\/b>. No se entiende una idea sin la otra. Igual que no se entiende una sociedad avanzada en la que el Jefe del Estado lo sea por criterios divinos, porque ya hemos avanzado lo suficiente como para no tener que adaptarnos a estos criterios. Tampoco nos debe servir el creernos que &#8220;un rey es criado desde peque\u00f1o para serlo, y por ello su figura es buena&#8221;, porque una persona puede servir o no para ser gestor, y no podemos encomendarnos al azar.<\/p>\n<p style=\"text-align: justify;\">No. La sociedad ya es capaz, gracias a los medios de comunicaci\u00f3n, a Internet, y a su propia evoluci\u00f3n, de poder <b>decidir cu\u00e1l es su futuro<\/b>, y no verse encadenada a un sistema inocuo, pero a la vez, anticuado. Y antidem\u00f3crata.<\/p>\n<p style=\"text-align: justify;\">Ahora, la sociedad debe demostrarle a Maquiavelo que estaba equivocado. Hoy, debe volver a gritar y luchar por un objetivo: Que <b>Espa\u00f1a, ma\u00f1ana, sea republicana<\/b>. Lo cual no es cuesti\u00f3n de ideolog\u00edas, ojo: Es una cuesti\u00f3n de <b>inteligencia<\/b>.<\/p>\n<p style=\"text-align: justify;\">PD: Que la bandera sea roja, amarilla y morada, rojigualda o verde fosforito me da igual. Eso es un mero s\u00edmbolo sin importancia, que tiene su significado ahora, pero que una vez estemos en rep\u00fablica dar\u00e1 lo mismo.<\/p>\n<p style=\"text-align: justify;\">\n<p style=\"text-align: justify;\">Art\u00edculo publicado originalmente en <a href=\"http:\/\/divgando.blogspot.com.es\/\">http:\/\/divgando.blogspot.com.es<\/a> el 14 de abril de 2014.<\/p>\n<p style=\"text-align: justify;\">\n<p style=\"text-align: justify;\">\n<p style=\"text-align: justify;\" align=\"left\"><b><i>Pablo Villatoro<\/i><\/b><\/p>\n<p style=\"text-align: justify;\" align=\"left\">Militante de JS de Chamber\u00ed<\/p>\n","protected":false},"excerpt":{"rendered":"<p>Dec\u00eda Maquiavelo, en uno de sus &#8220;Discursos sobre la primera d\u00e9cada de Tito Livio&#8221;, que los sistemas pol\u00edticos de los hombres se repiten en una especie de ciclo, que empezaba con la monarqu\u00edadel m\u00e1s fuerte y terminaba con la rep\u00fablica. En este ciclo, el hombre aprend\u00eda que la democracia era el mejor m\u00e9todo, y ello <a class=\"read-more\" href=\"https:\/\/www.jschamberi.org\/blog\/?p=3180\">Leer m\u00e1s<\/a><\/p>\n","protected":false},"author":20,"featured_media":0,"comment_status":"open","ping_status":"open","sticky":false,"template":"","format":"standard","meta":{"footnotes":""},"categories":[26],"tags":[],"class_list":["post-3180","post","type-post","status-publish","format-standard","hentry","category-opinion"],"yoast_head":"<!-- This site is optimized with the Yoast SEO plugin v23.7 - https:\/\/yoast.com\/wordpress\/plugins\/seo\/ -->\n<title>14 de abril  - Juventudes Socialistas de Chamber\u00ed<\/title>\n<meta name=\"robots\" content=\"index, follow, max-snippet:-1, max-image-preview:large, max-video-preview:-1\" \/>\n<link rel=\"canonical\" href=\"https:\/\/www.jschamberi.org\/blog\/?p=3180\" \/>\n<meta property=\"og:locale\" content=\"es_ES\" \/>\n<meta property=\"og:type\" content=\"article\" \/>\n<meta property=\"og:title\" content=\"14 de abril  - Juventudes Socialistas de Chamber\u00ed\" \/>\n<meta property=\"og:description\" content=\"Dec\u00eda Maquiavelo, en uno de sus &#8220;Discursos sobre la primera d\u00e9cada de Tito Livio&#8221;, que los sistemas pol\u00edticos de los hombres se repiten en una especie de ciclo, que empezaba con la monarqu\u00edadel m\u00e1s fuerte y terminaba con la rep\u00fablica. En este ciclo, el hombre aprend\u00eda que la democracia era el mejor m\u00e9todo, y ello Leer m\u00e1s\" \/>\n<meta property=\"og:url\" content=\"https:\/\/www.jschamberi.org\/blog\/?p=3180\" \/>\n<meta property=\"og:site_name\" content=\"Juventudes Socialistas de Chamber\u00ed\" \/>\n<meta property=\"article:published_time\" content=\"2014-05-06T08:26:24+00:00\" \/>\n<meta property=\"article:modified_time\" content=\"2014-07-18T15:03:33+00:00\" \/>\n<meta property=\"og:image\" content=\"https:\/\/www.jschamberi.org\/blog\/wp-content\/uploads\/2014\/05\/530116_359090944132842_112956075412998_1010803_1358139513_n.jpg\" \/>\n\t<meta property=\"og:image:width\" content=\"600\" \/>\n\t<meta property=\"og:image:height\" content=\"600\" \/>\n\t<meta property=\"og:image:type\" content=\"image\/jpeg\" \/>\n<meta name=\"author\" content=\"JSChamberi\" \/>\n<meta name=\"twitter:card\" content=\"summary_large_image\" \/>\n<meta name=\"twitter:label1\" content=\"Escrito por\" \/>\n\t<meta name=\"twitter:data1\" content=\"JSChamberi\" \/>\n\t<meta name=\"twitter:label2\" content=\"Tiempo de lectura\" \/>\n\t<meta name=\"twitter:data2\" content=\"5 minutos\" \/>\n<script type=\"application\/ld+json\" class=\"yoast-schema-graph\">{\"@context\":\"https:\/\/schema.org\",\"@graph\":[{\"@type\":\"WebPage\",\"@id\":\"https:\/\/www.jschamberi.org\/blog\/?p=3180\",\"url\":\"https:\/\/www.jschamberi.org\/blog\/?p=3180\",\"name\":\"14 de abril - Juventudes Socialistas de Chamber\u00ed\",\"isPartOf\":{\"@id\":\"https:\/\/www.jschamberi.org\/blog\/#website\"},\"primaryImageOfPage\":{\"@id\":\"https:\/\/www.jschamberi.org\/blog\/?p=3180#primaryimage\"},\"image\":{\"@id\":\"https:\/\/www.jschamberi.org\/blog\/?p=3180#primaryimage\"},\"thumbnailUrl\":\"http:\/\/www.jschamberi.org\/blog\/wp-content\/uploads\/2014\/05\/530116_359090944132842_112956075412998_1010803_1358139513_n-300x300.jpg\",\"datePublished\":\"2014-05-06T08:26:24+00:00\",\"dateModified\":\"2014-07-18T15:03:33+00:00\",\"author\":{\"@id\":\"https:\/\/www.jschamberi.org\/blog\/#\/schema\/person\/3f82d901471b027bfc456bee2b9d0d3d\"},\"breadcrumb\":{\"@id\":\"https:\/\/www.jschamberi.org\/blog\/?p=3180#breadcrumb\"},\"inLanguage\":\"es\",\"potentialAction\":[{\"@type\":\"ReadAction\",\"target\":[\"https:\/\/www.jschamberi.org\/blog\/?p=3180\"]}]},{\"@type\":\"ImageObject\",\"inLanguage\":\"es\",\"@id\":\"https:\/\/www.jschamberi.org\/blog\/?p=3180#primaryimage\",\"url\":\"https:\/\/www.jschamberi.org\/blog\/wp-content\/uploads\/2014\/05\/530116_359090944132842_112956075412998_1010803_1358139513_n.jpg\",\"contentUrl\":\"https:\/\/www.jschamberi.org\/blog\/wp-content\/uploads\/2014\/05\/530116_359090944132842_112956075412998_1010803_1358139513_n.jpg\",\"width\":600,\"height\":600},{\"@type\":\"BreadcrumbList\",\"@id\":\"https:\/\/www.jschamberi.org\/blog\/?p=3180#breadcrumb\",\"itemListElement\":[{\"@type\":\"ListItem\",\"position\":1,\"name\":\"Home\",\"item\":\"https:\/\/www.jschamberi.org\/blog\/\"},{\"@type\":\"ListItem\",\"position\":2,\"name\":\"14 de abril\"}]},{\"@type\":\"WebSite\",\"@id\":\"https:\/\/www.jschamberi.org\/blog\/#website\",\"url\":\"https:\/\/www.jschamberi.org\/blog\/\",\"name\":\"Juventudes Socialistas de Chamber\u00ed\",\"description\":\"\",\"potentialAction\":[{\"@type\":\"SearchAction\",\"target\":{\"@type\":\"EntryPoint\",\"urlTemplate\":\"https:\/\/www.jschamberi.org\/blog\/?s={search_term_string}\"},\"query-input\":{\"@type\":\"PropertyValueSpecification\",\"valueRequired\":true,\"valueName\":\"search_term_string\"}}],\"inLanguage\":\"es\"},{\"@type\":\"Person\",\"@id\":\"https:\/\/www.jschamberi.org\/blog\/#\/schema\/person\/3f82d901471b027bfc456bee2b9d0d3d\",\"name\":\"JSChamberi\",\"image\":{\"@type\":\"ImageObject\",\"inLanguage\":\"es\",\"@id\":\"https:\/\/www.jschamberi.org\/blog\/#\/schema\/person\/image\/\",\"url\":\"https:\/\/secure.gravatar.com\/avatar\/c2d40e2dd384331a8f7f7a2390eaafdb?s=96&d=identicon&r=g\",\"contentUrl\":\"https:\/\/secure.gravatar.com\/avatar\/c2d40e2dd384331a8f7f7a2390eaafdb?s=96&d=identicon&r=g\",\"caption\":\"JSChamberi\"},\"sameAs\":[\"http:\/\/jschamberi.org\"],\"url\":\"https:\/\/www.jschamberi.org\/blog\/?author=20\"}]}<\/script>\n<!-- \/ Yoast SEO plugin. -->","yoast_head_json":{"title":"14 de abril  - Juventudes Socialistas de Chamber\u00ed","robots":{"index":"index","follow":"follow","max-snippet":"max-snippet:-1","max-image-preview":"max-image-preview:large","max-video-preview":"max-video-preview:-1"},"canonical":"https:\/\/www.jschamberi.org\/blog\/?p=3180","og_locale":"es_ES","og_type":"article","og_title":"14 de abril  - Juventudes Socialistas de Chamber\u00ed","og_description":"Dec\u00eda Maquiavelo, en uno de sus &#8220;Discursos sobre la primera d\u00e9cada de Tito Livio&#8221;, que los sistemas pol\u00edticos de los hombres se repiten en una especie de ciclo, que empezaba con la monarqu\u00edadel m\u00e1s fuerte y terminaba con la rep\u00fablica. En este ciclo, el hombre aprend\u00eda que la democracia era el mejor m\u00e9todo, y ello Leer m\u00e1s","og_url":"https:\/\/www.jschamberi.org\/blog\/?p=3180","og_site_name":"Juventudes Socialistas de Chamber\u00ed","article_published_time":"2014-05-06T08:26:24+00:00","article_modified_time":"2014-07-18T15:03:33+00:00","og_image":[{"width":600,"height":600,"url":"https:\/\/www.jschamberi.org\/blog\/wp-content\/uploads\/2014\/05\/530116_359090944132842_112956075412998_1010803_1358139513_n.jpg","type":"image\/jpeg"}],"author":"JSChamberi","twitter_card":"summary_large_image","twitter_misc":{"Escrito por":"JSChamberi","Tiempo de lectura":"5 minutos"},"schema":{"@context":"https:\/\/schema.org","@graph":[{"@type":"WebPage","@id":"https:\/\/www.jschamberi.org\/blog\/?p=3180","url":"https:\/\/www.jschamberi.org\/blog\/?p=3180","name":"14 de abril - Juventudes Socialistas de Chamber\u00ed","isPartOf":{"@id":"https:\/\/www.jschamberi.org\/blog\/#website"},"primaryImageOfPage":{"@id":"https:\/\/www.jschamberi.org\/blog\/?p=3180#primaryimage"},"image":{"@id":"https:\/\/www.jschamberi.org\/blog\/?p=3180#primaryimage"},"thumbnailUrl":"http:\/\/www.jschamberi.org\/blog\/wp-content\/uploads\/2014\/05\/530116_359090944132842_112956075412998_1010803_1358139513_n-300x300.jpg","datePublished":"2014-05-06T08:26:24+00:00","dateModified":"2014-07-18T15:03:33+00:00","author":{"@id":"https:\/\/www.jschamberi.org\/blog\/#\/schema\/person\/3f82d901471b027bfc456bee2b9d0d3d"},"breadcrumb":{"@id":"https:\/\/www.jschamberi.org\/blog\/?p=3180#breadcrumb"},"inLanguage":"es","potentialAction":[{"@type":"ReadAction","target":["https:\/\/www.jschamberi.org\/blog\/?p=3180"]}]},{"@type":"ImageObject","inLanguage":"es","@id":"https:\/\/www.jschamberi.org\/blog\/?p=3180#primaryimage","url":"https:\/\/www.jschamberi.org\/blog\/wp-content\/uploads\/2014\/05\/530116_359090944132842_112956075412998_1010803_1358139513_n.jpg","contentUrl":"https:\/\/www.jschamberi.org\/blog\/wp-content\/uploads\/2014\/05\/530116_359090944132842_112956075412998_1010803_1358139513_n.jpg","width":600,"height":600},{"@type":"BreadcrumbList","@id":"https:\/\/www.jschamberi.org\/blog\/?p=3180#breadcrumb","itemListElement":[{"@type":"ListItem","position":1,"name":"Home","item":"https:\/\/www.jschamberi.org\/blog\/"},{"@type":"ListItem","position":2,"name":"14 de abril"}]},{"@type":"WebSite","@id":"https:\/\/www.jschamberi.org\/blog\/#website","url":"https:\/\/www.jschamberi.org\/blog\/","name":"Juventudes Socialistas de Chamber\u00ed","description":"","potentialAction":[{"@type":"SearchAction","target":{"@type":"EntryPoint","urlTemplate":"https:\/\/www.jschamberi.org\/blog\/?s={search_term_string}"},"query-input":{"@type":"PropertyValueSpecification","valueRequired":true,"valueName":"search_term_string"}}],"inLanguage":"es"},{"@type":"Person","@id":"https:\/\/www.jschamberi.org\/blog\/#\/schema\/person\/3f82d901471b027bfc456bee2b9d0d3d","name":"JSChamberi","image":{"@type":"ImageObject","inLanguage":"es","@id":"https:\/\/www.jschamberi.org\/blog\/#\/schema\/person\/image\/","url":"https:\/\/secure.gravatar.com\/avatar\/c2d40e2dd384331a8f7f7a2390eaafdb?s=96&d=identicon&r=g","contentUrl":"https:\/\/secure.gravatar.com\/avatar\/c2d40e2dd384331a8f7f7a2390eaafdb?s=96&d=identicon&r=g","caption":"JSChamberi"},"sameAs":["http:\/\/jschamberi.org"],"url":"https:\/\/www.jschamberi.org\/blog\/?author=20"}]}},"_links":{"self":[{"href":"https:\/\/www.jschamberi.org\/blog\/index.php?rest_route=\/wp\/v2\/posts\/3180"}],"collection":[{"href":"https:\/\/www.jschamberi.org\/blog\/index.php?rest_route=\/wp\/v2\/posts"}],"about":[{"href":"https:\/\/www.jschamberi.org\/blog\/index.php?rest_route=\/wp\/v2\/types\/post"}],"author":[{"embeddable":true,"href":"https:\/\/www.jschamberi.org\/blog\/index.php?rest_route=\/wp\/v2\/users\/20"}],"replies":[{"embeddable":true,"href":"https:\/\/www.jschamberi.org\/blog\/index.php?rest_route=%2Fwp%2Fv2%2Fcomments&post=3180"}],"version-history":[{"count":2,"href":"https:\/\/www.jschamberi.org\/blog\/index.php?rest_route=\/wp\/v2\/posts\/3180\/revisions"}],"predecessor-version":[{"id":3183,"href":"https:\/\/www.jschamberi.org\/blog\/index.php?rest_route=\/wp\/v2\/posts\/3180\/revisions\/3183"}],"wp:attachment":[{"href":"https:\/\/www.jschamberi.org\/blog\/index.php?rest_route=%2Fwp%2Fv2%2Fmedia&parent=3180"}],"wp:term":[{"taxonomy":"category","embeddable":true,"href":"https:\/\/www.jschamberi.org\/blog\/index.php?rest_route=%2Fwp%2Fv2%2Fcategories&post=3180"},{"taxonomy":"post_tag","embeddable":true,"href":"https:\/\/www.jschamberi.org\/blog\/index.php?rest_route=%2Fwp%2Fv2%2Ftags&post=3180"}],"curies":[{"name":"wp","href":"https:\/\/api.w.org\/{rel}","templated":true}]}}