{"id":3153,"date":"2014-03-31T13:46:22","date_gmt":"2014-03-31T12:46:22","guid":{"rendered":"http:\/\/www.jschamberi.org\/blog\/?p=3153"},"modified":"2014-07-18T16:07:08","modified_gmt":"2014-07-18T15:07:08","slug":"vuelo-al-paraiso","status":"publish","type":"post","link":"https:\/\/www.jschamberi.org\/blog\/?p=3153","title":{"rendered":"Vuelo al Para\u00edso"},"content":{"rendered":"<p style=\"text-align: justify;\">Buenos d\u00edas\u00a0 Sras. y Sres. En nombre de la compa\u00f1\u00eda de vuelo \u201cS\u00famate al Cambio\u201d el comandante Rajoy y toda la tripulaci\u00f3n, les damos la bienvenida a bordo de este vuelo con destino al Para\u00edso, cuya duraci\u00f3n estimada es de cuatro a\u00f1os.<\/p>\n<p style=\"text-align: justify;\">Como medida de precauci\u00f3n, les recomendamos \u00a0que permanezcan con el cintur\u00f3n abrochado durante el vuelo,no solo por su duraci\u00f3n, sino tambi\u00e9n, por la gran cantidad de sorpresas y maravillas de las que disfrutaran en el mismo y, que pueden dar lugar a emociones desorbitadas e incidentes durante el viaje. Muchas gracias por su atenci\u00f3n y feliz vuelo.<\/p>\n<p style=\"text-align: justify;\">El principio del viaje se desarrolla con normalidad, los viajeros que han decidido acompa\u00f1ar al comandante Rajoy, se muestran\u00a0 felices y afortunados pensando en las maravillas y acontecimientos importantes de los que van a ser testigos.<\/p>\n<p style=\"text-align: justify;\">Hab\u00edan transcurrido quince minutos de vuelo, \u00a0cuando Rajoy se dirige a sus pasajeros\u00a0 para presentarles su \u00a0programa pol\u00edtico \u00a0como si de un men\u00fa de gran calidad se tratara.<\/p>\n<p style=\"text-align: justify;\">Dec\u00eda, el men\u00fa contar\u00e1 de:<\/p>\n<p style=\"text-align: justify;\">Un Entrante, una de las frases claves de nuestro programa, <b><i>\u201cMas sociedad, mejor gobierno\u201d<\/i><\/b> es decir\u00a0<b><i>\u201cLas urnas son las que deben cambiar el rumbo del pa\u00eds, porque las urnas son el verdadero tim\u00f3n de la democracia\u201d<\/i><\/b>.<\/p>\n<p style=\"text-align: justify;\">Asegurando como ya hab\u00eda prometido al resto del pa\u00eds, que cambiar\u00edan por arte de magia la crisis mundial que azotaba a nuestro pa\u00eds. Con esta y otras frases esperanzadoras consiguieron que 10.830.000 personas creyeran en el Para\u00edso<\/p>\n<p style=\"text-align: justify;\">El comandante, dec\u00eda adem\u00e1s querer obtener el siguiente objetivo,<b><i>\u201cQueremos una Espa\u00f1a en la que los ciudadanos sean protagonistas de su propio futuro\u201d <\/i><\/b>y para conseguirlo, \u00a0ofrece:<\/p>\n<p style=\"text-align: justify;\"><!--more-->Un Primer Plato, que contendr\u00eda la forma de gobernanza <b><i>\u201cEl partido popular ofrece a los espa\u00f1oles otra forma de gobernar. Gobernar desde el centro y para todos, con moderaci\u00f3n y di\u00e1logo. Gobernar con honradez, responsabilidad y buen criterio. Gobernar de forma austera, eficaz y transparente. Gobernar con verdad y credibilidad\u201d<\/i><\/b>; Un Segundo Plato, compuesto por los seis ejes fundamentales de la agenda pol\u00edtica.<\/p>\n<p style=\"text-align: justify;\">1-El crecimiento econ\u00f3mico y la generaci\u00f3n de empleo.<\/p>\n<p style=\"text-align: justify;\">2-La mejora de la educaci\u00f3n.<\/p>\n<p style=\"text-align: justify;\">3-La garant\u00eda de la sociedad del bienestar y de la protecci\u00f3n social.<\/p>\n<p style=\"text-align: justify;\">4-La reforma y la modernizaci\u00f3n del sector p\u00fablico.<\/p>\n<p style=\"text-align: justify;\">5-El fortalecimiento institucional y la regeneraci\u00f3n pol\u00edtica.<\/p>\n<p style=\"text-align: justify;\">6-La proyecci\u00f3n exterior de nuestro pa\u00eds.<\/p>\n<p style=\"text-align: justify;\">Y por \u00faltimo, un Postre incre\u00edble: <b><i>\u201cUn programa serio y cre\u00edble, un programa realista y ambicioso para volver a crecer y para hacer que Espa\u00f1a vuelva a ser un pa\u00eds pr\u00f3spero y fuerte\u201d.<\/i><\/b><\/p>\n<p style=\"text-align: justify;\">Apenas llevaban dos meses de vuelo, cuando los pasajeros se enteran de la primera decisi\u00f3n del comandante Rajoy y de su tripulaci\u00f3n. El Consejo de Ministros (2\/febrero 2011) acaba de aprobar una \u201cReforma Laboral por decreto\u201d. Entonces, una parte de ellos desearon que la victoria electoral por mayor\u00eda absoluta del PP, el\u00a0 20 de noviembre de 2011, no hubiera sucedido y que el viaje finalizara cuanto antes de que su indignaci\u00f3n siguiera aumentando. Pero el deseo de los pasajeros no se cumplir\u00eda porque Rajoy y su tripulaci\u00f3n no ten\u00edan prevista ninguna parada.<\/p>\n<p style=\"text-align: justify;\">El viaje que se promet\u00eda id\u00edlico se convirti\u00f3 en una pesadilla. Los pasajeros comprobaban d\u00eda tras d\u00eda como el men\u00fa perd\u00eda calidad.<\/p>\n<p style=\"text-align: justify;\">El entrante no fue servido; en el primer plato fueron desapareciendo los ingredientes prometidos, con lo cual adquiri\u00f3 un mal sabor y muchos de los pasajeros ni lo probaban; el segundo plato result\u00f3 ser venenoso e intragable puesto que los ingredientes fueron mal combinados y cocinados, dando lugar a resultados peligrosos que los pasajeros denunciaban una y otra vez a lo largo de este interminable vuelo.<\/p>\n<p style=\"text-align: justify;\">En este estado de descontento, Rajoy anuncia su primera parada despu\u00e9s de un a\u00f1o de legislatura, muchos \u00a0pasajeros la aprovecharon para bajarse y no continuar el vuelo. A los dos a\u00f1os de legislatura vuelve a aterrizar y vuelve a perder pasajeros, pero el contacto con los que no hab\u00edan querido formado parte de su vuelo, tampoco result\u00f3 afortunado. El descontento \u00a0de la poblaci\u00f3n era evidente y quedaba reflejado: en la \u00a0gran cantidad de manifestaciones convocadas por los ciudadanos y en los Debates sobre el Estado de la Naci\u00f3n de2013 y 2014, donde los diferentes grupos del Congreso, mostraban sus diferencias con el programa del PP, solicitando cumplir el programa y no enga\u00f1ar a la poblaci\u00f3n<\/p>\n<p style=\"text-align: justify;\">Ninguno de los ejes de su agenda pol\u00edtica se ha cumplido:<\/p>\n<p style=\"text-align: justify;\"><b>1)<\/b>-Espa\u00f1a cuenta hoy con <b>6,2 millones de parados<\/b>, es decir, con\u00a0 una <b>tasa de desempleo del 26, 7%<\/b>.<\/p>\n<p style=\"text-align: justify;\"><b>2)-<\/b>Nuestra educaci\u00f3n p\u00fablicaes menospreciada debido a las medidas y recortes adoptados por el ministro de educaci\u00f3n. La aprobaci\u00f3n de la <b>LOMCE; <\/b>la disminuci\u00f3n de <b>profesores <\/b>(20.000 profesores menos)<b>; becas Erasmus <\/b>(reducci\u00f3n del tiempo de estancia en el extranjero); <b>reducci\u00f3n del n\u00famero de becas de estudio en Espa\u00f1a y subida de las tasas de matr\u00edcula<\/b> (reducci\u00f3n del n\u00famero de universitarios).<\/p>\n<p style=\"text-align: justify;\"><b>3)-<\/b>El <b>estado de bienestar<\/b> retrocede: <b>Las asociaciones de energ\u00edas renovables de \u00e1mbito estatal<\/b> denuncian las propuestas de orden retributivo y el Real Decreto sobre las mismas (p\u00e9rdida de liderazgo de la energ\u00eda e\u00f3lica espa\u00f1ola y ataques medioambientales en relaci\u00f3n con las prospecciones petrol\u00edferas anunciadas en Baleares y Canarias).<\/p>\n<p style=\"text-align: justify;\">&#8211;<b>La sanidad<\/b> p\u00fablica, universal y gratuita peligra con las medidas tomadas: los recortes en el tiempo de atenci\u00f3n a los pacientes, recortes en personal sanitario, copago de f\u00e1rmacos, desatenci\u00f3n a la ley de dependencia, intento de privatizaci\u00f3n. Todo ello ha afectado a la salud de los espa\u00f1oles y de la poblaci\u00f3n extranjera que vive en nuestro pa\u00eds sin tarjeta sanitaria.<\/p>\n<p style=\"text-align: justify;\"><b>-La cultura es marginada<\/b>. La subida del IVA cultural impide que la poblaci\u00f3n pueda disfrutar de actos y representaciones culturales. Los artistas son desprestigiados y despreciados por los ministros de Rajoy, a sabiendas que un pueblo sin acceso a la cultura\u00a0 no puede prosperar.<\/p>\n<p style=\"text-align: justify;\">4-<b>La transparencia, austeridad, evaluaci\u00f3n y control del sector p\u00fablico as\u00ed como la renovaci\u00f3n del mismo, <\/b>solo ha quedado en bonitas palabras, la falta de transparencia y de control de alguna de nuestras administraciones (<b>Hacienda: evasi\u00f3n de capitales y regularizaci\u00f3n de los mismos facilitando la corrupci\u00f3n). <\/b>La promesa de un nuevo sector p\u00fablico, se ha centrado en el despido de personal laboral y en la disminuci\u00f3n de funcionarios (tasa de reposici\u00f3n). Por otra parte, en cuanto a la renovaci\u00f3n de los ayuntamientos nada ha cambiado.<\/p>\n<p style=\"text-align: justify;\">5-<b>La regeneraci\u00f3n <\/b>pol\u00edtica prometida por <b>Rajoy, es un fraude <\/b>demostrado en su propia persona y en algunos de sus ministros (su carrera pol\u00edtica comienza en 1981 con Alianza Popular y continua hasta la actualidad como presidente de gobierno, 33 a\u00f1os de vida pol\u00edtica).<\/p>\n<p style=\"text-align: justify;\">La promesa de Rajoy de conseguir unas <b>instituciones libres\u00a0 y seguras<\/b> tampoco se ha cumplido y un claro ejemplo lo tenemos en las correspondientes a la justicia, lejos de fortalecerse e independizarse, la injerencia pol\u00edtica en los tribunales es demostrable, tambi\u00e9n en los tribunales ordinarios (Caso N\u00d3OS, G\u00dcRTEL, BLESA etc.).<\/p>\n<p style=\"text-align: justify;\">6-<b>La marca Espa\u00f1a<\/b> lejos de ser un referente mundial, pierde prestigio como se puede apreciar en la prensa internacional. En el exterior nos consideran: un pa\u00eds corrupto (<b>caso B\u00e1rcenas<\/b>); irresponsable en las relaciones econ\u00f3micas con otros pa\u00edses (<b>Canal de Panam\u00e1, Endesa Bolivi<\/b>a); e injusto (Ley de <b>memoria hist\u00f3rica incumplida, actuaci\u00f3n injusta con la inmigraci\u00f3n).<\/b><b>\u00a0<\/b><\/p>\n<p style=\"text-align: justify;\">Despu\u00e9s de dos a\u00f1os y cuatro meses de legislatura Rajoy sigue mintiendo, perdido y sin rumbo. Por una parte, su viaje en avi\u00f3n al Para\u00edso ni siquiera se ha aproximado a las puertas de \u00e9ste;\u00a0 por otra parte, el viaje en tren a trav\u00e9s del t\u00fanel tampoco se acerca\u00a0 a la luz que \u00e9l ve. Pero Rajoy cada vez con menos compa\u00f1\u00eda se empe\u00f1a en continuar un viaje que,\u00a0 sin direcci\u00f3n ni destino, nos lleva al caos y a la destrucci\u00f3n.<\/p>\n<p style=\"text-align: justify;\">No puedo finalizar este art\u00edculo sin plantearme una serie de preguntas, quiz\u00e1s, tratando de encontrar respuestas entre aquellos que no nos hemos subido al vuelo, ni hemos acompa\u00f1ado a Rajoy en ning\u00fan momento. Preguntas tales como:<\/p>\n<p style=\"text-align: justify;\">\u00bfCu\u00e1nto tiempo estaremos dispuestos a soportar esta situaci\u00f3n?<\/p>\n<p style=\"text-align: justify;\">\u00bfSomos c\u00f3modos, conformistas o ambas cosas, cuando se trata de luchar por nuestro futuro?<\/p>\n<p style=\"text-align: justify;\">\u00bfOlvidar\u00e1 la gente f\u00e1cilmente esta situaci\u00f3n y pasados unos a\u00f1os los espa\u00f1oles volver\u00e1n a votar al PP?<\/p>\n<p style=\"text-align: justify;\">Seguramente cada uno de nosotros tendr\u00e1 una respuesta y un razonamiento distinto a cada una de estas preguntas. Pero desde mi punto de vista, creo que, lo que si deber\u00edamos tener claro en nuestras mentes y nunca olvidar, es que el para\u00edso que Rajoy nos prometi\u00f3 si existe, pero con\u00a0 imperfecciones, aunquecon \u00e9l, ni con gobernantes como \u00e9l, nunca conseguiremos alcanzarlo. Solamente lo encontraremos,cuando nos demos cuenta, de que no nos podemos conformar con lo que tenemos, sino buscar y luchar por lo que nos merecemos.<\/p>\n<p style=\"text-align: justify;\">\n<p style=\"text-align: justify;\"><em><strong>Laura Mart\u00edn,<\/strong> <\/em><\/p>\n<p style=\"text-align: justify;\">Militante de JSChamber\u00ed<\/p>\n","protected":false},"excerpt":{"rendered":"<p>Buenos d\u00edas\u00a0 Sras. y Sres. En nombre de la compa\u00f1\u00eda de vuelo \u201cS\u00famate al Cambio\u201d el comandante Rajoy y toda la tripulaci\u00f3n, les damos la bienvenida a bordo de este vuelo con destino al Para\u00edso, cuya duraci\u00f3n estimada es de cuatro a\u00f1os. Como medida de precauci\u00f3n, les recomendamos \u00a0que permanezcan con el cintur\u00f3n abrochado durante <a class=\"read-more\" href=\"https:\/\/www.jschamberi.org\/blog\/?p=3153\">Leer m\u00e1s<\/a><\/p>\n","protected":false},"author":20,"featured_media":0,"comment_status":"open","ping_status":"open","sticky":false,"template":"","format":"standard","meta":{"footnotes":""},"categories":[26],"tags":[],"class_list":["post-3153","post","type-post","status-publish","format-standard","hentry","category-opinion"],"yoast_head":"<!-- This site is optimized with the Yoast SEO plugin v23.7 - https:\/\/yoast.com\/wordpress\/plugins\/seo\/ -->\n<title>Vuelo al Para\u00edso  - Juventudes Socialistas de Chamber\u00ed<\/title>\n<meta name=\"robots\" content=\"index, follow, max-snippet:-1, max-image-preview:large, max-video-preview:-1\" \/>\n<link rel=\"canonical\" href=\"https:\/\/www.jschamberi.org\/blog\/?p=3153\" \/>\n<meta property=\"og:locale\" content=\"es_ES\" \/>\n<meta property=\"og:type\" content=\"article\" \/>\n<meta property=\"og:title\" content=\"Vuelo al Para\u00edso  - Juventudes Socialistas de Chamber\u00ed\" \/>\n<meta property=\"og:description\" content=\"Buenos d\u00edas\u00a0 Sras. y Sres. En nombre de la compa\u00f1\u00eda de vuelo \u201cS\u00famate al Cambio\u201d el comandante Rajoy y toda la tripulaci\u00f3n, les damos la bienvenida a bordo de este vuelo con destino al Para\u00edso, cuya duraci\u00f3n estimada es de cuatro a\u00f1os. Como medida de precauci\u00f3n, les recomendamos \u00a0que permanezcan con el cintur\u00f3n abrochado durante Leer m\u00e1s\" \/>\n<meta property=\"og:url\" content=\"https:\/\/www.jschamberi.org\/blog\/?p=3153\" \/>\n<meta property=\"og:site_name\" content=\"Juventudes Socialistas de Chamber\u00ed\" \/>\n<meta property=\"article:published_time\" content=\"2014-03-31T12:46:22+00:00\" \/>\n<meta property=\"article:modified_time\" content=\"2014-07-18T15:07:08+00:00\" \/>\n<meta name=\"author\" content=\"JSChamberi\" \/>\n<meta name=\"twitter:card\" content=\"summary_large_image\" \/>\n<meta name=\"twitter:label1\" content=\"Escrito por\" \/>\n\t<meta name=\"twitter:data1\" content=\"JSChamberi\" \/>\n\t<meta name=\"twitter:label2\" content=\"Tiempo de lectura\" \/>\n\t<meta name=\"twitter:data2\" content=\"8 minutos\" \/>\n<script type=\"application\/ld+json\" class=\"yoast-schema-graph\">{\"@context\":\"https:\/\/schema.org\",\"@graph\":[{\"@type\":\"WebPage\",\"@id\":\"https:\/\/www.jschamberi.org\/blog\/?p=3153\",\"url\":\"https:\/\/www.jschamberi.org\/blog\/?p=3153\",\"name\":\"Vuelo al Para\u00edso - Juventudes Socialistas de Chamber\u00ed\",\"isPartOf\":{\"@id\":\"https:\/\/www.jschamberi.org\/blog\/#website\"},\"datePublished\":\"2014-03-31T12:46:22+00:00\",\"dateModified\":\"2014-07-18T15:07:08+00:00\",\"author\":{\"@id\":\"https:\/\/www.jschamberi.org\/blog\/#\/schema\/person\/3f82d901471b027bfc456bee2b9d0d3d\"},\"breadcrumb\":{\"@id\":\"https:\/\/www.jschamberi.org\/blog\/?p=3153#breadcrumb\"},\"inLanguage\":\"es\",\"potentialAction\":[{\"@type\":\"ReadAction\",\"target\":[\"https:\/\/www.jschamberi.org\/blog\/?p=3153\"]}]},{\"@type\":\"BreadcrumbList\",\"@id\":\"https:\/\/www.jschamberi.org\/blog\/?p=3153#breadcrumb\",\"itemListElement\":[{\"@type\":\"ListItem\",\"position\":1,\"name\":\"Home\",\"item\":\"https:\/\/www.jschamberi.org\/blog\/\"},{\"@type\":\"ListItem\",\"position\":2,\"name\":\"Vuelo al Para\u00edso\"}]},{\"@type\":\"WebSite\",\"@id\":\"https:\/\/www.jschamberi.org\/blog\/#website\",\"url\":\"https:\/\/www.jschamberi.org\/blog\/\",\"name\":\"Juventudes Socialistas de Chamber\u00ed\",\"description\":\"\",\"potentialAction\":[{\"@type\":\"SearchAction\",\"target\":{\"@type\":\"EntryPoint\",\"urlTemplate\":\"https:\/\/www.jschamberi.org\/blog\/?s={search_term_string}\"},\"query-input\":{\"@type\":\"PropertyValueSpecification\",\"valueRequired\":true,\"valueName\":\"search_term_string\"}}],\"inLanguage\":\"es\"},{\"@type\":\"Person\",\"@id\":\"https:\/\/www.jschamberi.org\/blog\/#\/schema\/person\/3f82d901471b027bfc456bee2b9d0d3d\",\"name\":\"JSChamberi\",\"image\":{\"@type\":\"ImageObject\",\"inLanguage\":\"es\",\"@id\":\"https:\/\/www.jschamberi.org\/blog\/#\/schema\/person\/image\/\",\"url\":\"https:\/\/secure.gravatar.com\/avatar\/c2d40e2dd384331a8f7f7a2390eaafdb?s=96&d=identicon&r=g\",\"contentUrl\":\"https:\/\/secure.gravatar.com\/avatar\/c2d40e2dd384331a8f7f7a2390eaafdb?s=96&d=identicon&r=g\",\"caption\":\"JSChamberi\"},\"sameAs\":[\"http:\/\/jschamberi.org\"],\"url\":\"https:\/\/www.jschamberi.org\/blog\/?author=20\"}]}<\/script>\n<!-- \/ Yoast SEO plugin. -->","yoast_head_json":{"title":"Vuelo al Para\u00edso  - Juventudes Socialistas de Chamber\u00ed","robots":{"index":"index","follow":"follow","max-snippet":"max-snippet:-1","max-image-preview":"max-image-preview:large","max-video-preview":"max-video-preview:-1"},"canonical":"https:\/\/www.jschamberi.org\/blog\/?p=3153","og_locale":"es_ES","og_type":"article","og_title":"Vuelo al Para\u00edso  - Juventudes Socialistas de Chamber\u00ed","og_description":"Buenos d\u00edas\u00a0 Sras. y Sres. En nombre de la compa\u00f1\u00eda de vuelo \u201cS\u00famate al Cambio\u201d el comandante Rajoy y toda la tripulaci\u00f3n, les damos la bienvenida a bordo de este vuelo con destino al Para\u00edso, cuya duraci\u00f3n estimada es de cuatro a\u00f1os. Como medida de precauci\u00f3n, les recomendamos \u00a0que permanezcan con el cintur\u00f3n abrochado durante Leer m\u00e1s","og_url":"https:\/\/www.jschamberi.org\/blog\/?p=3153","og_site_name":"Juventudes Socialistas de Chamber\u00ed","article_published_time":"2014-03-31T12:46:22+00:00","article_modified_time":"2014-07-18T15:07:08+00:00","author":"JSChamberi","twitter_card":"summary_large_image","twitter_misc":{"Escrito por":"JSChamberi","Tiempo de lectura":"8 minutos"},"schema":{"@context":"https:\/\/schema.org","@graph":[{"@type":"WebPage","@id":"https:\/\/www.jschamberi.org\/blog\/?p=3153","url":"https:\/\/www.jschamberi.org\/blog\/?p=3153","name":"Vuelo al Para\u00edso - Juventudes Socialistas de Chamber\u00ed","isPartOf":{"@id":"https:\/\/www.jschamberi.org\/blog\/#website"},"datePublished":"2014-03-31T12:46:22+00:00","dateModified":"2014-07-18T15:07:08+00:00","author":{"@id":"https:\/\/www.jschamberi.org\/blog\/#\/schema\/person\/3f82d901471b027bfc456bee2b9d0d3d"},"breadcrumb":{"@id":"https:\/\/www.jschamberi.org\/blog\/?p=3153#breadcrumb"},"inLanguage":"es","potentialAction":[{"@type":"ReadAction","target":["https:\/\/www.jschamberi.org\/blog\/?p=3153"]}]},{"@type":"BreadcrumbList","@id":"https:\/\/www.jschamberi.org\/blog\/?p=3153#breadcrumb","itemListElement":[{"@type":"ListItem","position":1,"name":"Home","item":"https:\/\/www.jschamberi.org\/blog\/"},{"@type":"ListItem","position":2,"name":"Vuelo al Para\u00edso"}]},{"@type":"WebSite","@id":"https:\/\/www.jschamberi.org\/blog\/#website","url":"https:\/\/www.jschamberi.org\/blog\/","name":"Juventudes Socialistas de Chamber\u00ed","description":"","potentialAction":[{"@type":"SearchAction","target":{"@type":"EntryPoint","urlTemplate":"https:\/\/www.jschamberi.org\/blog\/?s={search_term_string}"},"query-input":{"@type":"PropertyValueSpecification","valueRequired":true,"valueName":"search_term_string"}}],"inLanguage":"es"},{"@type":"Person","@id":"https:\/\/www.jschamberi.org\/blog\/#\/schema\/person\/3f82d901471b027bfc456bee2b9d0d3d","name":"JSChamberi","image":{"@type":"ImageObject","inLanguage":"es","@id":"https:\/\/www.jschamberi.org\/blog\/#\/schema\/person\/image\/","url":"https:\/\/secure.gravatar.com\/avatar\/c2d40e2dd384331a8f7f7a2390eaafdb?s=96&d=identicon&r=g","contentUrl":"https:\/\/secure.gravatar.com\/avatar\/c2d40e2dd384331a8f7f7a2390eaafdb?s=96&d=identicon&r=g","caption":"JSChamberi"},"sameAs":["http:\/\/jschamberi.org"],"url":"https:\/\/www.jschamberi.org\/blog\/?author=20"}]}},"_links":{"self":[{"href":"https:\/\/www.jschamberi.org\/blog\/index.php?rest_route=\/wp\/v2\/posts\/3153"}],"collection":[{"href":"https:\/\/www.jschamberi.org\/blog\/index.php?rest_route=\/wp\/v2\/posts"}],"about":[{"href":"https:\/\/www.jschamberi.org\/blog\/index.php?rest_route=\/wp\/v2\/types\/post"}],"author":[{"embeddable":true,"href":"https:\/\/www.jschamberi.org\/blog\/index.php?rest_route=\/wp\/v2\/users\/20"}],"replies":[{"embeddable":true,"href":"https:\/\/www.jschamberi.org\/blog\/index.php?rest_route=%2Fwp%2Fv2%2Fcomments&post=3153"}],"version-history":[{"count":3,"href":"https:\/\/www.jschamberi.org\/blog\/index.php?rest_route=\/wp\/v2\/posts\/3153\/revisions"}],"predecessor-version":[{"id":3156,"href":"https:\/\/www.jschamberi.org\/blog\/index.php?rest_route=\/wp\/v2\/posts\/3153\/revisions\/3156"}],"wp:attachment":[{"href":"https:\/\/www.jschamberi.org\/blog\/index.php?rest_route=%2Fwp%2Fv2%2Fmedia&parent=3153"}],"wp:term":[{"taxonomy":"category","embeddable":true,"href":"https:\/\/www.jschamberi.org\/blog\/index.php?rest_route=%2Fwp%2Fv2%2Fcategories&post=3153"},{"taxonomy":"post_tag","embeddable":true,"href":"https:\/\/www.jschamberi.org\/blog\/index.php?rest_route=%2Fwp%2Fv2%2Ftags&post=3153"}],"curies":[{"name":"wp","href":"https:\/\/api.w.org\/{rel}","templated":true}]}}