{"id":3139,"date":"2014-03-22T09:44:23","date_gmt":"2014-03-22T08:44:23","guid":{"rendered":"http:\/\/www.jschamberi.org\/blog\/?p=3139"},"modified":"2014-07-18T16:07:25","modified_gmt":"2014-07-18T15:07:25","slug":"ppsoe","status":"publish","type":"post","link":"https:\/\/www.jschamberi.org\/blog\/?p=3139","title":{"rendered":"\u00bfPPSOE?"},"content":{"rendered":"<p style=\"text-align: justify;\">Si las elecciones municipales de 2011 auguraban tiempos dif\u00edciles para el PSOE, todo se confirm\u00f3 en las generales de noviembre, donde el partido perdi\u00f3 un gran apoyo en las urnas y empezaba una aut\u00e9ntica traves\u00eda por el desierto. Punto de inflexi\u00f3n que supusieron ataques permanentes al PSOE a\u00fan estando en la oposici\u00f3n, y la multiplicaci\u00f3n de partidos con el objetivo de encauzar el descontento generalizado.<\/p>\n<p style=\"text-align: justify;\">No pretendo en este art\u00edculo analizar aquellas consecuencias (que son amplias), sino hacer una cierta reflexi\u00f3n sobre un punto que todos los grupos pol\u00edticos de forma oficial han incorporado a su discurso, considerando que por su simpleza cala en la sociedad y les viene bien electoralmente: PP y PSOE son lo mismo. Y cuando digo todos los grupos incluyo al PP, ya que sabe perfectamente que este lema hace que las expectativas de recuperar votos para PSOE se reduzcan, se divida el voto en infinitesimales partidos sin grandes diferencias ideol\u00f3gicas y se les garantice en el poder de forma indefinida.<\/p>\n<p style=\"text-align: justify;\">Creo que es obligatorio hacer memoria, pero no seleccionando el a\u00f1o que m\u00e1s interesa electoralmente, ni en aquellas circunstancias que nos marquen algunos, sino todo el periodo de un presidente que por estas fechas hace una d\u00e9cada que llegaba al poder.<\/p>\n<p style=\"text-align: justify;\">Y es que parece ser que para algunos diez a\u00f1os han sido siglos, y no nos acordamos del momento en el que Zapatero gan\u00f3 sus primeras elecciones. La arrogancia y el autoritarismo fueron las maneras con las que gobernaba Aznar, con una mayor\u00eda absoluta que permitieron hacer de esa \u00faltima legislatura (no hace falta referirse a la primera) algo insufrible para la sociedad espa\u00f1ola y bochorno a nivel internacional.<\/p>\n<p style=\"text-align: justify;\"><!--more-->El prestige, la guerra de Irak, la foto de las Azores, el desprecio a Francia y Alemania (entonces firmes en su posicionamiento en contra de la agresiva pol\u00edtica exterior de EE.UU.), sus amigos Blair y Berlusconi, la gran boda en El Escorial, el espect\u00e1culo de Ana Palacios, el conflicto con Perejil, su ministra de Sanidad, Villalobos, y su gran gesti\u00f3n en el caso de las \u201cvacas locas\u201d, su alianza con el ala m\u00e1s intolerante de la Iglesia espa\u00f1ola (Rouco), esa ascensi\u00f3n de personas tan fiables como Aguirre, Cascos, Zaplana, Fabra, Barber\u00e1, etc., y como se est\u00e1 sabiendo actualmente una presunta trama de financiaci\u00f3n ilegal del partido en todo un engranaje de corrupci\u00f3n, y de despedida, en mitad del peor atentado en la Historia de Espa\u00f1a, una coordinaci\u00f3n gubernamental, implicando a las embajadas, para difundir y hacer creer una infame mentira sobre la autor\u00eda de los atentados del 11M por miedo a perder el poder. Ah\u00ed es nada.<\/p>\n<p style=\"text-align: justify;\">En ese contexto de soberbia, desprecio e indignidad lleg\u00f3 Zapatero. Ahora que Aznar presenta sus panfletos en forma de libros, present\u00e1ndose a s\u00ed mismo como un gran pensador y estratega geopol\u00edtico de primer orden, es tambi\u00e9n bueno recordarlo.<\/p>\n<p style=\"text-align: justify;\"><a href=\"http:\/\/www.jschamberi.org\/blog\/?attachment_id=3140\" rel=\"attachment wp-att-3140\"><img loading=\"lazy\" decoding=\"async\" class=\"alignleft size-medium wp-image-3140\" alt=\"_ELECCIONES_EUROPEAS_ZAPATERO(4898895)_835d35a1\" src=\"http:\/\/www.jschamberi.org\/blog\/wp-content\/uploads\/2014\/03\/ELECCIONES_EUROPEAS_ZAPATERO4898895_835d35a1-300x271.jpg\" width=\"218\" height=\"216\" \/><\/a>Pues bien, lleg\u00f3 la \u00e9poca de Zapatero, y nada m\u00e1s empezar tuvo que enfrentarse con ataques indiscriminados y de una agresividad sin precedentes de todo un sector ultra (partido, organizaciones, medios de comunicaci\u00f3n, Conferencia Episcopal\u2026), frustrados con los resultados y dispuestos a emprender una autentica cruzada obsesiva a pesar de las urnas, que es lo mismo que ocurre cuando un cacique de turno se opone a la realidad en cualquier rep\u00fablica bananera.<\/p>\n<p style=\"text-align: justify;\">Empe\u00f1ados en hacerle caer como fuera y desacreditarle permanentemente, s\u00f3lo hace falta recordar la AVT de Alcaraz (ese individuo), y aquello que se repet\u00eda donde el PSOE y Zapatero eran pro-terroristas, ni m\u00e1s ni menos. Ese ambiente tenso lo fomentaron durante todos sus a\u00f1os, inclusive la negaci\u00f3n a cualquier tipo de acuerdo por vital que fuese.<\/p>\n<p style=\"text-align: justify;\">Sin embargo, Zapatero se refiri\u00f3 a aquello de gobernar con talante, y de forma estoica lo cumpli\u00f3 desde un principio y lo mantuvo. Gobern\u00f3 desde una serenidad y sinceridad sin precedentes en un presidente del gobierno, y cuya sensibilidad hacia ciertos aspectos se vieron desde el minuto uno: el primer gobierno paritario de la Historia. La coherencia en la oposici\u00f3n al no levantarse ante la bandera estadounidense sigui\u00f3 con su primera orden como presidente, la retirada de las tropas de la guerra de Irak, y consiguientemente salir de esa ignominiosa alianza con Bush. Guerra, por cierto, criticada por una inmens\u00edsima parte de la sociedad espa\u00f1ola que se vio reflejada en esa decisi\u00f3n, frente al desprecio patente del anterior presidente a la opini\u00f3n p\u00fablica espa\u00f1ola.<\/p>\n<p style=\"text-align: justify;\">El intento de resolver las cuestiones internacionales mediante la v\u00eda del consenso y acuerdos, m\u00e1s que por la fuerza, se plasm\u00f3 en la Alianza de Civilizaciones, se retomaron los posicionamientos pro-europeos y consigui\u00f3 que Espa\u00f1a por primera vez tuviese un asiento en el G20. Aunque nadie se acuerde de esta decisi\u00f3n, hoy Espa\u00f1a es de los pocos pa\u00edses en la UE coherente con su posicionamiento respecto al refer\u00e9ndum de Crimea al negar otro hecho en Kosovo.<\/p>\n<p style=\"text-align: justify;\">Su voluntad pol\u00edtica en convertir a este pa\u00eds en un referente en derechos y libertades hizo que esa primera legislatura fuese un impulso sin precedentes en nuestro pa\u00eds, convirti\u00e9ndonos en una vanguardia en este \u00e1mbito, aplaudido por pa\u00edses como Francia o Italia, que ve\u00edan en Espa\u00f1a un referente que ahora se nos hace dif\u00edcil creer.<\/p>\n<p style=\"text-align: justify;\">La Ley de Igualdad (ampliar permiso de maternidad, reconocimiento del de paternidad, aumentar las mujeres en los \u00e1mbitos de decisi\u00f3n\u2026), o la ley que equiparaba en derechos al colectivo homosexual, son algunos ejemplos, as\u00ed como un enorme esfuerzo en combatir el machismo violento, protegiendo como nunca a las v\u00edctimas por maltrato, persiguiendo ferozmente a los maltratadores. Y mientras hoy la sanidad se echa a la calle para evitar su expropiaci\u00f3n (a los ciudadanos) y la venta al mejor postor de nuestra \u201cjoya de la corona\u201d, entonces el colectivo m\u00e9dico aplaud\u00eda la Ley del Tabaco. No hemos de olvidar la Ley del aborto: libre, legal, seguro y gratuito.<\/p>\n<p style=\"text-align: justify;\">La idea de proteger a los m\u00e1s desfavorecidos e intentar hacer de Espa\u00f1a un lugar menos hostil y m\u00e1s f\u00e1cil para muchas personas, impuls\u00f3 la tan reconocida Ley de la Dependencia, creando el <i>cuarto pilar<\/i> del Estado del Bienestar como tambi\u00e9n regulariz\u00f3 a 700.000 inmigrantes, que no produjo efecto llamada como predec\u00eda la apocal\u00edptica derecha, y sin embargo les sac\u00f3 de la econom\u00eda sumergida.<\/p>\n<p style=\"text-align: justify;\"><a href=\"http:\/\/www.jschamberi.org\/blog\/?attachment_id=3141\" rel=\"attachment wp-att-3141\"><img loading=\"lazy\" decoding=\"async\" class=\"aligncenter size-large wp-image-3141\" alt=\"copy-oscar-del-pozo-i-mano-del-presidente-i\" src=\"http:\/\/www.jschamberi.org\/blog\/wp-content\/uploads\/2014\/03\/copy-oscar-del-pozo-i-mano-del-presidente-i-1024x682.jpg\" width=\"411\" height=\"240\" \/><\/a><\/p>\n<p style=\"text-align: justify;\">Y si seguimos con humanidad y valores llegamos a la Ley de Memoria Hist\u00f3rica, siendo el primer presidente que consider\u00f3 que la sociedad espa\u00f1ola estaba en condiciones, tras treinta a\u00f1os de democracia, de afrontar con valent\u00eda su oscuro pasado y cerrar (que no abrir) las evidentes heridas producidas por tres a\u00f1os de enfrentamiento fratricida y cuarenta de fascismo. Cierto es que se deb\u00eda haber resuelto con mayor contundencia aquello (Valle de los Ca\u00eddos o la obligatoriedad de cumplir con la eliminaci\u00f3n de s\u00edmbolos y calles) ahora bien, creo que merece un reconocimiento haber puesto sobre la mesa este delicado tema, gracias al cual hoy decenas de asociaciones se han creado y est\u00e1n reivindicando todo ello, siendo pr\u00e1cticamente imposible que ya se pase por alto la l\u00f3gica normalizaci\u00f3n de nuestro pasado en nuestra Espa\u00f1a democr\u00e1tica.<\/p>\n<p style=\"text-align: justify;\">Valores c\u00edvicos y de concordia que se pretendieron instaurar en las escuelas con la \u201cEducaci\u00f3n para la ciudadan\u00eda\u201d, r\u00e1pidamente borrada por el PP.<\/p>\n<p style=\"text-align: justify;\">La derecha en todas sus formas echaba espumarajos con Zapatero, y lo mejor de todo es que ten\u00edan ocasiones para poder hacerlo, pues a diferencia del actual, que se oculta cobardemente tras una pantalla de plasma o sale por la puerta de atr\u00e1s del Senado, aquel presidente acud\u00eda con m\u00e1s frecuencia que nunca a las sesiones de ambas C\u00e1maras, como tambi\u00e9n se somet\u00eda a ruedas de prensa a menudo sin hora de finalizaci\u00f3n previa, incluyendo medios \u201chostiles\u201d.<\/p>\n<p style=\"text-align: justify;\">Pero desde luego lo m\u00e1s claro fue el paso de la era Urdaci (aquel grotesco buf\u00f3n de corte) a una RTVE libre y sin tejemanejes del gobierno a su servicio, siendo la radio y televisi\u00f3n p\u00fablica con las cotas de calidad informativa y period\u00edstica m\u00e1s altas nunca vistas, cuyo prestigio fue paralelo a la BBC. Cospedal criticaba aquello, y hoy no queda ni rastro de aquella RTVE, convertida en otra herramienta gubernamental, pr\u00e1ctica que los manchegos bien saben con su actual director de informativos, Ignacio Villa, hombre moderado y objetivo donde los haya\u2026(COPE).<\/p>\n<p style=\"text-align: justify;\">Todo esto qued\u00f3 soterrado. Cierto es que por una demoledora crisis y una gesti\u00f3n bastante mejorable (aunque no hablaremos de lo de ahora comparado con aquel \u00faltimo a\u00f1o), pero igual de cierto es que qued\u00f3 tambi\u00e9n soterrado por una serie de incompresibles an\u00e9cdotas que sirvieron para analizar nuestra realidad pol\u00edtica como si fuesen los verdaderos temas, cuando en el fondo era pura propaganda contra el presidente, por ejemplo, aquel precio del caf\u00e9 que se supone que un presidente del gobierno tiene que saber y no supo en un programa que se dedicaba a hacer todo tipo de preguntas a nuestro presidente (menuda diferencia).<\/p>\n<p style=\"text-align: justify;\"><a href=\"http:\/\/www.jschamberi.org\/blog\/?attachment_id=3144\" rel=\"attachment wp-att-3144\"><img loading=\"lazy\" decoding=\"async\" class=\"alignright size-medium wp-image-3144\" alt=\"presidente_Jose_Luis_Rodriguez_Zapatero\" src=\"http:\/\/www.jschamberi.org\/blog\/wp-content\/uploads\/2014\/03\/presidente_Jose_Luis_Rodriguez_Zapatero-220x300.jpg\" width=\"220\" height=\"300\" srcset=\"https:\/\/www.jschamberi.org\/blog\/wp-content\/uploads\/2014\/03\/presidente_Jose_Luis_Rodriguez_Zapatero-220x300.jpg 220w, https:\/\/www.jschamberi.org\/blog\/wp-content\/uploads\/2014\/03\/presidente_Jose_Luis_Rodriguez_Zapatero.jpg 340w\" sizes=\"(max-width: 220px) 100vw, 220px\" \/><\/a><\/p>\n<p style=\"text-align: justify;\">Pero para algunos lo importante es seguir utilizando la burda propaganda creada por la derecha que se empe\u00f1\u00f3 en bloquear cualquier avance durante siete a\u00f1os, al querer derrotar a un presidente por estos medios cuando no pod\u00edan por las urnas. Su pol\u00edtica antiterrorista le llev\u00f3 a liderar el fin de ETA, reconocimiento que se plasm\u00f3 mejor que en ning\u00fan otro sitio en el Pa\u00eds Vasco con la victoria socialista de Patxi L\u00f3pez, pero lo importante, al parecer, es que no sab\u00eda el precio del caf\u00e9. Ah! Y que somos lo mismo, claro.<\/p>\n<p style=\"text-align: justify;\">\n<p style=\"text-align: justify;\"><em><strong>Pedro Reig<\/strong><\/em><\/p>\n<p style=\"text-align: justify;\">Secretario General de JS de Chamber\u00ed<\/p>\n","protected":false},"excerpt":{"rendered":"<p>Si las elecciones municipales de 2011 auguraban tiempos dif\u00edciles para el PSOE, todo se confirm\u00f3 en las generales de noviembre, donde el partido perdi\u00f3 un gran apoyo en las urnas y empezaba una aut\u00e9ntica traves\u00eda por el desierto. Punto de inflexi\u00f3n que supusieron ataques permanentes al PSOE a\u00fan estando en la oposici\u00f3n, y la multiplicaci\u00f3n <a class=\"read-more\" href=\"https:\/\/www.jschamberi.org\/blog\/?p=3139\">Leer m\u00e1s<\/a><\/p>\n","protected":false},"author":20,"featured_media":0,"comment_status":"open","ping_status":"open","sticky":false,"template":"","format":"standard","meta":{"footnotes":""},"categories":[26],"tags":[],"class_list":["post-3139","post","type-post","status-publish","format-standard","hentry","category-opinion"],"yoast_head":"<!-- This site is optimized with the Yoast SEO plugin v23.7 - https:\/\/yoast.com\/wordpress\/plugins\/seo\/ -->\n<title>\u00bfPPSOE?  - Juventudes Socialistas de Chamber\u00ed<\/title>\n<meta name=\"robots\" content=\"index, follow, max-snippet:-1, max-image-preview:large, max-video-preview:-1\" \/>\n<link rel=\"canonical\" href=\"https:\/\/www.jschamberi.org\/blog\/?p=3139\" \/>\n<meta property=\"og:locale\" content=\"es_ES\" \/>\n<meta property=\"og:type\" content=\"article\" \/>\n<meta property=\"og:title\" content=\"\u00bfPPSOE?  - Juventudes Socialistas de Chamber\u00ed\" \/>\n<meta property=\"og:description\" content=\"Si las elecciones municipales de 2011 auguraban tiempos dif\u00edciles para el PSOE, todo se confirm\u00f3 en las generales de noviembre, donde el partido perdi\u00f3 un gran apoyo en las urnas y empezaba una aut\u00e9ntica traves\u00eda por el desierto. Punto de inflexi\u00f3n que supusieron ataques permanentes al PSOE a\u00fan estando en la oposici\u00f3n, y la multiplicaci\u00f3n Leer m\u00e1s\" \/>\n<meta property=\"og:url\" content=\"https:\/\/www.jschamberi.org\/blog\/?p=3139\" \/>\n<meta property=\"og:site_name\" content=\"Juventudes Socialistas de Chamber\u00ed\" \/>\n<meta property=\"article:published_time\" content=\"2014-03-22T08:44:23+00:00\" \/>\n<meta property=\"article:modified_time\" content=\"2014-07-18T15:07:25+00:00\" \/>\n<meta property=\"og:image\" content=\"https:\/\/www.jschamberi.org\/blog\/wp-content\/uploads\/2014\/03\/ELECCIONES_EUROPEAS_ZAPATERO4898895_835d35a1.jpg\" \/>\n\t<meta property=\"og:image:width\" content=\"1194\" \/>\n\t<meta property=\"og:image:height\" content=\"1080\" \/>\n\t<meta property=\"og:image:type\" content=\"image\/jpeg\" \/>\n<meta name=\"author\" content=\"JSChamberi\" \/>\n<meta name=\"twitter:card\" content=\"summary_large_image\" \/>\n<meta name=\"twitter:label1\" content=\"Escrito por\" \/>\n\t<meta name=\"twitter:data1\" content=\"JSChamberi\" \/>\n\t<meta name=\"twitter:label2\" content=\"Tiempo de lectura\" \/>\n\t<meta name=\"twitter:data2\" content=\"8 minutos\" \/>\n<script type=\"application\/ld+json\" class=\"yoast-schema-graph\">{\"@context\":\"https:\/\/schema.org\",\"@graph\":[{\"@type\":\"WebPage\",\"@id\":\"https:\/\/www.jschamberi.org\/blog\/?p=3139\",\"url\":\"https:\/\/www.jschamberi.org\/blog\/?p=3139\",\"name\":\"\u00bfPPSOE? - Juventudes Socialistas de Chamber\u00ed\",\"isPartOf\":{\"@id\":\"https:\/\/www.jschamberi.org\/blog\/#website\"},\"primaryImageOfPage\":{\"@id\":\"https:\/\/www.jschamberi.org\/blog\/?p=3139#primaryimage\"},\"image\":{\"@id\":\"https:\/\/www.jschamberi.org\/blog\/?p=3139#primaryimage\"},\"thumbnailUrl\":\"http:\/\/www.jschamberi.org\/blog\/wp-content\/uploads\/2014\/03\/ELECCIONES_EUROPEAS_ZAPATERO4898895_835d35a1-300x271.jpg\",\"datePublished\":\"2014-03-22T08:44:23+00:00\",\"dateModified\":\"2014-07-18T15:07:25+00:00\",\"author\":{\"@id\":\"https:\/\/www.jschamberi.org\/blog\/#\/schema\/person\/3f82d901471b027bfc456bee2b9d0d3d\"},\"breadcrumb\":{\"@id\":\"https:\/\/www.jschamberi.org\/blog\/?p=3139#breadcrumb\"},\"inLanguage\":\"es\",\"potentialAction\":[{\"@type\":\"ReadAction\",\"target\":[\"https:\/\/www.jschamberi.org\/blog\/?p=3139\"]}]},{\"@type\":\"ImageObject\",\"inLanguage\":\"es\",\"@id\":\"https:\/\/www.jschamberi.org\/blog\/?p=3139#primaryimage\",\"url\":\"https:\/\/www.jschamberi.org\/blog\/wp-content\/uploads\/2014\/03\/ELECCIONES_EUROPEAS_ZAPATERO4898895_835d35a1.jpg\",\"contentUrl\":\"https:\/\/www.jschamberi.org\/blog\/wp-content\/uploads\/2014\/03\/ELECCIONES_EUROPEAS_ZAPATERO4898895_835d35a1.jpg\",\"width\":1194,\"height\":1080},{\"@type\":\"BreadcrumbList\",\"@id\":\"https:\/\/www.jschamberi.org\/blog\/?p=3139#breadcrumb\",\"itemListElement\":[{\"@type\":\"ListItem\",\"position\":1,\"name\":\"Home\",\"item\":\"https:\/\/www.jschamberi.org\/blog\/\"},{\"@type\":\"ListItem\",\"position\":2,\"name\":\"\u00bfPPSOE?\"}]},{\"@type\":\"WebSite\",\"@id\":\"https:\/\/www.jschamberi.org\/blog\/#website\",\"url\":\"https:\/\/www.jschamberi.org\/blog\/\",\"name\":\"Juventudes Socialistas de Chamber\u00ed\",\"description\":\"\",\"potentialAction\":[{\"@type\":\"SearchAction\",\"target\":{\"@type\":\"EntryPoint\",\"urlTemplate\":\"https:\/\/www.jschamberi.org\/blog\/?s={search_term_string}\"},\"query-input\":{\"@type\":\"PropertyValueSpecification\",\"valueRequired\":true,\"valueName\":\"search_term_string\"}}],\"inLanguage\":\"es\"},{\"@type\":\"Person\",\"@id\":\"https:\/\/www.jschamberi.org\/blog\/#\/schema\/person\/3f82d901471b027bfc456bee2b9d0d3d\",\"name\":\"JSChamberi\",\"image\":{\"@type\":\"ImageObject\",\"inLanguage\":\"es\",\"@id\":\"https:\/\/www.jschamberi.org\/blog\/#\/schema\/person\/image\/\",\"url\":\"https:\/\/secure.gravatar.com\/avatar\/c2d40e2dd384331a8f7f7a2390eaafdb?s=96&d=identicon&r=g\",\"contentUrl\":\"https:\/\/secure.gravatar.com\/avatar\/c2d40e2dd384331a8f7f7a2390eaafdb?s=96&d=identicon&r=g\",\"caption\":\"JSChamberi\"},\"sameAs\":[\"http:\/\/jschamberi.org\"],\"url\":\"https:\/\/www.jschamberi.org\/blog\/?author=20\"}]}<\/script>\n<!-- \/ Yoast SEO plugin. -->","yoast_head_json":{"title":"\u00bfPPSOE?  - Juventudes Socialistas de Chamber\u00ed","robots":{"index":"index","follow":"follow","max-snippet":"max-snippet:-1","max-image-preview":"max-image-preview:large","max-video-preview":"max-video-preview:-1"},"canonical":"https:\/\/www.jschamberi.org\/blog\/?p=3139","og_locale":"es_ES","og_type":"article","og_title":"\u00bfPPSOE?  - Juventudes Socialistas de Chamber\u00ed","og_description":"Si las elecciones municipales de 2011 auguraban tiempos dif\u00edciles para el PSOE, todo se confirm\u00f3 en las generales de noviembre, donde el partido perdi\u00f3 un gran apoyo en las urnas y empezaba una aut\u00e9ntica traves\u00eda por el desierto. Punto de inflexi\u00f3n que supusieron ataques permanentes al PSOE a\u00fan estando en la oposici\u00f3n, y la multiplicaci\u00f3n Leer m\u00e1s","og_url":"https:\/\/www.jschamberi.org\/blog\/?p=3139","og_site_name":"Juventudes Socialistas de Chamber\u00ed","article_published_time":"2014-03-22T08:44:23+00:00","article_modified_time":"2014-07-18T15:07:25+00:00","og_image":[{"width":1194,"height":1080,"url":"https:\/\/www.jschamberi.org\/blog\/wp-content\/uploads\/2014\/03\/ELECCIONES_EUROPEAS_ZAPATERO4898895_835d35a1.jpg","type":"image\/jpeg"}],"author":"JSChamberi","twitter_card":"summary_large_image","twitter_misc":{"Escrito por":"JSChamberi","Tiempo de lectura":"8 minutos"},"schema":{"@context":"https:\/\/schema.org","@graph":[{"@type":"WebPage","@id":"https:\/\/www.jschamberi.org\/blog\/?p=3139","url":"https:\/\/www.jschamberi.org\/blog\/?p=3139","name":"\u00bfPPSOE? - Juventudes Socialistas de Chamber\u00ed","isPartOf":{"@id":"https:\/\/www.jschamberi.org\/blog\/#website"},"primaryImageOfPage":{"@id":"https:\/\/www.jschamberi.org\/blog\/?p=3139#primaryimage"},"image":{"@id":"https:\/\/www.jschamberi.org\/blog\/?p=3139#primaryimage"},"thumbnailUrl":"http:\/\/www.jschamberi.org\/blog\/wp-content\/uploads\/2014\/03\/ELECCIONES_EUROPEAS_ZAPATERO4898895_835d35a1-300x271.jpg","datePublished":"2014-03-22T08:44:23+00:00","dateModified":"2014-07-18T15:07:25+00:00","author":{"@id":"https:\/\/www.jschamberi.org\/blog\/#\/schema\/person\/3f82d901471b027bfc456bee2b9d0d3d"},"breadcrumb":{"@id":"https:\/\/www.jschamberi.org\/blog\/?p=3139#breadcrumb"},"inLanguage":"es","potentialAction":[{"@type":"ReadAction","target":["https:\/\/www.jschamberi.org\/blog\/?p=3139"]}]},{"@type":"ImageObject","inLanguage":"es","@id":"https:\/\/www.jschamberi.org\/blog\/?p=3139#primaryimage","url":"https:\/\/www.jschamberi.org\/blog\/wp-content\/uploads\/2014\/03\/ELECCIONES_EUROPEAS_ZAPATERO4898895_835d35a1.jpg","contentUrl":"https:\/\/www.jschamberi.org\/blog\/wp-content\/uploads\/2014\/03\/ELECCIONES_EUROPEAS_ZAPATERO4898895_835d35a1.jpg","width":1194,"height":1080},{"@type":"BreadcrumbList","@id":"https:\/\/www.jschamberi.org\/blog\/?p=3139#breadcrumb","itemListElement":[{"@type":"ListItem","position":1,"name":"Home","item":"https:\/\/www.jschamberi.org\/blog\/"},{"@type":"ListItem","position":2,"name":"\u00bfPPSOE?"}]},{"@type":"WebSite","@id":"https:\/\/www.jschamberi.org\/blog\/#website","url":"https:\/\/www.jschamberi.org\/blog\/","name":"Juventudes Socialistas de Chamber\u00ed","description":"","potentialAction":[{"@type":"SearchAction","target":{"@type":"EntryPoint","urlTemplate":"https:\/\/www.jschamberi.org\/blog\/?s={search_term_string}"},"query-input":{"@type":"PropertyValueSpecification","valueRequired":true,"valueName":"search_term_string"}}],"inLanguage":"es"},{"@type":"Person","@id":"https:\/\/www.jschamberi.org\/blog\/#\/schema\/person\/3f82d901471b027bfc456bee2b9d0d3d","name":"JSChamberi","image":{"@type":"ImageObject","inLanguage":"es","@id":"https:\/\/www.jschamberi.org\/blog\/#\/schema\/person\/image\/","url":"https:\/\/secure.gravatar.com\/avatar\/c2d40e2dd384331a8f7f7a2390eaafdb?s=96&d=identicon&r=g","contentUrl":"https:\/\/secure.gravatar.com\/avatar\/c2d40e2dd384331a8f7f7a2390eaafdb?s=96&d=identicon&r=g","caption":"JSChamberi"},"sameAs":["http:\/\/jschamberi.org"],"url":"https:\/\/www.jschamberi.org\/blog\/?author=20"}]}},"_links":{"self":[{"href":"https:\/\/www.jschamberi.org\/blog\/index.php?rest_route=\/wp\/v2\/posts\/3139"}],"collection":[{"href":"https:\/\/www.jschamberi.org\/blog\/index.php?rest_route=\/wp\/v2\/posts"}],"about":[{"href":"https:\/\/www.jschamberi.org\/blog\/index.php?rest_route=\/wp\/v2\/types\/post"}],"author":[{"embeddable":true,"href":"https:\/\/www.jschamberi.org\/blog\/index.php?rest_route=\/wp\/v2\/users\/20"}],"replies":[{"embeddable":true,"href":"https:\/\/www.jschamberi.org\/blog\/index.php?rest_route=%2Fwp%2Fv2%2Fcomments&post=3139"}],"version-history":[{"count":8,"href":"https:\/\/www.jschamberi.org\/blog\/index.php?rest_route=\/wp\/v2\/posts\/3139\/revisions"}],"predecessor-version":[{"id":3151,"href":"https:\/\/www.jschamberi.org\/blog\/index.php?rest_route=\/wp\/v2\/posts\/3139\/revisions\/3151"}],"wp:attachment":[{"href":"https:\/\/www.jschamberi.org\/blog\/index.php?rest_route=%2Fwp%2Fv2%2Fmedia&parent=3139"}],"wp:term":[{"taxonomy":"category","embeddable":true,"href":"https:\/\/www.jschamberi.org\/blog\/index.php?rest_route=%2Fwp%2Fv2%2Fcategories&post=3139"},{"taxonomy":"post_tag","embeddable":true,"href":"https:\/\/www.jschamberi.org\/blog\/index.php?rest_route=%2Fwp%2Fv2%2Ftags&post=3139"}],"curies":[{"name":"wp","href":"https:\/\/api.w.org\/{rel}","templated":true}]}}