{"id":3129,"date":"2014-03-18T21:16:40","date_gmt":"2014-03-18T20:16:40","guid":{"rendered":"http:\/\/www.jschamberi.org\/blog\/?p=3129"},"modified":"2014-07-18T16:07:34","modified_gmt":"2014-07-18T15:07:34","slug":"acto-bricoeconomia-2003-1900","status":"publish","type":"post","link":"https:\/\/www.jschamberi.org\/blog\/?p=3129","title":{"rendered":"Acto: BricoEconom\u00eda"},"content":{"rendered":"<p style=\"text-align: justify;\"><a href=\"http:\/\/www.jschamberi.org\/blog\/?attachment_id=3130\" rel=\"attachment wp-att-3130\"><img loading=\"lazy\" decoding=\"async\" class=\"aligncenter size-large wp-image-3130\" alt=\"bricoeconom\u00eda\" src=\"http:\/\/www.jschamberi.org\/blog\/wp-content\/uploads\/2014\/03\/bricoeconom\u00eda-1024x500.jpg\" width=\"500\" height=\"244\" \/><\/a><\/p>\n<p style=\"text-align: justify;\"><span style=\"font-family: 'Times New Roman'; font-size: medium;\">El pasado jueves d\u00eda\u00a0<b>20 de marzo<\/b>\u00a0<b>a las 19:00<\/b>, Juventudes Socialistas de Chamber\u00ed organizamos un\u00a0acto conjunto\u00a0con las Juventudes Socialistas de Chamart\u00edn, en la Agrupaci\u00f3n Socialista de Chamart\u00edn\u00a0(c\/ Fern\u00e1ndez Oviedo, 15).<\/span><\/p>\n<div style=\"text-align: justify;\"><span style=\"font-family: 'Times New Roman'; font-size: medium;\">Este acto, en l\u00ednea con los ideados por la Vicesecretar\u00eda de Econom\u00eda de JS de Madrid\u00a0<b>-#BricoEconom\u00eda<\/b>&#8211; explic\u00f3 y expuso los presupuestos de la Comunidad de Madrid para este a\u00f1o y sus implicaciones, y como no,\u00a0 las alternativas del Partido Socialista. <\/span><\/div>\n<div style=\"text-align: justify;\"><\/div>\n<div style=\"text-align: justify;\"><span style=\"font-family: 'Times New Roman'; font-size: medium;\"><a href=\"http:\/\/www.jschamberi.org\/blog\/?attachment_id=3137\" rel=\"attachment wp-att-3137\"><img loading=\"lazy\" decoding=\"async\" class=\"size-full wp-image-3137 alignleft\" alt=\"2014-03-21 13.13.45\" src=\"http:\/\/www.jschamberi.org\/blog\/wp-content\/uploads\/2014\/03\/2014-03-21-13.13.45.jpg\" width=\"223\" height=\"315\" \/><\/a>Para ello nos acompa\u00f1aron <b>Daniel P\u00e9rez<\/b>\u00a0(Vicesecretario General Segundo de Econom\u00eda, Trabajo y Pol\u00edtica Auton\u00f3mica de JSM) y\u00a0<b>Antonio Miguel Carmona<\/b>\u00a0(diputado auton\u00f3mico y Secretario de Econom\u00eda y Empleo del PSM-PSOE), que hizo una excelente intervenci\u00f3n. <\/span><\/div>\n<p style=\"text-align: justify;\">\n<p style=\"text-align: justify;\"><span style=\"font-family: 'Times New Roman'; font-size: medium;\">El acto fue distendido y ameno, y desde aqu\u00ed queremos agradecer, adem\u00e1s de\u00a0 los ponentes y a las Juventudes de\u00a0Chamart\u00edn, a la propia Agrupaci\u00f3n Socialista de Chamart\u00edn su disposici\u00f3n y colaboraci\u00f3n en este acto. \u00a0\u00a0\u00a0<\/span><\/p>\n","protected":false},"excerpt":{"rendered":"<p>El pasado jueves d\u00eda\u00a020 de marzo\u00a0a las 19:00, Juventudes Socialistas de Chamber\u00ed organizamos un\u00a0acto conjunto\u00a0con las Juventudes Socialistas de Chamart\u00edn, en la Agrupaci\u00f3n Socialista de Chamart\u00edn\u00a0(c\/ Fern\u00e1ndez Oviedo, 15). Este acto, en l\u00ednea con los ideados por la Vicesecretar\u00eda de Econom\u00eda de JS de Madrid\u00a0-#BricoEconom\u00eda&#8211; explic\u00f3 y expuso los presupuestos de la Comunidad de Madrid <a class=\"read-more\" href=\"https:\/\/www.jschamberi.org\/blog\/?p=3129\">Leer m\u00e1s<\/a><\/p>\n","protected":false},"author":20,"featured_media":0,"comment_status":"open","ping_status":"open","sticky":false,"template":"","format":"standard","meta":{"footnotes":""},"categories":[72,13],"tags":[],"class_list":["post-3129","post","type-post","status-publish","format-standard","hentry","category-economia","category-eventos"],"yoast_head":"<!-- This site is optimized with the Yoast SEO plugin v23.7 - https:\/\/yoast.com\/wordpress\/plugins\/seo\/ -->\n<title>Acto: BricoEconom\u00eda  - Juventudes Socialistas de Chamber\u00ed<\/title>\n<meta name=\"robots\" content=\"index, follow, max-snippet:-1, max-image-preview:large, max-video-preview:-1\" \/>\n<link rel=\"canonical\" href=\"https:\/\/www.jschamberi.org\/blog\/?p=3129\" \/>\n<meta property=\"og:locale\" content=\"es_ES\" \/>\n<meta property=\"og:type\" content=\"article\" \/>\n<meta property=\"og:title\" content=\"Acto: BricoEconom\u00eda  - Juventudes Socialistas de Chamber\u00ed\" \/>\n<meta property=\"og:description\" content=\"El pasado jueves d\u00eda\u00a020 de marzo\u00a0a las 19:00, Juventudes Socialistas de Chamber\u00ed organizamos un\u00a0acto conjunto\u00a0con las Juventudes Socialistas de Chamart\u00edn, en la Agrupaci\u00f3n Socialista de Chamart\u00edn\u00a0(c\/ Fern\u00e1ndez Oviedo, 15). Este acto, en l\u00ednea con los ideados por la Vicesecretar\u00eda de Econom\u00eda de JS de Madrid\u00a0-#BricoEconom\u00eda&#8211; explic\u00f3 y expuso los presupuestos de la Comunidad de Madrid Leer m\u00e1s\" \/>\n<meta property=\"og:url\" content=\"https:\/\/www.jschamberi.org\/blog\/?p=3129\" \/>\n<meta property=\"og:site_name\" content=\"Juventudes Socialistas de Chamber\u00ed\" \/>\n<meta property=\"article:published_time\" content=\"2014-03-18T20:16:40+00:00\" \/>\n<meta property=\"article:modified_time\" content=\"2014-07-18T15:07:34+00:00\" \/>\n<meta property=\"og:image\" content=\"http:\/\/www.jschamberi.org\/blog\/wp-content\/uploads\/2014\/03\/2014-03-21-13.13.45.jpg\" \/>\n<meta name=\"author\" content=\"JSChamberi\" \/>\n<meta name=\"twitter:card\" content=\"summary_large_image\" \/>\n<meta name=\"twitter:label1\" content=\"Escrito por\" \/>\n\t<meta name=\"twitter:data1\" content=\"JSChamberi\" \/>\n\t<meta name=\"twitter:label2\" content=\"Tiempo de lectura\" \/>\n\t<meta name=\"twitter:data2\" content=\"1 minuto\" \/>\n<script type=\"application\/ld+json\" class=\"yoast-schema-graph\">{\"@context\":\"https:\/\/schema.org\",\"@graph\":[{\"@type\":\"WebPage\",\"@id\":\"https:\/\/www.jschamberi.org\/blog\/?p=3129\",\"url\":\"https:\/\/www.jschamberi.org\/blog\/?p=3129\",\"name\":\"Acto: BricoEconom\u00eda - Juventudes Socialistas de Chamber\u00ed\",\"isPartOf\":{\"@id\":\"https:\/\/www.jschamberi.org\/blog\/#website\"},\"primaryImageOfPage\":{\"@id\":\"https:\/\/www.jschamberi.org\/blog\/?p=3129#primaryimage\"},\"image\":{\"@id\":\"https:\/\/www.jschamberi.org\/blog\/?p=3129#primaryimage\"},\"thumbnailUrl\":\"http:\/\/www.jschamberi.org\/blog\/wp-content\/uploads\/2014\/03\/2014-03-21-13.13.45.jpg\",\"datePublished\":\"2014-03-18T20:16:40+00:00\",\"dateModified\":\"2014-07-18T15:07:34+00:00\",\"author\":{\"@id\":\"https:\/\/www.jschamberi.org\/blog\/#\/schema\/person\/3f82d901471b027bfc456bee2b9d0d3d\"},\"breadcrumb\":{\"@id\":\"https:\/\/www.jschamberi.org\/blog\/?p=3129#breadcrumb\"},\"inLanguage\":\"es\",\"potentialAction\":[{\"@type\":\"ReadAction\",\"target\":[\"https:\/\/www.jschamberi.org\/blog\/?p=3129\"]}]},{\"@type\":\"ImageObject\",\"inLanguage\":\"es\",\"@id\":\"https:\/\/www.jschamberi.org\/blog\/?p=3129#primaryimage\",\"url\":\"https:\/\/www.jschamberi.org\/blog\/wp-content\/uploads\/2014\/03\/2014-03-21-13.13.45.jpg\",\"contentUrl\":\"https:\/\/www.jschamberi.org\/blog\/wp-content\/uploads\/2014\/03\/2014-03-21-13.13.45.jpg\",\"width\":480,\"height\":640},{\"@type\":\"BreadcrumbList\",\"@id\":\"https:\/\/www.jschamberi.org\/blog\/?p=3129#breadcrumb\",\"itemListElement\":[{\"@type\":\"ListItem\",\"position\":1,\"name\":\"Home\",\"item\":\"https:\/\/www.jschamberi.org\/blog\/\"},{\"@type\":\"ListItem\",\"position\":2,\"name\":\"Acto: BricoEconom\u00eda\"}]},{\"@type\":\"WebSite\",\"@id\":\"https:\/\/www.jschamberi.org\/blog\/#website\",\"url\":\"https:\/\/www.jschamberi.org\/blog\/\",\"name\":\"Juventudes Socialistas de Chamber\u00ed\",\"description\":\"\",\"potentialAction\":[{\"@type\":\"SearchAction\",\"target\":{\"@type\":\"EntryPoint\",\"urlTemplate\":\"https:\/\/www.jschamberi.org\/blog\/?s={search_term_string}\"},\"query-input\":{\"@type\":\"PropertyValueSpecification\",\"valueRequired\":true,\"valueName\":\"search_term_string\"}}],\"inLanguage\":\"es\"},{\"@type\":\"Person\",\"@id\":\"https:\/\/www.jschamberi.org\/blog\/#\/schema\/person\/3f82d901471b027bfc456bee2b9d0d3d\",\"name\":\"JSChamberi\",\"image\":{\"@type\":\"ImageObject\",\"inLanguage\":\"es\",\"@id\":\"https:\/\/www.jschamberi.org\/blog\/#\/schema\/person\/image\/\",\"url\":\"https:\/\/secure.gravatar.com\/avatar\/c2d40e2dd384331a8f7f7a2390eaafdb?s=96&d=identicon&r=g\",\"contentUrl\":\"https:\/\/secure.gravatar.com\/avatar\/c2d40e2dd384331a8f7f7a2390eaafdb?s=96&d=identicon&r=g\",\"caption\":\"JSChamberi\"},\"sameAs\":[\"http:\/\/jschamberi.org\"],\"url\":\"https:\/\/www.jschamberi.org\/blog\/?author=20\"}]}<\/script>\n<!-- \/ Yoast SEO plugin. -->","yoast_head_json":{"title":"Acto: BricoEconom\u00eda  - Juventudes Socialistas de Chamber\u00ed","robots":{"index":"index","follow":"follow","max-snippet":"max-snippet:-1","max-image-preview":"max-image-preview:large","max-video-preview":"max-video-preview:-1"},"canonical":"https:\/\/www.jschamberi.org\/blog\/?p=3129","og_locale":"es_ES","og_type":"article","og_title":"Acto: BricoEconom\u00eda  - Juventudes Socialistas de Chamber\u00ed","og_description":"El pasado jueves d\u00eda\u00a020 de marzo\u00a0a las 19:00, Juventudes Socialistas de Chamber\u00ed organizamos un\u00a0acto conjunto\u00a0con las Juventudes Socialistas de Chamart\u00edn, en la Agrupaci\u00f3n Socialista de Chamart\u00edn\u00a0(c\/ Fern\u00e1ndez Oviedo, 15). Este acto, en l\u00ednea con los ideados por la Vicesecretar\u00eda de Econom\u00eda de JS de Madrid\u00a0-#BricoEconom\u00eda&#8211; explic\u00f3 y expuso los presupuestos de la Comunidad de Madrid Leer m\u00e1s","og_url":"https:\/\/www.jschamberi.org\/blog\/?p=3129","og_site_name":"Juventudes Socialistas de Chamber\u00ed","article_published_time":"2014-03-18T20:16:40+00:00","article_modified_time":"2014-07-18T15:07:34+00:00","og_image":[{"url":"http:\/\/www.jschamberi.org\/blog\/wp-content\/uploads\/2014\/03\/2014-03-21-13.13.45.jpg"}],"author":"JSChamberi","twitter_card":"summary_large_image","twitter_misc":{"Escrito por":"JSChamberi","Tiempo de lectura":"1 minuto"},"schema":{"@context":"https:\/\/schema.org","@graph":[{"@type":"WebPage","@id":"https:\/\/www.jschamberi.org\/blog\/?p=3129","url":"https:\/\/www.jschamberi.org\/blog\/?p=3129","name":"Acto: BricoEconom\u00eda - Juventudes Socialistas de Chamber\u00ed","isPartOf":{"@id":"https:\/\/www.jschamberi.org\/blog\/#website"},"primaryImageOfPage":{"@id":"https:\/\/www.jschamberi.org\/blog\/?p=3129#primaryimage"},"image":{"@id":"https:\/\/www.jschamberi.org\/blog\/?p=3129#primaryimage"},"thumbnailUrl":"http:\/\/www.jschamberi.org\/blog\/wp-content\/uploads\/2014\/03\/2014-03-21-13.13.45.jpg","datePublished":"2014-03-18T20:16:40+00:00","dateModified":"2014-07-18T15:07:34+00:00","author":{"@id":"https:\/\/www.jschamberi.org\/blog\/#\/schema\/person\/3f82d901471b027bfc456bee2b9d0d3d"},"breadcrumb":{"@id":"https:\/\/www.jschamberi.org\/blog\/?p=3129#breadcrumb"},"inLanguage":"es","potentialAction":[{"@type":"ReadAction","target":["https:\/\/www.jschamberi.org\/blog\/?p=3129"]}]},{"@type":"ImageObject","inLanguage":"es","@id":"https:\/\/www.jschamberi.org\/blog\/?p=3129#primaryimage","url":"https:\/\/www.jschamberi.org\/blog\/wp-content\/uploads\/2014\/03\/2014-03-21-13.13.45.jpg","contentUrl":"https:\/\/www.jschamberi.org\/blog\/wp-content\/uploads\/2014\/03\/2014-03-21-13.13.45.jpg","width":480,"height":640},{"@type":"BreadcrumbList","@id":"https:\/\/www.jschamberi.org\/blog\/?p=3129#breadcrumb","itemListElement":[{"@type":"ListItem","position":1,"name":"Home","item":"https:\/\/www.jschamberi.org\/blog\/"},{"@type":"ListItem","position":2,"name":"Acto: BricoEconom\u00eda"}]},{"@type":"WebSite","@id":"https:\/\/www.jschamberi.org\/blog\/#website","url":"https:\/\/www.jschamberi.org\/blog\/","name":"Juventudes Socialistas de Chamber\u00ed","description":"","potentialAction":[{"@type":"SearchAction","target":{"@type":"EntryPoint","urlTemplate":"https:\/\/www.jschamberi.org\/blog\/?s={search_term_string}"},"query-input":{"@type":"PropertyValueSpecification","valueRequired":true,"valueName":"search_term_string"}}],"inLanguage":"es"},{"@type":"Person","@id":"https:\/\/www.jschamberi.org\/blog\/#\/schema\/person\/3f82d901471b027bfc456bee2b9d0d3d","name":"JSChamberi","image":{"@type":"ImageObject","inLanguage":"es","@id":"https:\/\/www.jschamberi.org\/blog\/#\/schema\/person\/image\/","url":"https:\/\/secure.gravatar.com\/avatar\/c2d40e2dd384331a8f7f7a2390eaafdb?s=96&d=identicon&r=g","contentUrl":"https:\/\/secure.gravatar.com\/avatar\/c2d40e2dd384331a8f7f7a2390eaafdb?s=96&d=identicon&r=g","caption":"JSChamberi"},"sameAs":["http:\/\/jschamberi.org"],"url":"https:\/\/www.jschamberi.org\/blog\/?author=20"}]}},"_links":{"self":[{"href":"https:\/\/www.jschamberi.org\/blog\/index.php?rest_route=\/wp\/v2\/posts\/3129"}],"collection":[{"href":"https:\/\/www.jschamberi.org\/blog\/index.php?rest_route=\/wp\/v2\/posts"}],"about":[{"href":"https:\/\/www.jschamberi.org\/blog\/index.php?rest_route=\/wp\/v2\/types\/post"}],"author":[{"embeddable":true,"href":"https:\/\/www.jschamberi.org\/blog\/index.php?rest_route=\/wp\/v2\/users\/20"}],"replies":[{"embeddable":true,"href":"https:\/\/www.jschamberi.org\/blog\/index.php?rest_route=%2Fwp%2Fv2%2Fcomments&post=3129"}],"version-history":[{"count":1,"href":"https:\/\/www.jschamberi.org\/blog\/index.php?rest_route=\/wp\/v2\/posts\/3129\/revisions"}],"predecessor-version":[{"id":3138,"href":"https:\/\/www.jschamberi.org\/blog\/index.php?rest_route=\/wp\/v2\/posts\/3129\/revisions\/3138"}],"wp:attachment":[{"href":"https:\/\/www.jschamberi.org\/blog\/index.php?rest_route=%2Fwp%2Fv2%2Fmedia&parent=3129"}],"wp:term":[{"taxonomy":"category","embeddable":true,"href":"https:\/\/www.jschamberi.org\/blog\/index.php?rest_route=%2Fwp%2Fv2%2Fcategories&post=3129"},{"taxonomy":"post_tag","embeddable":true,"href":"https:\/\/www.jschamberi.org\/blog\/index.php?rest_route=%2Fwp%2Fv2%2Ftags&post=3129"}],"curies":[{"name":"wp","href":"https:\/\/api.w.org\/{rel}","templated":true}]}}