{"id":3090,"date":"2014-02-22T10:00:09","date_gmt":"2014-02-22T09:00:09","guid":{"rendered":"http:\/\/www.jschamberi.org\/blog\/?p=3090"},"modified":"2014-07-18T16:11:30","modified_gmt":"2014-07-18T15:11:30","slug":"acto-personas-lgtb-en-el-ambito-internacional","status":"publish","type":"post","link":"https:\/\/www.jschamberi.org\/blog\/?p=3090","title":{"rendered":"Acto: Personas LGTB en el \u00e1mbito internacional"},"content":{"rendered":"<p><a href=\"http:\/\/www.jschamberi.org\/blog\/?attachment_id=3091\" rel=\"attachment wp-att-3091\"><img loading=\"lazy\" decoding=\"async\" class=\"wp-image-3091 aligncenter\" alt=\"Cartel LGTB internacional\" src=\"http:\/\/www.jschamberi.org\/blog\/wp-content\/uploads\/2014\/02\/Cartel-LGTB-internacional.jpg\" width=\"446\" height=\"629\" \/><\/a><\/p>\n<p style=\"text-align: justify;\">Despu\u00e9s de ver c\u00f3mo en los \u00faltimos a\u00f1os se retrocede en materia de derechos, excluyendo o incluso penalizando a las personas LGTB en pa\u00edses como Rusia, Gambia, Uganda, etc., las Juventudes Socialistas de Chamber\u00ed consideramos necesario reflexionar en profundidad sobre esta situaci\u00f3n, sus causas y las perspectivas de cara al futuro.<\/p>\n<p style=\"text-align: justify;\">\u00bfQu\u00e9 ha llevado a Rusia a promover una ley que castiga la &#8220;publicidad homosexual&#8221;? \u00bfC\u00f3mo evitar que pa\u00edses como Gambia apliquen leyes que condenan a muerte a las personas LGTB?<\/p>\n<p style=\"text-align: justify;\">Para debatir sobre todo ello organizamos en nuestra agrupaci\u00f3n\u00a0un acto donde\u00a0nos acompa\u00f1aron dos ponentes que\u00a0aportaron una visi\u00f3n global de la situaci\u00f3n de los derechos para las personas LGTB en el plano internacional:<\/p>\n<ul>\n<ul>\n<li><strong>Ram\u00f3n Mart\u00ednez<\/strong>: coordinador del \u00e1rea LGTB del PSM-PSOE.<\/li>\n<li><strong>Gabriel Aranda<\/strong>: coordinador del \u00e1rea Internacional de la FELGTB.<\/li>\n<\/ul>\n<\/ul>\n<p style=\"text-align: justify;\">Los ponentes no s\u00f3lo analizaron la situaci\u00f3n de los pa\u00edses que claramente institucionalizan y legalizan la homofobia, sino tambi\u00e9n en aquellos otros donde se les persigue de forma m\u00e1s o menos velada o directamente se insta al linchamiento p\u00fablico.\u00a0\u00a0Las organizaciones europeas e internacionales a favor de los derechos LGTB y sus acciones tambi\u00e9n estuvieron en el debate.<\/p>\n<p style=\"text-align: justify;\"><a href=\"http:\/\/www.jschamberi.org\/blog\/?attachment_id=3096\" rel=\"attachment wp-att-3096\"><img loading=\"lazy\" decoding=\"async\" class=\"aligncenter size-medium wp-image-3096\" alt=\"20140226_194707\" src=\"http:\/\/www.jschamberi.org\/blog\/wp-content\/uploads\/2014\/02\/20140226_194707-300x225.jpg\" width=\"300\" height=\"225\" srcset=\"https:\/\/www.jschamberi.org\/blog\/wp-content\/uploads\/2014\/02\/20140226_194707-300x225.jpg 300w, https:\/\/www.jschamberi.org\/blog\/wp-content\/uploads\/2014\/02\/20140226_194707-1024x769.jpg 1024w\" sizes=\"(max-width: 300px) 100vw, 300px\" \/><\/a><\/p>\n<p style=\"text-align: justify;\">La ronda de preguntas posterior nos hizo reflexionar sobre la consideraci\u00f3n de que Espa\u00f1a fuese el pa\u00eds m\u00e1s tolerante del mundo seg\u00fan las \u00faltimas valoraciones, la oposici\u00f3n\u00a0radical que medidas semejantes a las tomadas por nosotros se han mostrado en algunos sitios como en Francia o\u00a0sobre la hip\u00f3tesis de que los avances alcanzados durante los \u00faltimos a\u00f1os\u00a0desaparezcan.<\/p>\n<p style=\"text-align: justify;\">Para terminar un agradecimiento a los moderadores de la\u00a0mesa compuesta por Florencio Michelena, que hizo una brillante introducci\u00f3n, y Ga\u00eblle que se encarg\u00f3 de la ronda final de preguntas .<\/p>\n<p style=\"text-align: justify;\">Pod\u00e9is contactar con nosotros en <a href=\"mailto:jschamberi@gmail.com\">jschamberi@gmail.com<\/a>.<\/p>\n","protected":false},"excerpt":{"rendered":"<p>Despu\u00e9s de ver c\u00f3mo en los \u00faltimos a\u00f1os se retrocede en materia de derechos, excluyendo o incluso penalizando a las personas LGTB en pa\u00edses como Rusia, Gambia, Uganda, etc., las Juventudes Socialistas de Chamber\u00ed consideramos necesario reflexionar en profundidad sobre esta situaci\u00f3n, sus causas y las perspectivas de cara al futuro. \u00bfQu\u00e9 ha llevado a <a class=\"read-more\" href=\"https:\/\/www.jschamberi.org\/blog\/?p=3090\">Leer m\u00e1s<\/a><\/p>\n","protected":false},"author":20,"featured_media":0,"comment_status":"open","ping_status":"open","sticky":false,"template":"","format":"standard","meta":{"footnotes":""},"categories":[13,5,47],"tags":[],"class_list":["post-3090","post","type-post","status-publish","format-standard","hentry","category-eventos","category-igualdad","category-outside"],"yoast_head":"<!-- This site is optimized with the Yoast SEO plugin v23.7 - https:\/\/yoast.com\/wordpress\/plugins\/seo\/ -->\n<title>Acto: Personas LGTB en el \u00e1mbito internacional - Juventudes Socialistas de Chamber\u00ed<\/title>\n<meta name=\"robots\" content=\"index, follow, max-snippet:-1, max-image-preview:large, max-video-preview:-1\" \/>\n<link rel=\"canonical\" href=\"https:\/\/www.jschamberi.org\/blog\/?p=3090\" \/>\n<meta property=\"og:locale\" content=\"es_ES\" \/>\n<meta property=\"og:type\" content=\"article\" \/>\n<meta property=\"og:title\" content=\"Acto: Personas LGTB en el \u00e1mbito internacional - Juventudes Socialistas de Chamber\u00ed\" \/>\n<meta property=\"og:description\" content=\"Despu\u00e9s de ver c\u00f3mo en los \u00faltimos a\u00f1os se retrocede en materia de derechos, excluyendo o incluso penalizando a las personas LGTB en pa\u00edses como Rusia, Gambia, Uganda, etc., las Juventudes Socialistas de Chamber\u00ed consideramos necesario reflexionar en profundidad sobre esta situaci\u00f3n, sus causas y las perspectivas de cara al futuro. \u00bfQu\u00e9 ha llevado a Leer m\u00e1s\" \/>\n<meta property=\"og:url\" content=\"https:\/\/www.jschamberi.org\/blog\/?p=3090\" \/>\n<meta property=\"og:site_name\" content=\"Juventudes Socialistas de Chamber\u00ed\" \/>\n<meta property=\"article:published_time\" content=\"2014-02-22T09:00:09+00:00\" \/>\n<meta property=\"article:modified_time\" content=\"2014-07-18T15:11:30+00:00\" \/>\n<meta name=\"author\" content=\"JSChamberi\" \/>\n<meta name=\"twitter:card\" content=\"summary_large_image\" \/>\n<meta name=\"twitter:label1\" content=\"Escrito por\" \/>\n\t<meta name=\"twitter:data1\" content=\"JSChamberi\" \/>\n\t<meta name=\"twitter:label2\" content=\"Tiempo de lectura\" \/>\n\t<meta name=\"twitter:data2\" content=\"2 minutos\" \/>\n<script type=\"application\/ld+json\" class=\"yoast-schema-graph\">{\"@context\":\"https:\/\/schema.org\",\"@graph\":[{\"@type\":\"WebPage\",\"@id\":\"https:\/\/www.jschamberi.org\/blog\/?p=3090\",\"url\":\"https:\/\/www.jschamberi.org\/blog\/?p=3090\",\"name\":\"Acto: Personas LGTB en el \u00e1mbito internacional - Juventudes Socialistas de Chamber\u00ed\",\"isPartOf\":{\"@id\":\"https:\/\/www.jschamberi.org\/blog\/#website\"},\"primaryImageOfPage\":{\"@id\":\"https:\/\/www.jschamberi.org\/blog\/?p=3090#primaryimage\"},\"image\":{\"@id\":\"https:\/\/www.jschamberi.org\/blog\/?p=3090#primaryimage\"},\"thumbnailUrl\":\"http:\/\/www.jschamberi.org\/blog\/wp-content\/uploads\/2014\/02\/Cartel-LGTB-internacional.jpg\",\"datePublished\":\"2014-02-22T09:00:09+00:00\",\"dateModified\":\"2014-07-18T15:11:30+00:00\",\"author\":{\"@id\":\"https:\/\/www.jschamberi.org\/blog\/#\/schema\/person\/3f82d901471b027bfc456bee2b9d0d3d\"},\"breadcrumb\":{\"@id\":\"https:\/\/www.jschamberi.org\/blog\/?p=3090#breadcrumb\"},\"inLanguage\":\"es\",\"potentialAction\":[{\"@type\":\"ReadAction\",\"target\":[\"https:\/\/www.jschamberi.org\/blog\/?p=3090\"]}]},{\"@type\":\"ImageObject\",\"inLanguage\":\"es\",\"@id\":\"https:\/\/www.jschamberi.org\/blog\/?p=3090#primaryimage\",\"url\":\"\",\"contentUrl\":\"\"},{\"@type\":\"BreadcrumbList\",\"@id\":\"https:\/\/www.jschamberi.org\/blog\/?p=3090#breadcrumb\",\"itemListElement\":[{\"@type\":\"ListItem\",\"position\":1,\"name\":\"Home\",\"item\":\"https:\/\/www.jschamberi.org\/blog\/\"},{\"@type\":\"ListItem\",\"position\":2,\"name\":\"Acto: Personas LGTB en el \u00e1mbito internacional\"}]},{\"@type\":\"WebSite\",\"@id\":\"https:\/\/www.jschamberi.org\/blog\/#website\",\"url\":\"https:\/\/www.jschamberi.org\/blog\/\",\"name\":\"Juventudes Socialistas de Chamber\u00ed\",\"description\":\"\",\"potentialAction\":[{\"@type\":\"SearchAction\",\"target\":{\"@type\":\"EntryPoint\",\"urlTemplate\":\"https:\/\/www.jschamberi.org\/blog\/?s={search_term_string}\"},\"query-input\":{\"@type\":\"PropertyValueSpecification\",\"valueRequired\":true,\"valueName\":\"search_term_string\"}}],\"inLanguage\":\"es\"},{\"@type\":\"Person\",\"@id\":\"https:\/\/www.jschamberi.org\/blog\/#\/schema\/person\/3f82d901471b027bfc456bee2b9d0d3d\",\"name\":\"JSChamberi\",\"image\":{\"@type\":\"ImageObject\",\"inLanguage\":\"es\",\"@id\":\"https:\/\/www.jschamberi.org\/blog\/#\/schema\/person\/image\/\",\"url\":\"https:\/\/secure.gravatar.com\/avatar\/c2d40e2dd384331a8f7f7a2390eaafdb?s=96&d=identicon&r=g\",\"contentUrl\":\"https:\/\/secure.gravatar.com\/avatar\/c2d40e2dd384331a8f7f7a2390eaafdb?s=96&d=identicon&r=g\",\"caption\":\"JSChamberi\"},\"sameAs\":[\"http:\/\/jschamberi.org\"],\"url\":\"https:\/\/www.jschamberi.org\/blog\/?author=20\"}]}<\/script>\n<!-- \/ Yoast SEO plugin. -->","yoast_head_json":{"title":"Acto: Personas LGTB en el \u00e1mbito internacional - Juventudes Socialistas de Chamber\u00ed","robots":{"index":"index","follow":"follow","max-snippet":"max-snippet:-1","max-image-preview":"max-image-preview:large","max-video-preview":"max-video-preview:-1"},"canonical":"https:\/\/www.jschamberi.org\/blog\/?p=3090","og_locale":"es_ES","og_type":"article","og_title":"Acto: Personas LGTB en el \u00e1mbito internacional - Juventudes Socialistas de Chamber\u00ed","og_description":"Despu\u00e9s de ver c\u00f3mo en los \u00faltimos a\u00f1os se retrocede en materia de derechos, excluyendo o incluso penalizando a las personas LGTB en pa\u00edses como Rusia, Gambia, Uganda, etc., las Juventudes Socialistas de Chamber\u00ed consideramos necesario reflexionar en profundidad sobre esta situaci\u00f3n, sus causas y las perspectivas de cara al futuro. \u00bfQu\u00e9 ha llevado a Leer m\u00e1s","og_url":"https:\/\/www.jschamberi.org\/blog\/?p=3090","og_site_name":"Juventudes Socialistas de Chamber\u00ed","article_published_time":"2014-02-22T09:00:09+00:00","article_modified_time":"2014-07-18T15:11:30+00:00","author":"JSChamberi","twitter_card":"summary_large_image","twitter_misc":{"Escrito por":"JSChamberi","Tiempo de lectura":"2 minutos"},"schema":{"@context":"https:\/\/schema.org","@graph":[{"@type":"WebPage","@id":"https:\/\/www.jschamberi.org\/blog\/?p=3090","url":"https:\/\/www.jschamberi.org\/blog\/?p=3090","name":"Acto: Personas LGTB en el \u00e1mbito internacional - Juventudes Socialistas de Chamber\u00ed","isPartOf":{"@id":"https:\/\/www.jschamberi.org\/blog\/#website"},"primaryImageOfPage":{"@id":"https:\/\/www.jschamberi.org\/blog\/?p=3090#primaryimage"},"image":{"@id":"https:\/\/www.jschamberi.org\/blog\/?p=3090#primaryimage"},"thumbnailUrl":"http:\/\/www.jschamberi.org\/blog\/wp-content\/uploads\/2014\/02\/Cartel-LGTB-internacional.jpg","datePublished":"2014-02-22T09:00:09+00:00","dateModified":"2014-07-18T15:11:30+00:00","author":{"@id":"https:\/\/www.jschamberi.org\/blog\/#\/schema\/person\/3f82d901471b027bfc456bee2b9d0d3d"},"breadcrumb":{"@id":"https:\/\/www.jschamberi.org\/blog\/?p=3090#breadcrumb"},"inLanguage":"es","potentialAction":[{"@type":"ReadAction","target":["https:\/\/www.jschamberi.org\/blog\/?p=3090"]}]},{"@type":"ImageObject","inLanguage":"es","@id":"https:\/\/www.jschamberi.org\/blog\/?p=3090#primaryimage","url":"","contentUrl":""},{"@type":"BreadcrumbList","@id":"https:\/\/www.jschamberi.org\/blog\/?p=3090#breadcrumb","itemListElement":[{"@type":"ListItem","position":1,"name":"Home","item":"https:\/\/www.jschamberi.org\/blog\/"},{"@type":"ListItem","position":2,"name":"Acto: Personas LGTB en el \u00e1mbito internacional"}]},{"@type":"WebSite","@id":"https:\/\/www.jschamberi.org\/blog\/#website","url":"https:\/\/www.jschamberi.org\/blog\/","name":"Juventudes Socialistas de Chamber\u00ed","description":"","potentialAction":[{"@type":"SearchAction","target":{"@type":"EntryPoint","urlTemplate":"https:\/\/www.jschamberi.org\/blog\/?s={search_term_string}"},"query-input":{"@type":"PropertyValueSpecification","valueRequired":true,"valueName":"search_term_string"}}],"inLanguage":"es"},{"@type":"Person","@id":"https:\/\/www.jschamberi.org\/blog\/#\/schema\/person\/3f82d901471b027bfc456bee2b9d0d3d","name":"JSChamberi","image":{"@type":"ImageObject","inLanguage":"es","@id":"https:\/\/www.jschamberi.org\/blog\/#\/schema\/person\/image\/","url":"https:\/\/secure.gravatar.com\/avatar\/c2d40e2dd384331a8f7f7a2390eaafdb?s=96&d=identicon&r=g","contentUrl":"https:\/\/secure.gravatar.com\/avatar\/c2d40e2dd384331a8f7f7a2390eaafdb?s=96&d=identicon&r=g","caption":"JSChamberi"},"sameAs":["http:\/\/jschamberi.org"],"url":"https:\/\/www.jschamberi.org\/blog\/?author=20"}]}},"_links":{"self":[{"href":"https:\/\/www.jschamberi.org\/blog\/index.php?rest_route=\/wp\/v2\/posts\/3090"}],"collection":[{"href":"https:\/\/www.jschamberi.org\/blog\/index.php?rest_route=\/wp\/v2\/posts"}],"about":[{"href":"https:\/\/www.jschamberi.org\/blog\/index.php?rest_route=\/wp\/v2\/types\/post"}],"author":[{"embeddable":true,"href":"https:\/\/www.jschamberi.org\/blog\/index.php?rest_route=\/wp\/v2\/users\/20"}],"replies":[{"embeddable":true,"href":"https:\/\/www.jschamberi.org\/blog\/index.php?rest_route=%2Fwp%2Fv2%2Fcomments&post=3090"}],"version-history":[{"count":1,"href":"https:\/\/www.jschamberi.org\/blog\/index.php?rest_route=\/wp\/v2\/posts\/3090\/revisions"}],"predecessor-version":[{"id":3097,"href":"https:\/\/www.jschamberi.org\/blog\/index.php?rest_route=\/wp\/v2\/posts\/3090\/revisions\/3097"}],"wp:attachment":[{"href":"https:\/\/www.jschamberi.org\/blog\/index.php?rest_route=%2Fwp%2Fv2%2Fmedia&parent=3090"}],"wp:term":[{"taxonomy":"category","embeddable":true,"href":"https:\/\/www.jschamberi.org\/blog\/index.php?rest_route=%2Fwp%2Fv2%2Fcategories&post=3090"},{"taxonomy":"post_tag","embeddable":true,"href":"https:\/\/www.jschamberi.org\/blog\/index.php?rest_route=%2Fwp%2Fv2%2Ftags&post=3090"}],"curies":[{"name":"wp","href":"https:\/\/api.w.org\/{rel}","templated":true}]}}