{"id":3049,"date":"2014-01-22T12:47:01","date_gmt":"2014-01-22T11:47:01","guid":{"rendered":"http:\/\/www.jschamberi.org\/blog\/?p=3049"},"modified":"2014-01-28T16:53:48","modified_gmt":"2014-01-28T15:53:48","slug":"3049","status":"publish","type":"post","link":"https:\/\/www.jschamberi.org\/blog\/?p=3049","title":{"rendered":""},"content":{"rendered":"<p style=\"text-align: justify;\"><a href=\"http:\/\/www.jschamberi.org\/blog\/?attachment_id=3050\" rel=\"attachment wp-att-3050\"><img loading=\"lazy\" decoding=\"async\" class=\"aligncenter size-full wp-image-3050\" alt=\"Cara a cara con maria irigoyen\" src=\"http:\/\/www.jschamberi.org\/blog\/wp-content\/uploads\/2014\/01\/Cara-a-cara-con-maria-irigoyen.png\" width=\"610\" height=\"140\" srcset=\"https:\/\/www.jschamberi.org\/blog\/wp-content\/uploads\/2014\/01\/Cara-a-cara-con-maria-irigoyen.png 610w, https:\/\/www.jschamberi.org\/blog\/wp-content\/uploads\/2014\/01\/Cara-a-cara-con-maria-irigoyen-300x68.png 300w\" sizes=\"(max-width: 610px) 100vw, 610px\" \/><\/a><\/p>\n<p style=\"text-align: justify;\"><span style=\"color: #000000;\">Desde Juventudes Socialistas de Chamber\u00ed (JSCh) continuamos con nuestra secci\u00f3n<i> Cara<\/i> <i>a Cara<\/i>, esta vez con la eurodiputada Mar\u00eda Irigoyen, que nos concedi\u00f3 una entrevista en mayo del 2013, y que sigue plenamente vigente. Relacion\u00e1ndolo con las pr\u00f3ximas elecciones europeas, de las que tambi\u00e9n le preguntamos, la entrevista nos deja ver el panorama actual de la Uni\u00f3n Europea, as\u00ed como la situaci\u00f3n de la ciudadan\u00eda respecto a la misma. Una interesante entrevista que publicamos y que queremos agradecer.<\/span><\/p>\n<p style=\"text-align: justify;\"><span style=\"font-size: medium;\"><span style=\"color: #000000;\"><span style=\"font-family: Times New Roman;\"><b>1. Pregunta: <\/b>Mar\u00eda, eres eurodiputada por Soria desde el a\u00f1o 2010, \u00bfPor qu\u00e9 se conocen tan poco a los eurodiputados, cuando vuestra labor y las decisiones que se toman son tan importantes?<\/span><\/span><\/span><\/p>\n<p style=\"text-align: justify;\"><span style=\"font-size: medium;\"><span style=\"color: #000000;\"><span style=\"font-family: Times New Roman;\"><b>Respuesta:<\/b> La labor de los diputados europeos en principio parece poco atractiva, pero no debemos olvidar que el 90% de nuestra vida diaria est\u00e1 regulada por directivas de la UE. Deber\u00edan los medios de comunicaci\u00f3n interesarse much\u00edsimo m\u00e1s por el trabajo que venimos haciendo. Por ejemplo sobre el debate en el parlamento europeo del dinero de los fondos de la UE, la financiaci\u00f3n europea, que es tan importante para ayudar a los pa\u00edses, y m\u00e1s en periodos de crisis. Por ejemplo la diferente posici\u00f3n que hay entre el Parlamento, que ped\u00eda un 5% de incremento en el presupuesto, ya que estamos en crisis y necesitamos m\u00e1s dinero para atender m\u00e1s necesidades con los pa\u00edses que peor lo est\u00e1n pasando, y la propuesta que ha puesto encima de la mesa el Consejo (los pa\u00edses), que es de reducir 100.000 millones de euros, una cantidad important\u00edsima. <\/span><\/span><\/span><\/p>\n<p style=\"text-align: justify;\"><span style=\"color: #000000; font-family: Times New Roman; font-size: medium;\">Este es un tema que deber\u00eda interesar much\u00edsimo m\u00e1s a la ciudadan\u00eda puesto que de ah\u00ed viene el dinero que se destina al Fondo Social Europeo que da posibilidad a las personas que est\u00e1n en el mercado laboral de retornar, de capacitarles, de darles las herramientas posibles para que puedan encontrar un trabajo; a los j\u00f3venes tambi\u00e9n, que han abandonado sus estudios por ganar el dinero f\u00e1cil con la burbuja inmobiliaria y tiene que retornar y prepararse; a mayores de larga duraci\u00f3n, pero tambi\u00e9n, important\u00edsimo, la parte que ayuda a las ciudades a llevar a cabo sus proyectos. <\/span><\/p>\n<p style=\"text-align: justify;\"><span style=\"color: #000000; font-family: Times New Roman; font-size: medium;\">Pero de esto sale muy poco, lo que sale es la parte m\u00e1s negativa, cuando se reduce, cuando se recorta, pero no se dice para qu\u00e9 se recorta, ni tampoco se dice en qu\u00e9 consiste ese dinero que se va a dar. Se recorta, pero se dice de donde, se ampl\u00eda cuando el Parlamento quiere que se ampl\u00ede, pero no sabemos para qu\u00e9. Hay que explicar para qu\u00e9 queremos ese dinero, y se entretienen con otros temas que no son nada, son meramente anecd\u00f3ticos, que si los diputados viajan o no en business, que si est\u00e1n o no est\u00e1n, cuando la vida ordinaria en la que estamos los diputados metidos apenas sale. <\/span><\/p>\n<p style=\"text-align: justify;\"><span style=\"font-size: medium;\"><span style=\"color: #000000;\"><span style=\"font-family: Times New Roman;\">Si ahora preguntamos a cualquiera cuantas horas trabaja un diputado europeo la mayor\u00eda no sabr\u00eda que responder. Por ejemplo, en Bruselas duermo poqu\u00edsimo, una media de unas 5-6 horas, porque me levanto a las 7 y a las 8 voy al parlamento, y me quedo hasta las 9 de la noche. Son muchas horas las que trabajamos para intentar hacer lo mejor nuestro trabajo. \u00a0\u00a0\u00a0\u00a0\u00a0\u00a0<\/span><\/span><\/span><\/p>\n<p style=\"text-align: justify;\"><span style=\"color: #000000; font-family: Times New Roman; font-size: medium;\">\u00a0<\/span><\/p>\n<p style=\"text-align: justify;\"><span style=\"font-size: medium;\"><span style=\"color: #000000;\"><span style=\"font-family: Times New Roman;\"><b>2. P:<\/b> Cuando ves el desapego que tiene la ciudadan\u00eda espa\u00f1ola y europea en general hac\u00eda la UE, seg\u00fan tu punto de vista, \u00bfen que est\u00e1n fallando las instituciones?<\/span><\/span><\/span><b><span style=\"color: #000000; font-family: Times New Roman; font-size: medium;\">\u00a0<\/span><\/b><\/p>\n<p style=\"text-align: justify;\"><span style=\"font-size: medium;\"><span style=\"color: #000000;\"><span style=\"font-family: Times New Roman;\"><b>R:<\/b> Lo que considero que es important\u00edsimo es acercar el trabajo que venimos haciendo los llamados pol\u00edticos. No me siento pol\u00edtica, yo estoy desempe\u00f1ando un trabajo porque mi partido me dio una oportunidad y luego porque la ciudadan\u00eda voto por la candidatura del partido socialista. Este desapego que hay es porque no acercamos nuestro trabajo lo suficiente, no por ello los diputados dejamos de informar a la ciudadan\u00eda para saber que se est\u00e1 debatiendo. <\/span><\/span><\/span><\/p>\n<p style=\"text-align: justify;\"><span style=\"color: #000000; font-family: Times New Roman; font-size: medium;\">En ese sentido me paso el d\u00eda informando de cu\u00e1les son los temas en las comisiones, aprovecho las redes sociales para informar del trabajo que venimos haciendo, no de todos los temas, pero s\u00ed de aquellos que considero son importantes para los ciudadanos. <\/span><\/p>\n<p style=\"text-align: justify;\"><span style=\"color: #000000; font-family: Times New Roman; font-size: medium;\">Cuando hablamos de apoyar empleo para j\u00f3venes, cuando apoyamos el programa de destinar m\u00e1s dinero, para ver la manera de c\u00f3mo los pa\u00edses nos comprometemos para invertir dinero con la propuesta que ha hecho el grupo socialista sobre la garant\u00eda para j\u00f3venes, que ning\u00fan joven est\u00e9n m\u00e1s de seis meses sin hacer pr\u00e1cticas en una empresa o seguir form\u00e1ndose. Esto es important\u00edsimo, no puede ser que una persona que est\u00e1 esperando tener una oportunidad para acceder al mercado laboral, porque tiene la fuerza y capacidad que necesitamos, est\u00e9 m\u00e1s de seis meses en una situaci\u00f3n parada, y ah\u00ed hay que poner el dinero. <\/span><\/p>\n<p style=\"text-align: justify;\"><span style=\"color: #000000; font-family: Times New Roman; font-size: medium;\">Los pa\u00edses que desean avanzar y desarrollarse tienen que capacitar y poner dinero para que los j\u00f3venes tengan sus oportunidades, para que los j\u00f3venes tengan lo que nosotros hemos empezado. Hay que mantener las pensiones, y no mantendremos las pensiones si no hay j\u00f3venes, porque la poblaci\u00f3n va envejeciendo. El gobierno ha dicho que va alargar la vida laboral, hay que buscar ese acuerdo intermedio, porque tambi\u00e9n es cierto que la esperanza de vida se ha alargado. Hay que debatir si la alargamos hasta donde, pero que esto no signifique que cerremos la puerta a los j\u00f3venes que quieren acceder a un mercado laboral. <\/span><\/p>\n<p style=\"text-align: justify;\"><span style=\"font-size: medium;\"><span style=\"color: #000000;\"><span style=\"font-family: Times New Roman;\">Acercar las instituciones depende de nosotros, pero depende tambi\u00e9n de aquellos que comunican que son los medios de comunicaci\u00f3n. Con la crisis hemos visto c\u00f3mo en los peri\u00f3dicos espa\u00f1oles han reducido la plantilla con muchos periodistas que informaban; en general lo que deben de hacer es informar y la opini\u00f3n se la forma el ciudadano cuando ya le han dado esa informaci\u00f3n, pero ahora han desaparecido much\u00edsimos peri\u00f3dicos y se va al titular y no nos entretenemos en analizar, y lo que es m\u00e1s grave, en saber si lo que nos est\u00e1n dando es una informaci\u00f3n veraz, porque sabemos que contaminan much\u00edsimos. Por tanto acercar depende de los pol\u00edticos, pero tambi\u00e9n de la prensa, de los medios.\u00a0\u00a0\u00a0\u00a0\u00a0\u00a0<\/span><\/span><\/span><\/p>\n<p style=\"text-align: justify;\"><span style=\"color: #000000; font-family: Times New Roman; font-size: medium;\">\u00a0<\/span><\/p>\n<p style=\"text-align: justify;\"><span style=\"font-size: medium;\"><span style=\"color: #000000;\"><span style=\"font-family: Times New Roman;\"><b>3. P:<\/b> La crisis ha puesto de manifiesto ciertos gastos superfluos en Espa\u00f1a y en otros pa\u00edses que est\u00e1n siendo revisados o suprimidos. Seg\u00fan tu punto de vista \u00bfLa UE se gasta dinero in\u00fatilmente o en cosas superfluas? <\/span><\/span><\/span><\/p>\n<p style=\"text-align: justify;\"><span style=\"font-size: medium;\"><span style=\"color: #000000;\"><span style=\"font-family: Times New Roman;\"><b>R:<\/b> Est\u00e1 muy bien que la ciudadan\u00eda conozca al detalle el dinero que se gasta y en qu\u00e9 se gasta. Cuando se habla de que el presupuesto de la UE es elevado hay que decir que el presupuesto con el que los pa\u00edses contribuyen para la UE es un 1%, un presupuesto m\u00ednimo. En EEUU tiene un presupuesto para la Uni\u00f3n de un 13%, es la diferencia. <\/span><\/span><\/span><\/p>\n<p style=\"text-align: justify;\"><span style=\"color: #000000; font-family: Times New Roman; font-size: medium;\">Es verdad que lo que hay que hacer es verificar ese dinero, porque es un dinero que viene del contribuyente, ser transparente y saber donde se gasta cada euro, pero ahorrar de donde se pueda. <\/span><\/p>\n<p style=\"text-align: justify;\"><span style=\"font-size: medium;\"><span style=\"color: #000000;\"><span style=\"font-family: Times New Roman;\">Nosotros hemos aprobado en ajustar al m\u00e1ximo todo el dinero sobrante en peque\u00f1as partidas que se pueden ahorrar, que se pueden prescindir de ellas, pero no se puede prescindir de lo m\u00e1s importante, por ejemplo de la Pol\u00edtica Agr\u00edcola Com\u00fan, donde se va la mayor\u00eda del dinero, la PAC, y los Fondos Europeos, de ah\u00ed no se puede prescindir. Los gastos de funcionamiento del Parlamento son gastos muy reducidos, no suponen pr\u00e1cticamente nada, porque del volumen mayoritario de la UE se va a inversi\u00f3n, a la Pol\u00edtica Agr\u00edcola Com\u00fan o a los Fondos Europeos. \u00a0<\/span><\/span><\/span><\/p>\n<p style=\"text-align: justify;\"><span style=\"color: #000000; font-family: Times New Roman; font-size: medium;\">\u00a0<!--more--><\/span><\/p>\n<p style=\"text-align: justify;\"><span style=\"font-size: medium;\"><span style=\"color: #000000;\"><span style=\"font-family: Times New Roman;\"><b>4. P:<\/b> Se teme poca participaci\u00f3n en las pr\u00f3ximas elecciones europeas, \u00bfcu\u00e1les son los mayores puntos fuertes que el grupo socialdem\u00f3crata europeo puede o debe defender?<\/span><\/span><\/span><\/p>\n<p style=\"text-align: justify;\"><span style=\"font-size: medium;\"><span style=\"color: #000000;\"><span style=\"font-family: Times New Roman;\"><b>R: <\/b>Se suele apuntar que las elecciones europeas es donde se puede ver o apreciar la distancia que hay entre la ciudadan\u00eda y Europa, pero tendr\u00edamos que ser capaces de trasladar que cuando se est\u00e1 hablando de Europa se habla de muchas cosas, y cuando se habla de Bruselas estamos hablando de la Comisi\u00f3n Europea, del Consejo y del Parlamento, y la instituci\u00f3n que defiende al ciudadano es el Parlamento Europeo, que desde el Tratado de Lisboa tiene poder de decisi\u00f3n con la Comisi\u00f3n para decidir el presupuesto de la Uni\u00f3n y leyes, que afectan a los derechos y al estado social, important\u00edsimo. <\/span><\/span><\/span><\/p>\n<p style=\"text-align: justify;\"><span style=\"color: #000000; font-family: Times New Roman; font-size: medium;\">Tendr\u00edamos que ser todos capaces de trasladar que la ciudadan\u00eda vote, porque si no vota la instituci\u00f3n que le representa, que es el Parlamento Europeo, perder\u00e1 la voz, dejando al ciudadano al albur de las instituciones, que ordenan y mandan, y que hay que neutralizar su poder. <\/span><\/p>\n<p style=\"text-align: justify;\"><span style=\"color: #000000; font-family: Times New Roman; font-size: medium;\">\u00a0<\/span><\/p>\n<p style=\"text-align: justify;\"><span style=\"font-size: medium;\"><span style=\"color: #000000;\"><span style=\"font-family: Times New Roman;\"><b>5. P:<\/b> \u00bfEl PSOE tiene relaciones fluidas y frecuentes con la socialdemocracia europea?, Y si es as\u00ed, esto no se percibe por parte de la ciudadan\u00eda, no parece que haya proyecto com\u00fan o l\u00edneas b\u00e1sicas comunes, \u00bfQu\u00e9 falla?<\/span><\/span><\/span><\/p>\n<p style=\"text-align: justify;\"><span style=\"font-size: medium;\"><span style=\"color: #000000;\"><span style=\"font-family: Times New Roman;\"><b>R:<\/b> El PSOE, como todos los partidos socialistas del grupo socialdem\u00f3crata, forma parte del partido de los socialistas europeos. En ello se fundamenta por ejemplo la iniciativa de tener un mismo candidato que pueda presidir la Comisi\u00f3n Europea, un candidato socialista, como es actualmente Martin Schulz, el presidente del Parlamento Europeo. Tenemos la percepci\u00f3n de que Alemania no es bien querida a los ojos de los espa\u00f1oles, estamos responsabilizando a Alemania de muchos de los problemas que hoy vivimos, pero no es Alemania, es un gobierno, un gobierno determinado, un gobierno conservador liderado por la se\u00f1ora Merkel. <\/span><\/span><\/span><\/p>\n<p style=\"text-align: justify;\"><span style=\"color: #000000; font-family: Times New Roman; font-size: medium;\">Hay que hacer llegar esto a la ciudadan\u00eda, los socialistas alemanes nos ayudaron much\u00edsimo, a Espa\u00f1a, cuando est\u00e1bamos recorriendo los primeros a\u00f1os de la democracia, hay que saberlo y entenderlo de cara a la ciudadan\u00eda. El partido socialista forma parte del partido socialista europeo de ah\u00ed que todos estemos comprometidos en reforzar el pilar social. <\/span><\/p>\n<p style=\"text-align: justify;\"><span style=\"font-size: medium;\"><span style=\"color: #000000;\"><span style=\"font-family: Times New Roman;\">El futuro de las pensiones que se quieren reducir, estamos hablando de unas reducciones p\u00fablicas a favor de unas semiprivadas; hay que defender porque las pensiones de los europeos las mantenemos todos con nuestro trabajo, nos corresponde a todos decir no, porque estamos hablando de futuro, del futuro de las personas que hoy todas contabilizan si queremos que los mayores sigan teniendo esas pensiones. \u00a0\u00a0\u00a0<\/span><\/span><\/span><\/p>\n<p style=\"text-align: justify;\"><span style=\"color: #000000; font-family: Times New Roman; font-size: medium;\">\u00a0<a href=\"http:\/\/www.jschamberi.org\/blog\/?attachment_id=3054\" rel=\"attachment wp-att-3054\"><img loading=\"lazy\" decoding=\"async\" style=\"width: 399px; height: 273px;\" alt=\"Irigoyen_despacho4\" src=\"http:\/\/www.jschamberi.org\/blog\/wp-content\/uploads\/2014\/01\/Irigoyen_despacho4.png\" width=\"640\" height=\"485\" \/><\/a><\/span><\/p>\n<p style=\"text-align: justify;\"><span style=\"font-size: medium;\"><span style=\"color: #000000;\"><span style=\"font-family: Times New Roman;\"><b>6. P:<\/b> La extrema derecha est\u00e1 aumentando en Europa y cada vez tienen mayor apoyo en los diferentes pa\u00edses. \u00bfEst\u00e1 siendo consciente la UE de ello?, \u00bfse percibe como un grave peligro para la paz y estabilidad en Europa o por el contrario se observa como un problema menor, sin transcendencia alguna? <\/span><\/span><\/span><\/p>\n<p style=\"text-align: justify;\"><span style=\"font-size: medium;\"><span style=\"color: #000000;\"><span style=\"font-family: Times New Roman;\"><b>R:<\/b> Hemos visto que est\u00e1n apareciendo, y esto es un problema grave en la UE, y que corresponder\u00eda a los gobiernos y al gobierno de la Uni\u00f3n Europea, de la Comisi\u00f3n y el Consejo, tomar las medidas. Y las medidas es dar respuesta a los problemas que no se dan; saber que la ciudadan\u00eda esta rechazando lo que viene desde Bruselas, y de ah\u00ed la desafecci\u00f3n ciudadana, de ah\u00ed el problema que las personas no distingan, cuando se habla de Bruselas, y se meta a todo el mundo en la misma bola, y lo que tendr\u00edamos que hacer todos es hacer llegar que Europa se va a los extremos, y bascula con personas populistas, que lo que quieren es llevar un mensaje que enfrenta, que en lugar de buscar lo que nos une, nos divide.<\/span><\/span><\/span><\/p>\n<p style=\"text-align: justify;\"><span style=\"color: #000000; font-family: Times New Roman; font-size: medium;\">Cuando eso ocurre Europa se debilita y se fracciona, y sabemos que cuando esto sucede s\u00f3lo vienen problemas para Europa. Tenemos la experiencia de la Historia, que deber\u00edamos revisar, porque el periodo pacifico que hemos tenido es cuando Europa se ha fortalecido. En el momento en el que Europa ha empezado con rivalidades, con problemas, con enfrentamientos, se debilita y nos llevar\u00eda a una deriva preocupante.\u00a0Tenemos que hac\u00e9rselo llegar a la ciudadan\u00eda. <\/span><\/p>\n<p style=\"text-align: justify;\"><span style=\"color: #000000; font-family: Times New Roman; font-size: medium;\">Se celebraron elecciones municipales en el Reino Unido, hubo un partido que es euroesc\u00e9ptico que gan\u00f3, y para Cameron le supuso esto un desgaste dentro de su propio partido, cuando lo que deber\u00eda es utilizar el peligro que puede suponer un partido euroesc\u00e9ptico y muy conservador, un partido que quiere echar a los inmigrantes, que est\u00e1 enfrentando a unos ciudadanos contra otros, el peligro que supone. <\/span><\/p>\n<p style=\"text-align: justify;\"><span style=\"font-size: medium;\"><span style=\"color: #000000;\"><span style=\"font-family: Times New Roman;\">Deber\u00edamos saber explicar las luces rojas que se encienden, que corresponde a los partidos, especialmente a los partidos de la derecha, que en este momento est\u00e1n en el gobierno, pero tambi\u00e9n a la izquierda y a los partidos progresistas, a todos los partidos corresponde hacer llegar que tenemos otro modelo, pero m\u00e1s a los que est\u00e1n en el gobierno para tomar las medidas para se\u00f1alar el peligro y lo que supone el enfrentamiento, como es ahora mismo con recortar la entrada de emigrantes, que se est\u00e1n planteando en el Reino Unido. Esa es la cara que se muestra, pero no se sabe o no se habla que en estos momentos el Reino Unido recibe mucho dinero de la UE; no est\u00e1n en el euro, pero tienen el cheque europeo. Los ciudadanos brit\u00e1nicos deber\u00edan saber qu\u00e9 reciben de la UE antes de renegar de ella.\u00a0\u00a0\u00a0 \u00a0\u00a0\u00a0<\/span><\/span><\/span><\/p>\n<p style=\"text-align: justify;\"><span style=\"color: #000000; font-family: Times New Roman; font-size: medium;\">\u00a0<\/span><\/p>\n<p style=\"text-align: justify;\"><span style=\"font-size: medium;\"><span style=\"color: #000000;\"><span style=\"font-family: Times New Roman;\"><b>7. P:<\/b> \u00bfCuando piensas en lo que hab\u00e9is hecho los socialdem\u00f3cratas europeos para la UE, de que est\u00e1s m\u00e1s orgullosa?<\/span><\/span><\/span><\/p>\n<p style=\"text-align: justify;\"><span style=\"font-size: medium;\"><span style=\"color: #000000;\"><span style=\"font-family: Times New Roman;\"><b>R:<\/b> De la Europa de los derechos, del derecho de ciudadan\u00eda. La posibilidad de que los ciudadanos puedan presentar una iniciativa ciudadana, con un mill\u00f3n de firmas que tiene que ser de cinco pa\u00edses, de eso me siento muy orgullosa, pero sobretodo del concepto de ciudadano, algo que se est\u00e1 olvidando, y que hemos venido trabajando. <\/span><\/span><\/span><\/p>\n<p style=\"text-align: justify;\"><span style=\"color: #000000; font-family: Times New Roman; font-size: medium;\">Me siento orgullosa de que cualquier ciudadano pueda apelar, que pueda recurrir al Tribunal de Justicia Europeo, de que haya sentencias que hagan justicia cuando aqu\u00ed no se hace justicia; de que recurra una persona cuando cree que tiene un contrato o un pr\u00e9stamo hipotecario con clausulas abusivas, y un juez o una jueza sentencie y obligue al gobierno espa\u00f1ol a cambiar la Ley Hipotecaria, de eso me siento orgullosa. <\/span><\/p>\n<p style=\"text-align: justify;\"><span style=\"font-size: medium;\"><span style=\"color: #000000;\"><span style=\"font-family: Times New Roman;\">Realmente de ser europea, tenemos que defenderlo, no solamente en Espa\u00f1a, en Hungr\u00eda con un gobierno de extrema derecha pr\u00e1cticamente, que est\u00e1 silenciando a la oposici\u00f3n, que pone una ley mordaza a la libertad de expresi\u00f3n, y que desde Europa se le amenace con que de no cambiar esa ley se le puede expulsar. Me siento orgullosa de eso, de la capacidad de reconocer los derechos de los consumidores, que tengamos siempre la posibilidad de reclamar, de que si un viajero espa\u00f1ol, italiano o portugu\u00e9s que viaje por el territorio europeo y siente agredidos sus derechos pueda recurrirlos; pueda recurrir el billete cuando se le pierde, tenga un tel\u00e9fono de asistencia europea gratuita (el 112), y muchas cosas que tendr\u00edamos que defender todos.\u00a0 <\/span><\/span><\/span><\/p>\n<p style=\"text-align: justify;\"><span style=\"font-size: medium;\"><span style=\"color: #000000;\"><span style=\"font-family: Times New Roman;\"><b>8. P:<\/b> \u00bfCual tendr\u00eda que ser el perfil del eurodiputado\/a ideal?<\/span><\/span><\/span><\/p>\n<p style=\"text-align: justify;\"><span style=\"font-size: medium;\"><span style=\"color: #000000;\"><span style=\"font-family: Times New Roman;\"><b>R:<\/b> El perfil del diputado o diputada ideal es el compromiso, y el compromiso es algo que se lleva, que lo tienes socializado, que lo tienes dentro. El compromiso es que cuando t\u00fa tienes que tomar una decisi\u00f3n no tengas que acudir ni preguntar, sino que t\u00fa sabes cuando estas actuando y cuando act\u00faas, pero que cuando te levantas eres igual que cuando te acuestas. Yo entiendo que el compromiso de un socialista es defender a las personas, a todo el mundo, pero sobre todo a los m\u00e1s vulnerables, a los que peor lo est\u00e1n pasando, buscar el equilibrio, la justicia, buscar que todos tengan los mismos derechos y las posibilidades de tener, que los agravios comparativos no pesen, que no por tener m\u00e1s se sea m\u00e1s. <\/span><\/span><\/span><\/p>\n<p style=\"text-align: justify;\"><span style=\"color: #000000; font-family: Times New Roman; font-size: medium;\">Ah\u00ed es donde est\u00e1 ser un diputado o diputada comprometida, buscar ese equilibrio, en defenderlo siempre, y que cuando se est\u00e1 regulando, a la hora que vas a aplicar una directiva, sepas a quien va a afectar, y que detr\u00e1s de todo el lenguaje t\u00e9cnico que tiene la UE, que no es f\u00e1cil, tienes que saber que hay, porque muchas veces en la explicaci\u00f3n t\u00e9cnica est\u00e1 la trampa, y hay que tener la visi\u00f3n.<\/span><\/p>\n<p style=\"text-align: justify;\"><span style=\"color: #000000; font-family: Times New Roman; font-size: medium;\">El diputado europeo tiene que conocer y cada d\u00eda hay que estudiar, porque no sabemos de todos los temas y regulamos mucho. Por ejemplo, en las compras o el juego online, donde es cierto que tenemos un mercado interior con quinientos millones de hipot\u00e9ticos consumidores, pero no solamente hay que abrir el mercado, hay que proteger al consumidor, que aumenten sus derechos, no que se reduzcan, y que cuando una persona compra online sepa que antes de pulsar el botoncito de la compra va a pasar un tiempo para saber realmente lo que est\u00e1 comprando, y que despu\u00e9s de haberlo comprado pueda decir si ese producto que ha comprado es acorde a lo que esperaba del producto, tiene alguna dificultad o quiere devolverlo. Todo esto est\u00e1 regulado por el derecho, que a veces no nos llega la informaci\u00f3n cuando realizamos una compra online. Que sepamos que tenemos 90 d\u00edas para reclamarlo, siempre y cuando, evidentemente, no nos hayamos cargado el producto o lo hayamos deteriorado. <\/span><\/p>\n<p style=\"text-align: justify;\"><span style=\"color: #000000; font-family: Times New Roman; font-size: medium;\">Yo por ejemplo no sab\u00eda casi nada de juego online, pero ahora ya s\u00e9, porque s\u00e9 lo que se busca cuando se quiere liberalizar. Siempre en \u00e9poca de crisis se quiere liberalizar porque se piensa que as\u00ed el mercado se dinamiza. Es lo mismo que est\u00e1n haciendo en la Comunidad de Madrid, quitemos los cines y abramos centros comerciales, o sea, que la gente compre, pero que no tenga posibilidad de cultivarse, ver una buena pel\u00edcula, recrearse con la cultura, que es necesario, y cultivarnos un poco, aprender, saber lo que opinan otros, ver a trav\u00e9s de las im\u00e1genes, conocer otras vidas y otras historias personales. <\/span><\/p>\n<p style=\"text-align: justify;\"><span style=\"color: #000000; font-family: Times New Roman; font-size: medium;\">Aqu\u00ed la \u00fanica pol\u00edtica, que est\u00e1 dominando la derecha, es la pol\u00edtica del consumo y ahora que no sab\u00eda nada del juego ni sab\u00eda c\u00f3mo funcionaba los operadores, ni como se blanquea dinero, estudi\u00e1ndome el tema, estudi\u00e1ndome el derecho comparado, hablando con los abogados, con los fiscales, me he enterado del riesgo que puede suponer abrir el juego sino pones los cortafuegos para evitar que los j\u00f3venes menores o ni\u00f1os puedan jugar, acceder (que es facil\u00edsimo su acceso). <\/span><\/p>\n<p style=\"text-align: justify;\"><span style=\"font-size: medium;\"><span style=\"color: #000000;\"><span style=\"font-family: Times New Roman;\">Que no generemos m\u00e1s problemas de los que tenemos. Todos sabemos de la ludopat\u00eda, una enfermedad que hoy arrastra a muchas familias a no poder llegar a fin de mes, que no pueden salir adelante, que los hunde. Hay que saber de todos estos temas, prepararse.\u00a0\u00a0<\/span><\/span><\/span><\/p>\n<p style=\"text-align: justify;\"><span style=\"color: #000000; font-family: Times New Roman; font-size: medium;\">Tambi\u00e9n de los derechos de las mujeres, de la orden de protecci\u00f3n, que la pena de un maltratador no se acabe en el pa\u00eds de donde es, que la orden persiga al maltratador. Todo esto son derechos que nosotros debemos defender y que un diputado\/a tendr\u00edan que saber cuando llegan a Bruselas, que no es f\u00e1cil, y que requiere mucho trabajo, conocimiento, y no olvidarse que t\u00fa estas all\u00ed defendiendo los derechos de la ciudadan\u00eda, defendiendo todo, y que eso es lo m\u00e1s importante, lo que cada d\u00eda te debe mover. <\/span><\/p>\n<p style=\"text-align: justify;\"><span style=\"font-size: medium;\"><span style=\"color: #000000;\"><span style=\"font-family: Times New Roman;\">Y luego el proceso de toma de decisi\u00f3n, que uno tiene que ir all\u00ed sabiendo c\u00f3mo se toman las decisiones. El proceso de decisi\u00f3n es muy r\u00e1pido, normalmente cuando hay un informe se da un plazo, que es poco para presentar enmiendas, la media es de diez d\u00edas, y en ese plazo t\u00fa tienes que estudi\u00e1rtelo, con la ayuda del asistente, y tienes que estar ley\u00e9ndote el informe perfectamente para saber que es, porque de repente hay cuatro l\u00edneas donde te est\u00e1s jugando los derechos, o recort\u00e1ndolos o ampli\u00e1ndolos, y eso tienes que saberlo. El proceso de decisi\u00f3n es uno de los requisitos m\u00e1s importantes a la hora de ser diputado\u00a0\u00a0 <\/span><\/span><\/span><\/p>\n<p style=\"text-align: justify;\"><span style=\"color: #000000; font-family: Times New Roman; font-size: medium;\">\u00a0<\/span><span style=\"color: #000000; font-family: Times New Roman;\">\u00a0<\/span><\/p>\n<p style=\"text-align: justify;\"><span style=\"color: #000000; font-family: Times New Roman;\">\u00a0<\/span><\/p>\n<p style=\"text-align: justify;\"><span style=\"color: #000000; font-family: Times New Roman;\">\u00a0<\/span><\/p>\n<p style=\"text-align: justify;\"><b><span style=\"color: #000000; font-family: Times New Roman;\">Esta entrevista se realiz\u00f3 el 31\/05\/2013<\/span><\/b><\/p>\n<p style=\"text-align: justify;\"><b><span style=\"color: #000000; font-family: Times New Roman; font-size: medium;\">JSChamber\u00ed<\/span><\/b><\/p>\n","protected":false},"excerpt":{"rendered":"<p>Desde Juventudes Socialistas de Chamber\u00ed (JSCh) continuamos con nuestra secci\u00f3n Cara a Cara, esta vez con la eurodiputada Mar\u00eda Irigoyen, que nos concedi\u00f3 una entrevista en mayo del 2013, y que sigue plenamente vigente. Relacion\u00e1ndolo con las pr\u00f3ximas elecciones europeas, de las que tambi\u00e9n le preguntamos, la entrevista nos deja ver el panorama actual de <a class=\"read-more\" href=\"https:\/\/www.jschamberi.org\/blog\/?p=3049\">Leer m\u00e1s<\/a><\/p>\n","protected":false},"author":20,"featured_media":0,"comment_status":"open","ping_status":"open","sticky":false,"template":"","format":"standard","meta":{"footnotes":""},"categories":[74,26],"tags":[],"class_list":["post-3049","post","type-post","status-publish","format-standard","hentry","category-entrevista","category-opinion"],"yoast_head":"<!-- This site is optimized with the Yoast SEO plugin v23.7 - https:\/\/yoast.com\/wordpress\/plugins\/seo\/ -->\n<title>- Juventudes Socialistas de Chamber\u00ed<\/title>\n<meta name=\"robots\" content=\"index, follow, max-snippet:-1, max-image-preview:large, max-video-preview:-1\" \/>\n<link rel=\"canonical\" href=\"https:\/\/www.jschamberi.org\/blog\/?p=3049\" \/>\n<meta property=\"og:locale\" content=\"es_ES\" \/>\n<meta property=\"og:type\" content=\"article\" \/>\n<meta property=\"og:title\" content=\"- Juventudes Socialistas de Chamber\u00ed\" \/>\n<meta property=\"og:description\" content=\"Desde Juventudes Socialistas de Chamber\u00ed (JSCh) continuamos con nuestra secci\u00f3n Cara a Cara, esta vez con la eurodiputada Mar\u00eda Irigoyen, que nos concedi\u00f3 una entrevista en mayo del 2013, y que sigue plenamente vigente. Relacion\u00e1ndolo con las pr\u00f3ximas elecciones europeas, de las que tambi\u00e9n le preguntamos, la entrevista nos deja ver el panorama actual de Leer m\u00e1s\" \/>\n<meta property=\"og:url\" content=\"https:\/\/www.jschamberi.org\/blog\/?p=3049\" \/>\n<meta property=\"og:site_name\" content=\"Juventudes Socialistas de Chamber\u00ed\" \/>\n<meta property=\"article:published_time\" content=\"2014-01-22T11:47:01+00:00\" \/>\n<meta property=\"article:modified_time\" content=\"2014-01-28T15:53:48+00:00\" \/>\n<meta property=\"og:image\" content=\"https:\/\/www.jschamberi.org\/blog\/wp-content\/uploads\/2014\/01\/Cara-a-cara-con-maria-irigoyen.png\" \/>\n\t<meta property=\"og:image:width\" content=\"610\" \/>\n\t<meta property=\"og:image:height\" content=\"140\" \/>\n\t<meta property=\"og:image:type\" content=\"image\/png\" \/>\n<meta name=\"author\" content=\"JSChamberi\" \/>\n<meta name=\"twitter:card\" content=\"summary_large_image\" \/>\n<meta name=\"twitter:label1\" content=\"Escrito por\" \/>\n\t<meta name=\"twitter:data1\" content=\"JSChamberi\" \/>\n\t<meta name=\"twitter:label2\" content=\"Tiempo de lectura\" \/>\n\t<meta name=\"twitter:data2\" content=\"17 minutos\" \/>\n<script type=\"application\/ld+json\" class=\"yoast-schema-graph\">{\"@context\":\"https:\/\/schema.org\",\"@graph\":[{\"@type\":\"WebPage\",\"@id\":\"https:\/\/www.jschamberi.org\/blog\/?p=3049\",\"url\":\"https:\/\/www.jschamberi.org\/blog\/?p=3049\",\"name\":\"- Juventudes Socialistas de Chamber\u00ed\",\"isPartOf\":{\"@id\":\"https:\/\/www.jschamberi.org\/blog\/#website\"},\"primaryImageOfPage\":{\"@id\":\"https:\/\/www.jschamberi.org\/blog\/?p=3049#primaryimage\"},\"image\":{\"@id\":\"https:\/\/www.jschamberi.org\/blog\/?p=3049#primaryimage\"},\"thumbnailUrl\":\"http:\/\/www.jschamberi.org\/blog\/wp-content\/uploads\/2014\/01\/Cara-a-cara-con-maria-irigoyen.png\",\"datePublished\":\"2014-01-22T11:47:01+00:00\",\"dateModified\":\"2014-01-28T15:53:48+00:00\",\"author\":{\"@id\":\"https:\/\/www.jschamberi.org\/blog\/#\/schema\/person\/3f82d901471b027bfc456bee2b9d0d3d\"},\"inLanguage\":\"es\",\"potentialAction\":[{\"@type\":\"ReadAction\",\"target\":[\"https:\/\/www.jschamberi.org\/blog\/?p=3049\"]}]},{\"@type\":\"ImageObject\",\"inLanguage\":\"es\",\"@id\":\"https:\/\/www.jschamberi.org\/blog\/?p=3049#primaryimage\",\"url\":\"https:\/\/www.jschamberi.org\/blog\/wp-content\/uploads\/2014\/01\/Cara-a-cara-con-maria-irigoyen.png\",\"contentUrl\":\"https:\/\/www.jschamberi.org\/blog\/wp-content\/uploads\/2014\/01\/Cara-a-cara-con-maria-irigoyen.png\",\"width\":610,\"height\":140},{\"@type\":\"WebSite\",\"@id\":\"https:\/\/www.jschamberi.org\/blog\/#website\",\"url\":\"https:\/\/www.jschamberi.org\/blog\/\",\"name\":\"Juventudes Socialistas de Chamber\u00ed\",\"description\":\"\",\"potentialAction\":[{\"@type\":\"SearchAction\",\"target\":{\"@type\":\"EntryPoint\",\"urlTemplate\":\"https:\/\/www.jschamberi.org\/blog\/?s={search_term_string}\"},\"query-input\":{\"@type\":\"PropertyValueSpecification\",\"valueRequired\":true,\"valueName\":\"search_term_string\"}}],\"inLanguage\":\"es\"},{\"@type\":\"Person\",\"@id\":\"https:\/\/www.jschamberi.org\/blog\/#\/schema\/person\/3f82d901471b027bfc456bee2b9d0d3d\",\"name\":\"JSChamberi\",\"image\":{\"@type\":\"ImageObject\",\"inLanguage\":\"es\",\"@id\":\"https:\/\/www.jschamberi.org\/blog\/#\/schema\/person\/image\/\",\"url\":\"https:\/\/secure.gravatar.com\/avatar\/c2d40e2dd384331a8f7f7a2390eaafdb?s=96&d=identicon&r=g\",\"contentUrl\":\"https:\/\/secure.gravatar.com\/avatar\/c2d40e2dd384331a8f7f7a2390eaafdb?s=96&d=identicon&r=g\",\"caption\":\"JSChamberi\"},\"sameAs\":[\"http:\/\/jschamberi.org\"],\"url\":\"https:\/\/www.jschamberi.org\/blog\/?author=20\"}]}<\/script>\n<!-- \/ Yoast SEO plugin. -->","yoast_head_json":{"title":"- Juventudes Socialistas de Chamber\u00ed","robots":{"index":"index","follow":"follow","max-snippet":"max-snippet:-1","max-image-preview":"max-image-preview:large","max-video-preview":"max-video-preview:-1"},"canonical":"https:\/\/www.jschamberi.org\/blog\/?p=3049","og_locale":"es_ES","og_type":"article","og_title":"- Juventudes Socialistas de Chamber\u00ed","og_description":"Desde Juventudes Socialistas de Chamber\u00ed (JSCh) continuamos con nuestra secci\u00f3n Cara a Cara, esta vez con la eurodiputada Mar\u00eda Irigoyen, que nos concedi\u00f3 una entrevista en mayo del 2013, y que sigue plenamente vigente. Relacion\u00e1ndolo con las pr\u00f3ximas elecciones europeas, de las que tambi\u00e9n le preguntamos, la entrevista nos deja ver el panorama actual de Leer m\u00e1s","og_url":"https:\/\/www.jschamberi.org\/blog\/?p=3049","og_site_name":"Juventudes Socialistas de Chamber\u00ed","article_published_time":"2014-01-22T11:47:01+00:00","article_modified_time":"2014-01-28T15:53:48+00:00","og_image":[{"width":610,"height":140,"url":"https:\/\/www.jschamberi.org\/blog\/wp-content\/uploads\/2014\/01\/Cara-a-cara-con-maria-irigoyen.png","type":"image\/png"}],"author":"JSChamberi","twitter_card":"summary_large_image","twitter_misc":{"Escrito por":"JSChamberi","Tiempo de lectura":"17 minutos"},"schema":{"@context":"https:\/\/schema.org","@graph":[{"@type":"WebPage","@id":"https:\/\/www.jschamberi.org\/blog\/?p=3049","url":"https:\/\/www.jschamberi.org\/blog\/?p=3049","name":"- Juventudes Socialistas de Chamber\u00ed","isPartOf":{"@id":"https:\/\/www.jschamberi.org\/blog\/#website"},"primaryImageOfPage":{"@id":"https:\/\/www.jschamberi.org\/blog\/?p=3049#primaryimage"},"image":{"@id":"https:\/\/www.jschamberi.org\/blog\/?p=3049#primaryimage"},"thumbnailUrl":"http:\/\/www.jschamberi.org\/blog\/wp-content\/uploads\/2014\/01\/Cara-a-cara-con-maria-irigoyen.png","datePublished":"2014-01-22T11:47:01+00:00","dateModified":"2014-01-28T15:53:48+00:00","author":{"@id":"https:\/\/www.jschamberi.org\/blog\/#\/schema\/person\/3f82d901471b027bfc456bee2b9d0d3d"},"inLanguage":"es","potentialAction":[{"@type":"ReadAction","target":["https:\/\/www.jschamberi.org\/blog\/?p=3049"]}]},{"@type":"ImageObject","inLanguage":"es","@id":"https:\/\/www.jschamberi.org\/blog\/?p=3049#primaryimage","url":"https:\/\/www.jschamberi.org\/blog\/wp-content\/uploads\/2014\/01\/Cara-a-cara-con-maria-irigoyen.png","contentUrl":"https:\/\/www.jschamberi.org\/blog\/wp-content\/uploads\/2014\/01\/Cara-a-cara-con-maria-irigoyen.png","width":610,"height":140},{"@type":"WebSite","@id":"https:\/\/www.jschamberi.org\/blog\/#website","url":"https:\/\/www.jschamberi.org\/blog\/","name":"Juventudes Socialistas de Chamber\u00ed","description":"","potentialAction":[{"@type":"SearchAction","target":{"@type":"EntryPoint","urlTemplate":"https:\/\/www.jschamberi.org\/blog\/?s={search_term_string}"},"query-input":{"@type":"PropertyValueSpecification","valueRequired":true,"valueName":"search_term_string"}}],"inLanguage":"es"},{"@type":"Person","@id":"https:\/\/www.jschamberi.org\/blog\/#\/schema\/person\/3f82d901471b027bfc456bee2b9d0d3d","name":"JSChamberi","image":{"@type":"ImageObject","inLanguage":"es","@id":"https:\/\/www.jschamberi.org\/blog\/#\/schema\/person\/image\/","url":"https:\/\/secure.gravatar.com\/avatar\/c2d40e2dd384331a8f7f7a2390eaafdb?s=96&d=identicon&r=g","contentUrl":"https:\/\/secure.gravatar.com\/avatar\/c2d40e2dd384331a8f7f7a2390eaafdb?s=96&d=identicon&r=g","caption":"JSChamberi"},"sameAs":["http:\/\/jschamberi.org"],"url":"https:\/\/www.jschamberi.org\/blog\/?author=20"}]}},"_links":{"self":[{"href":"https:\/\/www.jschamberi.org\/blog\/index.php?rest_route=\/wp\/v2\/posts\/3049"}],"collection":[{"href":"https:\/\/www.jschamberi.org\/blog\/index.php?rest_route=\/wp\/v2\/posts"}],"about":[{"href":"https:\/\/www.jschamberi.org\/blog\/index.php?rest_route=\/wp\/v2\/types\/post"}],"author":[{"embeddable":true,"href":"https:\/\/www.jschamberi.org\/blog\/index.php?rest_route=\/wp\/v2\/users\/20"}],"replies":[{"embeddable":true,"href":"https:\/\/www.jschamberi.org\/blog\/index.php?rest_route=%2Fwp%2Fv2%2Fcomments&post=3049"}],"version-history":[{"count":4,"href":"https:\/\/www.jschamberi.org\/blog\/index.php?rest_route=\/wp\/v2\/posts\/3049\/revisions"}],"predecessor-version":[{"id":3053,"href":"https:\/\/www.jschamberi.org\/blog\/index.php?rest_route=\/wp\/v2\/posts\/3049\/revisions\/3053"}],"wp:attachment":[{"href":"https:\/\/www.jschamberi.org\/blog\/index.php?rest_route=%2Fwp%2Fv2%2Fmedia&parent=3049"}],"wp:term":[{"taxonomy":"category","embeddable":true,"href":"https:\/\/www.jschamberi.org\/blog\/index.php?rest_route=%2Fwp%2Fv2%2Fcategories&post=3049"},{"taxonomy":"post_tag","embeddable":true,"href":"https:\/\/www.jschamberi.org\/blog\/index.php?rest_route=%2Fwp%2Fv2%2Ftags&post=3049"}],"curies":[{"name":"wp","href":"https:\/\/api.w.org\/{rel}","templated":true}]}}