{"id":2975,"date":"2013-11-30T15:49:35","date_gmt":"2013-11-30T14:49:35","guid":{"rendered":"http:\/\/www.jschamberi.org\/blog\/?p=2975"},"modified":"2014-07-18T16:08:12","modified_gmt":"2014-07-18T15:08:12","slug":"dia-mundial-de-la-lucha-contra-el-sida-2","status":"publish","type":"post","link":"https:\/\/www.jschamberi.org\/blog\/?p=2975","title":{"rendered":"D\u00eda Mundial de la lucha contra el SIDA"},"content":{"rendered":"<p style=\"text-align: justify;\">El 1 de diciembre es el D\u00eda Mundial de la lucha contra el SIDA, y por ello Juventudes Socialistas de Chamber\u00ed y Juventudes Socialistas de Centro, quisimos llevar a cabo una acci\u00f3n conjunta para poner una nota de atenci\u00f3n sobre diferentes aspectos que conciernen este \u00e1mbito.<\/p>\n<p style=\"text-align: justify;\"><a href=\"http:\/\/www.jschamberi.org\/blog\/?attachment_id=2976\" rel=\"attachment wp-att-2976\"><img loading=\"lazy\" decoding=\"async\" class=\"aligncenter size-medium wp-image-2976\" alt=\"1457713_10152452058778677_2014778209_n\" src=\"http:\/\/www.jschamberi.org\/blog\/wp-content\/uploads\/2013\/11\/1457713_10152452058778677_2014778209_n-211x300.jpg\" width=\"211\" height=\"300\" srcset=\"https:\/\/www.jschamberi.org\/blog\/wp-content\/uploads\/2013\/11\/1457713_10152452058778677_2014778209_n-211x300.jpg 211w, https:\/\/www.jschamberi.org\/blog\/wp-content\/uploads\/2013\/11\/1457713_10152452058778677_2014778209_n.jpg 565w\" sizes=\"(max-width: 211px) 100vw, 211px\" \/><\/a><\/p>\n<p style=\"text-align: justify;\">En primer lugar la prevenci\u00f3n, por ello estuvimos repartiendo en la Glorieta de Bilbao y a lo largo de la calle Fuencarral preservativos, as\u00ed como varias octavillas con informaci\u00f3n, tanto de Juventudes como del <a href=\"http:\/\/www.cje.org\/es\/\" target=\"_blank\">Consejo de la Juventud de Espa\u00f1a<\/a>, as\u00ed como de <a title=\"apoyo positivo\" href=\"http:\/\/www.apoyopositivo.org\/\" target=\"_blank\">Apoyo Positivo<\/a>. En ellos acerc\u00e1bamos conocimientos para desestigmatizar los nefastos mitos que hay sobre este virus y las personas que lo portan.<\/p>\n<p style=\"text-align: justify;\">Para tener una visi\u00f3n mayor y m\u00e1s completa, se organiz\u00f3 un acto donde participaron varios ponentes que nos pudieron dar una visi\u00f3n hol\u00edstica sobre el VIH, plante\u00e1ndolo desde diferentes puntos de vista.<\/p>\n<p style=\"text-align: justify;\">As\u00ed pues, se desarroll\u00f3 un acto que tocaba varios planteamientos como qu\u00e9 es el virus VIH, v\u00edas de transmisi\u00f3n, formas de prevenci\u00f3n y sus tratamientos; desde un punto de vista de las pol\u00edticas que se pueden desarrollar desde las instituciones, as\u00ed como hasta qu\u00e9 punto pueden afectar los actuales recortes (75% menos de presupuesto para la prevenci\u00f3n), para terminar con la visi\u00f3n de dos personas afectadas por el VIH y las dificultades para poder desarrollar una vida sin estigmas y rechazos que la sociedad ha adquirido por la mitificaci\u00f3n del mismo.<\/p>\n<p style=\"text-align: justify;\">Podemos decir que estas actividades sirvieron para concienciar sobre este \u00e1mbito, acerc\u00e1ndonos de una forma m\u00e1s rigurosa y desmitificada, as\u00ed como para estar en la calle colaborando con asociaciones en la toma de conciencia y prevenci\u00f3n sobre el VIH, uni\u00e9ndonos a las acciones que desde muchos puntos de Madrid se llevaron a cabo.<\/p>\n<p style=\"text-align: justify;\"><a href=\"http:\/\/www.jschamberi.org\/blog\/?attachment_id=2977\" rel=\"attachment wp-att-2977\"><img loading=\"lazy\" decoding=\"async\" class=\"aligncenter size-medium wp-image-2977\" alt=\"1461623_10202523713483330_1330766362_n\" src=\"http:\/\/www.jschamberi.org\/blog\/wp-content\/uploads\/2013\/11\/1461623_10202523713483330_1330766362_n-300x225.jpg\" width=\"300\" height=\"225\" srcset=\"https:\/\/www.jschamberi.org\/blog\/wp-content\/uploads\/2013\/11\/1461623_10202523713483330_1330766362_n-300x225.jpg 300w, https:\/\/www.jschamberi.org\/blog\/wp-content\/uploads\/2013\/11\/1461623_10202523713483330_1330766362_n.jpg 960w\" sizes=\"(max-width: 300px) 100vw, 300px\" \/><\/a><\/p>\n<p style=\"text-align: justify;\">\n","protected":false},"excerpt":{"rendered":"<p>El 1 de diciembre es el D\u00eda Mundial de la lucha contra el SIDA, y por ello Juventudes Socialistas de Chamber\u00ed y Juventudes Socialistas de Centro, quisimos llevar a cabo una acci\u00f3n conjunta para poner una nota de atenci\u00f3n sobre diferentes aspectos que conciernen este \u00e1mbito. En primer lugar la prevenci\u00f3n, por ello estuvimos repartiendo <a class=\"read-more\" href=\"https:\/\/www.jschamberi.org\/blog\/?p=2975\">Leer m\u00e1s<\/a><\/p>\n","protected":false},"author":20,"featured_media":0,"comment_status":"open","ping_status":"open","sticky":false,"template":"","format":"standard","meta":{"footnotes":""},"categories":[13,73],"tags":[],"class_list":["post-2975","post","type-post","status-publish","format-standard","hentry","category-eventos","category-sanidad"],"yoast_head":"<!-- This site is optimized with the Yoast SEO plugin v23.7 - https:\/\/yoast.com\/wordpress\/plugins\/seo\/ -->\n<title>D\u00eda Mundial de la lucha contra el SIDA  - Juventudes Socialistas de Chamber\u00ed<\/title>\n<meta name=\"robots\" content=\"index, follow, max-snippet:-1, max-image-preview:large, max-video-preview:-1\" \/>\n<link rel=\"canonical\" href=\"https:\/\/www.jschamberi.org\/blog\/?p=2975\" \/>\n<meta property=\"og:locale\" content=\"es_ES\" \/>\n<meta property=\"og:type\" content=\"article\" \/>\n<meta property=\"og:title\" content=\"D\u00eda Mundial de la lucha contra el SIDA  - Juventudes Socialistas de Chamber\u00ed\" \/>\n<meta property=\"og:description\" content=\"El 1 de diciembre es el D\u00eda Mundial de la lucha contra el SIDA, y por ello Juventudes Socialistas de Chamber\u00ed y Juventudes Socialistas de Centro, quisimos llevar a cabo una acci\u00f3n conjunta para poner una nota de atenci\u00f3n sobre diferentes aspectos que conciernen este \u00e1mbito. En primer lugar la prevenci\u00f3n, por ello estuvimos repartiendo Leer m\u00e1s\" \/>\n<meta property=\"og:url\" content=\"https:\/\/www.jschamberi.org\/blog\/?p=2975\" \/>\n<meta property=\"og:site_name\" content=\"Juventudes Socialistas de Chamber\u00ed\" \/>\n<meta property=\"article:published_time\" content=\"2013-11-30T14:49:35+00:00\" \/>\n<meta property=\"article:modified_time\" content=\"2014-07-18T15:08:12+00:00\" \/>\n<meta property=\"og:image\" content=\"https:\/\/www.jschamberi.org\/blog\/wp-content\/uploads\/2013\/11\/1457713_10152452058778677_2014778209_n.jpg\" \/>\n\t<meta property=\"og:image:width\" content=\"565\" \/>\n\t<meta property=\"og:image:height\" content=\"800\" \/>\n\t<meta property=\"og:image:type\" content=\"image\/jpeg\" \/>\n<meta name=\"author\" content=\"JSChamberi\" \/>\n<meta name=\"twitter:card\" content=\"summary_large_image\" \/>\n<meta name=\"twitter:label1\" content=\"Escrito por\" \/>\n\t<meta name=\"twitter:data1\" content=\"JSChamberi\" \/>\n\t<meta name=\"twitter:label2\" content=\"Tiempo de lectura\" \/>\n\t<meta name=\"twitter:data2\" content=\"2 minutos\" \/>\n<script type=\"application\/ld+json\" class=\"yoast-schema-graph\">{\"@context\":\"https:\/\/schema.org\",\"@graph\":[{\"@type\":\"WebPage\",\"@id\":\"https:\/\/www.jschamberi.org\/blog\/?p=2975\",\"url\":\"https:\/\/www.jschamberi.org\/blog\/?p=2975\",\"name\":\"D\u00eda Mundial de la lucha contra el SIDA - Juventudes Socialistas de Chamber\u00ed\",\"isPartOf\":{\"@id\":\"https:\/\/www.jschamberi.org\/blog\/#website\"},\"primaryImageOfPage\":{\"@id\":\"https:\/\/www.jschamberi.org\/blog\/?p=2975#primaryimage\"},\"image\":{\"@id\":\"https:\/\/www.jschamberi.org\/blog\/?p=2975#primaryimage\"},\"thumbnailUrl\":\"http:\/\/www.jschamberi.org\/blog\/wp-content\/uploads\/2013\/11\/1457713_10152452058778677_2014778209_n-211x300.jpg\",\"datePublished\":\"2013-11-30T14:49:35+00:00\",\"dateModified\":\"2014-07-18T15:08:12+00:00\",\"author\":{\"@id\":\"https:\/\/www.jschamberi.org\/blog\/#\/schema\/person\/3f82d901471b027bfc456bee2b9d0d3d\"},\"breadcrumb\":{\"@id\":\"https:\/\/www.jschamberi.org\/blog\/?p=2975#breadcrumb\"},\"inLanguage\":\"es\",\"potentialAction\":[{\"@type\":\"ReadAction\",\"target\":[\"https:\/\/www.jschamberi.org\/blog\/?p=2975\"]}]},{\"@type\":\"ImageObject\",\"inLanguage\":\"es\",\"@id\":\"https:\/\/www.jschamberi.org\/blog\/?p=2975#primaryimage\",\"url\":\"https:\/\/www.jschamberi.org\/blog\/wp-content\/uploads\/2013\/11\/1457713_10152452058778677_2014778209_n.jpg\",\"contentUrl\":\"https:\/\/www.jschamberi.org\/blog\/wp-content\/uploads\/2013\/11\/1457713_10152452058778677_2014778209_n.jpg\",\"width\":565,\"height\":800},{\"@type\":\"BreadcrumbList\",\"@id\":\"https:\/\/www.jschamberi.org\/blog\/?p=2975#breadcrumb\",\"itemListElement\":[{\"@type\":\"ListItem\",\"position\":1,\"name\":\"Home\",\"item\":\"https:\/\/www.jschamberi.org\/blog\/\"},{\"@type\":\"ListItem\",\"position\":2,\"name\":\"D\u00eda Mundial de la lucha contra el SIDA\"}]},{\"@type\":\"WebSite\",\"@id\":\"https:\/\/www.jschamberi.org\/blog\/#website\",\"url\":\"https:\/\/www.jschamberi.org\/blog\/\",\"name\":\"Juventudes Socialistas de Chamber\u00ed\",\"description\":\"\",\"potentialAction\":[{\"@type\":\"SearchAction\",\"target\":{\"@type\":\"EntryPoint\",\"urlTemplate\":\"https:\/\/www.jschamberi.org\/blog\/?s={search_term_string}\"},\"query-input\":{\"@type\":\"PropertyValueSpecification\",\"valueRequired\":true,\"valueName\":\"search_term_string\"}}],\"inLanguage\":\"es\"},{\"@type\":\"Person\",\"@id\":\"https:\/\/www.jschamberi.org\/blog\/#\/schema\/person\/3f82d901471b027bfc456bee2b9d0d3d\",\"name\":\"JSChamberi\",\"image\":{\"@type\":\"ImageObject\",\"inLanguage\":\"es\",\"@id\":\"https:\/\/www.jschamberi.org\/blog\/#\/schema\/person\/image\/\",\"url\":\"https:\/\/secure.gravatar.com\/avatar\/c2d40e2dd384331a8f7f7a2390eaafdb?s=96&d=identicon&r=g\",\"contentUrl\":\"https:\/\/secure.gravatar.com\/avatar\/c2d40e2dd384331a8f7f7a2390eaafdb?s=96&d=identicon&r=g\",\"caption\":\"JSChamberi\"},\"sameAs\":[\"http:\/\/jschamberi.org\"],\"url\":\"https:\/\/www.jschamberi.org\/blog\/?author=20\"}]}<\/script>\n<!-- \/ Yoast SEO plugin. -->","yoast_head_json":{"title":"D\u00eda Mundial de la lucha contra el SIDA  - Juventudes Socialistas de Chamber\u00ed","robots":{"index":"index","follow":"follow","max-snippet":"max-snippet:-1","max-image-preview":"max-image-preview:large","max-video-preview":"max-video-preview:-1"},"canonical":"https:\/\/www.jschamberi.org\/blog\/?p=2975","og_locale":"es_ES","og_type":"article","og_title":"D\u00eda Mundial de la lucha contra el SIDA  - Juventudes Socialistas de Chamber\u00ed","og_description":"El 1 de diciembre es el D\u00eda Mundial de la lucha contra el SIDA, y por ello Juventudes Socialistas de Chamber\u00ed y Juventudes Socialistas de Centro, quisimos llevar a cabo una acci\u00f3n conjunta para poner una nota de atenci\u00f3n sobre diferentes aspectos que conciernen este \u00e1mbito. En primer lugar la prevenci\u00f3n, por ello estuvimos repartiendo Leer m\u00e1s","og_url":"https:\/\/www.jschamberi.org\/blog\/?p=2975","og_site_name":"Juventudes Socialistas de Chamber\u00ed","article_published_time":"2013-11-30T14:49:35+00:00","article_modified_time":"2014-07-18T15:08:12+00:00","og_image":[{"width":565,"height":800,"url":"https:\/\/www.jschamberi.org\/blog\/wp-content\/uploads\/2013\/11\/1457713_10152452058778677_2014778209_n.jpg","type":"image\/jpeg"}],"author":"JSChamberi","twitter_card":"summary_large_image","twitter_misc":{"Escrito por":"JSChamberi","Tiempo de lectura":"2 minutos"},"schema":{"@context":"https:\/\/schema.org","@graph":[{"@type":"WebPage","@id":"https:\/\/www.jschamberi.org\/blog\/?p=2975","url":"https:\/\/www.jschamberi.org\/blog\/?p=2975","name":"D\u00eda Mundial de la lucha contra el SIDA - Juventudes Socialistas de Chamber\u00ed","isPartOf":{"@id":"https:\/\/www.jschamberi.org\/blog\/#website"},"primaryImageOfPage":{"@id":"https:\/\/www.jschamberi.org\/blog\/?p=2975#primaryimage"},"image":{"@id":"https:\/\/www.jschamberi.org\/blog\/?p=2975#primaryimage"},"thumbnailUrl":"http:\/\/www.jschamberi.org\/blog\/wp-content\/uploads\/2013\/11\/1457713_10152452058778677_2014778209_n-211x300.jpg","datePublished":"2013-11-30T14:49:35+00:00","dateModified":"2014-07-18T15:08:12+00:00","author":{"@id":"https:\/\/www.jschamberi.org\/blog\/#\/schema\/person\/3f82d901471b027bfc456bee2b9d0d3d"},"breadcrumb":{"@id":"https:\/\/www.jschamberi.org\/blog\/?p=2975#breadcrumb"},"inLanguage":"es","potentialAction":[{"@type":"ReadAction","target":["https:\/\/www.jschamberi.org\/blog\/?p=2975"]}]},{"@type":"ImageObject","inLanguage":"es","@id":"https:\/\/www.jschamberi.org\/blog\/?p=2975#primaryimage","url":"https:\/\/www.jschamberi.org\/blog\/wp-content\/uploads\/2013\/11\/1457713_10152452058778677_2014778209_n.jpg","contentUrl":"https:\/\/www.jschamberi.org\/blog\/wp-content\/uploads\/2013\/11\/1457713_10152452058778677_2014778209_n.jpg","width":565,"height":800},{"@type":"BreadcrumbList","@id":"https:\/\/www.jschamberi.org\/blog\/?p=2975#breadcrumb","itemListElement":[{"@type":"ListItem","position":1,"name":"Home","item":"https:\/\/www.jschamberi.org\/blog\/"},{"@type":"ListItem","position":2,"name":"D\u00eda Mundial de la lucha contra el SIDA"}]},{"@type":"WebSite","@id":"https:\/\/www.jschamberi.org\/blog\/#website","url":"https:\/\/www.jschamberi.org\/blog\/","name":"Juventudes Socialistas de Chamber\u00ed","description":"","potentialAction":[{"@type":"SearchAction","target":{"@type":"EntryPoint","urlTemplate":"https:\/\/www.jschamberi.org\/blog\/?s={search_term_string}"},"query-input":{"@type":"PropertyValueSpecification","valueRequired":true,"valueName":"search_term_string"}}],"inLanguage":"es"},{"@type":"Person","@id":"https:\/\/www.jschamberi.org\/blog\/#\/schema\/person\/3f82d901471b027bfc456bee2b9d0d3d","name":"JSChamberi","image":{"@type":"ImageObject","inLanguage":"es","@id":"https:\/\/www.jschamberi.org\/blog\/#\/schema\/person\/image\/","url":"https:\/\/secure.gravatar.com\/avatar\/c2d40e2dd384331a8f7f7a2390eaafdb?s=96&d=identicon&r=g","contentUrl":"https:\/\/secure.gravatar.com\/avatar\/c2d40e2dd384331a8f7f7a2390eaafdb?s=96&d=identicon&r=g","caption":"JSChamberi"},"sameAs":["http:\/\/jschamberi.org"],"url":"https:\/\/www.jschamberi.org\/blog\/?author=20"}]}},"_links":{"self":[{"href":"https:\/\/www.jschamberi.org\/blog\/index.php?rest_route=\/wp\/v2\/posts\/2975"}],"collection":[{"href":"https:\/\/www.jschamberi.org\/blog\/index.php?rest_route=\/wp\/v2\/posts"}],"about":[{"href":"https:\/\/www.jschamberi.org\/blog\/index.php?rest_route=\/wp\/v2\/types\/post"}],"author":[{"embeddable":true,"href":"https:\/\/www.jschamberi.org\/blog\/index.php?rest_route=\/wp\/v2\/users\/20"}],"replies":[{"embeddable":true,"href":"https:\/\/www.jschamberi.org\/blog\/index.php?rest_route=%2Fwp%2Fv2%2Fcomments&post=2975"}],"version-history":[{"count":6,"href":"https:\/\/www.jschamberi.org\/blog\/index.php?rest_route=\/wp\/v2\/posts\/2975\/revisions"}],"predecessor-version":[{"id":2983,"href":"https:\/\/www.jschamberi.org\/blog\/index.php?rest_route=\/wp\/v2\/posts\/2975\/revisions\/2983"}],"wp:attachment":[{"href":"https:\/\/www.jschamberi.org\/blog\/index.php?rest_route=%2Fwp%2Fv2%2Fmedia&parent=2975"}],"wp:term":[{"taxonomy":"category","embeddable":true,"href":"https:\/\/www.jschamberi.org\/blog\/index.php?rest_route=%2Fwp%2Fv2%2Fcategories&post=2975"},{"taxonomy":"post_tag","embeddable":true,"href":"https:\/\/www.jschamberi.org\/blog\/index.php?rest_route=%2Fwp%2Fv2%2Ftags&post=2975"}],"curies":[{"name":"wp","href":"https:\/\/api.w.org\/{rel}","templated":true}]}}