{"id":2945,"date":"2013-10-28T14:07:04","date_gmt":"2013-10-28T13:07:04","guid":{"rendered":"http:\/\/www.jschamberi.org\/blog\/?p=2945"},"modified":"2013-10-28T14:07:04","modified_gmt":"2013-10-28T13:07:04","slug":"2945","status":"publish","type":"post","link":"https:\/\/www.jschamberi.org\/blog\/?p=2945","title":{"rendered":""},"content":{"rendered":"<p style=\"text-align: justify;\"><a href=\"http:\/\/www.jschamberi.org\/blog\/?attachment_id=2946\" rel=\"attachment wp-att-2946\"><img decoding=\"async\" class=\"aligncenter size-medium wp-image-2946\" alt=\"cabeceraentrevistas\" src=\"http:\/\/www.jschamberi.org\/blog\/wp-content\/uploads\/2013\/10\/cabeceraentrevistas.bmp\" \/><\/a><\/p>\n<p style=\"text-align: justify;\"><b><i>Entrevista a Borja Cabez\u00f3n<\/i><\/b><\/p>\n<p style=\"text-align: justify;\">Borja Cabez\u00f3n es Secretario de Pol\u00edtica Internacional del Partido Socialista de Madrid (PSM) y portavoz del Grupo Municipal Socialista de Majadahonda. Juventudes Socialistas de Chamber\u00ed quisimos tener una entrevista con \u00e9l, a pocos meses de las Elecciones Europeas, cuya cita resulta de primer orden, as\u00ed como saber su opini\u00f3n sobre otras cuestiones nacionales.<\/p>\n<p style=\"text-align: justify;\">Con esta entrevista iniciamos nuestra nueva secci\u00f3n en la p\u00e1gina de JSChamber\u00ed <b>, Cara a Cara<\/b>, donde iremos publicando gradualmente entrevistas realizadas a personas destacadas del mundo de la pol\u00edtica.<\/p>\n<p style=\"text-align: justify;\"><b>1-\u00a0\u00a0\u00a0\u00a0\u00a0 <\/b><b>Pregunta: Borja, tienes un perfil joven, europeo e internacional, tambi\u00e9n te has implicado siempre en asociaciones. \u00bfDe d\u00f3nde te viene la fibra internacional?<\/b><\/p>\n<p style=\"text-align: justify;\"><b>Repuesta:<\/b> Estudi\u00e9 con 16 a\u00f1os en la Escuela Europea de Bruselas y eran tiempos de una gran vor\u00e1gine europea, hab\u00eda una asociaci\u00f3n que promov\u00eda encuentros internacionales, hac\u00edan actividades estilo Naciones Unidas, Consejo de Ministros, etc. Cuando llegu\u00e9 a la escuela ya ten\u00eda un cierto inter\u00e9s pol\u00edtico y me seleccionaron para representar a la escuela durante dos a\u00f1os y en esos encuentroses donde empec\u00e9 a conocer a mucha gente detodo el mundo y creo que es de all\u00ed de donde me viene el germen internacional y europe\u00edsta.<\/p>\n<p style=\"text-align: justify;\"><b>2-\u00a0\u00a0\u00a0\u00a0\u00a0 <\/b><b>P: Has vivido en el extranjero, en Bruselas, Am\u00e9rica Latina\u2026Cuando ves a tantos j\u00f3venes que se encuentran aqu\u00ed sin futuro, que se ven desesperados, que se tienen que ir fuera y tienen miedo de hacerlo, \u00bfqu\u00e9 piensas?, \u00bfqu\u00e9 consejo les podr\u00edas dar?<\/b><\/p>\n<p style=\"text-align: justify;\"><b>R: <\/b>En primer lugar, me solidarizo con el sentimiento y el \u00e1nimo que todo joven espa\u00f1ol pueda tener en estos momentos. Con m\u00e1s del 55% de desempleo en la franja juvenil, es muy complicado que la esperanza y la perspectiva que tenga un joven de cara a generar su vida, sin dependencia, su propia perspectiva, se quede en nada. No s\u00f3lo les ha pasado a los espa\u00f1oles,sino tambi\u00e9n a muchos j\u00f3venes de otros pa\u00edses que vinieron a Espa\u00f1a en su momento,y les pas\u00f3 a \u00a0nuestros abuelos cuando tuvieron que irse fuera en su momento porque aqu\u00ed no hab\u00eda ni para comer. A m\u00ed me gustar\u00edaque los dirigentes pol\u00edticos, y especialmente los nuestros, tuviesen la capacidad de ofrecer un proyecto, que diera unas soluciones concretas, diera con un proyecto capaz de generar perspectivas reales a la poblaci\u00f3n joven. Tambi\u00e9n a la menos joven que tambi\u00e9n est\u00e1 viendo frustradas sus expectativas de vida o jubilaci\u00f3n.<\/p>\n<p style=\"text-align: justify;\"><b>3-\u00a0\u00a0\u00a0\u00a0\u00a0 <\/b><b>P: \u00bfCrees que podemos ofrecer o que estamos para ofrecer esa soluci\u00f3n?<\/b><\/p>\n<p style=\"text-align: justify;\"><b>R:<\/b> Creo que podemos y debemos hacerlo.Es nuestra obligaci\u00f3n como Socialistas y como ciudadanos con vocaci\u00f3n de servicio p\u00fablico. Que estemos en el camino para hacerlo no lo s\u00e9 del todo. El partido est\u00e1 ahora en ebullici\u00f3n y es cuando todo puede pasar, m\u00e1s que nada porque est\u00e1 en reconstrucci\u00f3n.El partido no es que est\u00e9 en construcci\u00f3n porque tiene 134 a\u00f1os de historia, pero si es verdad que ahora est\u00e1 definiendo por d\u00f3nde quiere ir, cu\u00e1l es la oferta pol\u00edtica que le vamos a ofrecer a los ciudadanos de este pa\u00eds, porque evidentemente es una sociedad muy cambiada, no tiene nada que ver la de hoy en d\u00eda con la del a\u00f1o 78 o si me apuras la del a\u00f1o 96.<\/p>\n<p><a href=\"http:\/\/www.jschamberi.org\/blog\/?attachment_id=2957\" rel=\"attachment wp-att-2957\"><img loading=\"lazy\" decoding=\"async\" class=\"aligncenter\" alt=\"Borja Cabez\u00f3n\" src=\"http:\/\/www.jschamberi.org\/blog\/wp-content\/uploads\/2013\/10\/Borja-Cabez\u00f3n.jpg\" width=\"358\" height=\"239\" \/><\/a><\/p>\n<p style=\"text-align: justify;\"><b><!--more--><\/b><\/p>\n<p style=\"text-align: justify;\"><b>4-\u00a0\u00a0\u00a0\u00a0\u00a0 <\/b><b>P: En colaboraci\u00f3n con la Secretaria de Acci\u00f3n Electoral, te vas a encargar de la campa\u00f1a para las europeas, \u00bfC\u00f3mo la vais a llevar acabo tu equipo y t\u00fa?\u00a0 <\/b><\/p>\n<p style=\"text-align: justify;\"><b>R:<\/b> Cabe destacar que la Secretaria de Pol\u00edtica Internacional de Madrid est\u00e1 preparando las elecciones de mayo 2014 desde enero de 2013, es decir, 18 meses antes.Lo hicimos con tanta antelaci\u00f3n por la importancia que tienen dichas elecciones y lo hicimos con el consentimiento de la Ejecutiva Federal. Nos vamos a organizar de tres maneras.<\/p>\n<p style=\"text-align: justify;\">Una, dirigi\u00e9ndonos a los militantes con una serie de documentos pedag\u00f3gicos, que el equipo de la secretaria est\u00e1 preparando, (que se enviar\u00e1 por email y estar\u00e1 en la web del partido), sobre de la importancia de votar en las elecciones europeas, al Parlamento Europeo y sobre la historia de las instituciones, c\u00f3mo est\u00e1n conformadas y qu\u00e9 funciones tienen.<\/p>\n<p style=\"text-align: justify;\">Dos, yendo alas agrupaciones una por una. Ad\u00eda de hoy,\u00a0 despu\u00e9s de cinco meses y medio, hemos ido a 31 agrupaciones de Madrid para explicar directamente a los compa\u00f1eros, cu\u00e1l es el proyecto y el relato que los socialistas podemos llevar a cabo en esas elecciones.<\/p>\n<p style=\"text-align: justify;\">En tercer lugar, la figura de los Voluntarios Europeos. La idea es que cada agrupaci\u00f3n de Madrid, pero tambi\u00e9n de Espa\u00f1a pues la idea es que se lleve a cabo en cada federaci\u00f3n, tenga cuatro o cincovoluntarios europeos.Esta figura consiste enque cada Voluntario recoger\u00e1 firmas sobre un tema o idea muy concreta para las elecciones europeas. Si haydos o tres voluntarios por agrupaci\u00f3n, tendr\u00edamos alrededor de unos 450 voluntarios en toda la Comunidad, pues tenemos en torno a 150 agrupaciones,y si recogen cada uno diez firmas podemos llegar a las 4.500en un d\u00eda para una propuesta concreta. Si esto se eleva a nivel nacional, que tenemos unas 5.000 agrupaciones aproximadamente, y por tanto en torno a los 15.000 voluntarios, con s\u00f3lo unas diez firmas cada uno, se pueden recoger unas 150.000 firmas de una tacada.<\/p>\n<p style=\"text-align: justify;\">Esto se transforma en noticia, y cada espa\u00f1ol sabe lo que defiende el PSOE para esas elecciones, y la campa\u00f1a se desarrolla a lo largo de doce meses<\/p>\n<p style=\"text-align: justify;\">Cuarto, reunirnos, visitar y entrar en contacto con todos los medios de comunicaci\u00f3n, con las embajadas,instituciones y asociaciones europeas para exportar nuestro mensaje, decirles que estamos a su disposici\u00f3n, que queremos construir el relato europeo y europe\u00edsta para estar m\u00e1s cercas de las demandas ciudadanas.<\/p>\n<p style=\"text-align: justify;\"><b>5-\u00a0\u00a0\u00a0\u00a0\u00a0 <\/b><b>P: Se dice que Europa est\u00e1 crisis, que Bruselas nos manda y que Alemania manda a Bruselas. <\/b><b>En definitiva se la ve como la causante de los denostados recortes, \u00bfPor qu\u00e9 te dan ganas de luchar por Europa?<\/b><\/p>\n<p style=\"text-align: justify;\"><b>R:<\/b> Europa no es el problema, ni es la mala de la pel\u00edcula, as\u00ed nos lo quieren hacer ver ciertos grupos de presi\u00f3n, ciertos partidos pol\u00edticos que juegan con esa demagogia, pero lo que hay que explicarabiertamente es que Europa es la herramienta de cambio, es la herramienta para cambiar las cosas en el mundo globalizado en el que vivimos. Ahora bien, todo depende de c\u00f3mo se utilice esa herramienta, cuanto m\u00e1s a la derechala utilizas, de manera m\u00e1s conservadora,te sale una Europa asfixiada por la austeridad, los recortes y con una clara intenci\u00f3n de desmantelar el Estado de Bienestar, pero si la utilizas de una manera m\u00e1s social, m\u00e1s socialista, pues te saldr\u00e1 otra Europa que est\u00e9 basada en una direcci\u00f3n m\u00e1s progresista y con la firme intenci\u00f3n de igualar a las personas y de hacer sostenible una sociedad justa y pujante.Creo en la herramienta y creo que hay una manera diferente de utilizar esa herramienta, por eso salgo a la calle, a las agrupaciones y a los medios para explicar que tenemos una forma de hacer las cosas diferentes, lo \u00fanico que tenemos que tener claro es cu\u00e1l es esa forma y saber exponerlo de manera cre\u00edble y con equipos cre\u00edbles para que vuelvan a creen en nosotros.<\/p>\n<p style=\"text-align: justify;\"><b>6-\u00a0\u00a0\u00a0\u00a0\u00a0 <\/b><b>P: Seg\u00fan las encuestas el PSOE podr\u00eda quedar tercera fuerza pol\u00edtica en las europeas de 2014, \u00bfesto a qu\u00e9 se debe, por la situaci\u00f3n nacional, por la actuaci\u00f3n de Europa en la crisis o por otras razones?<\/b><\/p>\n<p style=\"text-align: justify;\"><b>R: <\/b>Esperemos que esas encuestas no se cumplan, pero es cierto que estamos en una situaci\u00f3n complicada. No s\u00f3lo el PSOE, sino los partidos en general, la idea por parte de la ciudadan\u00eda de la UE y la importancia de las elecciones en general, porque se suelen utilizar las elecciones europeas como m\u00e9todo para castigar a los pol\u00edticos de su naci\u00f3n, para castigar a la pol\u00edtica dom\u00e9stica de sus partidos.<\/p>\n<p style=\"text-align: justify;\">Por eso es importante prepararlas con antelaci\u00f3n y explicar que el 70% de las decisiones que afectan a su d\u00eda a d\u00eda se toman en Bruselas, y que, nos gustem\u00e1s o nos guste menos, el centro de gravedad est\u00e1 all\u00ed. En 1978, nuestros padres sab\u00edan que ten\u00edan que luchar por la libertad, y sab\u00edan que ten\u00edan que luchar y trabajar para que este pa\u00eds viviera en democracia, y lo consiguieron,\u00a0 y por eso sab\u00edan que el PSOE ten\u00eda que conquistar un lugar, el Congreso de los Diputados, donde se tomaban las decisiones, pero ahora la mayor\u00eda de las decisiones se toman en otro lugar, y por eso hoy se trata de conquistar ese otro lugar, el Parlamento Europeo, el Consejo Europeo y la Comisi\u00f3n Europea.<\/p>\n<p style=\"text-align: justify;\">Ahora hay una cuesti\u00f3n muy importante, el Parlamento Europeo va a poder elegir al presidente de la Comisi\u00f3n Europea, y no podemos obviar este tema y dejar ganar a los conservadores, como tampoco podemos volver hacer el rid\u00edculo, como hicimos en su momento, y cometer el error como partido socialista proponiendo a un l\u00edder conservador, como es <strong>Dur\u00e3o<\/strong> Barroso a la presidencia de la Comisi\u00f3n Europea, siendo contradictorio con otros hermanos socialistas o socialdem\u00f3cratas de la UE. Es vital eludir ese catastr\u00f3fico resultado.<\/p>\n<p style=\"text-align: justify;\"><b>7-\u00a0\u00a0\u00a0\u00a0\u00a0 <\/b><b>P: Llamazares, Garz\u00f3n o Mayor Zaragoza pretenden impulsar una candidatura para las europeas, una llamada \u201cSyriza espa\u00f1ola\u201d. \u00bfQu\u00e9 repercusi\u00f3n o impacto podr\u00eda tener esta candidatura en el panorama electoral espa\u00f1ol? \u00bfA qu\u00e9 partido podr\u00eda repercutir m\u00e1s?<\/b><\/p>\n<p style=\"text-align: justify;\"><b>R: <\/b>A quien m\u00e1s afectar\u00eda negativamente una candidatura de ese estilo ser\u00eda al PSOE si esa candidatura y su mensaje fuesen atractivos para los ciudadanos. Me temo, aunque espero que no sea as\u00ed, que se ejerza una cierta irresponsabilidad a la hora de hablar de las elecciones europeas y de su importancia o del mensaje de la importancia que tiene Europa para nuestras vidas y para tener un futuro y un horizonte mejor. Porque aqu\u00ed hay una cuesti\u00f3n muy clara, no podemos caer en el enga\u00f1o del discurso f\u00e1cil y demag\u00f3gico de que Europa es la mala, y que si nos salimos las cosas nos van a ir mejor. Tras la ca\u00edda del muro de Berl\u00edn en 1989, nos metemos en una din\u00e1mica globalizadora, que ha globalizado todo el planeta a todos los niveles, e internet lo ha globalizado a\u00fan m\u00e1s. Hoy en d\u00eda Espa\u00f1a por s\u00ed misma en el mundo no pesa nada, como tampoco pesa nada Alemania o Francia por s\u00ed mismas. En una mesa internacional como un G20, si los pa\u00edses europeos van individualmente no les van a tener en cuenta, pero si vamos unidos con un proyecto y con una voz, de manera democr\u00e1tica entre los 28 pa\u00edses europeos que conforman la UE, la cosa cambia. No nos queda otra que trabajar en un proyecto compartido como lo es la UE, un proyecto muy exitoso que en 60 a\u00f1os hemos pasado de una zona en la que nos mat\u00e1bamos a una zona prospera y pac\u00edfica. \u00bfQu\u00e9 hay muchas cosas que mejorar?, much\u00edsimas, \u00bfqu\u00e9 el rumbo de la UE debe cambiar?, \u00a1por supuesto! Tenemos quereforzar la Uni\u00f3n e ir a una uni\u00f3n bancaria, fiscal, pol\u00edtica, econ\u00f3mica\u2026 y ceder soberan\u00eda.<\/p>\n<p style=\"text-align: justify;\">Los socialistas debemos ser valientes en este aspecto, y no tener problemas por ello, pero con una condici\u00f3n, poder decidir y mandar como manda cualquier otro pa\u00eds. Eso es construir bajo unas bases y formas democr\u00e1ticas.<\/p>\n<p style=\"text-align: justify;\"><b>8-\u00a0\u00a0\u00a0\u00a0\u00a0 <\/b><b>P: \u00bfA la UE no se le habr\u00eda escapado un elemento esencial de la pol\u00edtica: la cercan\u00eda con la ciudadan\u00eda?<\/b><\/p>\n<p style=\"text-align: justify;\"><b>R: <\/b>Se le ha escapado totalmente. Es m\u00e1s, no s\u00e9 si en alg\u00fan momento lo tuvo en cuenta. El proyecto se percibi\u00f3 en Espa\u00f1a como mucho m\u00e1s cercano anteriormente, donde en el a\u00f1o 2007 el 75% de los espa\u00f1oles ve\u00eda el proyecto europeo con simpat\u00eda y un 20% con recelo, hoy es al contrario. En apenas 5 \u00f3 6 a\u00f1os se han invertido esos n\u00fameros. Hay un problema de cercan\u00eda con las instituciones, con el proyecto europeo, que se suma a otras cuestiones como la crisis. La ciudadan\u00eda ve que al final la UE no es capaz de resolver sus problemas, algo fundamental. No ven que vayan a resolver sus demandas, ni siquiera que la gobernanza europea sepa visualizar cu\u00e1les son o anticipar esas soluciones. Por ello hay que dar m\u00e1s cercan\u00eda y m\u00e1s pedagog\u00eda dejando claro cu\u00e1l es nuestro proyecto europeo com\u00fan.<\/p>\n<p style=\"text-align: justify;\"><b>9-\u00a0\u00a0\u00a0\u00a0\u00a0 <\/b><b>P: Desde hace varios a\u00f1os, pero m\u00e1s concretamente desde el Congreso de Sevilla, la Ejecutiva Regional mantiene una tensa relaci\u00f3n con la Ejecutiva Federal; por tu parte \u00bflo percibes de esta forma o es menos de lo que desde fuera parece? Por otro lado, \u00bfqu\u00e9 relaci\u00f3n tienes con tu hom\u00f3logo federal, Juan Moscoso?<\/b><\/p>\n<p style=\"text-align: justify;\"><b>R: <\/b>Creo que los medios lo venden con un volumen m\u00e1s alto de lo que realmente es, porque a algunos medios les interesa hacer el m\u00e1ximo ruido posible con esto. Es verdad que hubo momentos claramente de conflicto entre la ejecutiva Madrile\u00f1a y la Federal,no se puede negar, pero creo que precisamente ahora, las dos direcciones estamos trabajando en una misma direcci\u00f3n. Por ejemplo el proyecto de preparaci\u00f3n para las elecciones europeas que expuse a la Ejecutiva Federal, me dieron el permiso de buen grado, en confianza y eso es un muy buen s\u00edntoma. Concretamente, Juan Moscoo le dio visto bueno al documento, nuestra relaci\u00f3n es excelente, y est\u00e1 muy contento con la federaci\u00f3n madrile\u00f1a al iniciar esta campa\u00f1a con tanta antelaci\u00f3n.<\/p>\n<p style=\"text-align: center;\" align=\"right\"><a href=\"http:\/\/www.jschamberi.org\/blog\/?attachment_id=2957\" rel=\"attachment wp-att-2957\">\u00a0<\/a><\/p>\n<p style=\"text-align: justify;\" align=\"right\"><b>Esta entrevista se realiz\u00f3 el 24\/05\/2013. <\/b><\/p>\n<p style=\"text-align: justify;\" align=\"right\"><b>JSChamber\u00ed <\/b><\/p>\n","protected":false},"excerpt":{"rendered":"<p>Entrevista a Borja Cabez\u00f3n Borja Cabez\u00f3n es Secretario de Pol\u00edtica Internacional del Partido Socialista de Madrid (PSM) y portavoz del Grupo Municipal Socialista de Majadahonda. Juventudes Socialistas de Chamber\u00ed quisimos tener una entrevista con \u00e9l, a pocos meses de las Elecciones Europeas, cuya cita resulta de primer orden, as\u00ed como saber su opini\u00f3n sobre otras <a class=\"read-more\" href=\"https:\/\/www.jschamberi.org\/blog\/?p=2945\">Leer m\u00e1s<\/a><\/p>\n","protected":false},"author":20,"featured_media":0,"comment_status":"open","ping_status":"open","sticky":false,"template":"","format":"standard","meta":{"footnotes":""},"categories":[74,26],"tags":[],"class_list":["post-2945","post","type-post","status-publish","format-standard","hentry","category-entrevista","category-opinion"],"yoast_head":"<!-- This site is optimized with the Yoast SEO plugin v23.7 - https:\/\/yoast.com\/wordpress\/plugins\/seo\/ -->\n<title>- Juventudes Socialistas de Chamber\u00ed<\/title>\n<meta name=\"robots\" content=\"index, follow, max-snippet:-1, max-image-preview:large, max-video-preview:-1\" \/>\n<link rel=\"canonical\" href=\"https:\/\/www.jschamberi.org\/blog\/?p=2945\" \/>\n<meta property=\"og:locale\" content=\"es_ES\" \/>\n<meta property=\"og:type\" content=\"article\" \/>\n<meta property=\"og:title\" content=\"- Juventudes Socialistas de Chamber\u00ed\" \/>\n<meta property=\"og:description\" content=\"Entrevista a Borja Cabez\u00f3n Borja Cabez\u00f3n es Secretario de Pol\u00edtica Internacional del Partido Socialista de Madrid (PSM) y portavoz del Grupo Municipal Socialista de Majadahonda. Juventudes Socialistas de Chamber\u00ed quisimos tener una entrevista con \u00e9l, a pocos meses de las Elecciones Europeas, cuya cita resulta de primer orden, as\u00ed como saber su opini\u00f3n sobre otras Leer m\u00e1s\" \/>\n<meta property=\"og:url\" content=\"https:\/\/www.jschamberi.org\/blog\/?p=2945\" \/>\n<meta property=\"og:site_name\" content=\"Juventudes Socialistas de Chamber\u00ed\" \/>\n<meta property=\"article:published_time\" content=\"2013-10-28T13:07:04+00:00\" \/>\n<meta name=\"author\" content=\"JSChamberi\" \/>\n<meta name=\"twitter:card\" content=\"summary_large_image\" \/>\n<meta name=\"twitter:label1\" content=\"Escrito por\" \/>\n\t<meta name=\"twitter:data1\" content=\"JSChamberi\" \/>\n\t<meta name=\"twitter:label2\" content=\"Tiempo de lectura\" \/>\n\t<meta name=\"twitter:data2\" content=\"12 minutos\" \/>\n<script type=\"application\/ld+json\" class=\"yoast-schema-graph\">{\"@context\":\"https:\/\/schema.org\",\"@graph\":[{\"@type\":\"WebPage\",\"@id\":\"https:\/\/www.jschamberi.org\/blog\/?p=2945\",\"url\":\"https:\/\/www.jschamberi.org\/blog\/?p=2945\",\"name\":\"- Juventudes Socialistas de Chamber\u00ed\",\"isPartOf\":{\"@id\":\"https:\/\/www.jschamberi.org\/blog\/#website\"},\"primaryImageOfPage\":{\"@id\":\"https:\/\/www.jschamberi.org\/blog\/?p=2945#primaryimage\"},\"image\":{\"@id\":\"https:\/\/www.jschamberi.org\/blog\/?p=2945#primaryimage\"},\"thumbnailUrl\":\"http:\/\/www.jschamberi.org\/blog\/wp-content\/uploads\/2013\/10\/cabeceraentrevistas.bmp\",\"datePublished\":\"2013-10-28T13:07:04+00:00\",\"dateModified\":\"2013-10-28T13:07:04+00:00\",\"author\":{\"@id\":\"https:\/\/www.jschamberi.org\/blog\/#\/schema\/person\/3f82d901471b027bfc456bee2b9d0d3d\"},\"inLanguage\":\"es\",\"potentialAction\":[{\"@type\":\"ReadAction\",\"target\":[\"https:\/\/www.jschamberi.org\/blog\/?p=2945\"]}]},{\"@type\":\"ImageObject\",\"inLanguage\":\"es\",\"@id\":\"https:\/\/www.jschamberi.org\/blog\/?p=2945#primaryimage\",\"url\":\"https:\/\/www.jschamberi.org\/blog\/wp-content\/uploads\/2013\/10\/cabeceraentrevistas.bmp\",\"contentUrl\":\"https:\/\/www.jschamberi.org\/blog\/wp-content\/uploads\/2013\/10\/cabeceraentrevistas.bmp\"},{\"@type\":\"WebSite\",\"@id\":\"https:\/\/www.jschamberi.org\/blog\/#website\",\"url\":\"https:\/\/www.jschamberi.org\/blog\/\",\"name\":\"Juventudes Socialistas de Chamber\u00ed\",\"description\":\"\",\"potentialAction\":[{\"@type\":\"SearchAction\",\"target\":{\"@type\":\"EntryPoint\",\"urlTemplate\":\"https:\/\/www.jschamberi.org\/blog\/?s={search_term_string}\"},\"query-input\":{\"@type\":\"PropertyValueSpecification\",\"valueRequired\":true,\"valueName\":\"search_term_string\"}}],\"inLanguage\":\"es\"},{\"@type\":\"Person\",\"@id\":\"https:\/\/www.jschamberi.org\/blog\/#\/schema\/person\/3f82d901471b027bfc456bee2b9d0d3d\",\"name\":\"JSChamberi\",\"image\":{\"@type\":\"ImageObject\",\"inLanguage\":\"es\",\"@id\":\"https:\/\/www.jschamberi.org\/blog\/#\/schema\/person\/image\/\",\"url\":\"https:\/\/secure.gravatar.com\/avatar\/c2d40e2dd384331a8f7f7a2390eaafdb?s=96&d=identicon&r=g\",\"contentUrl\":\"https:\/\/secure.gravatar.com\/avatar\/c2d40e2dd384331a8f7f7a2390eaafdb?s=96&d=identicon&r=g\",\"caption\":\"JSChamberi\"},\"sameAs\":[\"http:\/\/jschamberi.org\"],\"url\":\"https:\/\/www.jschamberi.org\/blog\/?author=20\"}]}<\/script>\n<!-- \/ Yoast SEO plugin. -->","yoast_head_json":{"title":"- Juventudes Socialistas de Chamber\u00ed","robots":{"index":"index","follow":"follow","max-snippet":"max-snippet:-1","max-image-preview":"max-image-preview:large","max-video-preview":"max-video-preview:-1"},"canonical":"https:\/\/www.jschamberi.org\/blog\/?p=2945","og_locale":"es_ES","og_type":"article","og_title":"- Juventudes Socialistas de Chamber\u00ed","og_description":"Entrevista a Borja Cabez\u00f3n Borja Cabez\u00f3n es Secretario de Pol\u00edtica Internacional del Partido Socialista de Madrid (PSM) y portavoz del Grupo Municipal Socialista de Majadahonda. Juventudes Socialistas de Chamber\u00ed quisimos tener una entrevista con \u00e9l, a pocos meses de las Elecciones Europeas, cuya cita resulta de primer orden, as\u00ed como saber su opini\u00f3n sobre otras Leer m\u00e1s","og_url":"https:\/\/www.jschamberi.org\/blog\/?p=2945","og_site_name":"Juventudes Socialistas de Chamber\u00ed","article_published_time":"2013-10-28T13:07:04+00:00","author":"JSChamberi","twitter_card":"summary_large_image","twitter_misc":{"Escrito por":"JSChamberi","Tiempo de lectura":"12 minutos"},"schema":{"@context":"https:\/\/schema.org","@graph":[{"@type":"WebPage","@id":"https:\/\/www.jschamberi.org\/blog\/?p=2945","url":"https:\/\/www.jschamberi.org\/blog\/?p=2945","name":"- Juventudes Socialistas de Chamber\u00ed","isPartOf":{"@id":"https:\/\/www.jschamberi.org\/blog\/#website"},"primaryImageOfPage":{"@id":"https:\/\/www.jschamberi.org\/blog\/?p=2945#primaryimage"},"image":{"@id":"https:\/\/www.jschamberi.org\/blog\/?p=2945#primaryimage"},"thumbnailUrl":"http:\/\/www.jschamberi.org\/blog\/wp-content\/uploads\/2013\/10\/cabeceraentrevistas.bmp","datePublished":"2013-10-28T13:07:04+00:00","dateModified":"2013-10-28T13:07:04+00:00","author":{"@id":"https:\/\/www.jschamberi.org\/blog\/#\/schema\/person\/3f82d901471b027bfc456bee2b9d0d3d"},"inLanguage":"es","potentialAction":[{"@type":"ReadAction","target":["https:\/\/www.jschamberi.org\/blog\/?p=2945"]}]},{"@type":"ImageObject","inLanguage":"es","@id":"https:\/\/www.jschamberi.org\/blog\/?p=2945#primaryimage","url":"https:\/\/www.jschamberi.org\/blog\/wp-content\/uploads\/2013\/10\/cabeceraentrevistas.bmp","contentUrl":"https:\/\/www.jschamberi.org\/blog\/wp-content\/uploads\/2013\/10\/cabeceraentrevistas.bmp"},{"@type":"WebSite","@id":"https:\/\/www.jschamberi.org\/blog\/#website","url":"https:\/\/www.jschamberi.org\/blog\/","name":"Juventudes Socialistas de Chamber\u00ed","description":"","potentialAction":[{"@type":"SearchAction","target":{"@type":"EntryPoint","urlTemplate":"https:\/\/www.jschamberi.org\/blog\/?s={search_term_string}"},"query-input":{"@type":"PropertyValueSpecification","valueRequired":true,"valueName":"search_term_string"}}],"inLanguage":"es"},{"@type":"Person","@id":"https:\/\/www.jschamberi.org\/blog\/#\/schema\/person\/3f82d901471b027bfc456bee2b9d0d3d","name":"JSChamberi","image":{"@type":"ImageObject","inLanguage":"es","@id":"https:\/\/www.jschamberi.org\/blog\/#\/schema\/person\/image\/","url":"https:\/\/secure.gravatar.com\/avatar\/c2d40e2dd384331a8f7f7a2390eaafdb?s=96&d=identicon&r=g","contentUrl":"https:\/\/secure.gravatar.com\/avatar\/c2d40e2dd384331a8f7f7a2390eaafdb?s=96&d=identicon&r=g","caption":"JSChamberi"},"sameAs":["http:\/\/jschamberi.org"],"url":"https:\/\/www.jschamberi.org\/blog\/?author=20"}]}},"_links":{"self":[{"href":"https:\/\/www.jschamberi.org\/blog\/index.php?rest_route=\/wp\/v2\/posts\/2945"}],"collection":[{"href":"https:\/\/www.jschamberi.org\/blog\/index.php?rest_route=\/wp\/v2\/posts"}],"about":[{"href":"https:\/\/www.jschamberi.org\/blog\/index.php?rest_route=\/wp\/v2\/types\/post"}],"author":[{"embeddable":true,"href":"https:\/\/www.jschamberi.org\/blog\/index.php?rest_route=\/wp\/v2\/users\/20"}],"replies":[{"embeddable":true,"href":"https:\/\/www.jschamberi.org\/blog\/index.php?rest_route=%2Fwp%2Fv2%2Fcomments&post=2945"}],"version-history":[{"count":4,"href":"https:\/\/www.jschamberi.org\/blog\/index.php?rest_route=\/wp\/v2\/posts\/2945\/revisions"}],"predecessor-version":[{"id":2950,"href":"https:\/\/www.jschamberi.org\/blog\/index.php?rest_route=\/wp\/v2\/posts\/2945\/revisions\/2950"}],"wp:attachment":[{"href":"https:\/\/www.jschamberi.org\/blog\/index.php?rest_route=%2Fwp%2Fv2%2Fmedia&parent=2945"}],"wp:term":[{"taxonomy":"category","embeddable":true,"href":"https:\/\/www.jschamberi.org\/blog\/index.php?rest_route=%2Fwp%2Fv2%2Fcategories&post=2945"},{"taxonomy":"post_tag","embeddable":true,"href":"https:\/\/www.jschamberi.org\/blog\/index.php?rest_route=%2Fwp%2Fv2%2Ftags&post=2945"}],"curies":[{"name":"wp","href":"https:\/\/api.w.org\/{rel}","templated":true}]}}