{"id":2787,"date":"2013-05-08T12:26:33","date_gmt":"2013-05-08T11:26:33","guid":{"rendered":"http:\/\/www.jschamberi.org\/blog\/?p=2787"},"modified":"2013-05-11T16:31:59","modified_gmt":"2013-05-11T15:31:59","slug":"no-a-la-lomce","status":"publish","type":"post","link":"https:\/\/www.jschamberi.org\/blog\/?p=2787","title":{"rendered":"NO A LA LOMCE"},"content":{"rendered":"<p style=\"text-align: justify;\">Este <b>9 de mayo el sector de la ense\u00f1anza vivir\u00e1 una huelga general<\/b> en <b>contra de los salvajes recortes del gobierno<\/b> en esta materia (la escuela rural est\u00e1 al borde del colapso), as\u00ed como para exigir <b>la retirada de Ley Org\u00e1nica de Calidad de la Educaci\u00f3n<\/b> (LOMCE), conocida como la Ley Wert.<\/p>\n<p style=\"text-align: justify;\"><b><a href=\"http:\/\/www.jschamberi.org\/blog\/?attachment_id=2788\" rel=\"attachment wp-att-2788\"><img loading=\"lazy\" decoding=\"async\" class=\"size-medium wp-image-2788 aligncenter\" alt=\"Cartel Huelga 9M\" src=\"http:\/\/www.jschamberi.org\/blog\/wp-content\/uploads\/2013\/05\/Cartel-Huelga-9M-217x300.png\" width=\"217\" height=\"300\" srcset=\"https:\/\/www.jschamberi.org\/blog\/wp-content\/uploads\/2013\/05\/Cartel-Huelga-9M-217x300.png 217w, https:\/\/www.jschamberi.org\/blog\/wp-content\/uploads\/2013\/05\/Cartel-Huelga-9M-741x1024.png 741w\" sizes=\"(max-width: 217px) 100vw, 217px\" \/><\/a><\/b><\/p>\n<p style=\"text-align: justify;\"><b>Es la primera vez<\/b> que se convoca una huelga que abarque a todas las etapas educativas, desde infantil hasta universidad, convoc\u00e1ndolo la <b>Plataforma Estatal por la Escuela P\u00fablica<\/b>, integrada por los sindicatos FECCOO, STES, FETE-UGT y CGT, la Confederaci\u00f3n Espa\u00f1ola de Padres y Madres de Alumnos (CEAPA), el Sindicatos de Estudiantes y los Movimientos de Renovaci\u00f3n Pedag\u00f3gica.<\/p>\n<p style=\"text-align: justify;\">Esta <b>amplia concentraci\u00f3n y uni\u00f3n de fuerzas<\/b> es muestra m\u00e1s que suficiente de hasta qu\u00e9 punto la reforma <b>est\u00e1 planteada en unos t\u00e9rminos selectivos<\/b>, separando tempranamente al alumnado, disgregadores, devaluadora de la formaci\u00f3n profesional y que <b>no resuelve problema alguno en la educaci\u00f3n<\/b>. En definitiva un cambio en el sistema para que se convierta en <b>un mecanismo de exclusi\u00f3n<\/b>, que ha sido rechazado ya no s\u00f3lo por la comunidad educativa, sino incluso por el propio Consejo de Estado.<\/p>\n<p style=\"text-align: justify;\">Se pone al servicio (otro ministerio m\u00e1s) de los sectores <b>m\u00e1s conservadores del PP<\/b>, eliminando la asignatura de Educaci\u00f3n por la Ciudadan\u00eda y haciendo la asignatura de religi\u00f3n su alternativa evaluable. Esta ley respalda el que <b>con dinero p\u00fablico se pueda segregar por raz\u00f3n de sexo<\/b>, algo en lo que se opone el Supremo, as\u00ed como se eliminan becas, se endurece las condiciones para conseguirlas y se eliminan otras ayudas al estudio como las ayudas a los libros de texto.<\/p>\n<p style=\"text-align: justify;\">Impone los rankings entre los centros educativos para <b>establecer un sistema elitista<\/b> que permite supeditar la admisi\u00f3n del alumnado con criterios selectivos de car\u00e1cter ideol\u00f3gicos que permiten romper el sentido de igualdad y equidad.<\/p>\n<p style=\"text-align: justify;\">Por todo ello las <b>Juventudes Socialistas participaremos<\/b> en la manifestaci\u00f3n que ma\u00f1ana d\u00eda <b>9 de mayo a las 18:30 se llevar\u00e1 a cabo entre Neptuno y Sevilla<\/b>.<\/p>\n<p style=\"text-align: justify;\">\u00a1Os esperamos!<\/p>\n<p style=\"text-align: justify;\"><b>#FueraLeyWert<\/b><\/p>\n<p style=\"text-align: justify;\"><b>#9Mhuelga\u00a0\u00a0\u00a0\u00a0<\/b><\/p>\n","protected":false},"excerpt":{"rendered":"<p>Este 9 de mayo el sector de la ense\u00f1anza vivir\u00e1 una huelga general en contra de los salvajes recortes del gobierno en esta materia (la escuela rural est\u00e1 al borde del colapso), as\u00ed como para exigir la retirada de Ley Org\u00e1nica de Calidad de la Educaci\u00f3n (LOMCE), conocida como la Ley Wert. Es la primera <a class=\"read-more\" href=\"https:\/\/www.jschamberi.org\/blog\/?p=2787\">Leer m\u00e1s<\/a><\/p>\n","protected":false},"author":20,"featured_media":0,"comment_status":"open","ping_status":"open","sticky":false,"template":"","format":"standard","meta":{"footnotes":""},"categories":[3,13],"tags":[],"class_list":["post-2787","post","type-post","status-publish","format-standard","hentry","category-educacion","category-eventos"],"yoast_head":"<!-- This site is optimized with the Yoast SEO plugin v23.7 - https:\/\/yoast.com\/wordpress\/plugins\/seo\/ -->\n<title>NO A LA LOMCE - Juventudes Socialistas de Chamber\u00ed<\/title>\n<meta name=\"robots\" content=\"index, follow, max-snippet:-1, max-image-preview:large, max-video-preview:-1\" \/>\n<link rel=\"canonical\" href=\"https:\/\/www.jschamberi.org\/blog\/?p=2787\" \/>\n<meta property=\"og:locale\" content=\"es_ES\" \/>\n<meta property=\"og:type\" content=\"article\" \/>\n<meta property=\"og:title\" content=\"NO A LA LOMCE - Juventudes Socialistas de Chamber\u00ed\" \/>\n<meta property=\"og:description\" content=\"Este 9 de mayo el sector de la ense\u00f1anza vivir\u00e1 una huelga general en contra de los salvajes recortes del gobierno en esta materia (la escuela rural est\u00e1 al borde del colapso), as\u00ed como para exigir la retirada de Ley Org\u00e1nica de Calidad de la Educaci\u00f3n (LOMCE), conocida como la Ley Wert. Es la primera Leer m\u00e1s\" \/>\n<meta property=\"og:url\" content=\"https:\/\/www.jschamberi.org\/blog\/?p=2787\" \/>\n<meta property=\"og:site_name\" content=\"Juventudes Socialistas de Chamber\u00ed\" \/>\n<meta property=\"article:published_time\" content=\"2013-05-08T11:26:33+00:00\" \/>\n<meta property=\"article:modified_time\" content=\"2013-05-11T15:31:59+00:00\" \/>\n<meta property=\"og:image\" content=\"https:\/\/www.jschamberi.org\/blog\/wp-content\/uploads\/2013\/05\/Cartel-Huelga-9M.png\" \/>\n\t<meta property=\"og:image:width\" content=\"2381\" \/>\n\t<meta property=\"og:image:height\" content=\"3288\" \/>\n\t<meta property=\"og:image:type\" content=\"image\/png\" \/>\n<meta name=\"author\" content=\"JSChamberi\" \/>\n<meta name=\"twitter:card\" content=\"summary_large_image\" \/>\n<meta name=\"twitter:label1\" content=\"Escrito por\" \/>\n\t<meta name=\"twitter:data1\" content=\"JSChamberi\" \/>\n\t<meta name=\"twitter:label2\" content=\"Tiempo de lectura\" \/>\n\t<meta name=\"twitter:data2\" content=\"2 minutos\" \/>\n<script type=\"application\/ld+json\" class=\"yoast-schema-graph\">{\"@context\":\"https:\/\/schema.org\",\"@graph\":[{\"@type\":\"WebPage\",\"@id\":\"https:\/\/www.jschamberi.org\/blog\/?p=2787\",\"url\":\"https:\/\/www.jschamberi.org\/blog\/?p=2787\",\"name\":\"NO A LA LOMCE - Juventudes Socialistas de Chamber\u00ed\",\"isPartOf\":{\"@id\":\"https:\/\/www.jschamberi.org\/blog\/#website\"},\"primaryImageOfPage\":{\"@id\":\"https:\/\/www.jschamberi.org\/blog\/?p=2787#primaryimage\"},\"image\":{\"@id\":\"https:\/\/www.jschamberi.org\/blog\/?p=2787#primaryimage\"},\"thumbnailUrl\":\"http:\/\/www.jschamberi.org\/blog\/wp-content\/uploads\/2013\/05\/Cartel-Huelga-9M-217x300.png\",\"datePublished\":\"2013-05-08T11:26:33+00:00\",\"dateModified\":\"2013-05-11T15:31:59+00:00\",\"author\":{\"@id\":\"https:\/\/www.jschamberi.org\/blog\/#\/schema\/person\/3f82d901471b027bfc456bee2b9d0d3d\"},\"breadcrumb\":{\"@id\":\"https:\/\/www.jschamberi.org\/blog\/?p=2787#breadcrumb\"},\"inLanguage\":\"es\",\"potentialAction\":[{\"@type\":\"ReadAction\",\"target\":[\"https:\/\/www.jschamberi.org\/blog\/?p=2787\"]}]},{\"@type\":\"ImageObject\",\"inLanguage\":\"es\",\"@id\":\"https:\/\/www.jschamberi.org\/blog\/?p=2787#primaryimage\",\"url\":\"https:\/\/www.jschamberi.org\/blog\/wp-content\/uploads\/2013\/05\/Cartel-Huelga-9M.png\",\"contentUrl\":\"https:\/\/www.jschamberi.org\/blog\/wp-content\/uploads\/2013\/05\/Cartel-Huelga-9M.png\",\"width\":2381,\"height\":3288},{\"@type\":\"BreadcrumbList\",\"@id\":\"https:\/\/www.jschamberi.org\/blog\/?p=2787#breadcrumb\",\"itemListElement\":[{\"@type\":\"ListItem\",\"position\":1,\"name\":\"Home\",\"item\":\"https:\/\/www.jschamberi.org\/blog\/\"},{\"@type\":\"ListItem\",\"position\":2,\"name\":\"NO A LA LOMCE\"}]},{\"@type\":\"WebSite\",\"@id\":\"https:\/\/www.jschamberi.org\/blog\/#website\",\"url\":\"https:\/\/www.jschamberi.org\/blog\/\",\"name\":\"Juventudes Socialistas de Chamber\u00ed\",\"description\":\"\",\"potentialAction\":[{\"@type\":\"SearchAction\",\"target\":{\"@type\":\"EntryPoint\",\"urlTemplate\":\"https:\/\/www.jschamberi.org\/blog\/?s={search_term_string}\"},\"query-input\":{\"@type\":\"PropertyValueSpecification\",\"valueRequired\":true,\"valueName\":\"search_term_string\"}}],\"inLanguage\":\"es\"},{\"@type\":\"Person\",\"@id\":\"https:\/\/www.jschamberi.org\/blog\/#\/schema\/person\/3f82d901471b027bfc456bee2b9d0d3d\",\"name\":\"JSChamberi\",\"image\":{\"@type\":\"ImageObject\",\"inLanguage\":\"es\",\"@id\":\"https:\/\/www.jschamberi.org\/blog\/#\/schema\/person\/image\/\",\"url\":\"https:\/\/secure.gravatar.com\/avatar\/c2d40e2dd384331a8f7f7a2390eaafdb?s=96&d=identicon&r=g\",\"contentUrl\":\"https:\/\/secure.gravatar.com\/avatar\/c2d40e2dd384331a8f7f7a2390eaafdb?s=96&d=identicon&r=g\",\"caption\":\"JSChamberi\"},\"sameAs\":[\"http:\/\/jschamberi.org\"],\"url\":\"https:\/\/www.jschamberi.org\/blog\/?author=20\"}]}<\/script>\n<!-- \/ Yoast SEO plugin. -->","yoast_head_json":{"title":"NO A LA LOMCE - Juventudes Socialistas de Chamber\u00ed","robots":{"index":"index","follow":"follow","max-snippet":"max-snippet:-1","max-image-preview":"max-image-preview:large","max-video-preview":"max-video-preview:-1"},"canonical":"https:\/\/www.jschamberi.org\/blog\/?p=2787","og_locale":"es_ES","og_type":"article","og_title":"NO A LA LOMCE - Juventudes Socialistas de Chamber\u00ed","og_description":"Este 9 de mayo el sector de la ense\u00f1anza vivir\u00e1 una huelga general en contra de los salvajes recortes del gobierno en esta materia (la escuela rural est\u00e1 al borde del colapso), as\u00ed como para exigir la retirada de Ley Org\u00e1nica de Calidad de la Educaci\u00f3n (LOMCE), conocida como la Ley Wert. Es la primera Leer m\u00e1s","og_url":"https:\/\/www.jschamberi.org\/blog\/?p=2787","og_site_name":"Juventudes Socialistas de Chamber\u00ed","article_published_time":"2013-05-08T11:26:33+00:00","article_modified_time":"2013-05-11T15:31:59+00:00","og_image":[{"width":2381,"height":3288,"url":"https:\/\/www.jschamberi.org\/blog\/wp-content\/uploads\/2013\/05\/Cartel-Huelga-9M.png","type":"image\/png"}],"author":"JSChamberi","twitter_card":"summary_large_image","twitter_misc":{"Escrito por":"JSChamberi","Tiempo de lectura":"2 minutos"},"schema":{"@context":"https:\/\/schema.org","@graph":[{"@type":"WebPage","@id":"https:\/\/www.jschamberi.org\/blog\/?p=2787","url":"https:\/\/www.jschamberi.org\/blog\/?p=2787","name":"NO A LA LOMCE - Juventudes Socialistas de Chamber\u00ed","isPartOf":{"@id":"https:\/\/www.jschamberi.org\/blog\/#website"},"primaryImageOfPage":{"@id":"https:\/\/www.jschamberi.org\/blog\/?p=2787#primaryimage"},"image":{"@id":"https:\/\/www.jschamberi.org\/blog\/?p=2787#primaryimage"},"thumbnailUrl":"http:\/\/www.jschamberi.org\/blog\/wp-content\/uploads\/2013\/05\/Cartel-Huelga-9M-217x300.png","datePublished":"2013-05-08T11:26:33+00:00","dateModified":"2013-05-11T15:31:59+00:00","author":{"@id":"https:\/\/www.jschamberi.org\/blog\/#\/schema\/person\/3f82d901471b027bfc456bee2b9d0d3d"},"breadcrumb":{"@id":"https:\/\/www.jschamberi.org\/blog\/?p=2787#breadcrumb"},"inLanguage":"es","potentialAction":[{"@type":"ReadAction","target":["https:\/\/www.jschamberi.org\/blog\/?p=2787"]}]},{"@type":"ImageObject","inLanguage":"es","@id":"https:\/\/www.jschamberi.org\/blog\/?p=2787#primaryimage","url":"https:\/\/www.jschamberi.org\/blog\/wp-content\/uploads\/2013\/05\/Cartel-Huelga-9M.png","contentUrl":"https:\/\/www.jschamberi.org\/blog\/wp-content\/uploads\/2013\/05\/Cartel-Huelga-9M.png","width":2381,"height":3288},{"@type":"BreadcrumbList","@id":"https:\/\/www.jschamberi.org\/blog\/?p=2787#breadcrumb","itemListElement":[{"@type":"ListItem","position":1,"name":"Home","item":"https:\/\/www.jschamberi.org\/blog\/"},{"@type":"ListItem","position":2,"name":"NO A LA LOMCE"}]},{"@type":"WebSite","@id":"https:\/\/www.jschamberi.org\/blog\/#website","url":"https:\/\/www.jschamberi.org\/blog\/","name":"Juventudes Socialistas de Chamber\u00ed","description":"","potentialAction":[{"@type":"SearchAction","target":{"@type":"EntryPoint","urlTemplate":"https:\/\/www.jschamberi.org\/blog\/?s={search_term_string}"},"query-input":{"@type":"PropertyValueSpecification","valueRequired":true,"valueName":"search_term_string"}}],"inLanguage":"es"},{"@type":"Person","@id":"https:\/\/www.jschamberi.org\/blog\/#\/schema\/person\/3f82d901471b027bfc456bee2b9d0d3d","name":"JSChamberi","image":{"@type":"ImageObject","inLanguage":"es","@id":"https:\/\/www.jschamberi.org\/blog\/#\/schema\/person\/image\/","url":"https:\/\/secure.gravatar.com\/avatar\/c2d40e2dd384331a8f7f7a2390eaafdb?s=96&d=identicon&r=g","contentUrl":"https:\/\/secure.gravatar.com\/avatar\/c2d40e2dd384331a8f7f7a2390eaafdb?s=96&d=identicon&r=g","caption":"JSChamberi"},"sameAs":["http:\/\/jschamberi.org"],"url":"https:\/\/www.jschamberi.org\/blog\/?author=20"}]}},"_links":{"self":[{"href":"https:\/\/www.jschamberi.org\/blog\/index.php?rest_route=\/wp\/v2\/posts\/2787"}],"collection":[{"href":"https:\/\/www.jschamberi.org\/blog\/index.php?rest_route=\/wp\/v2\/posts"}],"about":[{"href":"https:\/\/www.jschamberi.org\/blog\/index.php?rest_route=\/wp\/v2\/types\/post"}],"author":[{"embeddable":true,"href":"https:\/\/www.jschamberi.org\/blog\/index.php?rest_route=\/wp\/v2\/users\/20"}],"replies":[{"embeddable":true,"href":"https:\/\/www.jschamberi.org\/blog\/index.php?rest_route=%2Fwp%2Fv2%2Fcomments&post=2787"}],"version-history":[{"count":3,"href":"https:\/\/www.jschamberi.org\/blog\/index.php?rest_route=\/wp\/v2\/posts\/2787\/revisions"}],"predecessor-version":[{"id":2791,"href":"https:\/\/www.jschamberi.org\/blog\/index.php?rest_route=\/wp\/v2\/posts\/2787\/revisions\/2791"}],"wp:attachment":[{"href":"https:\/\/www.jschamberi.org\/blog\/index.php?rest_route=%2Fwp%2Fv2%2Fmedia&parent=2787"}],"wp:term":[{"taxonomy":"category","embeddable":true,"href":"https:\/\/www.jschamberi.org\/blog\/index.php?rest_route=%2Fwp%2Fv2%2Fcategories&post=2787"},{"taxonomy":"post_tag","embeddable":true,"href":"https:\/\/www.jschamberi.org\/blog\/index.php?rest_route=%2Fwp%2Fv2%2Ftags&post=2787"}],"curies":[{"name":"wp","href":"https:\/\/api.w.org\/{rel}","templated":true}]}}