{"id":2759,"date":"2013-04-09T22:34:05","date_gmt":"2013-04-09T21:34:05","guid":{"rendered":"http:\/\/www.jschamberi.org\/blog\/?p=2759"},"modified":"2013-04-25T13:12:58","modified_gmt":"2013-04-25T12:12:58","slug":"acto-jsm-la-dignidad-en-la-memoria","status":"publish","type":"post","link":"https:\/\/www.jschamberi.org\/blog\/?p=2759","title":{"rendered":"Acto JSM: La dignidad en la memoria"},"content":{"rendered":"<div>\n<p style=\"text-align: justify;\"><a href=\"http:\/\/www.jschamberi.org\/blog\/?attachment_id=2761\"><a href=\"http:\/\/www.jschamberi.org\/blog\/?attachment_id=2761\" rel=\"attachment wp-att-2761\"><img loading=\"lazy\" decoding=\"async\" class=\"aligncenter size-large wp-image-2761\" alt=\"Republica\" src=\"http:\/\/www.jschamberi.org\/blog\/wp-content\/uploads\/2013\/04\/Republica-723x1024.jpeg\" width=\"500\" height=\"708\" srcset=\"https:\/\/www.jschamberi.org\/blog\/wp-content\/uploads\/2013\/04\/Republica-723x1024.jpeg 723w, https:\/\/www.jschamberi.org\/blog\/wp-content\/uploads\/2013\/04\/Republica-211x300.jpeg 211w, https:\/\/www.jschamberi.org\/blog\/wp-content\/uploads\/2013\/04\/Republica.jpeg 992w\" sizes=\"(max-width: 500px) 100vw, 500px\" \/><\/a><\/a><\/p>\n<p style=\"text-align: justify;\">\n<p style=\"text-align: justify;\">Con motivo del pr\u00f3ximo aniversario del 14 de abril, D\u00eda de la Rep\u00fablica, Juventudes Socialistas de Madrid organiz\u00f3 un acto el viernes 12 en la Agrupaci\u00f3n Socialista de Chamber\u00ed con el t\u00edtulo<b><i> La<\/i><\/b> <b><i>dignidad en la memoria<\/i><\/b>. En el mismo se quiso recordar la importancia que tiene esta fecha, no s\u00f3lo para reivindicar un modelo republicano de jefatura de Estado, sino tambi\u00e9n para recordar a la Segunda Rep\u00fablica y a todas a aquellas personas que lucharon por ella, as\u00ed como para colaborar en la eliminaci\u00f3n de los tab\u00fas existentes todav\u00eda hoy sobre aquel periodo, a pesar de haber pasado m\u00e1s 30 a\u00f1os de democracia.<\/p>\n<p style=\"text-align: justify;\"><!--more--><!--more-->Para ello contamos con la participaci\u00f3n de tres personas formadas en este \u00e1mbito, cada una de ellas en aspectos diferentes. <b>Eduardo Ranz<\/b>, abogado por la Memoria Hist\u00f3rica, detall\u00f3 y expuso en qu\u00e9 consist\u00eda la Ley de Memoria Hist\u00f3rica y qu\u00e9 se pretend\u00eda con ella. Alert\u00f3 de la falta de cumplimiento de la misma puesto que delegaba casi toda ella en comunidades aut\u00f3nomas y ayuntamientos que se han negado a llevarla a cabo, destacando los obst\u00e1culos y resistencias. Por otro lado, <b>Jos\u00e9 Guillermo Fouce<\/b>, miembro del Grupo de Trabajo por la Memoria Hist\u00f3rica del PSM y presidente de Psic\u00f3logos Sin Fronteras, centr\u00f3 su intervenci\u00f3n en el revisionismo hist\u00f3rico que hoy se est\u00e1 llevando a cabo, pretendiendo dulcificar o incluso avalar el golpe de Estado, as\u00ed como la recuperaci\u00f3n de los mitos que conformaban la leyenda negra sobre la Segunda Rep\u00fablica que cre\u00f3 el franquismo para justificarse. Por \u00faltimo <b>Silvia Navarro<\/b>, miembro de la Agrupaci\u00f3n Pro Exhumaci\u00f3n de Republicanos del Valle de los Ca\u00eddos y miembro de ARICO Memoria Aragonesa, tuvo la gentileza de darnos a conocer de primera mano los tr\u00e1mites y vivencias de una persona que est\u00e1 intentando luchar por la memoria y dignidad de un familiar, as\u00ed como lo conseguido por el momento, todo ello acompa\u00f1ado de variada documentaci\u00f3n que quiso ense\u00f1arnos. Tras una ronda de preguntas, el acto finaliz\u00f3 con el agradecimiento a los invitados y a JSM del secretario general de la Agrupaci\u00f3n Socialista de Chamber\u00ed, <b>Diego Cruz<\/b>, y con la intervenci\u00f3n de cierre del secretario general de JSM, <b>Pl\u00e1cido V\u00e1zquez<\/b>. Por \u00faltimo se inst\u00f3 a participar en la manifestaci\u00f3n prevista para el siguiente domingo por la Rep\u00fablica.<\/p>\n<p style=\"text-align: justify;\">\n<p style=\"text-align: justify;\"><a href=\"http:\/\/www.jschamberi.org\/blog\/?attachment_id=2775\" rel=\"attachment wp-att-2775\"><img loading=\"lazy\" decoding=\"async\" class=\"aligncenter size-full wp-image-2775\" alt=\"1365800330158\" src=\"http:\/\/www.jschamberi.org\/blog\/wp-content\/uploads\/2013\/04\/1365800330158.jpg\" width=\"600\" height=\"450\" srcset=\"https:\/\/www.jschamberi.org\/blog\/wp-content\/uploads\/2013\/04\/1365800330158.jpg 600w, https:\/\/www.jschamberi.org\/blog\/wp-content\/uploads\/2013\/04\/1365800330158-300x225.jpg 300w\" sizes=\"(max-width: 600px) 100vw, 600px\" \/><\/a><\/p>\n<\/div>\n<div><\/div>\n<div><\/div>\n","protected":false},"excerpt":{"rendered":"<p>Con motivo del pr\u00f3ximo aniversario del 14 de abril, D\u00eda de la Rep\u00fablica, Juventudes Socialistas de Madrid organiz\u00f3 un acto el viernes 12 en la Agrupaci\u00f3n Socialista de Chamber\u00ed con el t\u00edtulo La dignidad en la memoria. En el mismo se quiso recordar la importancia que tiene esta fecha, no s\u00f3lo para reivindicar un modelo <a class=\"read-more\" href=\"https:\/\/www.jschamberi.org\/blog\/?p=2759\">Leer m\u00e1s<\/a><\/p>\n","protected":false},"author":20,"featured_media":0,"comment_status":"open","ping_status":"open","sticky":false,"template":"","format":"standard","meta":{"footnotes":""},"categories":[16,13,26],"tags":[],"class_list":["post-2759","post","type-post","status-publish","format-standard","hentry","category-cultura-deportes","category-eventos","category-opinion"],"yoast_head":"<!-- This site is optimized with the Yoast SEO plugin v23.7 - https:\/\/yoast.com\/wordpress\/plugins\/seo\/ -->\n<title>Acto JSM: La dignidad en la memoria - Juventudes Socialistas de Chamber\u00ed<\/title>\n<meta name=\"robots\" content=\"index, follow, max-snippet:-1, max-image-preview:large, max-video-preview:-1\" \/>\n<link rel=\"canonical\" href=\"https:\/\/www.jschamberi.org\/blog\/?p=2759\" \/>\n<meta property=\"og:locale\" content=\"es_ES\" \/>\n<meta property=\"og:type\" content=\"article\" \/>\n<meta property=\"og:title\" content=\"Acto JSM: La dignidad en la memoria - Juventudes Socialistas de Chamber\u00ed\" \/>\n<meta property=\"og:description\" content=\"Con motivo del pr\u00f3ximo aniversario del 14 de abril, D\u00eda de la Rep\u00fablica, Juventudes Socialistas de Madrid organiz\u00f3 un acto el viernes 12 en la Agrupaci\u00f3n Socialista de Chamber\u00ed con el t\u00edtulo La dignidad en la memoria. En el mismo se quiso recordar la importancia que tiene esta fecha, no s\u00f3lo para reivindicar un modelo Leer m\u00e1s\" \/>\n<meta property=\"og:url\" content=\"https:\/\/www.jschamberi.org\/blog\/?p=2759\" \/>\n<meta property=\"og:site_name\" content=\"Juventudes Socialistas de Chamber\u00ed\" \/>\n<meta property=\"article:published_time\" content=\"2013-04-09T21:34:05+00:00\" \/>\n<meta property=\"article:modified_time\" content=\"2013-04-25T12:12:58+00:00\" \/>\n<meta property=\"og:image\" content=\"https:\/\/www.jschamberi.org\/blog\/wp-content\/uploads\/2013\/04\/Republica.jpeg\" \/>\n\t<meta property=\"og:image:width\" content=\"992\" \/>\n\t<meta property=\"og:image:height\" content=\"1404\" \/>\n\t<meta property=\"og:image:type\" content=\"image\/jpeg\" \/>\n<meta name=\"author\" content=\"JSChamberi\" \/>\n<meta name=\"twitter:card\" content=\"summary_large_image\" \/>\n<meta name=\"twitter:label1\" content=\"Escrito por\" \/>\n\t<meta name=\"twitter:data1\" content=\"JSChamberi\" \/>\n\t<meta name=\"twitter:label2\" content=\"Tiempo de lectura\" \/>\n\t<meta name=\"twitter:data2\" content=\"2 minutos\" \/>\n<script type=\"application\/ld+json\" class=\"yoast-schema-graph\">{\"@context\":\"https:\/\/schema.org\",\"@graph\":[{\"@type\":\"WebPage\",\"@id\":\"https:\/\/www.jschamberi.org\/blog\/?p=2759\",\"url\":\"https:\/\/www.jschamberi.org\/blog\/?p=2759\",\"name\":\"Acto JSM: La dignidad en la memoria - Juventudes Socialistas de Chamber\u00ed\",\"isPartOf\":{\"@id\":\"https:\/\/www.jschamberi.org\/blog\/#website\"},\"primaryImageOfPage\":{\"@id\":\"https:\/\/www.jschamberi.org\/blog\/?p=2759#primaryimage\"},\"image\":{\"@id\":\"https:\/\/www.jschamberi.org\/blog\/?p=2759#primaryimage\"},\"thumbnailUrl\":\"http:\/\/www.jschamberi.org\/blog\/wp-content\/uploads\/2013\/04\/Republica-723x1024.jpeg\",\"datePublished\":\"2013-04-09T21:34:05+00:00\",\"dateModified\":\"2013-04-25T12:12:58+00:00\",\"author\":{\"@id\":\"https:\/\/www.jschamberi.org\/blog\/#\/schema\/person\/3f82d901471b027bfc456bee2b9d0d3d\"},\"breadcrumb\":{\"@id\":\"https:\/\/www.jschamberi.org\/blog\/?p=2759#breadcrumb\"},\"inLanguage\":\"es\",\"potentialAction\":[{\"@type\":\"ReadAction\",\"target\":[\"https:\/\/www.jschamberi.org\/blog\/?p=2759\"]}]},{\"@type\":\"ImageObject\",\"inLanguage\":\"es\",\"@id\":\"https:\/\/www.jschamberi.org\/blog\/?p=2759#primaryimage\",\"url\":\"https:\/\/www.jschamberi.org\/blog\/wp-content\/uploads\/2013\/04\/Republica.jpeg\",\"contentUrl\":\"https:\/\/www.jschamberi.org\/blog\/wp-content\/uploads\/2013\/04\/Republica.jpeg\",\"width\":992,\"height\":1404},{\"@type\":\"BreadcrumbList\",\"@id\":\"https:\/\/www.jschamberi.org\/blog\/?p=2759#breadcrumb\",\"itemListElement\":[{\"@type\":\"ListItem\",\"position\":1,\"name\":\"Home\",\"item\":\"https:\/\/www.jschamberi.org\/blog\/\"},{\"@type\":\"ListItem\",\"position\":2,\"name\":\"Acto JSM: La dignidad en la memoria\"}]},{\"@type\":\"WebSite\",\"@id\":\"https:\/\/www.jschamberi.org\/blog\/#website\",\"url\":\"https:\/\/www.jschamberi.org\/blog\/\",\"name\":\"Juventudes Socialistas de Chamber\u00ed\",\"description\":\"\",\"potentialAction\":[{\"@type\":\"SearchAction\",\"target\":{\"@type\":\"EntryPoint\",\"urlTemplate\":\"https:\/\/www.jschamberi.org\/blog\/?s={search_term_string}\"},\"query-input\":{\"@type\":\"PropertyValueSpecification\",\"valueRequired\":true,\"valueName\":\"search_term_string\"}}],\"inLanguage\":\"es\"},{\"@type\":\"Person\",\"@id\":\"https:\/\/www.jschamberi.org\/blog\/#\/schema\/person\/3f82d901471b027bfc456bee2b9d0d3d\",\"name\":\"JSChamberi\",\"image\":{\"@type\":\"ImageObject\",\"inLanguage\":\"es\",\"@id\":\"https:\/\/www.jschamberi.org\/blog\/#\/schema\/person\/image\/\",\"url\":\"https:\/\/secure.gravatar.com\/avatar\/c2d40e2dd384331a8f7f7a2390eaafdb?s=96&d=identicon&r=g\",\"contentUrl\":\"https:\/\/secure.gravatar.com\/avatar\/c2d40e2dd384331a8f7f7a2390eaafdb?s=96&d=identicon&r=g\",\"caption\":\"JSChamberi\"},\"sameAs\":[\"http:\/\/jschamberi.org\"],\"url\":\"https:\/\/www.jschamberi.org\/blog\/?author=20\"}]}<\/script>\n<!-- \/ Yoast SEO plugin. -->","yoast_head_json":{"title":"Acto JSM: La dignidad en la memoria - Juventudes Socialistas de Chamber\u00ed","robots":{"index":"index","follow":"follow","max-snippet":"max-snippet:-1","max-image-preview":"max-image-preview:large","max-video-preview":"max-video-preview:-1"},"canonical":"https:\/\/www.jschamberi.org\/blog\/?p=2759","og_locale":"es_ES","og_type":"article","og_title":"Acto JSM: La dignidad en la memoria - Juventudes Socialistas de Chamber\u00ed","og_description":"Con motivo del pr\u00f3ximo aniversario del 14 de abril, D\u00eda de la Rep\u00fablica, Juventudes Socialistas de Madrid organiz\u00f3 un acto el viernes 12 en la Agrupaci\u00f3n Socialista de Chamber\u00ed con el t\u00edtulo La dignidad en la memoria. En el mismo se quiso recordar la importancia que tiene esta fecha, no s\u00f3lo para reivindicar un modelo Leer m\u00e1s","og_url":"https:\/\/www.jschamberi.org\/blog\/?p=2759","og_site_name":"Juventudes Socialistas de Chamber\u00ed","article_published_time":"2013-04-09T21:34:05+00:00","article_modified_time":"2013-04-25T12:12:58+00:00","og_image":[{"width":992,"height":1404,"url":"https:\/\/www.jschamberi.org\/blog\/wp-content\/uploads\/2013\/04\/Republica.jpeg","type":"image\/jpeg"}],"author":"JSChamberi","twitter_card":"summary_large_image","twitter_misc":{"Escrito por":"JSChamberi","Tiempo de lectura":"2 minutos"},"schema":{"@context":"https:\/\/schema.org","@graph":[{"@type":"WebPage","@id":"https:\/\/www.jschamberi.org\/blog\/?p=2759","url":"https:\/\/www.jschamberi.org\/blog\/?p=2759","name":"Acto JSM: La dignidad en la memoria - Juventudes Socialistas de Chamber\u00ed","isPartOf":{"@id":"https:\/\/www.jschamberi.org\/blog\/#website"},"primaryImageOfPage":{"@id":"https:\/\/www.jschamberi.org\/blog\/?p=2759#primaryimage"},"image":{"@id":"https:\/\/www.jschamberi.org\/blog\/?p=2759#primaryimage"},"thumbnailUrl":"http:\/\/www.jschamberi.org\/blog\/wp-content\/uploads\/2013\/04\/Republica-723x1024.jpeg","datePublished":"2013-04-09T21:34:05+00:00","dateModified":"2013-04-25T12:12:58+00:00","author":{"@id":"https:\/\/www.jschamberi.org\/blog\/#\/schema\/person\/3f82d901471b027bfc456bee2b9d0d3d"},"breadcrumb":{"@id":"https:\/\/www.jschamberi.org\/blog\/?p=2759#breadcrumb"},"inLanguage":"es","potentialAction":[{"@type":"ReadAction","target":["https:\/\/www.jschamberi.org\/blog\/?p=2759"]}]},{"@type":"ImageObject","inLanguage":"es","@id":"https:\/\/www.jschamberi.org\/blog\/?p=2759#primaryimage","url":"https:\/\/www.jschamberi.org\/blog\/wp-content\/uploads\/2013\/04\/Republica.jpeg","contentUrl":"https:\/\/www.jschamberi.org\/blog\/wp-content\/uploads\/2013\/04\/Republica.jpeg","width":992,"height":1404},{"@type":"BreadcrumbList","@id":"https:\/\/www.jschamberi.org\/blog\/?p=2759#breadcrumb","itemListElement":[{"@type":"ListItem","position":1,"name":"Home","item":"https:\/\/www.jschamberi.org\/blog\/"},{"@type":"ListItem","position":2,"name":"Acto JSM: La dignidad en la memoria"}]},{"@type":"WebSite","@id":"https:\/\/www.jschamberi.org\/blog\/#website","url":"https:\/\/www.jschamberi.org\/blog\/","name":"Juventudes Socialistas de Chamber\u00ed","description":"","potentialAction":[{"@type":"SearchAction","target":{"@type":"EntryPoint","urlTemplate":"https:\/\/www.jschamberi.org\/blog\/?s={search_term_string}"},"query-input":{"@type":"PropertyValueSpecification","valueRequired":true,"valueName":"search_term_string"}}],"inLanguage":"es"},{"@type":"Person","@id":"https:\/\/www.jschamberi.org\/blog\/#\/schema\/person\/3f82d901471b027bfc456bee2b9d0d3d","name":"JSChamberi","image":{"@type":"ImageObject","inLanguage":"es","@id":"https:\/\/www.jschamberi.org\/blog\/#\/schema\/person\/image\/","url":"https:\/\/secure.gravatar.com\/avatar\/c2d40e2dd384331a8f7f7a2390eaafdb?s=96&d=identicon&r=g","contentUrl":"https:\/\/secure.gravatar.com\/avatar\/c2d40e2dd384331a8f7f7a2390eaafdb?s=96&d=identicon&r=g","caption":"JSChamberi"},"sameAs":["http:\/\/jschamberi.org"],"url":"https:\/\/www.jschamberi.org\/blog\/?author=20"}]}},"_links":{"self":[{"href":"https:\/\/www.jschamberi.org\/blog\/index.php?rest_route=\/wp\/v2\/posts\/2759"}],"collection":[{"href":"https:\/\/www.jschamberi.org\/blog\/index.php?rest_route=\/wp\/v2\/posts"}],"about":[{"href":"https:\/\/www.jschamberi.org\/blog\/index.php?rest_route=\/wp\/v2\/types\/post"}],"author":[{"embeddable":true,"href":"https:\/\/www.jschamberi.org\/blog\/index.php?rest_route=\/wp\/v2\/users\/20"}],"replies":[{"embeddable":true,"href":"https:\/\/www.jschamberi.org\/blog\/index.php?rest_route=%2Fwp%2Fv2%2Fcomments&post=2759"}],"version-history":[{"count":2,"href":"https:\/\/www.jschamberi.org\/blog\/index.php?rest_route=\/wp\/v2\/posts\/2759\/revisions"}],"predecessor-version":[{"id":2764,"href":"https:\/\/www.jschamberi.org\/blog\/index.php?rest_route=\/wp\/v2\/posts\/2759\/revisions\/2764"}],"wp:attachment":[{"href":"https:\/\/www.jschamberi.org\/blog\/index.php?rest_route=%2Fwp%2Fv2%2Fmedia&parent=2759"}],"wp:term":[{"taxonomy":"category","embeddable":true,"href":"https:\/\/www.jschamberi.org\/blog\/index.php?rest_route=%2Fwp%2Fv2%2Fcategories&post=2759"},{"taxonomy":"post_tag","embeddable":true,"href":"https:\/\/www.jschamberi.org\/blog\/index.php?rest_route=%2Fwp%2Fv2%2Ftags&post=2759"}],"curies":[{"name":"wp","href":"https:\/\/api.w.org\/{rel}","templated":true}]}}