{"id":2728,"date":"2013-02-18T17:46:27","date_gmt":"2013-02-18T16:46:27","guid":{"rendered":"http:\/\/www.jschamberi.org\/blog\/?p=2728"},"modified":"2013-02-28T18:23:59","modified_gmt":"2013-02-28T17:23:59","slug":"chamberi-se-mueve","status":"publish","type":"post","link":"https:\/\/www.jschamberi.org\/blog\/?p=2728","title":{"rendered":"Chamber\u00ed se mueve"},"content":{"rendered":"<p>Hoy en la Sala Clamores (Calle de Alburquerque, 14), a las 21:00, <i>Chamber\u00ed se mueve<\/i>, con el tejido asociativo del distrito, con la presentaci\u00f3n de las plataformas, asociaciones y movimientos de Chamber\u00ed. \u00a1Mu\u00e9vete con tu distrito, mu\u00e9vete por tus derechos!<\/p>\n<p><strong><i>Programa:<\/i><\/strong><\/p>\n<p><strong>8:45.<\/strong> \u00a0\u00a0 Entrada del personal.<\/p>\n<p><strong>9:00.<\/strong><\/p>\n<p>\u00b7\u00a0\u00a0\u00a0\u00a0 A.V. \u201cEl Organillo\u201d<\/p>\n<p>\u00b7\u00a0\u00a0\u00a0\u00a0 A.V. \u201cParque S\u00ed en Chamber\u00ed\u201d<\/p>\n<p>\u00b7\u00a0\u00a0\u00a0\u00a0 \u201cNosotras mismas\u201d<\/p>\n<p><strong>9:25.<\/strong>\u00a0\u00a0\u00a0 Concierto flamenco a cargo de:<\/p>\n<p>\u00b7\u00a0\u00a0\u00a0\u00a0 Jes\u00fas Chozas (cantaor) y Pablo San Nicasio (guitarrista)<\/p>\n<p><strong>9:45.<\/strong>\u00a0\u00a0\u00a0 Intervenciones de las plataformas:<\/p>\n<p>\u00b7\u00a0\u00a0\u00a0\u00a0 \u201cPlataforma por la Educaci\u00f3n P\u00fablica de Chamber\u00ed\u201d<\/p>\n<p>\u00b7\u00a0\u00a0\u00a0\u00a0 \u201cPlataforma para la defensa de la Sanidad P\u00fablica\u201d<\/p>\n<p>\u00b7\u00a0\u00a0\u00a0\u00a0 \u201cPlataforma contra la privatizaci\u00f3n del CYII\u201d<\/p>\n<p><strong><!--more-->10:00.<\/strong> Actuaci\u00f3n\u00a0 vocal a cargo de:<\/p>\n<p>\u00b7\u00a0\u00a0\u00a0\u00a0 \u201cEl coro Pez\u201d<\/p>\n<p><strong>10:20\u00a0\u00a0 <\/strong>Espect\u00e1culo de t\u00edteres a cargo de:<\/p>\n<p>\u00b7\u00a0\u00a0\u00a0\u00a0 Los Ayunta\u00f1ecos<\/p>\n<p><strong>10:40\u00a0\u00a0 <\/strong>Intervenciones de las agrupaciones:<\/p>\n<p>\u00b7\u00a0\u00a0\u00a0\u00a0 \u201cLa Morada\u201d (Centro Okupacional)<\/p>\n<p>\u00b7\u00a0\u00a0\u00a0\u00a0 \u201cPlataforma de Afectados por la Hipoteca (PAH)\u201d<\/p>\n<p>\u00b7\u00a0\u00a0\u00a0\u00a0 \u201cAsamblea 15 M\u201d<\/p>\n<p>\u00b7\u00a0\u00a0\u00a0\u00a0 \u201cGrupo de Scouts\u201d<\/p>\n<p><strong>10:55<\/strong>\u00a0\u00a0 Actuaci\u00f3n del cantautor:<\/p>\n<p>\u00b7\u00a0\u00a0\u00a0\u00a0 Pablo Guerrero<\/p>\n<p><strong>11:15<\/strong>\u00a0\u00a0 Concierto ac\u00fastico a cargo del grupo:<\/p>\n<p>\u00b7\u00a0\u00a0\u00a0\u00a0 \u201cLa ley de Mantua\u201d<\/p>\n<p><strong>12:00<\/strong>\u00a0\u00a0 Fin de Fiesta.<\/p>\n<p>&nbsp;<\/p>\n<p>&nbsp;<\/p>\n","protected":false},"excerpt":{"rendered":"<p>Hoy en la Sala Clamores (Calle de Alburquerque, 14), a las 21:00, Chamber\u00ed se mueve, con el tejido asociativo del distrito, con la presentaci\u00f3n de las plataformas, asociaciones y movimientos de Chamber\u00ed. \u00a1Mu\u00e9vete con tu distrito, mu\u00e9vete por tus derechos! Programa: 8:45. \u00a0\u00a0 Entrada del personal. 9:00. \u00b7\u00a0\u00a0\u00a0\u00a0 A.V. \u201cEl Organillo\u201d \u00b7\u00a0\u00a0\u00a0\u00a0 A.V. \u201cParque S\u00ed <a class=\"read-more\" href=\"https:\/\/www.jschamberi.org\/blog\/?p=2728\">Leer m\u00e1s<\/a><\/p>\n","protected":false},"author":20,"featured_media":0,"comment_status":"open","ping_status":"open","sticky":false,"template":"","format":"standard","meta":{"footnotes":""},"categories":[13],"tags":[],"class_list":["post-2728","post","type-post","status-publish","format-standard","hentry","category-eventos"],"yoast_head":"<!-- This site is optimized with the Yoast SEO plugin v23.7 - https:\/\/yoast.com\/wordpress\/plugins\/seo\/ -->\n<title>Chamber\u00ed se mueve - Juventudes Socialistas de Chamber\u00ed<\/title>\n<meta name=\"robots\" content=\"index, follow, max-snippet:-1, max-image-preview:large, max-video-preview:-1\" \/>\n<link rel=\"canonical\" href=\"https:\/\/www.jschamberi.org\/blog\/?p=2728\" \/>\n<meta property=\"og:locale\" content=\"es_ES\" \/>\n<meta property=\"og:type\" content=\"article\" \/>\n<meta property=\"og:title\" content=\"Chamber\u00ed se mueve - Juventudes Socialistas de Chamber\u00ed\" \/>\n<meta property=\"og:description\" content=\"Hoy en la Sala Clamores (Calle de Alburquerque, 14), a las 21:00, Chamber\u00ed se mueve, con el tejido asociativo del distrito, con la presentaci\u00f3n de las plataformas, asociaciones y movimientos de Chamber\u00ed. \u00a1Mu\u00e9vete con tu distrito, mu\u00e9vete por tus derechos! Programa: 8:45. \u00a0\u00a0 Entrada del personal. 9:00. \u00b7\u00a0\u00a0\u00a0\u00a0 A.V. \u201cEl Organillo\u201d \u00b7\u00a0\u00a0\u00a0\u00a0 A.V. \u201cParque S\u00ed Leer m\u00e1s\" \/>\n<meta property=\"og:url\" content=\"https:\/\/www.jschamberi.org\/blog\/?p=2728\" \/>\n<meta property=\"og:site_name\" content=\"Juventudes Socialistas de Chamber\u00ed\" \/>\n<meta property=\"article:published_time\" content=\"2013-02-18T16:46:27+00:00\" \/>\n<meta property=\"article:modified_time\" content=\"2013-02-28T17:23:59+00:00\" \/>\n<meta name=\"author\" content=\"JSChamberi\" \/>\n<meta name=\"twitter:card\" content=\"summary_large_image\" \/>\n<meta name=\"twitter:label1\" content=\"Escrito por\" \/>\n\t<meta name=\"twitter:data1\" content=\"JSChamberi\" \/>\n\t<meta name=\"twitter:label2\" content=\"Tiempo de lectura\" \/>\n\t<meta name=\"twitter:data2\" content=\"1 minuto\" \/>\n<script type=\"application\/ld+json\" class=\"yoast-schema-graph\">{\"@context\":\"https:\/\/schema.org\",\"@graph\":[{\"@type\":\"WebPage\",\"@id\":\"https:\/\/www.jschamberi.org\/blog\/?p=2728\",\"url\":\"https:\/\/www.jschamberi.org\/blog\/?p=2728\",\"name\":\"Chamber\u00ed se mueve - Juventudes Socialistas de Chamber\u00ed\",\"isPartOf\":{\"@id\":\"https:\/\/www.jschamberi.org\/blog\/#website\"},\"datePublished\":\"2013-02-18T16:46:27+00:00\",\"dateModified\":\"2013-02-28T17:23:59+00:00\",\"author\":{\"@id\":\"https:\/\/www.jschamberi.org\/blog\/#\/schema\/person\/3f82d901471b027bfc456bee2b9d0d3d\"},\"breadcrumb\":{\"@id\":\"https:\/\/www.jschamberi.org\/blog\/?p=2728#breadcrumb\"},\"inLanguage\":\"es\",\"potentialAction\":[{\"@type\":\"ReadAction\",\"target\":[\"https:\/\/www.jschamberi.org\/blog\/?p=2728\"]}]},{\"@type\":\"BreadcrumbList\",\"@id\":\"https:\/\/www.jschamberi.org\/blog\/?p=2728#breadcrumb\",\"itemListElement\":[{\"@type\":\"ListItem\",\"position\":1,\"name\":\"Home\",\"item\":\"https:\/\/www.jschamberi.org\/blog\/\"},{\"@type\":\"ListItem\",\"position\":2,\"name\":\"Chamber\u00ed se mueve\"}]},{\"@type\":\"WebSite\",\"@id\":\"https:\/\/www.jschamberi.org\/blog\/#website\",\"url\":\"https:\/\/www.jschamberi.org\/blog\/\",\"name\":\"Juventudes Socialistas de Chamber\u00ed\",\"description\":\"\",\"potentialAction\":[{\"@type\":\"SearchAction\",\"target\":{\"@type\":\"EntryPoint\",\"urlTemplate\":\"https:\/\/www.jschamberi.org\/blog\/?s={search_term_string}\"},\"query-input\":{\"@type\":\"PropertyValueSpecification\",\"valueRequired\":true,\"valueName\":\"search_term_string\"}}],\"inLanguage\":\"es\"},{\"@type\":\"Person\",\"@id\":\"https:\/\/www.jschamberi.org\/blog\/#\/schema\/person\/3f82d901471b027bfc456bee2b9d0d3d\",\"name\":\"JSChamberi\",\"image\":{\"@type\":\"ImageObject\",\"inLanguage\":\"es\",\"@id\":\"https:\/\/www.jschamberi.org\/blog\/#\/schema\/person\/image\/\",\"url\":\"https:\/\/secure.gravatar.com\/avatar\/c2d40e2dd384331a8f7f7a2390eaafdb?s=96&d=identicon&r=g\",\"contentUrl\":\"https:\/\/secure.gravatar.com\/avatar\/c2d40e2dd384331a8f7f7a2390eaafdb?s=96&d=identicon&r=g\",\"caption\":\"JSChamberi\"},\"sameAs\":[\"http:\/\/jschamberi.org\"],\"url\":\"https:\/\/www.jschamberi.org\/blog\/?author=20\"}]}<\/script>\n<!-- \/ Yoast SEO plugin. -->","yoast_head_json":{"title":"Chamber\u00ed se mueve - Juventudes Socialistas de Chamber\u00ed","robots":{"index":"index","follow":"follow","max-snippet":"max-snippet:-1","max-image-preview":"max-image-preview:large","max-video-preview":"max-video-preview:-1"},"canonical":"https:\/\/www.jschamberi.org\/blog\/?p=2728","og_locale":"es_ES","og_type":"article","og_title":"Chamber\u00ed se mueve - Juventudes Socialistas de Chamber\u00ed","og_description":"Hoy en la Sala Clamores (Calle de Alburquerque, 14), a las 21:00, Chamber\u00ed se mueve, con el tejido asociativo del distrito, con la presentaci\u00f3n de las plataformas, asociaciones y movimientos de Chamber\u00ed. \u00a1Mu\u00e9vete con tu distrito, mu\u00e9vete por tus derechos! Programa: 8:45. \u00a0\u00a0 Entrada del personal. 9:00. \u00b7\u00a0\u00a0\u00a0\u00a0 A.V. \u201cEl Organillo\u201d \u00b7\u00a0\u00a0\u00a0\u00a0 A.V. \u201cParque S\u00ed Leer m\u00e1s","og_url":"https:\/\/www.jschamberi.org\/blog\/?p=2728","og_site_name":"Juventudes Socialistas de Chamber\u00ed","article_published_time":"2013-02-18T16:46:27+00:00","article_modified_time":"2013-02-28T17:23:59+00:00","author":"JSChamberi","twitter_card":"summary_large_image","twitter_misc":{"Escrito por":"JSChamberi","Tiempo de lectura":"1 minuto"},"schema":{"@context":"https:\/\/schema.org","@graph":[{"@type":"WebPage","@id":"https:\/\/www.jschamberi.org\/blog\/?p=2728","url":"https:\/\/www.jschamberi.org\/blog\/?p=2728","name":"Chamber\u00ed se mueve - Juventudes Socialistas de Chamber\u00ed","isPartOf":{"@id":"https:\/\/www.jschamberi.org\/blog\/#website"},"datePublished":"2013-02-18T16:46:27+00:00","dateModified":"2013-02-28T17:23:59+00:00","author":{"@id":"https:\/\/www.jschamberi.org\/blog\/#\/schema\/person\/3f82d901471b027bfc456bee2b9d0d3d"},"breadcrumb":{"@id":"https:\/\/www.jschamberi.org\/blog\/?p=2728#breadcrumb"},"inLanguage":"es","potentialAction":[{"@type":"ReadAction","target":["https:\/\/www.jschamberi.org\/blog\/?p=2728"]}]},{"@type":"BreadcrumbList","@id":"https:\/\/www.jschamberi.org\/blog\/?p=2728#breadcrumb","itemListElement":[{"@type":"ListItem","position":1,"name":"Home","item":"https:\/\/www.jschamberi.org\/blog\/"},{"@type":"ListItem","position":2,"name":"Chamber\u00ed se mueve"}]},{"@type":"WebSite","@id":"https:\/\/www.jschamberi.org\/blog\/#website","url":"https:\/\/www.jschamberi.org\/blog\/","name":"Juventudes Socialistas de Chamber\u00ed","description":"","potentialAction":[{"@type":"SearchAction","target":{"@type":"EntryPoint","urlTemplate":"https:\/\/www.jschamberi.org\/blog\/?s={search_term_string}"},"query-input":{"@type":"PropertyValueSpecification","valueRequired":true,"valueName":"search_term_string"}}],"inLanguage":"es"},{"@type":"Person","@id":"https:\/\/www.jschamberi.org\/blog\/#\/schema\/person\/3f82d901471b027bfc456bee2b9d0d3d","name":"JSChamberi","image":{"@type":"ImageObject","inLanguage":"es","@id":"https:\/\/www.jschamberi.org\/blog\/#\/schema\/person\/image\/","url":"https:\/\/secure.gravatar.com\/avatar\/c2d40e2dd384331a8f7f7a2390eaafdb?s=96&d=identicon&r=g","contentUrl":"https:\/\/secure.gravatar.com\/avatar\/c2d40e2dd384331a8f7f7a2390eaafdb?s=96&d=identicon&r=g","caption":"JSChamberi"},"sameAs":["http:\/\/jschamberi.org"],"url":"https:\/\/www.jschamberi.org\/blog\/?author=20"}]}},"_links":{"self":[{"href":"https:\/\/www.jschamberi.org\/blog\/index.php?rest_route=\/wp\/v2\/posts\/2728"}],"collection":[{"href":"https:\/\/www.jschamberi.org\/blog\/index.php?rest_route=\/wp\/v2\/posts"}],"about":[{"href":"https:\/\/www.jschamberi.org\/blog\/index.php?rest_route=\/wp\/v2\/types\/post"}],"author":[{"embeddable":true,"href":"https:\/\/www.jschamberi.org\/blog\/index.php?rest_route=\/wp\/v2\/users\/20"}],"replies":[{"embeddable":true,"href":"https:\/\/www.jschamberi.org\/blog\/index.php?rest_route=%2Fwp%2Fv2%2Fcomments&post=2728"}],"version-history":[{"count":4,"href":"https:\/\/www.jschamberi.org\/blog\/index.php?rest_route=\/wp\/v2\/posts\/2728\/revisions"}],"predecessor-version":[{"id":2732,"href":"https:\/\/www.jschamberi.org\/blog\/index.php?rest_route=\/wp\/v2\/posts\/2728\/revisions\/2732"}],"wp:attachment":[{"href":"https:\/\/www.jschamberi.org\/blog\/index.php?rest_route=%2Fwp%2Fv2%2Fmedia&parent=2728"}],"wp:term":[{"taxonomy":"category","embeddable":true,"href":"https:\/\/www.jschamberi.org\/blog\/index.php?rest_route=%2Fwp%2Fv2%2Fcategories&post=2728"},{"taxonomy":"post_tag","embeddable":true,"href":"https:\/\/www.jschamberi.org\/blog\/index.php?rest_route=%2Fwp%2Fv2%2Ftags&post=2728"}],"curies":[{"name":"wp","href":"https:\/\/api.w.org\/{rel}","templated":true}]}}