{"id":2718,"date":"2013-01-30T13:00:36","date_gmt":"2013-01-30T12:00:36","guid":{"rendered":"http:\/\/www.jschamberi.org\/blog\/?p=2718"},"modified":"2013-05-12T15:58:05","modified_gmt":"2013-05-12T14:58:05","slug":"acto-elecciones-en-italia","status":"publish","type":"post","link":"https:\/\/www.jschamberi.org\/blog\/?p=2718","title":{"rendered":"Acto: elecciones en Italia"},"content":{"rendered":"<p><a href=\"http:\/\/www.jschamberi.org\/blog\/?attachment_id=2724\" rel=\"attachment wp-att-2724\"><img loading=\"lazy\" decoding=\"async\" class=\"aligncenter size-large wp-image-2724\" alt=\"ITALY-POLITICS-PD-BERSANI-FILES\" src=\"http:\/\/www.jschamberi.org\/blog\/wp-content\/uploads\/2013\/01\/Cartel-elecciones-italia-1024x681.jpg\" width=\"500\" height=\"332\" \/><\/a><\/p>\n<p>&nbsp;<\/p>\n<p style=\"text-align: justify;\">A tres semanas de las elecciones generales italianas, el viernes 1 de Febrero organizamos un acto\/charla con un compa\u00f1ero del Partido Democr\u00e1tico, Matteo Ragnacci. Con \u00e9l, pudimos entender la raz\u00f3n de la antelaci\u00f3n de esas elecciones (inicialmente previstas para abril), el contexto econ\u00f3mico y financiero en el que se encuentra Italia y el contexto pol\u00edtico; explicando el desarrollo de las primarias internas en el seno del PD, haciendo un balance del gobierno t\u00e9cnico de Monti y analizando a los tres principales candidatos: Pier Luigi Bersani (Partido Democr\u00e1tico), Mario Monti (Elecci\u00f3n C\u00edvica) y Silvio Berlusconi (Pueblo de la Libertad).<br \/>\nEl acto se cerr\u00f3 tras una ronda de preguntas de los compa\u00f1eros presentes aquel d\u00eda.<\/p>\n<p>Secretar\u00eda de Pol\u00edtica Internacional<\/p>\n","protected":false},"excerpt":{"rendered":"<p>&nbsp; A tres semanas de las elecciones generales italianas, el viernes 1 de Febrero organizamos un acto\/charla con un compa\u00f1ero del Partido Democr\u00e1tico, Matteo Ragnacci. Con \u00e9l, pudimos entender la raz\u00f3n de la antelaci\u00f3n de esas elecciones (inicialmente previstas para abril), el contexto econ\u00f3mico y financiero en el que se encuentra Italia y el contexto <a class=\"read-more\" href=\"https:\/\/www.jschamberi.org\/blog\/?p=2718\">Leer m\u00e1s<\/a><\/p>\n","protected":false},"author":20,"featured_media":0,"comment_status":"open","ping_status":"open","sticky":false,"template":"","format":"standard","meta":{"footnotes":""},"categories":[71,13,47,26],"tags":[],"class_list":["post-2718","post","type-post","status-publish","format-standard","hentry","category-elecciones-2","category-eventos","category-outside","category-opinion"],"yoast_head":"<!-- This site is optimized with the Yoast SEO plugin v23.7 - https:\/\/yoast.com\/wordpress\/plugins\/seo\/ -->\n<title>Acto: elecciones en Italia - Juventudes Socialistas de Chamber\u00ed<\/title>\n<meta name=\"robots\" content=\"index, follow, max-snippet:-1, max-image-preview:large, max-video-preview:-1\" \/>\n<link rel=\"canonical\" href=\"https:\/\/www.jschamberi.org\/blog\/?p=2718\" \/>\n<meta property=\"og:locale\" content=\"es_ES\" \/>\n<meta property=\"og:type\" content=\"article\" \/>\n<meta property=\"og:title\" content=\"Acto: elecciones en Italia - Juventudes Socialistas de Chamber\u00ed\" \/>\n<meta property=\"og:description\" content=\"&nbsp; A tres semanas de las elecciones generales italianas, el viernes 1 de Febrero organizamos un acto\/charla con un compa\u00f1ero del Partido Democr\u00e1tico, Matteo Ragnacci. Con \u00e9l, pudimos entender la raz\u00f3n de la antelaci\u00f3n de esas elecciones (inicialmente previstas para abril), el contexto econ\u00f3mico y financiero en el que se encuentra Italia y el contexto Leer m\u00e1s\" \/>\n<meta property=\"og:url\" content=\"https:\/\/www.jschamberi.org\/blog\/?p=2718\" \/>\n<meta property=\"og:site_name\" content=\"Juventudes Socialistas de Chamber\u00ed\" \/>\n<meta property=\"article:published_time\" content=\"2013-01-30T12:00:36+00:00\" \/>\n<meta property=\"article:modified_time\" content=\"2013-05-12T14:58:05+00:00\" \/>\n<meta name=\"author\" content=\"JSChamberi\" \/>\n<meta name=\"twitter:card\" content=\"summary_large_image\" \/>\n<meta name=\"twitter:label1\" content=\"Escrito por\" \/>\n\t<meta name=\"twitter:data1\" content=\"JSChamberi\" \/>\n\t<meta name=\"twitter:label2\" content=\"Tiempo de lectura\" \/>\n\t<meta name=\"twitter:data2\" content=\"1 minuto\" \/>\n<script type=\"application\/ld+json\" class=\"yoast-schema-graph\">{\"@context\":\"https:\/\/schema.org\",\"@graph\":[{\"@type\":\"WebPage\",\"@id\":\"https:\/\/www.jschamberi.org\/blog\/?p=2718\",\"url\":\"https:\/\/www.jschamberi.org\/blog\/?p=2718\",\"name\":\"Acto: elecciones en Italia - Juventudes Socialistas de Chamber\u00ed\",\"isPartOf\":{\"@id\":\"https:\/\/www.jschamberi.org\/blog\/#website\"},\"primaryImageOfPage\":{\"@id\":\"https:\/\/www.jschamberi.org\/blog\/?p=2718#primaryimage\"},\"image\":{\"@id\":\"https:\/\/www.jschamberi.org\/blog\/?p=2718#primaryimage\"},\"thumbnailUrl\":\"http:\/\/www.jschamberi.org\/blog\/wp-content\/uploads\/2013\/01\/Cartel-elecciones-italia-1024x681.jpg\",\"datePublished\":\"2013-01-30T12:00:36+00:00\",\"dateModified\":\"2013-05-12T14:58:05+00:00\",\"author\":{\"@id\":\"https:\/\/www.jschamberi.org\/blog\/#\/schema\/person\/3f82d901471b027bfc456bee2b9d0d3d\"},\"breadcrumb\":{\"@id\":\"https:\/\/www.jschamberi.org\/blog\/?p=2718#breadcrumb\"},\"inLanguage\":\"es\",\"potentialAction\":[{\"@type\":\"ReadAction\",\"target\":[\"https:\/\/www.jschamberi.org\/blog\/?p=2718\"]}]},{\"@type\":\"ImageObject\",\"inLanguage\":\"es\",\"@id\":\"https:\/\/www.jschamberi.org\/blog\/?p=2718#primaryimage\",\"url\":\"\",\"contentUrl\":\"\"},{\"@type\":\"BreadcrumbList\",\"@id\":\"https:\/\/www.jschamberi.org\/blog\/?p=2718#breadcrumb\",\"itemListElement\":[{\"@type\":\"ListItem\",\"position\":1,\"name\":\"Home\",\"item\":\"https:\/\/www.jschamberi.org\/blog\/\"},{\"@type\":\"ListItem\",\"position\":2,\"name\":\"Acto: elecciones en Italia\"}]},{\"@type\":\"WebSite\",\"@id\":\"https:\/\/www.jschamberi.org\/blog\/#website\",\"url\":\"https:\/\/www.jschamberi.org\/blog\/\",\"name\":\"Juventudes Socialistas de Chamber\u00ed\",\"description\":\"\",\"potentialAction\":[{\"@type\":\"SearchAction\",\"target\":{\"@type\":\"EntryPoint\",\"urlTemplate\":\"https:\/\/www.jschamberi.org\/blog\/?s={search_term_string}\"},\"query-input\":{\"@type\":\"PropertyValueSpecification\",\"valueRequired\":true,\"valueName\":\"search_term_string\"}}],\"inLanguage\":\"es\"},{\"@type\":\"Person\",\"@id\":\"https:\/\/www.jschamberi.org\/blog\/#\/schema\/person\/3f82d901471b027bfc456bee2b9d0d3d\",\"name\":\"JSChamberi\",\"image\":{\"@type\":\"ImageObject\",\"inLanguage\":\"es\",\"@id\":\"https:\/\/www.jschamberi.org\/blog\/#\/schema\/person\/image\/\",\"url\":\"https:\/\/secure.gravatar.com\/avatar\/c2d40e2dd384331a8f7f7a2390eaafdb?s=96&d=identicon&r=g\",\"contentUrl\":\"https:\/\/secure.gravatar.com\/avatar\/c2d40e2dd384331a8f7f7a2390eaafdb?s=96&d=identicon&r=g\",\"caption\":\"JSChamberi\"},\"sameAs\":[\"http:\/\/jschamberi.org\"],\"url\":\"https:\/\/www.jschamberi.org\/blog\/?author=20\"}]}<\/script>\n<!-- \/ Yoast SEO plugin. -->","yoast_head_json":{"title":"Acto: elecciones en Italia - Juventudes Socialistas de Chamber\u00ed","robots":{"index":"index","follow":"follow","max-snippet":"max-snippet:-1","max-image-preview":"max-image-preview:large","max-video-preview":"max-video-preview:-1"},"canonical":"https:\/\/www.jschamberi.org\/blog\/?p=2718","og_locale":"es_ES","og_type":"article","og_title":"Acto: elecciones en Italia - Juventudes Socialistas de Chamber\u00ed","og_description":"&nbsp; A tres semanas de las elecciones generales italianas, el viernes 1 de Febrero organizamos un acto\/charla con un compa\u00f1ero del Partido Democr\u00e1tico, Matteo Ragnacci. Con \u00e9l, pudimos entender la raz\u00f3n de la antelaci\u00f3n de esas elecciones (inicialmente previstas para abril), el contexto econ\u00f3mico y financiero en el que se encuentra Italia y el contexto Leer m\u00e1s","og_url":"https:\/\/www.jschamberi.org\/blog\/?p=2718","og_site_name":"Juventudes Socialistas de Chamber\u00ed","article_published_time":"2013-01-30T12:00:36+00:00","article_modified_time":"2013-05-12T14:58:05+00:00","author":"JSChamberi","twitter_card":"summary_large_image","twitter_misc":{"Escrito por":"JSChamberi","Tiempo de lectura":"1 minuto"},"schema":{"@context":"https:\/\/schema.org","@graph":[{"@type":"WebPage","@id":"https:\/\/www.jschamberi.org\/blog\/?p=2718","url":"https:\/\/www.jschamberi.org\/blog\/?p=2718","name":"Acto: elecciones en Italia - Juventudes Socialistas de Chamber\u00ed","isPartOf":{"@id":"https:\/\/www.jschamberi.org\/blog\/#website"},"primaryImageOfPage":{"@id":"https:\/\/www.jschamberi.org\/blog\/?p=2718#primaryimage"},"image":{"@id":"https:\/\/www.jschamberi.org\/blog\/?p=2718#primaryimage"},"thumbnailUrl":"http:\/\/www.jschamberi.org\/blog\/wp-content\/uploads\/2013\/01\/Cartel-elecciones-italia-1024x681.jpg","datePublished":"2013-01-30T12:00:36+00:00","dateModified":"2013-05-12T14:58:05+00:00","author":{"@id":"https:\/\/www.jschamberi.org\/blog\/#\/schema\/person\/3f82d901471b027bfc456bee2b9d0d3d"},"breadcrumb":{"@id":"https:\/\/www.jschamberi.org\/blog\/?p=2718#breadcrumb"},"inLanguage":"es","potentialAction":[{"@type":"ReadAction","target":["https:\/\/www.jschamberi.org\/blog\/?p=2718"]}]},{"@type":"ImageObject","inLanguage":"es","@id":"https:\/\/www.jschamberi.org\/blog\/?p=2718#primaryimage","url":"","contentUrl":""},{"@type":"BreadcrumbList","@id":"https:\/\/www.jschamberi.org\/blog\/?p=2718#breadcrumb","itemListElement":[{"@type":"ListItem","position":1,"name":"Home","item":"https:\/\/www.jschamberi.org\/blog\/"},{"@type":"ListItem","position":2,"name":"Acto: elecciones en Italia"}]},{"@type":"WebSite","@id":"https:\/\/www.jschamberi.org\/blog\/#website","url":"https:\/\/www.jschamberi.org\/blog\/","name":"Juventudes Socialistas de Chamber\u00ed","description":"","potentialAction":[{"@type":"SearchAction","target":{"@type":"EntryPoint","urlTemplate":"https:\/\/www.jschamberi.org\/blog\/?s={search_term_string}"},"query-input":{"@type":"PropertyValueSpecification","valueRequired":true,"valueName":"search_term_string"}}],"inLanguage":"es"},{"@type":"Person","@id":"https:\/\/www.jschamberi.org\/blog\/#\/schema\/person\/3f82d901471b027bfc456bee2b9d0d3d","name":"JSChamberi","image":{"@type":"ImageObject","inLanguage":"es","@id":"https:\/\/www.jschamberi.org\/blog\/#\/schema\/person\/image\/","url":"https:\/\/secure.gravatar.com\/avatar\/c2d40e2dd384331a8f7f7a2390eaafdb?s=96&d=identicon&r=g","contentUrl":"https:\/\/secure.gravatar.com\/avatar\/c2d40e2dd384331a8f7f7a2390eaafdb?s=96&d=identicon&r=g","caption":"JSChamberi"},"sameAs":["http:\/\/jschamberi.org"],"url":"https:\/\/www.jschamberi.org\/blog\/?author=20"}]}},"_links":{"self":[{"href":"https:\/\/www.jschamberi.org\/blog\/index.php?rest_route=\/wp\/v2\/posts\/2718"}],"collection":[{"href":"https:\/\/www.jschamberi.org\/blog\/index.php?rest_route=\/wp\/v2\/posts"}],"about":[{"href":"https:\/\/www.jschamberi.org\/blog\/index.php?rest_route=\/wp\/v2\/types\/post"}],"author":[{"embeddable":true,"href":"https:\/\/www.jschamberi.org\/blog\/index.php?rest_route=\/wp\/v2\/users\/20"}],"replies":[{"embeddable":true,"href":"https:\/\/www.jschamberi.org\/blog\/index.php?rest_route=%2Fwp%2Fv2%2Fcomments&post=2718"}],"version-history":[{"count":4,"href":"https:\/\/www.jschamberi.org\/blog\/index.php?rest_route=\/wp\/v2\/posts\/2718\/revisions"}],"predecessor-version":[{"id":2824,"href":"https:\/\/www.jschamberi.org\/blog\/index.php?rest_route=\/wp\/v2\/posts\/2718\/revisions\/2824"}],"wp:attachment":[{"href":"https:\/\/www.jschamberi.org\/blog\/index.php?rest_route=%2Fwp%2Fv2%2Fmedia&parent=2718"}],"wp:term":[{"taxonomy":"category","embeddable":true,"href":"https:\/\/www.jschamberi.org\/blog\/index.php?rest_route=%2Fwp%2Fv2%2Fcategories&post=2718"},{"taxonomy":"post_tag","embeddable":true,"href":"https:\/\/www.jschamberi.org\/blog\/index.php?rest_route=%2Fwp%2Fv2%2Ftags&post=2718"}],"curies":[{"name":"wp","href":"https:\/\/api.w.org\/{rel}","templated":true}]}}