{"id":2655,"date":"2012-12-10T16:20:25","date_gmt":"2012-12-10T15:20:25","guid":{"rendered":"http:\/\/www.jschamberi.org\/blog\/?p=2655"},"modified":"2012-12-11T21:38:29","modified_gmt":"2012-12-11T20:38:29","slug":"estado-de-sitio","status":"publish","type":"post","link":"https:\/\/www.jschamberi.org\/blog\/?p=2655","title":{"rendered":"Estado de sitio"},"content":{"rendered":"<p style=\"text-align: justify;\">Apretados nuestros cuellos por los recortes y retorcida nuestra columna por el peso de nuevos grav\u00e1menes, sostenidos por unos sueldos que apenas crecen, o cuando no, simplemente caen o desaparecen, se suma a todo ello la fatiga que sufren nuestros o\u00eddos cuando escuchamos c\u00f3mo recaen las culpas sobre esta dif\u00edcil situaci\u00f3n econ\u00f3mica (aunque \u201ccon brotes verdes\u201d) o\u00a0 aquello de \u201chay que hacer esfuerzos entre todos\u201d.\u00a0 Eso sin contar con la manida excusa de que la herencia socialista no es sino un lastre que nos conduce a esta penosa traves\u00eda por el desierto. Sin querer descargar de responsabilidades al anterior gobierno (que las tiene. Y muchas), lo realmente grave de este tipo de consignas es comprobar c\u00f3mo ha calado este mensaje, como ha prendido la llama y como un elevado porcentaje de las clases medias espa\u00f1olas, los que de verdad est\u00e1n sufriendo y pagando la crisis, lo aceptan y casi comprenden casi como algo natural. Si suben las tasas hasta convertir m\u00e1steres p\u00fablicos en privados, si ya no hay becas para el comedor o cobran por llevar un <em>tupper<\/em>, o si la insulina ve duplicada su precio, constantemente escuchamos c\u00f3mo se debe a esta situaci\u00f3n de <em>crisis<\/em>. Maldita crisis. Uno ya empieza a estar harto de este <em>sambenito<\/em> que nos hostiga permanente.<\/p>\n<p style=\"text-align: justify;\">\n<p style=\"text-align: justify;\">Todos los que estamos aqu\u00ed sabemos que estos lodos vienen de m\u00faltiples y tambi\u00e9n lejanos polvos. Todos conocemos la famosa ley del suelo de 1998, la acumulaci\u00f3n masiva de activos bancarios en bienes inmobiliarios sin ning\u00fan tipo de control por parte de las autoridades de uno y otro signo, la connivencia entre pol\u00edtica y banca y la <em>omert\u00e1<\/em> declarada para tapar esc\u00e1ndalos. Una corrupci\u00f3n casi asimilada como pr\u00e1ctica pol\u00edtica, castillos construidos sobre nubes de especulaci\u00f3n y muchas m\u00e1s causas que de ser enumeradas todas, acabar\u00eda por tener que escribir tomos y tomos. Creo que todos los que estamos aqu\u00ed conocemos el origen de todo y sabemos c\u00f3mo la ideolog\u00eda cabalga a lomos de la situaci\u00f3n econ\u00f3mica y del \u201c<em>hemos-vivido-por-encima-de-nuestras-posibilidades<\/em>\u201d como pretexto, y c\u00f3mo consiguen implantar pol\u00edticas que soliviantar\u00edan a naciones enteras, pero consiguen acallar a potenciales millones de voces clamantes con ese manto espectral llamado <em>crisis<\/em>. A\u00fan m\u00e1s, aparte de implantarse, llegan incluso a encontrar justificaci\u00f3n entre masas y masas de ciudadanos. Y no solo por parte de los reducidos grupos de beneficiados, no. Muy al contrario, vemos con incredulidad como en grandes sectores medios, se asimila ese mensaje y se llega, no sin resignaci\u00f3n, a aceptar, pese a que las movilizaciones, afortunadamente, cada vez son mayores.<\/p>\n<p style=\"text-align: justify;\"><!--more-->\u00bfQu\u00e9 est\u00e1 pasando? \u00bfd\u00f3nde reside el problema? Nuestros diagn\u00f3sticos son claros y conocidos, pero a\u00fan hay muchas casas de Badalona, Getafe, Badajoz, Oviedo o Ciudad Real donde este mensaje de llegar, lo hace codificado y con interferencias. Hogares de clases medias subyugados por este estado de sitio econ\u00f3mico y no lo olvidemos, tambi\u00e9n pol\u00edtico. Hogares que son realmente los que sufren c\u00f3mo se cierne sobre ellos la famosa crisis, una <em>crisis<\/em> venida de lejos y de la que no pocos, por cierto, est\u00e1n sacando tajada. Desde aqu\u00ed no quiero desde\u00f1ar el trabajo de tantos y tantos esforzados y voluntariosos brazos de compa\u00f1eros, pero algo se est\u00e1 haciendo mal. Probablemente, no en su formulaci\u00f3n, pero s\u00ed en un campo de batalla anexo, que es precisamente la comunicaci\u00f3n. Es esa la batalla pendiente, el esfuerzo a acometer. Llegar, penetrar por las rendijas del d\u00eda a d\u00eda y mostrar c\u00f3mo esa <em>crisis<\/em> como excusa (que la hay, sin duda, pero a riesgo de ser populistas y simplistas, <em>es suya<\/em>) es esgrimida como una espada flam\u00edgera para abrasarnos y herirnos en nuestras propias carnes. Es momento de acercarse con discursos quiz\u00e1 m\u00e1s mundanos y alejados de artificialidad y hacer ver c\u00f3mo estamos siendo atacados por esas decisiones que se toman en apartados salones sin tener en cuenta los sufrimientos de toda una poblaci\u00f3n y ni siquiera la soberan\u00eda de un estado, como el espa\u00f1ol. Lo repito por si no ha quedado claro: estamos siendo atacados.<\/p>\n<p style=\"text-align: justify;\">Es el momento pues, de explicar de verdad por ejemplo, qu\u00e9 es y c\u00f3mo funciona esa descomunal estafa denominada \u201cbanco malo\u201d y que en el noticiario de la cadena p\u00fablica ocupaba menos tiempo que la tristeza de un futbolista. La batalla es dura y el enemigo, aparte de demagogo y mentiroso, es f\u00e9rreo e indesmayable. Es ah\u00ed donde reside el flanco que se ha de atacar. No hay otro. Podr\u00edamos seguir elaborando formulaciones pero totalmente alejadas del d\u00eda a d\u00eda. Pero mientras no seamos capaces de llegar a un camionero de Don Benito o a una pediatra de Cuenca, el liberalismo m\u00e1s agresivo, con la guada\u00f1a de la <em>crisis<\/em> en sus manos, nos estar\u00e1 ganando la partida con la mano.<\/p>\n<p style=\"text-align: justify;\">Tampoco se trata de dedicarse a la tradicional captura del voto. El destinatario no es un simple elemento con cabeza, tronco, miembros y derecho al voto, sino que es un ciudadano, con todo lo que ese t\u00e9rmino tan complejo conlleva. Casi me atrever\u00eda a decir que lo importante no es convencerle de que vote A, B o C, que tambi\u00e9n lo es, sino de que tome conciencia de que est\u00e1 siendo atacado sin piedad, utiliz\u00e1ndose como <em>casus belli <\/em>de esta guerra encubierta, una <em>crisis <\/em>de la que no es responsable y de la que se est\u00e1 encargando de pagar con las venas y los pulmones abiertos. Con la situaci\u00f3n econ\u00f3mica como m\u00e1scara, han derrumbado un modelo de estado y est\u00e1n construyendo otro muy distinto, donde no hay materia que no se vea afectada por sus pol\u00edticas, sea la sanidad, la educaci\u00f3n, el acceso a la justicia o los mismos derechos laborales o incluso reivindicativos. Ese es el mensaje que tiene que llegar.<\/p>\n<p style=\"text-align: justify;\">\n<p style=\"text-align: justify;\">Juan Antonio Parejo<\/p>\n<p style=\"text-align: justify;\">Simpatizante<\/p>\n<p>&nbsp;<\/p>\n<p>&nbsp;<\/p>\n","protected":false},"excerpt":{"rendered":"<p>Apretados nuestros cuellos por los recortes y retorcida nuestra columna por el peso de nuevos grav\u00e1menes, sostenidos por unos sueldos que apenas crecen, o cuando no, simplemente caen o desaparecen, se suma a todo ello la fatiga que sufren nuestros o\u00eddos cuando escuchamos c\u00f3mo recaen las culpas sobre esta dif\u00edcil situaci\u00f3n econ\u00f3mica (aunque \u201ccon brotes <a class=\"read-more\" href=\"https:\/\/www.jschamberi.org\/blog\/?p=2655\">Leer m\u00e1s<\/a><\/p>\n","protected":false},"author":20,"featured_media":0,"comment_status":"open","ping_status":"open","sticky":false,"template":"","format":"standard","meta":{"footnotes":""},"categories":[26],"tags":[],"class_list":["post-2655","post","type-post","status-publish","format-standard","hentry","category-opinion"],"yoast_head":"<!-- This site is optimized with the Yoast SEO plugin v23.7 - https:\/\/yoast.com\/wordpress\/plugins\/seo\/ -->\n<title>Estado de sitio - Juventudes Socialistas de Chamber\u00ed<\/title>\n<meta name=\"robots\" content=\"index, follow, max-snippet:-1, max-image-preview:large, max-video-preview:-1\" \/>\n<link rel=\"canonical\" href=\"https:\/\/www.jschamberi.org\/blog\/?p=2655\" \/>\n<meta property=\"og:locale\" content=\"es_ES\" \/>\n<meta property=\"og:type\" content=\"article\" \/>\n<meta property=\"og:title\" content=\"Estado de sitio - Juventudes Socialistas de Chamber\u00ed\" \/>\n<meta property=\"og:description\" content=\"Apretados nuestros cuellos por los recortes y retorcida nuestra columna por el peso de nuevos grav\u00e1menes, sostenidos por unos sueldos que apenas crecen, o cuando no, simplemente caen o desaparecen, se suma a todo ello la fatiga que sufren nuestros o\u00eddos cuando escuchamos c\u00f3mo recaen las culpas sobre esta dif\u00edcil situaci\u00f3n econ\u00f3mica (aunque \u201ccon brotes Leer m\u00e1s\" \/>\n<meta property=\"og:url\" content=\"https:\/\/www.jschamberi.org\/blog\/?p=2655\" \/>\n<meta property=\"og:site_name\" content=\"Juventudes Socialistas de Chamber\u00ed\" \/>\n<meta property=\"article:published_time\" content=\"2012-12-10T15:20:25+00:00\" \/>\n<meta property=\"article:modified_time\" content=\"2012-12-11T20:38:29+00:00\" \/>\n<meta name=\"author\" content=\"JSChamberi\" \/>\n<meta name=\"twitter:card\" content=\"summary_large_image\" \/>\n<meta name=\"twitter:label1\" content=\"Escrito por\" \/>\n\t<meta name=\"twitter:data1\" content=\"JSChamberi\" \/>\n\t<meta name=\"twitter:label2\" content=\"Tiempo de lectura\" \/>\n\t<meta name=\"twitter:data2\" content=\"5 minutos\" \/>\n<script type=\"application\/ld+json\" class=\"yoast-schema-graph\">{\"@context\":\"https:\/\/schema.org\",\"@graph\":[{\"@type\":\"WebPage\",\"@id\":\"https:\/\/www.jschamberi.org\/blog\/?p=2655\",\"url\":\"https:\/\/www.jschamberi.org\/blog\/?p=2655\",\"name\":\"Estado de sitio - Juventudes Socialistas de Chamber\u00ed\",\"isPartOf\":{\"@id\":\"https:\/\/www.jschamberi.org\/blog\/#website\"},\"datePublished\":\"2012-12-10T15:20:25+00:00\",\"dateModified\":\"2012-12-11T20:38:29+00:00\",\"author\":{\"@id\":\"https:\/\/www.jschamberi.org\/blog\/#\/schema\/person\/3f82d901471b027bfc456bee2b9d0d3d\"},\"breadcrumb\":{\"@id\":\"https:\/\/www.jschamberi.org\/blog\/?p=2655#breadcrumb\"},\"inLanguage\":\"es\",\"potentialAction\":[{\"@type\":\"ReadAction\",\"target\":[\"https:\/\/www.jschamberi.org\/blog\/?p=2655\"]}]},{\"@type\":\"BreadcrumbList\",\"@id\":\"https:\/\/www.jschamberi.org\/blog\/?p=2655#breadcrumb\",\"itemListElement\":[{\"@type\":\"ListItem\",\"position\":1,\"name\":\"Home\",\"item\":\"https:\/\/www.jschamberi.org\/blog\/\"},{\"@type\":\"ListItem\",\"position\":2,\"name\":\"Estado de sitio\"}]},{\"@type\":\"WebSite\",\"@id\":\"https:\/\/www.jschamberi.org\/blog\/#website\",\"url\":\"https:\/\/www.jschamberi.org\/blog\/\",\"name\":\"Juventudes Socialistas de Chamber\u00ed\",\"description\":\"\",\"potentialAction\":[{\"@type\":\"SearchAction\",\"target\":{\"@type\":\"EntryPoint\",\"urlTemplate\":\"https:\/\/www.jschamberi.org\/blog\/?s={search_term_string}\"},\"query-input\":{\"@type\":\"PropertyValueSpecification\",\"valueRequired\":true,\"valueName\":\"search_term_string\"}}],\"inLanguage\":\"es\"},{\"@type\":\"Person\",\"@id\":\"https:\/\/www.jschamberi.org\/blog\/#\/schema\/person\/3f82d901471b027bfc456bee2b9d0d3d\",\"name\":\"JSChamberi\",\"image\":{\"@type\":\"ImageObject\",\"inLanguage\":\"es\",\"@id\":\"https:\/\/www.jschamberi.org\/blog\/#\/schema\/person\/image\/\",\"url\":\"https:\/\/secure.gravatar.com\/avatar\/c2d40e2dd384331a8f7f7a2390eaafdb?s=96&d=identicon&r=g\",\"contentUrl\":\"https:\/\/secure.gravatar.com\/avatar\/c2d40e2dd384331a8f7f7a2390eaafdb?s=96&d=identicon&r=g\",\"caption\":\"JSChamberi\"},\"sameAs\":[\"http:\/\/jschamberi.org\"],\"url\":\"https:\/\/www.jschamberi.org\/blog\/?author=20\"}]}<\/script>\n<!-- \/ Yoast SEO plugin. -->","yoast_head_json":{"title":"Estado de sitio - Juventudes Socialistas de Chamber\u00ed","robots":{"index":"index","follow":"follow","max-snippet":"max-snippet:-1","max-image-preview":"max-image-preview:large","max-video-preview":"max-video-preview:-1"},"canonical":"https:\/\/www.jschamberi.org\/blog\/?p=2655","og_locale":"es_ES","og_type":"article","og_title":"Estado de sitio - Juventudes Socialistas de Chamber\u00ed","og_description":"Apretados nuestros cuellos por los recortes y retorcida nuestra columna por el peso de nuevos grav\u00e1menes, sostenidos por unos sueldos que apenas crecen, o cuando no, simplemente caen o desaparecen, se suma a todo ello la fatiga que sufren nuestros o\u00eddos cuando escuchamos c\u00f3mo recaen las culpas sobre esta dif\u00edcil situaci\u00f3n econ\u00f3mica (aunque \u201ccon brotes Leer m\u00e1s","og_url":"https:\/\/www.jschamberi.org\/blog\/?p=2655","og_site_name":"Juventudes Socialistas de Chamber\u00ed","article_published_time":"2012-12-10T15:20:25+00:00","article_modified_time":"2012-12-11T20:38:29+00:00","author":"JSChamberi","twitter_card":"summary_large_image","twitter_misc":{"Escrito por":"JSChamberi","Tiempo de lectura":"5 minutos"},"schema":{"@context":"https:\/\/schema.org","@graph":[{"@type":"WebPage","@id":"https:\/\/www.jschamberi.org\/blog\/?p=2655","url":"https:\/\/www.jschamberi.org\/blog\/?p=2655","name":"Estado de sitio - Juventudes Socialistas de Chamber\u00ed","isPartOf":{"@id":"https:\/\/www.jschamberi.org\/blog\/#website"},"datePublished":"2012-12-10T15:20:25+00:00","dateModified":"2012-12-11T20:38:29+00:00","author":{"@id":"https:\/\/www.jschamberi.org\/blog\/#\/schema\/person\/3f82d901471b027bfc456bee2b9d0d3d"},"breadcrumb":{"@id":"https:\/\/www.jschamberi.org\/blog\/?p=2655#breadcrumb"},"inLanguage":"es","potentialAction":[{"@type":"ReadAction","target":["https:\/\/www.jschamberi.org\/blog\/?p=2655"]}]},{"@type":"BreadcrumbList","@id":"https:\/\/www.jschamberi.org\/blog\/?p=2655#breadcrumb","itemListElement":[{"@type":"ListItem","position":1,"name":"Home","item":"https:\/\/www.jschamberi.org\/blog\/"},{"@type":"ListItem","position":2,"name":"Estado de sitio"}]},{"@type":"WebSite","@id":"https:\/\/www.jschamberi.org\/blog\/#website","url":"https:\/\/www.jschamberi.org\/blog\/","name":"Juventudes Socialistas de Chamber\u00ed","description":"","potentialAction":[{"@type":"SearchAction","target":{"@type":"EntryPoint","urlTemplate":"https:\/\/www.jschamberi.org\/blog\/?s={search_term_string}"},"query-input":{"@type":"PropertyValueSpecification","valueRequired":true,"valueName":"search_term_string"}}],"inLanguage":"es"},{"@type":"Person","@id":"https:\/\/www.jschamberi.org\/blog\/#\/schema\/person\/3f82d901471b027bfc456bee2b9d0d3d","name":"JSChamberi","image":{"@type":"ImageObject","inLanguage":"es","@id":"https:\/\/www.jschamberi.org\/blog\/#\/schema\/person\/image\/","url":"https:\/\/secure.gravatar.com\/avatar\/c2d40e2dd384331a8f7f7a2390eaafdb?s=96&d=identicon&r=g","contentUrl":"https:\/\/secure.gravatar.com\/avatar\/c2d40e2dd384331a8f7f7a2390eaafdb?s=96&d=identicon&r=g","caption":"JSChamberi"},"sameAs":["http:\/\/jschamberi.org"],"url":"https:\/\/www.jschamberi.org\/blog\/?author=20"}]}},"_links":{"self":[{"href":"https:\/\/www.jschamberi.org\/blog\/index.php?rest_route=\/wp\/v2\/posts\/2655"}],"collection":[{"href":"https:\/\/www.jschamberi.org\/blog\/index.php?rest_route=\/wp\/v2\/posts"}],"about":[{"href":"https:\/\/www.jschamberi.org\/blog\/index.php?rest_route=\/wp\/v2\/types\/post"}],"author":[{"embeddable":true,"href":"https:\/\/www.jschamberi.org\/blog\/index.php?rest_route=\/wp\/v2\/users\/20"}],"replies":[{"embeddable":true,"href":"https:\/\/www.jschamberi.org\/blog\/index.php?rest_route=%2Fwp%2Fv2%2Fcomments&post=2655"}],"version-history":[{"count":3,"href":"https:\/\/www.jschamberi.org\/blog\/index.php?rest_route=\/wp\/v2\/posts\/2655\/revisions"}],"predecessor-version":[{"id":2658,"href":"https:\/\/www.jschamberi.org\/blog\/index.php?rest_route=\/wp\/v2\/posts\/2655\/revisions\/2658"}],"wp:attachment":[{"href":"https:\/\/www.jschamberi.org\/blog\/index.php?rest_route=%2Fwp%2Fv2%2Fmedia&parent=2655"}],"wp:term":[{"taxonomy":"category","embeddable":true,"href":"https:\/\/www.jschamberi.org\/blog\/index.php?rest_route=%2Fwp%2Fv2%2Fcategories&post=2655"},{"taxonomy":"post_tag","embeddable":true,"href":"https:\/\/www.jschamberi.org\/blog\/index.php?rest_route=%2Fwp%2Fv2%2Ftags&post=2655"}],"curies":[{"name":"wp","href":"https:\/\/api.w.org\/{rel}","templated":true}]}}