{"id":2486,"date":"2012-10-27T16:47:54","date_gmt":"2012-10-27T15:47:54","guid":{"rendered":"http:\/\/www.jschamberi.org\/blog\/?p=2486"},"modified":"2012-10-27T16:50:41","modified_gmt":"2012-10-27T15:50:41","slug":"rabia","status":"publish","type":"post","link":"https:\/\/www.jschamberi.org\/blog\/?p=2486","title":{"rendered":"Rabia"},"content":{"rendered":"<p style=\"text-align: justify;\">Nos encontramos en un momento pol\u00edtico y econ\u00f3mico como ninguno de nosotros, j\u00f3venes, hab\u00edamos vivido nunca. Momento en el que se nos quitan derechos a diario, se secuestran libertades en cada Consejo de Ministros, se publican datos negativos sociales y econ\u00f3micos, siempre al amparo de una herencia recibida o de una imposici\u00f3n exterior. Los alemanes vuelven a ser los malos, como en una pel\u00edcula de Indiana Jones, los pobres siguen si\u00e9ndolo, pero a\u00fan m\u00e1s, los ricos se aprovechan de la desdicha de la clase media que \u201cviv\u00eda por encima de nuestras posibilidades\u201d y la banca sigue siendo ese esp\u00edritu que, como en otros tiempos simbolizaba a Dios omnipresente, sirve de justificante del estrangulamiento de la poblaci\u00f3n.<\/p>\n<p style=\"text-align: justify;\"><!--more--><\/p>\n<p style=\"text-align: justify;\">Lo curioso es que adem\u00e1s, como aderezo a todo este sin sentido, las personas estamos asimilando un modelo de conducta neoliberal e hiperindividualista, en el que el descr\u00e9dito a todo y a todos se fundamenta en el beneficio econ\u00f3mico personal.<\/p>\n<p style=\"text-align: justify;\">Frases de bar asoman en la escena pol\u00edtica y sin fundamento racional alguno, aparecen acreditadas y apoyadas incluso por algunos pol\u00edticos resentidos, que obtienen clamor popular por ser altavoz de todos aquellos que, misteriosamente, ahora son expertos de patxar\u00e1n en la sobremesa pol\u00edtica.<\/p>\n<p style=\"text-align: justify;\">Si sumamos todas las desidias, los hurtos, los retrocesos en los derechos y en la vida tal y como la conocemos, si lo sum\u00e1ramos con la conciencia con la que nos hemos educado en libertad, con la coherencia de quien ha crecido en un pa\u00eds que por unos instantes se quit\u00f3 el atributo \u201cde pandereta\u201d, quiz\u00e1 lo que encontrar\u00edamos ser\u00eda una rabia incontenible que nos har\u00eda gritar con vehemencia en actos p\u00fablicos a los que todos acudir\u00edamos en masa, exigiendo lo que es nuestro, exigiendo un cambio real, sin miedo de ser, incluso, cualquiera de nosotros quien lo ejecutara, la cabeza visible de todo, no esperando que las cosas cambien por ciencia infusa porque aplaudimos con las manos hacia arriba en silencio. Habr\u00eda que desga\u00f1itarse, enfadarse, atropellarse por evitar que se estuviera desmantelando el sistema por el que tanto lucharon nuestros padres y por el que, qu\u00e9 cojones, tambi\u00e9n muchos peleamos a diario desde antes incluso de tener edad para hacerlo.<\/p>\n<p style=\"text-align: justify;\">Pero no, no pasa eso. La rabia no est\u00e1, se ha marchado, harta de esperar una respuesta. Como un enamorado hastiado de ser rechazado y no ve el sentido de continuar. \u00bfQu\u00e9 nos est\u00e1 pasando? Tal vez es que la tristeza nos ha vencido, \u00bfla desesperanza igual? \u00bfO es que nos han escarmentado tantas veces que ya nos da miedo? La tristeza que se vive en estos d\u00edas corresponde al oto\u00f1o de un patriarca, a nuestro oto\u00f1o como ciudadanos. Porque parecemos los versos falsamente atribuidos a Brecht, porque a lo mejor es que tenemos que empezar a pasar hambre para darnos cuenta de que los derechos que nos est\u00e1n robando nos alimentan igualmente, no lo s\u00e9, pero seguro que no es suficiente con colgar fotos en el muro del facebook o del twitter. Har\u00e1 falta algo m\u00e1s para resurgir, como Ave F\u00e9nix, de estas cenizas que nos asfixian y nos obligan a quedarnos en casa, pero, sinceramente, yo ya no s\u00e9 qu\u00e9 m\u00e1s puede ser, porque motivos, hay m\u00e1s que de sobra.<\/p>\n<p style=\"text-align: justify;\">\n<p style=\"text-align: justify;\"><strong>Mar\u00eda<\/strong><\/p>\n<p style=\"text-align: justify;\"><em>Secretaria de Igualdad de Juventudes Socialistas de Chamber\u00ed.<\/em><\/p>\n","protected":false},"excerpt":{"rendered":"<p>Nos encontramos en un momento pol\u00edtico y econ\u00f3mico como ninguno de nosotros, j\u00f3venes, hab\u00edamos vivido nunca. Momento en el que se nos quitan derechos a diario, se secuestran libertades en cada Consejo de Ministros, se publican datos negativos sociales y econ\u00f3micos, siempre al amparo de una herencia recibida o de una imposici\u00f3n exterior. Los alemanes <a class=\"read-more\" href=\"https:\/\/www.jschamberi.org\/blog\/?p=2486\">Leer m\u00e1s<\/a><\/p>\n","protected":false},"author":20,"featured_media":0,"comment_status":"open","ping_status":"open","sticky":false,"template":"","format":"standard","meta":{"footnotes":""},"categories":[26],"tags":[],"class_list":["post-2486","post","type-post","status-publish","format-standard","hentry","category-opinion"],"yoast_head":"<!-- This site is optimized with the Yoast SEO plugin v23.7 - https:\/\/yoast.com\/wordpress\/plugins\/seo\/ -->\n<title>Rabia - Juventudes Socialistas de Chamber\u00ed<\/title>\n<meta name=\"robots\" content=\"index, follow, max-snippet:-1, max-image-preview:large, max-video-preview:-1\" \/>\n<link rel=\"canonical\" href=\"https:\/\/www.jschamberi.org\/blog\/?p=2486\" \/>\n<meta property=\"og:locale\" content=\"es_ES\" \/>\n<meta property=\"og:type\" content=\"article\" \/>\n<meta property=\"og:title\" content=\"Rabia - Juventudes Socialistas de Chamber\u00ed\" \/>\n<meta property=\"og:description\" content=\"Nos encontramos en un momento pol\u00edtico y econ\u00f3mico como ninguno de nosotros, j\u00f3venes, hab\u00edamos vivido nunca. Momento en el que se nos quitan derechos a diario, se secuestran libertades en cada Consejo de Ministros, se publican datos negativos sociales y econ\u00f3micos, siempre al amparo de una herencia recibida o de una imposici\u00f3n exterior. Los alemanes Leer m\u00e1s\" \/>\n<meta property=\"og:url\" content=\"https:\/\/www.jschamberi.org\/blog\/?p=2486\" \/>\n<meta property=\"og:site_name\" content=\"Juventudes Socialistas de Chamber\u00ed\" \/>\n<meta property=\"article:published_time\" content=\"2012-10-27T15:47:54+00:00\" \/>\n<meta property=\"article:modified_time\" content=\"2012-10-27T15:50:41+00:00\" \/>\n<meta name=\"author\" content=\"JSChamberi\" \/>\n<meta name=\"twitter:card\" content=\"summary_large_image\" \/>\n<meta name=\"twitter:label1\" content=\"Escrito por\" \/>\n\t<meta name=\"twitter:data1\" content=\"JSChamberi\" \/>\n\t<meta name=\"twitter:label2\" content=\"Tiempo de lectura\" \/>\n\t<meta name=\"twitter:data2\" content=\"3 minutos\" \/>\n<script type=\"application\/ld+json\" class=\"yoast-schema-graph\">{\"@context\":\"https:\/\/schema.org\",\"@graph\":[{\"@type\":\"WebPage\",\"@id\":\"https:\/\/www.jschamberi.org\/blog\/?p=2486\",\"url\":\"https:\/\/www.jschamberi.org\/blog\/?p=2486\",\"name\":\"Rabia - Juventudes Socialistas de Chamber\u00ed\",\"isPartOf\":{\"@id\":\"https:\/\/www.jschamberi.org\/blog\/#website\"},\"datePublished\":\"2012-10-27T15:47:54+00:00\",\"dateModified\":\"2012-10-27T15:50:41+00:00\",\"author\":{\"@id\":\"https:\/\/www.jschamberi.org\/blog\/#\/schema\/person\/3f82d901471b027bfc456bee2b9d0d3d\"},\"breadcrumb\":{\"@id\":\"https:\/\/www.jschamberi.org\/blog\/?p=2486#breadcrumb\"},\"inLanguage\":\"es\",\"potentialAction\":[{\"@type\":\"ReadAction\",\"target\":[\"https:\/\/www.jschamberi.org\/blog\/?p=2486\"]}]},{\"@type\":\"BreadcrumbList\",\"@id\":\"https:\/\/www.jschamberi.org\/blog\/?p=2486#breadcrumb\",\"itemListElement\":[{\"@type\":\"ListItem\",\"position\":1,\"name\":\"Home\",\"item\":\"https:\/\/www.jschamberi.org\/blog\/\"},{\"@type\":\"ListItem\",\"position\":2,\"name\":\"Rabia\"}]},{\"@type\":\"WebSite\",\"@id\":\"https:\/\/www.jschamberi.org\/blog\/#website\",\"url\":\"https:\/\/www.jschamberi.org\/blog\/\",\"name\":\"Juventudes Socialistas de Chamber\u00ed\",\"description\":\"\",\"potentialAction\":[{\"@type\":\"SearchAction\",\"target\":{\"@type\":\"EntryPoint\",\"urlTemplate\":\"https:\/\/www.jschamberi.org\/blog\/?s={search_term_string}\"},\"query-input\":{\"@type\":\"PropertyValueSpecification\",\"valueRequired\":true,\"valueName\":\"search_term_string\"}}],\"inLanguage\":\"es\"},{\"@type\":\"Person\",\"@id\":\"https:\/\/www.jschamberi.org\/blog\/#\/schema\/person\/3f82d901471b027bfc456bee2b9d0d3d\",\"name\":\"JSChamberi\",\"image\":{\"@type\":\"ImageObject\",\"inLanguage\":\"es\",\"@id\":\"https:\/\/www.jschamberi.org\/blog\/#\/schema\/person\/image\/\",\"url\":\"https:\/\/secure.gravatar.com\/avatar\/c2d40e2dd384331a8f7f7a2390eaafdb?s=96&d=identicon&r=g\",\"contentUrl\":\"https:\/\/secure.gravatar.com\/avatar\/c2d40e2dd384331a8f7f7a2390eaafdb?s=96&d=identicon&r=g\",\"caption\":\"JSChamberi\"},\"sameAs\":[\"http:\/\/jschamberi.org\"],\"url\":\"https:\/\/www.jschamberi.org\/blog\/?author=20\"}]}<\/script>\n<!-- \/ Yoast SEO plugin. -->","yoast_head_json":{"title":"Rabia - Juventudes Socialistas de Chamber\u00ed","robots":{"index":"index","follow":"follow","max-snippet":"max-snippet:-1","max-image-preview":"max-image-preview:large","max-video-preview":"max-video-preview:-1"},"canonical":"https:\/\/www.jschamberi.org\/blog\/?p=2486","og_locale":"es_ES","og_type":"article","og_title":"Rabia - Juventudes Socialistas de Chamber\u00ed","og_description":"Nos encontramos en un momento pol\u00edtico y econ\u00f3mico como ninguno de nosotros, j\u00f3venes, hab\u00edamos vivido nunca. Momento en el que se nos quitan derechos a diario, se secuestran libertades en cada Consejo de Ministros, se publican datos negativos sociales y econ\u00f3micos, siempre al amparo de una herencia recibida o de una imposici\u00f3n exterior. Los alemanes Leer m\u00e1s","og_url":"https:\/\/www.jschamberi.org\/blog\/?p=2486","og_site_name":"Juventudes Socialistas de Chamber\u00ed","article_published_time":"2012-10-27T15:47:54+00:00","article_modified_time":"2012-10-27T15:50:41+00:00","author":"JSChamberi","twitter_card":"summary_large_image","twitter_misc":{"Escrito por":"JSChamberi","Tiempo de lectura":"3 minutos"},"schema":{"@context":"https:\/\/schema.org","@graph":[{"@type":"WebPage","@id":"https:\/\/www.jschamberi.org\/blog\/?p=2486","url":"https:\/\/www.jschamberi.org\/blog\/?p=2486","name":"Rabia - Juventudes Socialistas de Chamber\u00ed","isPartOf":{"@id":"https:\/\/www.jschamberi.org\/blog\/#website"},"datePublished":"2012-10-27T15:47:54+00:00","dateModified":"2012-10-27T15:50:41+00:00","author":{"@id":"https:\/\/www.jschamberi.org\/blog\/#\/schema\/person\/3f82d901471b027bfc456bee2b9d0d3d"},"breadcrumb":{"@id":"https:\/\/www.jschamberi.org\/blog\/?p=2486#breadcrumb"},"inLanguage":"es","potentialAction":[{"@type":"ReadAction","target":["https:\/\/www.jschamberi.org\/blog\/?p=2486"]}]},{"@type":"BreadcrumbList","@id":"https:\/\/www.jschamberi.org\/blog\/?p=2486#breadcrumb","itemListElement":[{"@type":"ListItem","position":1,"name":"Home","item":"https:\/\/www.jschamberi.org\/blog\/"},{"@type":"ListItem","position":2,"name":"Rabia"}]},{"@type":"WebSite","@id":"https:\/\/www.jschamberi.org\/blog\/#website","url":"https:\/\/www.jschamberi.org\/blog\/","name":"Juventudes Socialistas de Chamber\u00ed","description":"","potentialAction":[{"@type":"SearchAction","target":{"@type":"EntryPoint","urlTemplate":"https:\/\/www.jschamberi.org\/blog\/?s={search_term_string}"},"query-input":{"@type":"PropertyValueSpecification","valueRequired":true,"valueName":"search_term_string"}}],"inLanguage":"es"},{"@type":"Person","@id":"https:\/\/www.jschamberi.org\/blog\/#\/schema\/person\/3f82d901471b027bfc456bee2b9d0d3d","name":"JSChamberi","image":{"@type":"ImageObject","inLanguage":"es","@id":"https:\/\/www.jschamberi.org\/blog\/#\/schema\/person\/image\/","url":"https:\/\/secure.gravatar.com\/avatar\/c2d40e2dd384331a8f7f7a2390eaafdb?s=96&d=identicon&r=g","contentUrl":"https:\/\/secure.gravatar.com\/avatar\/c2d40e2dd384331a8f7f7a2390eaafdb?s=96&d=identicon&r=g","caption":"JSChamberi"},"sameAs":["http:\/\/jschamberi.org"],"url":"https:\/\/www.jschamberi.org\/blog\/?author=20"}]}},"_links":{"self":[{"href":"https:\/\/www.jschamberi.org\/blog\/index.php?rest_route=\/wp\/v2\/posts\/2486"}],"collection":[{"href":"https:\/\/www.jschamberi.org\/blog\/index.php?rest_route=\/wp\/v2\/posts"}],"about":[{"href":"https:\/\/www.jschamberi.org\/blog\/index.php?rest_route=\/wp\/v2\/types\/post"}],"author":[{"embeddable":true,"href":"https:\/\/www.jschamberi.org\/blog\/index.php?rest_route=\/wp\/v2\/users\/20"}],"replies":[{"embeddable":true,"href":"https:\/\/www.jschamberi.org\/blog\/index.php?rest_route=%2Fwp%2Fv2%2Fcomments&post=2486"}],"version-history":[{"count":0,"href":"https:\/\/www.jschamberi.org\/blog\/index.php?rest_route=\/wp\/v2\/posts\/2486\/revisions"}],"wp:attachment":[{"href":"https:\/\/www.jschamberi.org\/blog\/index.php?rest_route=%2Fwp%2Fv2%2Fmedia&parent=2486"}],"wp:term":[{"taxonomy":"category","embeddable":true,"href":"https:\/\/www.jschamberi.org\/blog\/index.php?rest_route=%2Fwp%2Fv2%2Fcategories&post=2486"},{"taxonomy":"post_tag","embeddable":true,"href":"https:\/\/www.jschamberi.org\/blog\/index.php?rest_route=%2Fwp%2Fv2%2Ftags&post=2486"}],"curies":[{"name":"wp","href":"https:\/\/api.w.org\/{rel}","templated":true}]}}