{"id":2305,"date":"2012-09-29T17:02:03","date_gmt":"2012-09-29T16:02:03","guid":{"rendered":"http:\/\/www.jschamberi.org\/blog\/?p=2305"},"modified":"2012-10-20T10:52:08","modified_gmt":"2012-10-20T09:52:08","slug":"asamblea-general-ordinaria","status":"publish","type":"post","link":"https:\/\/www.jschamberi.org\/blog\/?p=2305","title":{"rendered":"Asamblea General Ordinaria"},"content":{"rendered":"<p style=\"text-align: justify;\">Ayer, las Juventudes Socialistas de Chamber\u00ed celebramos nuestra Asamblea General Ordinaria, que comenzaba con la intervenci\u00f3n del compa\u00f1ero y diputado en la Asamblea, Antonio Miguel Carmona, abriendo el acto y record\u00e1ndonos la valent\u00eda de nuestro fundador, Tom\u00e1s Meabe.<\/p>\n<p style=\"text-align: justify;\">El informe de gesti\u00f3n del per\u00edodo 2009-2012, presentado por el Secretario General durante el mismo, Fernando Ruiz Bowen, fue aprobado por unanimidad por los militantes de JSCh.<\/p>\n<p style=\"text-align: justify;\">Poco despu\u00e9s se proced\u00eda a la elecci\u00f3n del nuevo Secretario General, siendo proclamado con todos los votos a favor Pedro Reig Ruiz. Su ejecutiva -que pod\u00e9is consultar bajo estas l\u00edneas- as\u00ed como la lista de delegados al Comit\u00e9 Regional fue, de nuevo, elegida por unanimidad.<\/p>\n<p style=\"text-align: justify;\">Por \u00faltimo, cerr\u00f3 la Asamblea Pl\u00e1cido V\u00e1zquez, Secretario General de las Juventudes Socialistas de Madrid, al que agradecemos las palabras que dedic\u00f3 a nuestra agrupaci\u00f3n.<\/p>\n<p style=\"text-align: justify;\"><!--more--><\/p>\n<p style=\"text-align: justify;\">Como en todos los per\u00edodos de cambio, ahora llega a JSCh un momento ilusionante, en el que todos queremos remar a un solo ritmo para mantener el trabajo que hasta el d\u00eda de hoy hemos llevado a cabo los j\u00f3venes socialistas de Chamber\u00ed. Y si hoy estamos aqu\u00ed, fuertes y orgullosos del trabajo realizado estos \u00faltimos cinco a\u00f1os, es gracias al esfuerzo sin l\u00edmites de nuestro compa\u00f1ero Fernando Ruiz Bowen, al que queremos agradecer -una vez m\u00e1s- su compromiso con esta organizaci\u00f3n.<\/p>\n<p style=\"text-align: justify;\">Damos tambi\u00e9n la enhorabuena al nuevo Secretario General de JSCh, Pedro Reig Ruiz, que ha demostrado valent\u00eda al dar un paso al frente y asumir la responsabilidad de coordinar y gestionar el trabajo de todos los militantes de Chamber\u00ed, as\u00ed como a la nueva Comisi\u00f3n Ejecutiva de Distrito.<\/p>\n<p style=\"text-align: justify;\">Por \u00faltimo, los j\u00f3venes socialistas de Chamber\u00ed queremos dar las gracias personalmente a todos aquellos que vinieron a acompa\u00f1arnos en un momento tan importante para nosotros. A Pl\u00e1cido y Antonio por brindarnos el respaldo que necesit\u00e1bamos en este proceso, a las Juventudes Socialistas de Parla, de Tres Cantos, de Pinto, de Tetu\u00e1n, de Latina. A los compa\u00f1eros de Pozuelo,\u00a0de Fuenlabrada, de Centro, de Ciudad Lineal, de Puente de Vallecas y de Collado Villalba. Muchas gracias en nombre de JSChamber\u00ed.<\/p>\n<p style=\"text-align: center;\"><a href=\"http:\/\/www.jschamberi.org\/blog\/wp-content\/uploads\/2012\/09\/Ejecutiva-JSCh.jpg\"><img loading=\"lazy\" decoding=\"async\" class=\"aligncenter size-full wp-image-2307\" title=\"Ejecutiva JSCh\" src=\"http:\/\/www.jschamberi.org\/blog\/wp-content\/uploads\/2012\/09\/Ejecutiva-JSCh.jpg\" alt=\"\" width=\"670\" height=\"514\" \/><\/a><\/p>\n<p style=\"text-align: center;\"><a href=\"http:\/\/www.jschamberi.org\/blog\/wp-content\/uploads\/2012\/09\/Carmona1.jpg\"><img loading=\"lazy\" decoding=\"async\" title=\"Antonio Miguel Carmona\" src=\"http:\/\/www.jschamberi.org\/blog\/wp-content\/uploads\/2012\/09\/Carmona1-150x150.jpg\" alt=\"\" width=\"150\" height=\"150\" \/><\/a>\u00a0<a href=\"http:\/\/www.jschamberi.org\/blog\/wp-content\/uploads\/2012\/09\/Mesa1.jpg\"><img loading=\"lazy\" decoding=\"async\" title=\"Mesa\" src=\"http:\/\/www.jschamberi.org\/blog\/wp-content\/uploads\/2012\/09\/Mesa1-150x150.jpg\" alt=\"\" width=\"150\" height=\"150\" \/><\/a>\u00a0<a href=\"http:\/\/www.jschamberi.org\/blog\/wp-content\/uploads\/2012\/09\/Fernando-11.jpg\"><img loading=\"lazy\" decoding=\"async\" title=\"Fernando Ruiz Bowen\" src=\"http:\/\/www.jschamberi.org\/blog\/wp-content\/uploads\/2012\/09\/Fernando-11-150x150.jpg\" alt=\"\" width=\"150\" height=\"150\" \/><\/a><\/p>\n<p style=\"text-align: center;\"><a href=\"http:\/\/www.jschamberi.org\/blog\/wp-content\/uploads\/2012\/09\/Paul21.jpg\"><img loading=\"lazy\" decoding=\"async\" title=\"Paulino Rodr\u00edguez\" src=\"http:\/\/www.jschamberi.org\/blog\/wp-content\/uploads\/2012\/09\/Paul21-150x150.jpg\" alt=\"\" width=\"150\" height=\"150\" \/><\/a>\u00a0<a href=\"http:\/\/www.jschamberi.org\/blog\/wp-content\/uploads\/2012\/09\/Regalo1.jpg\"><img loading=\"lazy\" decoding=\"async\" class=\"alignnone size-thumbnail wp-image-2329\" title=\"Regalo\" src=\"http:\/\/www.jschamberi.org\/blog\/wp-content\/uploads\/2012\/09\/Regalo1-150x150.jpg\" alt=\"\" width=\"150\" height=\"150\" \/><\/a>\u00a0<a href=\"http:\/\/www.jschamberi.org\/blog\/wp-content\/uploads\/2012\/09\/Pedro-21.jpg\"><img loading=\"lazy\" decoding=\"async\" title=\"Pedro Reig Ruiz\" src=\"http:\/\/www.jschamberi.org\/blog\/wp-content\/uploads\/2012\/09\/Pedro-21-150x150.jpg\" alt=\"\" width=\"150\" height=\"150\" \/><\/a><\/p>\n<p style=\"text-align: center;\">\u00a0<a href=\"http:\/\/www.jschamberi.org\/blog\/wp-content\/uploads\/2012\/09\/Fer-y-Pl\u00e1cido1.jpg\"><img loading=\"lazy\" decoding=\"async\" title=\"Fernando y Pl\u00e1cido\" src=\"http:\/\/www.jschamberi.org\/blog\/wp-content\/uploads\/2012\/09\/Fer-y-Pl\u00e1cido1-150x150.jpg\" alt=\"\" width=\"150\" height=\"150\" \/><\/a>\u00a0<a href=\"http:\/\/www.jschamberi.org\/blog\/wp-content\/uploads\/2012\/09\/Pedro-Fer-Pl\u00e1cido-y-Diego1.jpg\"><img loading=\"lazy\" decoding=\"async\" class=\"alignnone size-thumbnail wp-image-2324\" title=\"Fernando, Pl\u00e1cido, Pedro y Diego Cruz\" src=\"http:\/\/www.jschamberi.org\/blog\/wp-content\/uploads\/2012\/09\/Pedro-Fer-Pl\u00e1cido-y-Diego1-150x150.jpg\" alt=\"\" width=\"150\" height=\"150\" \/><\/a>\u00a0<a href=\"http:\/\/www.jschamberi.org\/blog\/wp-content\/uploads\/2012\/09\/Ejecutivas1.jpg\"><img loading=\"lazy\" decoding=\"async\" title=\"\" src=\"http:\/\/www.jschamberi.org\/blog\/wp-content\/uploads\/2012\/09\/Ejecutivas1-150x150.jpg\" alt=\"\" width=\"150\" height=\"150\" \/><\/a><\/p>\n<p style=\"text-align: center;\"><a href=\"http:\/\/www.jschamberi.org\/blog\/wp-content\/uploads\/2012\/09\/Todos1.jpg\"><img loading=\"lazy\" decoding=\"async\" class=\"aligncenter size-full wp-image-2331\" title=\"Todos\" src=\"http:\/\/www.jschamberi.org\/blog\/wp-content\/uploads\/2012\/09\/Todos1.jpg\" alt=\"\" width=\"800\" height=\"384\" \/><\/a><\/p>\n<p>&nbsp;<\/p>\n<p>&nbsp;<\/p>\n","protected":false},"excerpt":{"rendered":"<p>Ayer, las Juventudes Socialistas de Chamber\u00ed celebramos nuestra Asamblea General Ordinaria, que comenzaba con la intervenci\u00f3n del compa\u00f1ero y diputado en la Asamblea, Antonio Miguel Carmona, abriendo el acto y record\u00e1ndonos la valent\u00eda de nuestro fundador, Tom\u00e1s Meabe. El informe de gesti\u00f3n del per\u00edodo 2009-2012, presentado por el Secretario General durante el mismo, Fernando Ruiz <a class=\"read-more\" href=\"https:\/\/www.jschamberi.org\/blog\/?p=2305\">Leer m\u00e1s<\/a><\/p>\n","protected":false},"author":20,"featured_media":0,"comment_status":"open","ping_status":"open","sticky":false,"template":"","format":"standard","meta":{"footnotes":""},"categories":[26],"tags":[],"class_list":["post-2305","post","type-post","status-publish","format-standard","hentry","category-opinion"],"yoast_head":"<!-- This site is optimized with the Yoast SEO plugin v23.7 - https:\/\/yoast.com\/wordpress\/plugins\/seo\/ -->\n<title>Asamblea General Ordinaria - Juventudes Socialistas de Chamber\u00ed<\/title>\n<meta name=\"robots\" content=\"index, follow, max-snippet:-1, max-image-preview:large, max-video-preview:-1\" \/>\n<link rel=\"canonical\" href=\"https:\/\/www.jschamberi.org\/blog\/?p=2305\" \/>\n<meta property=\"og:locale\" content=\"es_ES\" \/>\n<meta property=\"og:type\" content=\"article\" \/>\n<meta property=\"og:title\" content=\"Asamblea General Ordinaria - Juventudes Socialistas de Chamber\u00ed\" \/>\n<meta property=\"og:description\" content=\"Ayer, las Juventudes Socialistas de Chamber\u00ed celebramos nuestra Asamblea General Ordinaria, que comenzaba con la intervenci\u00f3n del compa\u00f1ero y diputado en la Asamblea, Antonio Miguel Carmona, abriendo el acto y record\u00e1ndonos la valent\u00eda de nuestro fundador, Tom\u00e1s Meabe. El informe de gesti\u00f3n del per\u00edodo 2009-2012, presentado por el Secretario General durante el mismo, Fernando Ruiz Leer m\u00e1s\" \/>\n<meta property=\"og:url\" content=\"https:\/\/www.jschamberi.org\/blog\/?p=2305\" \/>\n<meta property=\"og:site_name\" content=\"Juventudes Socialistas de Chamber\u00ed\" \/>\n<meta property=\"article:published_time\" content=\"2012-09-29T16:02:03+00:00\" \/>\n<meta property=\"article:modified_time\" content=\"2012-10-20T09:52:08+00:00\" \/>\n<meta name=\"author\" content=\"JSChamberi\" \/>\n<meta name=\"twitter:card\" content=\"summary_large_image\" \/>\n<meta name=\"twitter:label1\" content=\"Escrito por\" \/>\n\t<meta name=\"twitter:data1\" content=\"JSChamberi\" \/>\n\t<meta name=\"twitter:label2\" content=\"Tiempo de lectura\" \/>\n\t<meta name=\"twitter:data2\" content=\"2 minutos\" \/>\n<script type=\"application\/ld+json\" class=\"yoast-schema-graph\">{\"@context\":\"https:\/\/schema.org\",\"@graph\":[{\"@type\":\"WebPage\",\"@id\":\"https:\/\/www.jschamberi.org\/blog\/?p=2305\",\"url\":\"https:\/\/www.jschamberi.org\/blog\/?p=2305\",\"name\":\"Asamblea General Ordinaria - Juventudes Socialistas de Chamber\u00ed\",\"isPartOf\":{\"@id\":\"https:\/\/www.jschamberi.org\/blog\/#website\"},\"primaryImageOfPage\":{\"@id\":\"https:\/\/www.jschamberi.org\/blog\/?p=2305#primaryimage\"},\"image\":{\"@id\":\"https:\/\/www.jschamberi.org\/blog\/?p=2305#primaryimage\"},\"thumbnailUrl\":\"http:\/\/www.jschamberi.org\/blog\/wp-content\/uploads\/2012\/09\/Ejecutiva-JSCh.jpg\",\"datePublished\":\"2012-09-29T16:02:03+00:00\",\"dateModified\":\"2012-10-20T09:52:08+00:00\",\"author\":{\"@id\":\"https:\/\/www.jschamberi.org\/blog\/#\/schema\/person\/3f82d901471b027bfc456bee2b9d0d3d\"},\"breadcrumb\":{\"@id\":\"https:\/\/www.jschamberi.org\/blog\/?p=2305#breadcrumb\"},\"inLanguage\":\"es\",\"potentialAction\":[{\"@type\":\"ReadAction\",\"target\":[\"https:\/\/www.jschamberi.org\/blog\/?p=2305\"]}]},{\"@type\":\"ImageObject\",\"inLanguage\":\"es\",\"@id\":\"https:\/\/www.jschamberi.org\/blog\/?p=2305#primaryimage\",\"url\":\"http:\/\/www.jschamberi.org\/blog\/wp-content\/uploads\/2012\/09\/Ejecutiva-JSCh.jpg\",\"contentUrl\":\"http:\/\/www.jschamberi.org\/blog\/wp-content\/uploads\/2012\/09\/Ejecutiva-JSCh.jpg\"},{\"@type\":\"BreadcrumbList\",\"@id\":\"https:\/\/www.jschamberi.org\/blog\/?p=2305#breadcrumb\",\"itemListElement\":[{\"@type\":\"ListItem\",\"position\":1,\"name\":\"Home\",\"item\":\"https:\/\/www.jschamberi.org\/blog\/\"},{\"@type\":\"ListItem\",\"position\":2,\"name\":\"Asamblea General Ordinaria\"}]},{\"@type\":\"WebSite\",\"@id\":\"https:\/\/www.jschamberi.org\/blog\/#website\",\"url\":\"https:\/\/www.jschamberi.org\/blog\/\",\"name\":\"Juventudes Socialistas de Chamber\u00ed\",\"description\":\"\",\"potentialAction\":[{\"@type\":\"SearchAction\",\"target\":{\"@type\":\"EntryPoint\",\"urlTemplate\":\"https:\/\/www.jschamberi.org\/blog\/?s={search_term_string}\"},\"query-input\":{\"@type\":\"PropertyValueSpecification\",\"valueRequired\":true,\"valueName\":\"search_term_string\"}}],\"inLanguage\":\"es\"},{\"@type\":\"Person\",\"@id\":\"https:\/\/www.jschamberi.org\/blog\/#\/schema\/person\/3f82d901471b027bfc456bee2b9d0d3d\",\"name\":\"JSChamberi\",\"image\":{\"@type\":\"ImageObject\",\"inLanguage\":\"es\",\"@id\":\"https:\/\/www.jschamberi.org\/blog\/#\/schema\/person\/image\/\",\"url\":\"https:\/\/secure.gravatar.com\/avatar\/c2d40e2dd384331a8f7f7a2390eaafdb?s=96&d=identicon&r=g\",\"contentUrl\":\"https:\/\/secure.gravatar.com\/avatar\/c2d40e2dd384331a8f7f7a2390eaafdb?s=96&d=identicon&r=g\",\"caption\":\"JSChamberi\"},\"sameAs\":[\"http:\/\/jschamberi.org\"],\"url\":\"https:\/\/www.jschamberi.org\/blog\/?author=20\"}]}<\/script>\n<!-- \/ Yoast SEO plugin. -->","yoast_head_json":{"title":"Asamblea General Ordinaria - Juventudes Socialistas de Chamber\u00ed","robots":{"index":"index","follow":"follow","max-snippet":"max-snippet:-1","max-image-preview":"max-image-preview:large","max-video-preview":"max-video-preview:-1"},"canonical":"https:\/\/www.jschamberi.org\/blog\/?p=2305","og_locale":"es_ES","og_type":"article","og_title":"Asamblea General Ordinaria - Juventudes Socialistas de Chamber\u00ed","og_description":"Ayer, las Juventudes Socialistas de Chamber\u00ed celebramos nuestra Asamblea General Ordinaria, que comenzaba con la intervenci\u00f3n del compa\u00f1ero y diputado en la Asamblea, Antonio Miguel Carmona, abriendo el acto y record\u00e1ndonos la valent\u00eda de nuestro fundador, Tom\u00e1s Meabe. El informe de gesti\u00f3n del per\u00edodo 2009-2012, presentado por el Secretario General durante el mismo, Fernando Ruiz Leer m\u00e1s","og_url":"https:\/\/www.jschamberi.org\/blog\/?p=2305","og_site_name":"Juventudes Socialistas de Chamber\u00ed","article_published_time":"2012-09-29T16:02:03+00:00","article_modified_time":"2012-10-20T09:52:08+00:00","author":"JSChamberi","twitter_card":"summary_large_image","twitter_misc":{"Escrito por":"JSChamberi","Tiempo de lectura":"2 minutos"},"schema":{"@context":"https:\/\/schema.org","@graph":[{"@type":"WebPage","@id":"https:\/\/www.jschamberi.org\/blog\/?p=2305","url":"https:\/\/www.jschamberi.org\/blog\/?p=2305","name":"Asamblea General Ordinaria - Juventudes Socialistas de Chamber\u00ed","isPartOf":{"@id":"https:\/\/www.jschamberi.org\/blog\/#website"},"primaryImageOfPage":{"@id":"https:\/\/www.jschamberi.org\/blog\/?p=2305#primaryimage"},"image":{"@id":"https:\/\/www.jschamberi.org\/blog\/?p=2305#primaryimage"},"thumbnailUrl":"http:\/\/www.jschamberi.org\/blog\/wp-content\/uploads\/2012\/09\/Ejecutiva-JSCh.jpg","datePublished":"2012-09-29T16:02:03+00:00","dateModified":"2012-10-20T09:52:08+00:00","author":{"@id":"https:\/\/www.jschamberi.org\/blog\/#\/schema\/person\/3f82d901471b027bfc456bee2b9d0d3d"},"breadcrumb":{"@id":"https:\/\/www.jschamberi.org\/blog\/?p=2305#breadcrumb"},"inLanguage":"es","potentialAction":[{"@type":"ReadAction","target":["https:\/\/www.jschamberi.org\/blog\/?p=2305"]}]},{"@type":"ImageObject","inLanguage":"es","@id":"https:\/\/www.jschamberi.org\/blog\/?p=2305#primaryimage","url":"http:\/\/www.jschamberi.org\/blog\/wp-content\/uploads\/2012\/09\/Ejecutiva-JSCh.jpg","contentUrl":"http:\/\/www.jschamberi.org\/blog\/wp-content\/uploads\/2012\/09\/Ejecutiva-JSCh.jpg"},{"@type":"BreadcrumbList","@id":"https:\/\/www.jschamberi.org\/blog\/?p=2305#breadcrumb","itemListElement":[{"@type":"ListItem","position":1,"name":"Home","item":"https:\/\/www.jschamberi.org\/blog\/"},{"@type":"ListItem","position":2,"name":"Asamblea General Ordinaria"}]},{"@type":"WebSite","@id":"https:\/\/www.jschamberi.org\/blog\/#website","url":"https:\/\/www.jschamberi.org\/blog\/","name":"Juventudes Socialistas de Chamber\u00ed","description":"","potentialAction":[{"@type":"SearchAction","target":{"@type":"EntryPoint","urlTemplate":"https:\/\/www.jschamberi.org\/blog\/?s={search_term_string}"},"query-input":{"@type":"PropertyValueSpecification","valueRequired":true,"valueName":"search_term_string"}}],"inLanguage":"es"},{"@type":"Person","@id":"https:\/\/www.jschamberi.org\/blog\/#\/schema\/person\/3f82d901471b027bfc456bee2b9d0d3d","name":"JSChamberi","image":{"@type":"ImageObject","inLanguage":"es","@id":"https:\/\/www.jschamberi.org\/blog\/#\/schema\/person\/image\/","url":"https:\/\/secure.gravatar.com\/avatar\/c2d40e2dd384331a8f7f7a2390eaafdb?s=96&d=identicon&r=g","contentUrl":"https:\/\/secure.gravatar.com\/avatar\/c2d40e2dd384331a8f7f7a2390eaafdb?s=96&d=identicon&r=g","caption":"JSChamberi"},"sameAs":["http:\/\/jschamberi.org"],"url":"https:\/\/www.jschamberi.org\/blog\/?author=20"}]}},"_links":{"self":[{"href":"https:\/\/www.jschamberi.org\/blog\/index.php?rest_route=\/wp\/v2\/posts\/2305"}],"collection":[{"href":"https:\/\/www.jschamberi.org\/blog\/index.php?rest_route=\/wp\/v2\/posts"}],"about":[{"href":"https:\/\/www.jschamberi.org\/blog\/index.php?rest_route=\/wp\/v2\/types\/post"}],"author":[{"embeddable":true,"href":"https:\/\/www.jschamberi.org\/blog\/index.php?rest_route=\/wp\/v2\/users\/20"}],"replies":[{"embeddable":true,"href":"https:\/\/www.jschamberi.org\/blog\/index.php?rest_route=%2Fwp%2Fv2%2Fcomments&post=2305"}],"version-history":[{"count":2,"href":"https:\/\/www.jschamberi.org\/blog\/index.php?rest_route=\/wp\/v2\/posts\/2305\/revisions"}],"predecessor-version":[{"id":2411,"href":"https:\/\/www.jschamberi.org\/blog\/index.php?rest_route=\/wp\/v2\/posts\/2305\/revisions\/2411"}],"wp:attachment":[{"href":"https:\/\/www.jschamberi.org\/blog\/index.php?rest_route=%2Fwp%2Fv2%2Fmedia&parent=2305"}],"wp:term":[{"taxonomy":"category","embeddable":true,"href":"https:\/\/www.jschamberi.org\/blog\/index.php?rest_route=%2Fwp%2Fv2%2Fcategories&post=2305"},{"taxonomy":"post_tag","embeddable":true,"href":"https:\/\/www.jschamberi.org\/blog\/index.php?rest_route=%2Fwp%2Fv2%2Ftags&post=2305"}],"curies":[{"name":"wp","href":"https:\/\/api.w.org\/{rel}","templated":true}]}}