{"id":2282,"date":"2012-05-31T13:12:43","date_gmt":"2012-05-31T12:12:43","guid":{"rendered":"http:\/\/www.jschamberi.org\/blog\/?p=2282"},"modified":"2012-05-31T13:13:41","modified_gmt":"2012-05-31T12:13:41","slug":"reparto-contra-la-subida-de-la-tarifa-del-transporte","status":"publish","type":"post","link":"https:\/\/www.jschamberi.org\/blog\/?p=2282","title":{"rendered":"Reparto contra la subida de la tarifa del transporte"},"content":{"rendered":"<p style=\"text-align: justify;\">El pasado viernes 25 de Mayo, las Juventudes Socialistas de Chamber\u00ed salimos a la calle para denunciar la subida de las tarifas del transporte mediante un reparto informativo en la Glorieta de Quevedo.<\/p>\n<p style=\"text-align: justify;\">Durante un par de horas pudimos conversar con algunos vecinos de Chamber\u00ed sobre lo injusto de esta medida, y repartimos varios centenares de folletos editados por el PSM en los que no solo se criticaba el aumento del precio del transporte p\u00fablico, sino que adem\u00e1s se planteaban alternativas m\u00e1s eficientes y equitativas, como la simplificaci\u00f3n de las zonas tarifarias o un cambio en la financiaci\u00f3n del transporte p\u00fablico madrile\u00f1o que implique la participaci\u00f3n de las grandes corporaciones empresariales, unido a un incentivo \u00a0para aquellas empresas que fomenten el uso del transporte p\u00fablico.<\/p>\n<p><a href=\"http:\/\/www.jschamberi.org\/blog\/wp-content\/uploads\/2012\/05\/reparto-Quevedo.jpg\"><img loading=\"lazy\" decoding=\"async\" class=\"aligncenter size-large wp-image-2283\" title=\"\" src=\"http:\/\/www.jschamberi.org\/blog\/wp-content\/uploads\/2012\/05\/reparto-Quevedo-1024x768.jpg\" alt=\"\" width=\"500\" height=\"375\" \/><\/a><\/p>\n","protected":false},"excerpt":{"rendered":"<p>El pasado viernes 25 de Mayo, las Juventudes Socialistas de Chamber\u00ed salimos a la calle para denunciar la subida de las tarifas del transporte mediante un reparto informativo en la Glorieta de Quevedo. Durante un par de horas pudimos conversar con algunos vecinos de Chamber\u00ed sobre lo injusto de esta medida, y repartimos varios centenares <a class=\"read-more\" href=\"https:\/\/www.jschamberi.org\/blog\/?p=2282\">Leer m\u00e1s<\/a><\/p>\n","protected":false},"author":20,"featured_media":0,"comment_status":"open","ping_status":"open","sticky":false,"template":"","format":"standard","meta":{"footnotes":""},"categories":[13],"tags":[],"class_list":["post-2282","post","type-post","status-publish","format-standard","hentry","category-eventos"],"yoast_head":"<!-- This site is optimized with the Yoast SEO plugin v23.7 - https:\/\/yoast.com\/wordpress\/plugins\/seo\/ -->\n<title>Reparto contra la subida de la tarifa del transporte - Juventudes Socialistas de Chamber\u00ed<\/title>\n<meta name=\"robots\" content=\"index, follow, max-snippet:-1, max-image-preview:large, max-video-preview:-1\" \/>\n<link rel=\"canonical\" href=\"https:\/\/www.jschamberi.org\/blog\/?p=2282\" \/>\n<meta property=\"og:locale\" content=\"es_ES\" \/>\n<meta property=\"og:type\" content=\"article\" \/>\n<meta property=\"og:title\" content=\"Reparto contra la subida de la tarifa del transporte - Juventudes Socialistas de Chamber\u00ed\" \/>\n<meta property=\"og:description\" content=\"El pasado viernes 25 de Mayo, las Juventudes Socialistas de Chamber\u00ed salimos a la calle para denunciar la subida de las tarifas del transporte mediante un reparto informativo en la Glorieta de Quevedo. Durante un par de horas pudimos conversar con algunos vecinos de Chamber\u00ed sobre lo injusto de esta medida, y repartimos varios centenares Leer m\u00e1s\" \/>\n<meta property=\"og:url\" content=\"https:\/\/www.jschamberi.org\/blog\/?p=2282\" \/>\n<meta property=\"og:site_name\" content=\"Juventudes Socialistas de Chamber\u00ed\" \/>\n<meta property=\"article:published_time\" content=\"2012-05-31T12:12:43+00:00\" \/>\n<meta property=\"article:modified_time\" content=\"2012-05-31T12:13:41+00:00\" \/>\n<meta name=\"author\" content=\"JSChamberi\" \/>\n<meta name=\"twitter:card\" content=\"summary_large_image\" \/>\n<meta name=\"twitter:label1\" content=\"Escrito por\" \/>\n\t<meta name=\"twitter:data1\" content=\"JSChamberi\" \/>\n\t<meta name=\"twitter:label2\" content=\"Tiempo de lectura\" \/>\n\t<meta name=\"twitter:data2\" content=\"1 minuto\" \/>\n<script type=\"application\/ld+json\" class=\"yoast-schema-graph\">{\"@context\":\"https:\/\/schema.org\",\"@graph\":[{\"@type\":\"WebPage\",\"@id\":\"https:\/\/www.jschamberi.org\/blog\/?p=2282\",\"url\":\"https:\/\/www.jschamberi.org\/blog\/?p=2282\",\"name\":\"Reparto contra la subida de la tarifa del transporte - Juventudes Socialistas de Chamber\u00ed\",\"isPartOf\":{\"@id\":\"https:\/\/www.jschamberi.org\/blog\/#website\"},\"primaryImageOfPage\":{\"@id\":\"https:\/\/www.jschamberi.org\/blog\/?p=2282#primaryimage\"},\"image\":{\"@id\":\"https:\/\/www.jschamberi.org\/blog\/?p=2282#primaryimage\"},\"thumbnailUrl\":\"http:\/\/www.jschamberi.org\/blog\/wp-content\/uploads\/2012\/05\/reparto-Quevedo-1024x768.jpg\",\"datePublished\":\"2012-05-31T12:12:43+00:00\",\"dateModified\":\"2012-05-31T12:13:41+00:00\",\"author\":{\"@id\":\"https:\/\/www.jschamberi.org\/blog\/#\/schema\/person\/3f82d901471b027bfc456bee2b9d0d3d\"},\"breadcrumb\":{\"@id\":\"https:\/\/www.jschamberi.org\/blog\/?p=2282#breadcrumb\"},\"inLanguage\":\"es\",\"potentialAction\":[{\"@type\":\"ReadAction\",\"target\":[\"https:\/\/www.jschamberi.org\/blog\/?p=2282\"]}]},{\"@type\":\"ImageObject\",\"inLanguage\":\"es\",\"@id\":\"https:\/\/www.jschamberi.org\/blog\/?p=2282#primaryimage\",\"url\":\"\",\"contentUrl\":\"\"},{\"@type\":\"BreadcrumbList\",\"@id\":\"https:\/\/www.jschamberi.org\/blog\/?p=2282#breadcrumb\",\"itemListElement\":[{\"@type\":\"ListItem\",\"position\":1,\"name\":\"Home\",\"item\":\"https:\/\/www.jschamberi.org\/blog\/\"},{\"@type\":\"ListItem\",\"position\":2,\"name\":\"Reparto contra la subida de la tarifa del transporte\"}]},{\"@type\":\"WebSite\",\"@id\":\"https:\/\/www.jschamberi.org\/blog\/#website\",\"url\":\"https:\/\/www.jschamberi.org\/blog\/\",\"name\":\"Juventudes Socialistas de Chamber\u00ed\",\"description\":\"\",\"potentialAction\":[{\"@type\":\"SearchAction\",\"target\":{\"@type\":\"EntryPoint\",\"urlTemplate\":\"https:\/\/www.jschamberi.org\/blog\/?s={search_term_string}\"},\"query-input\":{\"@type\":\"PropertyValueSpecification\",\"valueRequired\":true,\"valueName\":\"search_term_string\"}}],\"inLanguage\":\"es\"},{\"@type\":\"Person\",\"@id\":\"https:\/\/www.jschamberi.org\/blog\/#\/schema\/person\/3f82d901471b027bfc456bee2b9d0d3d\",\"name\":\"JSChamberi\",\"image\":{\"@type\":\"ImageObject\",\"inLanguage\":\"es\",\"@id\":\"https:\/\/www.jschamberi.org\/blog\/#\/schema\/person\/image\/\",\"url\":\"https:\/\/secure.gravatar.com\/avatar\/c2d40e2dd384331a8f7f7a2390eaafdb?s=96&d=identicon&r=g\",\"contentUrl\":\"https:\/\/secure.gravatar.com\/avatar\/c2d40e2dd384331a8f7f7a2390eaafdb?s=96&d=identicon&r=g\",\"caption\":\"JSChamberi\"},\"sameAs\":[\"http:\/\/jschamberi.org\"],\"url\":\"https:\/\/www.jschamberi.org\/blog\/?author=20\"}]}<\/script>\n<!-- \/ Yoast SEO plugin. -->","yoast_head_json":{"title":"Reparto contra la subida de la tarifa del transporte - Juventudes Socialistas de Chamber\u00ed","robots":{"index":"index","follow":"follow","max-snippet":"max-snippet:-1","max-image-preview":"max-image-preview:large","max-video-preview":"max-video-preview:-1"},"canonical":"https:\/\/www.jschamberi.org\/blog\/?p=2282","og_locale":"es_ES","og_type":"article","og_title":"Reparto contra la subida de la tarifa del transporte - Juventudes Socialistas de Chamber\u00ed","og_description":"El pasado viernes 25 de Mayo, las Juventudes Socialistas de Chamber\u00ed salimos a la calle para denunciar la subida de las tarifas del transporte mediante un reparto informativo en la Glorieta de Quevedo. Durante un par de horas pudimos conversar con algunos vecinos de Chamber\u00ed sobre lo injusto de esta medida, y repartimos varios centenares Leer m\u00e1s","og_url":"https:\/\/www.jschamberi.org\/blog\/?p=2282","og_site_name":"Juventudes Socialistas de Chamber\u00ed","article_published_time":"2012-05-31T12:12:43+00:00","article_modified_time":"2012-05-31T12:13:41+00:00","author":"JSChamberi","twitter_card":"summary_large_image","twitter_misc":{"Escrito por":"JSChamberi","Tiempo de lectura":"1 minuto"},"schema":{"@context":"https:\/\/schema.org","@graph":[{"@type":"WebPage","@id":"https:\/\/www.jschamberi.org\/blog\/?p=2282","url":"https:\/\/www.jschamberi.org\/blog\/?p=2282","name":"Reparto contra la subida de la tarifa del transporte - Juventudes Socialistas de Chamber\u00ed","isPartOf":{"@id":"https:\/\/www.jschamberi.org\/blog\/#website"},"primaryImageOfPage":{"@id":"https:\/\/www.jschamberi.org\/blog\/?p=2282#primaryimage"},"image":{"@id":"https:\/\/www.jschamberi.org\/blog\/?p=2282#primaryimage"},"thumbnailUrl":"http:\/\/www.jschamberi.org\/blog\/wp-content\/uploads\/2012\/05\/reparto-Quevedo-1024x768.jpg","datePublished":"2012-05-31T12:12:43+00:00","dateModified":"2012-05-31T12:13:41+00:00","author":{"@id":"https:\/\/www.jschamberi.org\/blog\/#\/schema\/person\/3f82d901471b027bfc456bee2b9d0d3d"},"breadcrumb":{"@id":"https:\/\/www.jschamberi.org\/blog\/?p=2282#breadcrumb"},"inLanguage":"es","potentialAction":[{"@type":"ReadAction","target":["https:\/\/www.jschamberi.org\/blog\/?p=2282"]}]},{"@type":"ImageObject","inLanguage":"es","@id":"https:\/\/www.jschamberi.org\/blog\/?p=2282#primaryimage","url":"","contentUrl":""},{"@type":"BreadcrumbList","@id":"https:\/\/www.jschamberi.org\/blog\/?p=2282#breadcrumb","itemListElement":[{"@type":"ListItem","position":1,"name":"Home","item":"https:\/\/www.jschamberi.org\/blog\/"},{"@type":"ListItem","position":2,"name":"Reparto contra la subida de la tarifa del transporte"}]},{"@type":"WebSite","@id":"https:\/\/www.jschamberi.org\/blog\/#website","url":"https:\/\/www.jschamberi.org\/blog\/","name":"Juventudes Socialistas de Chamber\u00ed","description":"","potentialAction":[{"@type":"SearchAction","target":{"@type":"EntryPoint","urlTemplate":"https:\/\/www.jschamberi.org\/blog\/?s={search_term_string}"},"query-input":{"@type":"PropertyValueSpecification","valueRequired":true,"valueName":"search_term_string"}}],"inLanguage":"es"},{"@type":"Person","@id":"https:\/\/www.jschamberi.org\/blog\/#\/schema\/person\/3f82d901471b027bfc456bee2b9d0d3d","name":"JSChamberi","image":{"@type":"ImageObject","inLanguage":"es","@id":"https:\/\/www.jschamberi.org\/blog\/#\/schema\/person\/image\/","url":"https:\/\/secure.gravatar.com\/avatar\/c2d40e2dd384331a8f7f7a2390eaafdb?s=96&d=identicon&r=g","contentUrl":"https:\/\/secure.gravatar.com\/avatar\/c2d40e2dd384331a8f7f7a2390eaafdb?s=96&d=identicon&r=g","caption":"JSChamberi"},"sameAs":["http:\/\/jschamberi.org"],"url":"https:\/\/www.jschamberi.org\/blog\/?author=20"}]}},"_links":{"self":[{"href":"https:\/\/www.jschamberi.org\/blog\/index.php?rest_route=\/wp\/v2\/posts\/2282"}],"collection":[{"href":"https:\/\/www.jschamberi.org\/blog\/index.php?rest_route=\/wp\/v2\/posts"}],"about":[{"href":"https:\/\/www.jschamberi.org\/blog\/index.php?rest_route=\/wp\/v2\/types\/post"}],"author":[{"embeddable":true,"href":"https:\/\/www.jschamberi.org\/blog\/index.php?rest_route=\/wp\/v2\/users\/20"}],"replies":[{"embeddable":true,"href":"https:\/\/www.jschamberi.org\/blog\/index.php?rest_route=%2Fwp%2Fv2%2Fcomments&post=2282"}],"version-history":[{"count":0,"href":"https:\/\/www.jschamberi.org\/blog\/index.php?rest_route=\/wp\/v2\/posts\/2282\/revisions"}],"wp:attachment":[{"href":"https:\/\/www.jschamberi.org\/blog\/index.php?rest_route=%2Fwp%2Fv2%2Fmedia&parent=2282"}],"wp:term":[{"taxonomy":"category","embeddable":true,"href":"https:\/\/www.jschamberi.org\/blog\/index.php?rest_route=%2Fwp%2Fv2%2Fcategories&post=2282"},{"taxonomy":"post_tag","embeddable":true,"href":"https:\/\/www.jschamberi.org\/blog\/index.php?rest_route=%2Fwp%2Fv2%2Ftags&post=2282"}],"curies":[{"name":"wp","href":"https:\/\/api.w.org\/{rel}","templated":true}]}}