{"id":2220,"date":"2012-05-14T18:28:15","date_gmt":"2012-05-14T17:28:15","guid":{"rendered":"http:\/\/www.jschamberi.org\/blog\/?p=2220"},"modified":"2012-05-15T13:40:38","modified_gmt":"2012-05-15T12:40:38","slug":"acto-dia-de-europa","status":"publish","type":"post","link":"https:\/\/www.jschamberi.org\/blog\/?p=2220","title":{"rendered":"Acto: D\u00eda de Europa"},"content":{"rendered":"<p style=\"text-align: center;\">\u00a0<a href=\"http:\/\/www.jschamberi.org\/blog\/wp-content\/uploads\/2012\/05\/europe_day_2012_medium_esd.jpg\"><img loading=\"lazy\" decoding=\"async\" class=\"aligncenter size-full wp-image-2235\" title=\"europe_day_2012_medium_esd\" src=\"http:\/\/www.jschamberi.org\/blog\/wp-content\/uploads\/2012\/05\/europe_day_2012_medium_esd.jpg\" alt=\"\" width=\"560\" height=\"315\" srcset=\"https:\/\/www.jschamberi.org\/blog\/wp-content\/uploads\/2012\/05\/europe_day_2012_medium_esd.jpg 800w, https:\/\/www.jschamberi.org\/blog\/wp-content\/uploads\/2012\/05\/europe_day_2012_medium_esd-300x168.jpg 300w\" sizes=\"(max-width: 560px) 100vw, 560px\" \/><\/a><\/p>\n<p>El mi\u00e9rcoles 9, d\u00eda de Europa, tuvo lugar en la Agrupaci\u00f3n Socialista de Chamber\u00ed un acto sobre el &#8220;futuro de Europa&#8221;, o dicho de otra manera sobre &#8220;\u00bfQu\u00e9 nos depara Europa?&#8221;, en el que intervino Pablo Iglesias Turri\u00f3n, profesor de Ciencia Pol\u00edtica en la Universidad Complutense de Madrid y colaborador en medios de comunicaci\u00f3n como P\u00fablico, Diagonal o La Tuerka.<\/p>\n<p>Nuestro invitado habl\u00f3 de lo que represent\u00f3 el proyecto de Europa en el contexto de la Guerra Fr\u00eda y tras la ca\u00edda de la URSS, adem\u00e1s de dedicar un espacio a la crisis actual y c\u00f3mo se estaba tratando la misma en la UE. El acto finaliz\u00f3 con un intenso debate sobre la situaci\u00f3n que estabamos viviendo ahora, ya no solo en la UE sino en Espa\u00f1a y si el gobierno estaba actuando de manera apropiada en cuanto a las circunstancias pol\u00edticas, econ\u00f3micas y sociales del momento.<\/p>\n<p>Les agradecemos a todos aquellos que se pasaron por la agrupaci\u00f3n su participaci\u00f3n en este interesante debate sobre Europa, y por supuesto al profesor Pablo Iglesias por su colaboraci\u00f3n en el mismo. Esperamos que hayan disfrutado del acto, tanto como nosotros disfrutamos prepar\u00e1ndolo.<\/p>\n<pre><a href=\"http:\/\/www.jschamberi.org\/blog\/wp-content\/uploads\/2012\/05\/europe_day_2012_medium_es.jpg\"><img loading=\"lazy\" decoding=\"async\" class=\"aligncenter size-full wp-image-2221\" title=\"europe_day_2012_medium_es\" src=\"http:\/\/www.jschamberi.org\/blog\/wp-content\/uploads\/2012\/05\/europe_day_2012_medium_es.jpg\" alt=\"\" width=\"221\" height=\"300\" \/><\/a><\/pre>\n<p dir=\"ltr\" align=\"center\"><span style=\"font-family: 'Times New Roman'; font-size: medium;\"><br \/>\n<\/span><\/p>\n<p>&nbsp;<\/p>\n","protected":false},"excerpt":{"rendered":"<p>\u00a0 El mi\u00e9rcoles 9, d\u00eda de Europa, tuvo lugar en la Agrupaci\u00f3n Socialista de Chamber\u00ed un acto sobre el &#8220;futuro de Europa&#8221;, o dicho de otra manera sobre &#8220;\u00bfQu\u00e9 nos depara Europa?&#8221;, en el que intervino Pablo Iglesias Turri\u00f3n, profesor de Ciencia Pol\u00edtica en la Universidad Complutense de Madrid y colaborador en medios de comunicaci\u00f3n <a class=\"read-more\" href=\"https:\/\/www.jschamberi.org\/blog\/?p=2220\">Leer m\u00e1s<\/a><\/p>\n","protected":false},"author":20,"featured_media":0,"comment_status":"open","ping_status":"open","sticky":false,"template":"","format":"standard","meta":{"footnotes":""},"categories":[13,47],"tags":[],"class_list":["post-2220","post","type-post","status-publish","format-standard","hentry","category-eventos","category-outside"],"yoast_head":"<!-- This site is optimized with the Yoast SEO plugin v23.7 - https:\/\/yoast.com\/wordpress\/plugins\/seo\/ -->\n<title>Acto: D\u00eda de Europa - Juventudes Socialistas de Chamber\u00ed<\/title>\n<meta name=\"robots\" content=\"index, follow, max-snippet:-1, max-image-preview:large, max-video-preview:-1\" \/>\n<link rel=\"canonical\" href=\"https:\/\/www.jschamberi.org\/blog\/?p=2220\" \/>\n<meta property=\"og:locale\" content=\"es_ES\" \/>\n<meta property=\"og:type\" content=\"article\" \/>\n<meta property=\"og:title\" content=\"Acto: D\u00eda de Europa - Juventudes Socialistas de Chamber\u00ed\" \/>\n<meta property=\"og:description\" content=\"\u00a0 El mi\u00e9rcoles 9, d\u00eda de Europa, tuvo lugar en la Agrupaci\u00f3n Socialista de Chamber\u00ed un acto sobre el &#8220;futuro de Europa&#8221;, o dicho de otra manera sobre &#8220;\u00bfQu\u00e9 nos depara Europa?&#8221;, en el que intervino Pablo Iglesias Turri\u00f3n, profesor de Ciencia Pol\u00edtica en la Universidad Complutense de Madrid y colaborador en medios de comunicaci\u00f3n Leer m\u00e1s\" \/>\n<meta property=\"og:url\" content=\"https:\/\/www.jschamberi.org\/blog\/?p=2220\" \/>\n<meta property=\"og:site_name\" content=\"Juventudes Socialistas de Chamber\u00ed\" \/>\n<meta property=\"article:published_time\" content=\"2012-05-14T17:28:15+00:00\" \/>\n<meta property=\"article:modified_time\" content=\"2012-05-15T12:40:38+00:00\" \/>\n<meta property=\"og:image\" content=\"https:\/\/www.jschamberi.org\/blog\/wp-content\/uploads\/2012\/05\/europe_day_2012_medium_esd.jpg\" \/>\n\t<meta property=\"og:image:width\" content=\"800\" \/>\n\t<meta property=\"og:image:height\" content=\"450\" \/>\n\t<meta property=\"og:image:type\" content=\"image\/jpeg\" \/>\n<meta name=\"author\" content=\"JSChamberi\" \/>\n<meta name=\"twitter:card\" content=\"summary_large_image\" \/>\n<meta name=\"twitter:label1\" content=\"Escrito por\" \/>\n\t<meta name=\"twitter:data1\" content=\"JSChamberi\" \/>\n\t<meta name=\"twitter:label2\" content=\"Tiempo de lectura\" \/>\n\t<meta name=\"twitter:data2\" content=\"1 minuto\" \/>\n<script type=\"application\/ld+json\" class=\"yoast-schema-graph\">{\"@context\":\"https:\/\/schema.org\",\"@graph\":[{\"@type\":\"WebPage\",\"@id\":\"https:\/\/www.jschamberi.org\/blog\/?p=2220\",\"url\":\"https:\/\/www.jschamberi.org\/blog\/?p=2220\",\"name\":\"Acto: D\u00eda de Europa - Juventudes Socialistas de Chamber\u00ed\",\"isPartOf\":{\"@id\":\"https:\/\/www.jschamberi.org\/blog\/#website\"},\"primaryImageOfPage\":{\"@id\":\"https:\/\/www.jschamberi.org\/blog\/?p=2220#primaryimage\"},\"image\":{\"@id\":\"https:\/\/www.jschamberi.org\/blog\/?p=2220#primaryimage\"},\"thumbnailUrl\":\"http:\/\/www.jschamberi.org\/blog\/wp-content\/uploads\/2012\/05\/europe_day_2012_medium_esd.jpg\",\"datePublished\":\"2012-05-14T17:28:15+00:00\",\"dateModified\":\"2012-05-15T12:40:38+00:00\",\"author\":{\"@id\":\"https:\/\/www.jschamberi.org\/blog\/#\/schema\/person\/3f82d901471b027bfc456bee2b9d0d3d\"},\"breadcrumb\":{\"@id\":\"https:\/\/www.jschamberi.org\/blog\/?p=2220#breadcrumb\"},\"inLanguage\":\"es\",\"potentialAction\":[{\"@type\":\"ReadAction\",\"target\":[\"https:\/\/www.jschamberi.org\/blog\/?p=2220\"]}]},{\"@type\":\"ImageObject\",\"inLanguage\":\"es\",\"@id\":\"https:\/\/www.jschamberi.org\/blog\/?p=2220#primaryimage\",\"url\":\"http:\/\/www.jschamberi.org\/blog\/wp-content\/uploads\/2012\/05\/europe_day_2012_medium_esd.jpg\",\"contentUrl\":\"http:\/\/www.jschamberi.org\/blog\/wp-content\/uploads\/2012\/05\/europe_day_2012_medium_esd.jpg\"},{\"@type\":\"BreadcrumbList\",\"@id\":\"https:\/\/www.jschamberi.org\/blog\/?p=2220#breadcrumb\",\"itemListElement\":[{\"@type\":\"ListItem\",\"position\":1,\"name\":\"Home\",\"item\":\"https:\/\/www.jschamberi.org\/blog\/\"},{\"@type\":\"ListItem\",\"position\":2,\"name\":\"Acto: D\u00eda de Europa\"}]},{\"@type\":\"WebSite\",\"@id\":\"https:\/\/www.jschamberi.org\/blog\/#website\",\"url\":\"https:\/\/www.jschamberi.org\/blog\/\",\"name\":\"Juventudes Socialistas de Chamber\u00ed\",\"description\":\"\",\"potentialAction\":[{\"@type\":\"SearchAction\",\"target\":{\"@type\":\"EntryPoint\",\"urlTemplate\":\"https:\/\/www.jschamberi.org\/blog\/?s={search_term_string}\"},\"query-input\":{\"@type\":\"PropertyValueSpecification\",\"valueRequired\":true,\"valueName\":\"search_term_string\"}}],\"inLanguage\":\"es\"},{\"@type\":\"Person\",\"@id\":\"https:\/\/www.jschamberi.org\/blog\/#\/schema\/person\/3f82d901471b027bfc456bee2b9d0d3d\",\"name\":\"JSChamberi\",\"image\":{\"@type\":\"ImageObject\",\"inLanguage\":\"es\",\"@id\":\"https:\/\/www.jschamberi.org\/blog\/#\/schema\/person\/image\/\",\"url\":\"https:\/\/secure.gravatar.com\/avatar\/c2d40e2dd384331a8f7f7a2390eaafdb?s=96&d=identicon&r=g\",\"contentUrl\":\"https:\/\/secure.gravatar.com\/avatar\/c2d40e2dd384331a8f7f7a2390eaafdb?s=96&d=identicon&r=g\",\"caption\":\"JSChamberi\"},\"sameAs\":[\"http:\/\/jschamberi.org\"],\"url\":\"https:\/\/www.jschamberi.org\/blog\/?author=20\"}]}<\/script>\n<!-- \/ Yoast SEO plugin. -->","yoast_head_json":{"title":"Acto: D\u00eda de Europa - Juventudes Socialistas de Chamber\u00ed","robots":{"index":"index","follow":"follow","max-snippet":"max-snippet:-1","max-image-preview":"max-image-preview:large","max-video-preview":"max-video-preview:-1"},"canonical":"https:\/\/www.jschamberi.org\/blog\/?p=2220","og_locale":"es_ES","og_type":"article","og_title":"Acto: D\u00eda de Europa - Juventudes Socialistas de Chamber\u00ed","og_description":"\u00a0 El mi\u00e9rcoles 9, d\u00eda de Europa, tuvo lugar en la Agrupaci\u00f3n Socialista de Chamber\u00ed un acto sobre el &#8220;futuro de Europa&#8221;, o dicho de otra manera sobre &#8220;\u00bfQu\u00e9 nos depara Europa?&#8221;, en el que intervino Pablo Iglesias Turri\u00f3n, profesor de Ciencia Pol\u00edtica en la Universidad Complutense de Madrid y colaborador en medios de comunicaci\u00f3n Leer m\u00e1s","og_url":"https:\/\/www.jschamberi.org\/blog\/?p=2220","og_site_name":"Juventudes Socialistas de Chamber\u00ed","article_published_time":"2012-05-14T17:28:15+00:00","article_modified_time":"2012-05-15T12:40:38+00:00","og_image":[{"width":800,"height":450,"url":"https:\/\/www.jschamberi.org\/blog\/wp-content\/uploads\/2012\/05\/europe_day_2012_medium_esd.jpg","type":"image\/jpeg"}],"author":"JSChamberi","twitter_card":"summary_large_image","twitter_misc":{"Escrito por":"JSChamberi","Tiempo de lectura":"1 minuto"},"schema":{"@context":"https:\/\/schema.org","@graph":[{"@type":"WebPage","@id":"https:\/\/www.jschamberi.org\/blog\/?p=2220","url":"https:\/\/www.jschamberi.org\/blog\/?p=2220","name":"Acto: D\u00eda de Europa - Juventudes Socialistas de Chamber\u00ed","isPartOf":{"@id":"https:\/\/www.jschamberi.org\/blog\/#website"},"primaryImageOfPage":{"@id":"https:\/\/www.jschamberi.org\/blog\/?p=2220#primaryimage"},"image":{"@id":"https:\/\/www.jschamberi.org\/blog\/?p=2220#primaryimage"},"thumbnailUrl":"http:\/\/www.jschamberi.org\/blog\/wp-content\/uploads\/2012\/05\/europe_day_2012_medium_esd.jpg","datePublished":"2012-05-14T17:28:15+00:00","dateModified":"2012-05-15T12:40:38+00:00","author":{"@id":"https:\/\/www.jschamberi.org\/blog\/#\/schema\/person\/3f82d901471b027bfc456bee2b9d0d3d"},"breadcrumb":{"@id":"https:\/\/www.jschamberi.org\/blog\/?p=2220#breadcrumb"},"inLanguage":"es","potentialAction":[{"@type":"ReadAction","target":["https:\/\/www.jschamberi.org\/blog\/?p=2220"]}]},{"@type":"ImageObject","inLanguage":"es","@id":"https:\/\/www.jschamberi.org\/blog\/?p=2220#primaryimage","url":"http:\/\/www.jschamberi.org\/blog\/wp-content\/uploads\/2012\/05\/europe_day_2012_medium_esd.jpg","contentUrl":"http:\/\/www.jschamberi.org\/blog\/wp-content\/uploads\/2012\/05\/europe_day_2012_medium_esd.jpg"},{"@type":"BreadcrumbList","@id":"https:\/\/www.jschamberi.org\/blog\/?p=2220#breadcrumb","itemListElement":[{"@type":"ListItem","position":1,"name":"Home","item":"https:\/\/www.jschamberi.org\/blog\/"},{"@type":"ListItem","position":2,"name":"Acto: D\u00eda de Europa"}]},{"@type":"WebSite","@id":"https:\/\/www.jschamberi.org\/blog\/#website","url":"https:\/\/www.jschamberi.org\/blog\/","name":"Juventudes Socialistas de Chamber\u00ed","description":"","potentialAction":[{"@type":"SearchAction","target":{"@type":"EntryPoint","urlTemplate":"https:\/\/www.jschamberi.org\/blog\/?s={search_term_string}"},"query-input":{"@type":"PropertyValueSpecification","valueRequired":true,"valueName":"search_term_string"}}],"inLanguage":"es"},{"@type":"Person","@id":"https:\/\/www.jschamberi.org\/blog\/#\/schema\/person\/3f82d901471b027bfc456bee2b9d0d3d","name":"JSChamberi","image":{"@type":"ImageObject","inLanguage":"es","@id":"https:\/\/www.jschamberi.org\/blog\/#\/schema\/person\/image\/","url":"https:\/\/secure.gravatar.com\/avatar\/c2d40e2dd384331a8f7f7a2390eaafdb?s=96&d=identicon&r=g","contentUrl":"https:\/\/secure.gravatar.com\/avatar\/c2d40e2dd384331a8f7f7a2390eaafdb?s=96&d=identicon&r=g","caption":"JSChamberi"},"sameAs":["http:\/\/jschamberi.org"],"url":"https:\/\/www.jschamberi.org\/blog\/?author=20"}]}},"_links":{"self":[{"href":"https:\/\/www.jschamberi.org\/blog\/index.php?rest_route=\/wp\/v2\/posts\/2220"}],"collection":[{"href":"https:\/\/www.jschamberi.org\/blog\/index.php?rest_route=\/wp\/v2\/posts"}],"about":[{"href":"https:\/\/www.jschamberi.org\/blog\/index.php?rest_route=\/wp\/v2\/types\/post"}],"author":[{"embeddable":true,"href":"https:\/\/www.jschamberi.org\/blog\/index.php?rest_route=\/wp\/v2\/users\/20"}],"replies":[{"embeddable":true,"href":"https:\/\/www.jschamberi.org\/blog\/index.php?rest_route=%2Fwp%2Fv2%2Fcomments&post=2220"}],"version-history":[{"count":4,"href":"https:\/\/www.jschamberi.org\/blog\/index.php?rest_route=\/wp\/v2\/posts\/2220\/revisions"}],"predecessor-version":[{"id":2234,"href":"https:\/\/www.jschamberi.org\/blog\/index.php?rest_route=\/wp\/v2\/posts\/2220\/revisions\/2234"}],"wp:attachment":[{"href":"https:\/\/www.jschamberi.org\/blog\/index.php?rest_route=%2Fwp%2Fv2%2Fmedia&parent=2220"}],"wp:term":[{"taxonomy":"category","embeddable":true,"href":"https:\/\/www.jschamberi.org\/blog\/index.php?rest_route=%2Fwp%2Fv2%2Fcategories&post=2220"},{"taxonomy":"post_tag","embeddable":true,"href":"https:\/\/www.jschamberi.org\/blog\/index.php?rest_route=%2Fwp%2Fv2%2Ftags&post=2220"}],"curies":[{"name":"wp","href":"https:\/\/api.w.org\/{rel}","templated":true}]}}