{"id":2093,"date":"2012-02-25T18:13:07","date_gmt":"2012-02-25T17:13:07","guid":{"rendered":"http:\/\/www.jschamberi.org\/blog\/?p=2093"},"modified":"2012-04-16T19:58:26","modified_gmt":"2012-04-16T18:58:26","slug":"acto-la-mareaverde","status":"publish","type":"post","link":"https:\/\/www.jschamberi.org\/blog\/?p=2093","title":{"rendered":"Acto: la #MareaVerde"},"content":{"rendered":"<p style=\"text-align: center;\"><a href=\"http:\/\/www.jschamberi.org\/blog\/wp-content\/uploads\/2012\/02\/Portada.jpg\"><img loading=\"lazy\" decoding=\"async\" class=\"size-large wp-image-2094 aligncenter\" src=\"http:\/\/www.jschamberi.org\/blog\/wp-content\/uploads\/2012\/02\/Portada-1024x682.jpg\" alt=\"\" width=\"500\" height=\"333\" \/><\/a><\/p>\n<p>&nbsp;<\/p>\n<p style=\"text-align: justify;\">El pasado mi\u00e9rcoles 15 de febrero pudimos disfrutar en JSChamber\u00ed de un acto promovido desde las secretar\u00edas de Movimientos Sociales y Educaci\u00f3n, en el que fueron expuestos los or\u00edgenes de la llamada Marea Verde, as\u00ed como la realidad del sistema p\u00fablico de educaci\u00f3n de la Comunidad de Madrid.<\/p>\n<p>\u00a0<!--more--><\/p>\n<p><img loading=\"lazy\" decoding=\"async\" class=\"alignleft size-medium wp-image-2095\" title=\"\" src=\"http:\/\/www.jschamberi.org\/blog\/wp-content\/uploads\/2012\/02\/Foto-1-300x200.jpg\" alt=\"\" width=\"300\" height=\"200\" \/><\/p>\n<p style=\"text-align: justify;\">El acto, presentado por Sergio Rojo \u2013secretario de MMSS de JSCh-, cont\u00f3 con la intervenci\u00f3n de dos ponentes. Por un lado, Marina Pascual, responsable del \u00e1rea de educaci\u00f3n de JSCh y funcionaria del cuerpo de profesores de la CAM, nos present\u00f3 la situaci\u00f3n actual de la escuela p\u00fablica madrile\u00f1a.<\/p>\n<p style=\"text-align: justify;\">Despu\u00e9s, un miembro de la ejecutiva de la FAPA Giner de los R\u00edos, expuso desde su conocimiento personal de la materia, los or\u00edgenes y las reivindicaciones actuales de la #MareaVerde, as\u00ed como su lucha constante por asegurar la calidad de la educaci\u00f3n p\u00fablica frente a un gobierno auton\u00f3mico que ni siquiera intenta camuflar sus evidentes intentos de desmantelarla.<\/p>\n<p style=\"text-align: justify;\">Tras las dos brillantes exposiciones, el turno de preguntas abri\u00f3 la puerta a un debate en profundidad sobre el devenir de este movimiento social, y la situaci\u00f3n de la educaci\u00f3n p\u00fablica de cara al futuro.<\/p>\n","protected":false},"excerpt":{"rendered":"<p>&nbsp; El pasado mi\u00e9rcoles 15 de febrero pudimos disfrutar en JSChamber\u00ed de un acto promovido desde las secretar\u00edas de Movimientos Sociales y Educaci\u00f3n, en el que fueron expuestos los or\u00edgenes de la llamada Marea Verde, as\u00ed como la realidad del sistema p\u00fablico de educaci\u00f3n de la Comunidad de Madrid. \u00a0<\/p>\n","protected":false},"author":20,"featured_media":0,"comment_status":"open","ping_status":"open","sticky":false,"template":"","format":"standard","meta":{"footnotes":""},"categories":[13],"tags":[],"class_list":["post-2093","post","type-post","status-publish","format-standard","hentry","category-eventos"],"yoast_head":"<!-- This site is optimized with the Yoast SEO plugin v23.7 - https:\/\/yoast.com\/wordpress\/plugins\/seo\/ -->\n<title>Acto: la #MareaVerde - Juventudes Socialistas de Chamber\u00ed<\/title>\n<meta name=\"robots\" content=\"index, follow, max-snippet:-1, max-image-preview:large, max-video-preview:-1\" \/>\n<link rel=\"canonical\" href=\"https:\/\/www.jschamberi.org\/blog\/?p=2093\" \/>\n<meta property=\"og:locale\" content=\"es_ES\" \/>\n<meta property=\"og:type\" content=\"article\" \/>\n<meta property=\"og:title\" content=\"Acto: la #MareaVerde - Juventudes Socialistas de Chamber\u00ed\" \/>\n<meta property=\"og:description\" content=\"&nbsp; El pasado mi\u00e9rcoles 15 de febrero pudimos disfrutar en JSChamber\u00ed de un acto promovido desde las secretar\u00edas de Movimientos Sociales y Educaci\u00f3n, en el que fueron expuestos los or\u00edgenes de la llamada Marea Verde, as\u00ed como la realidad del sistema p\u00fablico de educaci\u00f3n de la Comunidad de Madrid. \u00a0\" \/>\n<meta property=\"og:url\" content=\"https:\/\/www.jschamberi.org\/blog\/?p=2093\" \/>\n<meta property=\"og:site_name\" content=\"Juventudes Socialistas de Chamber\u00ed\" \/>\n<meta property=\"article:published_time\" content=\"2012-02-25T17:13:07+00:00\" \/>\n<meta property=\"article:modified_time\" content=\"2012-04-16T18:58:26+00:00\" \/>\n<meta name=\"author\" content=\"JSChamberi\" \/>\n<meta name=\"twitter:card\" content=\"summary_large_image\" \/>\n<meta name=\"twitter:label1\" content=\"Escrito por\" \/>\n\t<meta name=\"twitter:data1\" content=\"JSChamberi\" \/>\n\t<meta name=\"twitter:label2\" content=\"Tiempo de lectura\" \/>\n\t<meta name=\"twitter:data2\" content=\"1 minuto\" \/>\n<script type=\"application\/ld+json\" class=\"yoast-schema-graph\">{\"@context\":\"https:\/\/schema.org\",\"@graph\":[{\"@type\":\"WebPage\",\"@id\":\"https:\/\/www.jschamberi.org\/blog\/?p=2093\",\"url\":\"https:\/\/www.jschamberi.org\/blog\/?p=2093\",\"name\":\"Acto: la #MareaVerde - Juventudes Socialistas de Chamber\u00ed\",\"isPartOf\":{\"@id\":\"https:\/\/www.jschamberi.org\/blog\/#website\"},\"primaryImageOfPage\":{\"@id\":\"https:\/\/www.jschamberi.org\/blog\/?p=2093#primaryimage\"},\"image\":{\"@id\":\"https:\/\/www.jschamberi.org\/blog\/?p=2093#primaryimage\"},\"thumbnailUrl\":\"http:\/\/www.jschamberi.org\/blog\/wp-content\/uploads\/2012\/02\/Portada-1024x682.jpg\",\"datePublished\":\"2012-02-25T17:13:07+00:00\",\"dateModified\":\"2012-04-16T18:58:26+00:00\",\"author\":{\"@id\":\"https:\/\/www.jschamberi.org\/blog\/#\/schema\/person\/3f82d901471b027bfc456bee2b9d0d3d\"},\"breadcrumb\":{\"@id\":\"https:\/\/www.jschamberi.org\/blog\/?p=2093#breadcrumb\"},\"inLanguage\":\"es\",\"potentialAction\":[{\"@type\":\"ReadAction\",\"target\":[\"https:\/\/www.jschamberi.org\/blog\/?p=2093\"]}]},{\"@type\":\"ImageObject\",\"inLanguage\":\"es\",\"@id\":\"https:\/\/www.jschamberi.org\/blog\/?p=2093#primaryimage\",\"url\":\"\",\"contentUrl\":\"\"},{\"@type\":\"BreadcrumbList\",\"@id\":\"https:\/\/www.jschamberi.org\/blog\/?p=2093#breadcrumb\",\"itemListElement\":[{\"@type\":\"ListItem\",\"position\":1,\"name\":\"Home\",\"item\":\"https:\/\/www.jschamberi.org\/blog\/\"},{\"@type\":\"ListItem\",\"position\":2,\"name\":\"Acto: la #MareaVerde\"}]},{\"@type\":\"WebSite\",\"@id\":\"https:\/\/www.jschamberi.org\/blog\/#website\",\"url\":\"https:\/\/www.jschamberi.org\/blog\/\",\"name\":\"Juventudes Socialistas de Chamber\u00ed\",\"description\":\"\",\"potentialAction\":[{\"@type\":\"SearchAction\",\"target\":{\"@type\":\"EntryPoint\",\"urlTemplate\":\"https:\/\/www.jschamberi.org\/blog\/?s={search_term_string}\"},\"query-input\":{\"@type\":\"PropertyValueSpecification\",\"valueRequired\":true,\"valueName\":\"search_term_string\"}}],\"inLanguage\":\"es\"},{\"@type\":\"Person\",\"@id\":\"https:\/\/www.jschamberi.org\/blog\/#\/schema\/person\/3f82d901471b027bfc456bee2b9d0d3d\",\"name\":\"JSChamberi\",\"image\":{\"@type\":\"ImageObject\",\"inLanguage\":\"es\",\"@id\":\"https:\/\/www.jschamberi.org\/blog\/#\/schema\/person\/image\/\",\"url\":\"https:\/\/secure.gravatar.com\/avatar\/c2d40e2dd384331a8f7f7a2390eaafdb?s=96&d=identicon&r=g\",\"contentUrl\":\"https:\/\/secure.gravatar.com\/avatar\/c2d40e2dd384331a8f7f7a2390eaafdb?s=96&d=identicon&r=g\",\"caption\":\"JSChamberi\"},\"sameAs\":[\"http:\/\/jschamberi.org\"],\"url\":\"https:\/\/www.jschamberi.org\/blog\/?author=20\"}]}<\/script>\n<!-- \/ Yoast SEO plugin. -->","yoast_head_json":{"title":"Acto: la #MareaVerde - Juventudes Socialistas de Chamber\u00ed","robots":{"index":"index","follow":"follow","max-snippet":"max-snippet:-1","max-image-preview":"max-image-preview:large","max-video-preview":"max-video-preview:-1"},"canonical":"https:\/\/www.jschamberi.org\/blog\/?p=2093","og_locale":"es_ES","og_type":"article","og_title":"Acto: la #MareaVerde - Juventudes Socialistas de Chamber\u00ed","og_description":"&nbsp; El pasado mi\u00e9rcoles 15 de febrero pudimos disfrutar en JSChamber\u00ed de un acto promovido desde las secretar\u00edas de Movimientos Sociales y Educaci\u00f3n, en el que fueron expuestos los or\u00edgenes de la llamada Marea Verde, as\u00ed como la realidad del sistema p\u00fablico de educaci\u00f3n de la Comunidad de Madrid. \u00a0","og_url":"https:\/\/www.jschamberi.org\/blog\/?p=2093","og_site_name":"Juventudes Socialistas de Chamber\u00ed","article_published_time":"2012-02-25T17:13:07+00:00","article_modified_time":"2012-04-16T18:58:26+00:00","author":"JSChamberi","twitter_card":"summary_large_image","twitter_misc":{"Escrito por":"JSChamberi","Tiempo de lectura":"1 minuto"},"schema":{"@context":"https:\/\/schema.org","@graph":[{"@type":"WebPage","@id":"https:\/\/www.jschamberi.org\/blog\/?p=2093","url":"https:\/\/www.jschamberi.org\/blog\/?p=2093","name":"Acto: la #MareaVerde - Juventudes Socialistas de Chamber\u00ed","isPartOf":{"@id":"https:\/\/www.jschamberi.org\/blog\/#website"},"primaryImageOfPage":{"@id":"https:\/\/www.jschamberi.org\/blog\/?p=2093#primaryimage"},"image":{"@id":"https:\/\/www.jschamberi.org\/blog\/?p=2093#primaryimage"},"thumbnailUrl":"http:\/\/www.jschamberi.org\/blog\/wp-content\/uploads\/2012\/02\/Portada-1024x682.jpg","datePublished":"2012-02-25T17:13:07+00:00","dateModified":"2012-04-16T18:58:26+00:00","author":{"@id":"https:\/\/www.jschamberi.org\/blog\/#\/schema\/person\/3f82d901471b027bfc456bee2b9d0d3d"},"breadcrumb":{"@id":"https:\/\/www.jschamberi.org\/blog\/?p=2093#breadcrumb"},"inLanguage":"es","potentialAction":[{"@type":"ReadAction","target":["https:\/\/www.jschamberi.org\/blog\/?p=2093"]}]},{"@type":"ImageObject","inLanguage":"es","@id":"https:\/\/www.jschamberi.org\/blog\/?p=2093#primaryimage","url":"","contentUrl":""},{"@type":"BreadcrumbList","@id":"https:\/\/www.jschamberi.org\/blog\/?p=2093#breadcrumb","itemListElement":[{"@type":"ListItem","position":1,"name":"Home","item":"https:\/\/www.jschamberi.org\/blog\/"},{"@type":"ListItem","position":2,"name":"Acto: la #MareaVerde"}]},{"@type":"WebSite","@id":"https:\/\/www.jschamberi.org\/blog\/#website","url":"https:\/\/www.jschamberi.org\/blog\/","name":"Juventudes Socialistas de Chamber\u00ed","description":"","potentialAction":[{"@type":"SearchAction","target":{"@type":"EntryPoint","urlTemplate":"https:\/\/www.jschamberi.org\/blog\/?s={search_term_string}"},"query-input":{"@type":"PropertyValueSpecification","valueRequired":true,"valueName":"search_term_string"}}],"inLanguage":"es"},{"@type":"Person","@id":"https:\/\/www.jschamberi.org\/blog\/#\/schema\/person\/3f82d901471b027bfc456bee2b9d0d3d","name":"JSChamberi","image":{"@type":"ImageObject","inLanguage":"es","@id":"https:\/\/www.jschamberi.org\/blog\/#\/schema\/person\/image\/","url":"https:\/\/secure.gravatar.com\/avatar\/c2d40e2dd384331a8f7f7a2390eaafdb?s=96&d=identicon&r=g","contentUrl":"https:\/\/secure.gravatar.com\/avatar\/c2d40e2dd384331a8f7f7a2390eaafdb?s=96&d=identicon&r=g","caption":"JSChamberi"},"sameAs":["http:\/\/jschamberi.org"],"url":"https:\/\/www.jschamberi.org\/blog\/?author=20"}]}},"_links":{"self":[{"href":"https:\/\/www.jschamberi.org\/blog\/index.php?rest_route=\/wp\/v2\/posts\/2093"}],"collection":[{"href":"https:\/\/www.jschamberi.org\/blog\/index.php?rest_route=\/wp\/v2\/posts"}],"about":[{"href":"https:\/\/www.jschamberi.org\/blog\/index.php?rest_route=\/wp\/v2\/types\/post"}],"author":[{"embeddable":true,"href":"https:\/\/www.jschamberi.org\/blog\/index.php?rest_route=\/wp\/v2\/users\/20"}],"replies":[{"embeddable":true,"href":"https:\/\/www.jschamberi.org\/blog\/index.php?rest_route=%2Fwp%2Fv2%2Fcomments&post=2093"}],"version-history":[{"count":0,"href":"https:\/\/www.jschamberi.org\/blog\/index.php?rest_route=\/wp\/v2\/posts\/2093\/revisions"}],"wp:attachment":[{"href":"https:\/\/www.jschamberi.org\/blog\/index.php?rest_route=%2Fwp%2Fv2%2Fmedia&parent=2093"}],"wp:term":[{"taxonomy":"category","embeddable":true,"href":"https:\/\/www.jschamberi.org\/blog\/index.php?rest_route=%2Fwp%2Fv2%2Fcategories&post=2093"},{"taxonomy":"post_tag","embeddable":true,"href":"https:\/\/www.jschamberi.org\/blog\/index.php?rest_route=%2Fwp%2Fv2%2Ftags&post=2093"}],"curies":[{"name":"wp","href":"https:\/\/api.w.org\/{rel}","templated":true}]}}