{"id":2081,"date":"2012-02-09T10:52:38","date_gmt":"2012-02-09T09:52:38","guid":{"rendered":"http:\/\/www.jschamberi.org\/blog\/?p=2081"},"modified":"2012-04-19T13:05:33","modified_gmt":"2012-04-19T12:05:33","slug":"la-losa-sobre-nuestras-cabezas","status":"publish","type":"post","link":"https:\/\/www.jschamberi.org\/blog\/?p=2081","title":{"rendered":"La losa sobre nuestras cabezas"},"content":{"rendered":"<p style=\"text-align: justify;\"><strong><br \/>\n<\/strong><\/p>\n<p style=\"text-align: justify;\">Para empezar el articulo quer\u00eda citar algunos titulares de el pa\u00eds, que me han parecido interesantes para ilustrar los \u00faltimos tiempos de la econom\u00eda Europea e internacional: La sombra de la recesi\u00f3n se alarga; A\u00f1o nuevo, nuevo ajuste; Recortes en cantidad y en calidad; Europa, en vilo por el pacto en Grecia; el FMI pronostica dos a\u00f1os de recesi\u00f3n en Espa\u00f1a, impacto sobre el crecimiento, \u00bfHay vida inteligente en los gobiernos?\u2026.<\/p>\n<p style=\"text-align: justify;\"><!--more--><\/p>\n<p style=\"text-align: justify;\">Leyendo estos titulares en la prensa, me parece normal que est\u00e9s con el \u00e1nimo por los suelos; que veas una larga losa que cae sobre tu cabeza, por lo que vas a tener que aguantar. S\u00ed, lo que vas a tener que aguantar, debido a que los recortes ya llevan un tiempo soport\u00e1ndolos \u00fanicamente las clases medias y m\u00e1s bajas.\u00a0 No creo que la ortodoxia de los gobiernos actuales, permitan subir impuestos a las rentas m\u00e1s altas, sin antes tener que recortar la calidad de vida de los que menos tienen. La factura, siempre la ha tenido que pagar, los que no se han aprovechado de la fiesta, o se han aprovechado (que estos son los que deber\u00edan pagar) pero poco. Claro, los que iban con el puro por la gran v\u00eda, con su traje de 1000 euros -es decir los m\u00e1s pudientes- se han aprovechado de la fiesta bastante bien, incluso se han saciado. Son ellos los que ahora nos est\u00e1n diciendo a nosotros que paguemos la cuenta.<\/p>\n<p style=\"text-align: justify;\">\n<p style=\"text-align: justify;\">Hablo de facturas, pero no de la factura del restaurante. \u00bfEsta factura en qu\u00e9 consiste?,\u00a0 Pues, sobre todo, en la calidad de la educaci\u00f3n y la sanidad, en los servicios p\u00fablicos\u2026 Seg\u00fan ellos, los ajustes son tan necesarios, debido a que hay mucho desperdicio y hay que adelgazar el sector p\u00fablico. Puede ser que las cosas no se hayan hecho bien estos a\u00f1os, porque la administraci\u00f3n del estado y las autoridades p\u00fablicas, han hecho lo que han querido con el dinero p\u00fablico, el de los contribuyentes, ya que no hab\u00eda ning\u00fan control, y se ve\u00edan con la autoridad y la superioridad de hacer lo que quisieran.<\/p>\n<p style=\"text-align: justify;\">\n<p style=\"text-align: justify;\"><a href=\"http:\/\/www.jschamberi.org\/blog\/wp-content\/uploads\/2012\/02\/escultura-Juan-Ripolles-aeropuerto-Castellon.jpg\"><img loading=\"lazy\" decoding=\"async\" class=\"alignleft size-medium wp-image-2082\" title=\"escultura-Juan-Ripolles-aeropuerto-Castellon\" src=\"http:\/\/www.jschamberi.org\/blog\/wp-content\/uploads\/2012\/02\/escultura-Juan-Ripolles-aeropuerto-Castellon-200x300.jpg\" alt=\"\" width=\"200\" height=\"300\" \/><\/a>No puede ser, que en Valencia tengamos lo que tenemos, al presidente de Castell\u00f3n, toc\u00e1ndole tres veces la loter\u00eda, haci\u00e9ndose estatuas\u2026 al de la Comunidad Valenciana que si unos trajes por aqu\u00ed, que concesiones a unos amigos; en Andalucia, que si unos gramos de coca\u00edna con el dinero p\u00fablico para el subdirector general de la junta andaluza\u2026 \u00a1venga por favor!, ahora entend\u00e9is porque digo lo de la fiesta. Muchos otros, los m\u00e1s honrados, y los m\u00e1s capaces, no fueron invitados o no se dejaron invitar.<\/p>\n<p style=\"text-align: justify;\">\n<p style=\"text-align: justify;\">Volviendo a los recortes, podemos leer en algunos art\u00edculos anteriormente citados que las comunidades aut\u00f3nomas en Espa\u00f1a van a reducir 3.000 millones en el presupuesto educativo, pero aumentan presupuesto para la concertada, tambi\u00e9n se ha reducido la investigaci\u00f3n en ciencia y desarrollo, pero bien que se da dinero p\u00fablico a la iglesia, como dec\u00eda Berlanga \u201csomos un pa\u00eds de pandereta\u201d.<\/p>\n<p style=\"text-align: justify;\">Solo se suben impuestos indirectos, cuyo resultado es que no haya consumo, dice el art\u00edculo del \u201cimpacto sobre el crecimiento\u201d. Pienso que no solo podemos centrarnos en el consumo, ya que eso genera locura de compra a marcas que a trav\u00e9s de la deslocalizaci\u00f3n empresarial explotan a trabajadores en Am\u00e9rica Latina y en \u00c1frica, para que nosotros, los occidentales, podamos permitirnos comprar ropa que viene de China o de pa\u00edses antes mencionados, por favor, reclamo la \u00e9tica y la moralidad para todos y todas, no podemos consentir esta tomadura de pelo por recortes y por falta de moralidad.<\/p>\n<p style=\"text-align: justify;\">Volviendo a los impuestos indirectos el gobierno espa\u00f1ol, aunque en principio no prevea subir el IVA, ya que anteriormente cuando el otro ejecutivo lo subi\u00f3, se les echaron encima, ahora lo volver\u00e1 a subir seguramente (impacto sobre las familias) pero ser\u00e1 despu\u00e9s de las elecciones andaluzas, ya que el gobierno tiene tan poca valent\u00eda, debido a que se ve ganador en esa regi\u00f3n, por otro lado normal, ya que es de verg\u00fcenza cada cosa que llega de all\u00ed, despu\u00e9s de Marzo nos empezaremos a acordar del \u201c<em>sursuncorda\u201d<\/em> ya que ser\u00e1 muy duro de aguantar.<\/p>\n<p style=\"text-align: justify;\">\n<p style=\"text-align: justify;\">Ant\u00f3n Costas Comesa\u00f1a en su art\u00edculo, \u00bfHay vida inteligente en los gobiernos?; buena pregunta con dif\u00edcil respuesta (usando un poco de demagogia por mi parte) sinceramente actualmente no la hay, ya que esta crisis ha pasado en pa\u00edses emergentes como Argentina en el 2000, que ocurri\u00f3 lo mismo, el FMI\u00a0 les impuso unos ajustes muy duros, que no pudieron soportar, tuvieron que decir que no pagaban la deuda, tambi\u00e9n ha pasado en Jap\u00f3n con la d\u00e9cada perdida, haciendo pol\u00edtica de austeridad, recortes. Algo de esto nos suena en Europa, que se est\u00e1 aplicando lo mismo, luego ya ni hablamos de lo que ocurre en \u00c1frica entre la corrupci\u00f3n, la explotaci\u00f3n, el hambre y aqu\u00ed los gobiernos occidentales haciendo el \u201c<em>imb\u00e9cil<\/em>\u201d (hablando mal y pronto).<\/p>\n<p style=\"text-align: justify;\">\n<p style=\"text-align: justify;\">En el articulo antes mencionado, se citan tres ejemplos de recesi\u00f3n uno en \u201cV\u201d que supuestamente la hemos pasado, significa que la econom\u00eda cae hasta tocar fondo y posteriormente remonta hasta su ciclo inicial, otro en \u201cW\u201d que es cuando caemos, volvemos a levantarnos y volvemos a caer, por \u00faltimo el que dicen los economistas (no los expertos, que esos no me creo nada, sino los un poco menos serios) que es la terrible \u201cL\u201d es cuando bajamos en picado y tenemos una recesi\u00f3n larga, que puede haber consecuencias sociales incalculables. Pues mira, pienso que hoy por hoy, son de vital importancia las consecuencias sociales, con un d\u00e9ficit en un pa\u00eds de un 8%, con la corrupci\u00f3n que hay, con que el \u00fanico poder sea el sistema financiero,\u00a0 se haya olvidado la econom\u00eda real, los bancos expulsen de sus casas a familias sin recursos, ya que no pueden pagar las hipotecas, autoridades p\u00fablicas que se gastan el dinero p\u00fablico en coca\u00edna y en prostitutas,\u00a0 en estatuas, o se dejan cortejar con trajes para posteriormente darles concesiones empresariales, cuando se han hecho aeropuertos en provincias que no hac\u00eda falta, debido a que estaba el ferrocarril (olvidado ya), cuando los empresarios han hecho y deshecho a su antojo a costa de regalos, o cuando escuchas que Rita Barber\u00e1 le costaba mantener el puente de las flores, all\u00ed en valencia m\u00e1s de 30.000 euros al mes, pero \u00bfrealmente era necesario?, o cuando la familia real est\u00e1 impregnada de corrupci\u00f3n por el caso Noos, todo lo sucedido,\u00a0 me parece normal el cabreo que tiene la sociedad civil, es algo lamentable la falta de \u00e9tica que se ha tenido estos a\u00f1os, por las instituciones locales, nacionales e internacionales, no se puede continuar como hasta ahora, pero no se puede aguantar que los recortes recaigan sobre los de siempre, porque no es justo, ahora puedes pensar \u00bfhay algo justo en la vida? No lo s\u00e9, pero ya es hora de que lo haya, al estar en el S.XXI, que todav\u00eda sea una utop\u00eda o una fantas\u00eda, la justicia, la honradez, la responsabilidad, no lo veo l\u00f3gico, aunque sea mi filosof\u00eda de vida, en mi opini\u00f3n estos son los pasos para llegar a la \u00e9tica, tengo el convencimiento que se podr\u00e1 conseguir alg\u00fan d\u00eda. Mientras tanto, hay que recuperar la voluntad y la responsabilidad pol\u00edtica, ya que los actuales no la tienen, para cambiar lo que se deber\u00eda cambiar, yendo hacia valores honestos, pero no solo en la sociedad civil, sino que es preciso que estos, se traspasen a las instituciones.<\/p>\n<p style=\"text-align: justify;\">\n<p style=\"text-align: justify;\"><strong>Santiago Garc\u00eda-Cazorla Taboada<\/strong><\/p>\n","protected":false},"excerpt":{"rendered":"<p>Para empezar el articulo quer\u00eda citar algunos titulares de el pa\u00eds, que me han parecido interesantes para ilustrar los \u00faltimos tiempos de la econom\u00eda Europea e internacional: La sombra de la recesi\u00f3n se alarga; A\u00f1o nuevo, nuevo ajuste; Recortes en cantidad y en calidad; Europa, en vilo por el pacto en Grecia; el FMI pronostica <a class=\"read-more\" href=\"https:\/\/www.jschamberi.org\/blog\/?p=2081\">Leer m\u00e1s<\/a><\/p>\n","protected":false},"author":20,"featured_media":0,"comment_status":"open","ping_status":"open","sticky":false,"template":"","format":"standard","meta":{"footnotes":""},"categories":[26],"tags":[],"class_list":["post-2081","post","type-post","status-publish","format-standard","hentry","category-opinion"],"yoast_head":"<!-- This site is optimized with the Yoast SEO plugin v23.7 - https:\/\/yoast.com\/wordpress\/plugins\/seo\/ -->\n<title>La losa sobre nuestras cabezas - Juventudes Socialistas de Chamber\u00ed<\/title>\n<meta name=\"robots\" content=\"index, follow, max-snippet:-1, max-image-preview:large, max-video-preview:-1\" \/>\n<link rel=\"canonical\" href=\"https:\/\/www.jschamberi.org\/blog\/?p=2081\" \/>\n<meta property=\"og:locale\" content=\"es_ES\" \/>\n<meta property=\"og:type\" content=\"article\" \/>\n<meta property=\"og:title\" content=\"La losa sobre nuestras cabezas - Juventudes Socialistas de Chamber\u00ed\" \/>\n<meta property=\"og:description\" content=\"Para empezar el articulo quer\u00eda citar algunos titulares de el pa\u00eds, que me han parecido interesantes para ilustrar los \u00faltimos tiempos de la econom\u00eda Europea e internacional: La sombra de la recesi\u00f3n se alarga; A\u00f1o nuevo, nuevo ajuste; Recortes en cantidad y en calidad; Europa, en vilo por el pacto en Grecia; el FMI pronostica Leer m\u00e1s\" \/>\n<meta property=\"og:url\" content=\"https:\/\/www.jschamberi.org\/blog\/?p=2081\" \/>\n<meta property=\"og:site_name\" content=\"Juventudes Socialistas de Chamber\u00ed\" \/>\n<meta property=\"article:published_time\" content=\"2012-02-09T09:52:38+00:00\" \/>\n<meta property=\"article:modified_time\" content=\"2012-04-19T12:05:33+00:00\" \/>\n<meta name=\"author\" content=\"JSChamberi\" \/>\n<meta name=\"twitter:card\" content=\"summary_large_image\" \/>\n<meta name=\"twitter:label1\" content=\"Escrito por\" \/>\n\t<meta name=\"twitter:data1\" content=\"JSChamberi\" \/>\n\t<meta name=\"twitter:label2\" content=\"Tiempo de lectura\" \/>\n\t<meta name=\"twitter:data2\" content=\"7 minutos\" \/>\n<script type=\"application\/ld+json\" class=\"yoast-schema-graph\">{\"@context\":\"https:\/\/schema.org\",\"@graph\":[{\"@type\":\"WebPage\",\"@id\":\"https:\/\/www.jschamberi.org\/blog\/?p=2081\",\"url\":\"https:\/\/www.jschamberi.org\/blog\/?p=2081\",\"name\":\"La losa sobre nuestras cabezas - Juventudes Socialistas de Chamber\u00ed\",\"isPartOf\":{\"@id\":\"https:\/\/www.jschamberi.org\/blog\/#website\"},\"primaryImageOfPage\":{\"@id\":\"https:\/\/www.jschamberi.org\/blog\/?p=2081#primaryimage\"},\"image\":{\"@id\":\"https:\/\/www.jschamberi.org\/blog\/?p=2081#primaryimage\"},\"thumbnailUrl\":\"http:\/\/www.jschamberi.org\/blog\/wp-content\/uploads\/2012\/02\/escultura-Juan-Ripolles-aeropuerto-Castellon-200x300.jpg\",\"datePublished\":\"2012-02-09T09:52:38+00:00\",\"dateModified\":\"2012-04-19T12:05:33+00:00\",\"author\":{\"@id\":\"https:\/\/www.jschamberi.org\/blog\/#\/schema\/person\/3f82d901471b027bfc456bee2b9d0d3d\"},\"breadcrumb\":{\"@id\":\"https:\/\/www.jschamberi.org\/blog\/?p=2081#breadcrumb\"},\"inLanguage\":\"es\",\"potentialAction\":[{\"@type\":\"ReadAction\",\"target\":[\"https:\/\/www.jschamberi.org\/blog\/?p=2081\"]}]},{\"@type\":\"ImageObject\",\"inLanguage\":\"es\",\"@id\":\"https:\/\/www.jschamberi.org\/blog\/?p=2081#primaryimage\",\"url\":\"\",\"contentUrl\":\"\"},{\"@type\":\"BreadcrumbList\",\"@id\":\"https:\/\/www.jschamberi.org\/blog\/?p=2081#breadcrumb\",\"itemListElement\":[{\"@type\":\"ListItem\",\"position\":1,\"name\":\"Home\",\"item\":\"https:\/\/www.jschamberi.org\/blog\/\"},{\"@type\":\"ListItem\",\"position\":2,\"name\":\"La losa sobre nuestras cabezas\"}]},{\"@type\":\"WebSite\",\"@id\":\"https:\/\/www.jschamberi.org\/blog\/#website\",\"url\":\"https:\/\/www.jschamberi.org\/blog\/\",\"name\":\"Juventudes Socialistas de Chamber\u00ed\",\"description\":\"\",\"potentialAction\":[{\"@type\":\"SearchAction\",\"target\":{\"@type\":\"EntryPoint\",\"urlTemplate\":\"https:\/\/www.jschamberi.org\/blog\/?s={search_term_string}\"},\"query-input\":{\"@type\":\"PropertyValueSpecification\",\"valueRequired\":true,\"valueName\":\"search_term_string\"}}],\"inLanguage\":\"es\"},{\"@type\":\"Person\",\"@id\":\"https:\/\/www.jschamberi.org\/blog\/#\/schema\/person\/3f82d901471b027bfc456bee2b9d0d3d\",\"name\":\"JSChamberi\",\"image\":{\"@type\":\"ImageObject\",\"inLanguage\":\"es\",\"@id\":\"https:\/\/www.jschamberi.org\/blog\/#\/schema\/person\/image\/\",\"url\":\"https:\/\/secure.gravatar.com\/avatar\/c2d40e2dd384331a8f7f7a2390eaafdb?s=96&d=identicon&r=g\",\"contentUrl\":\"https:\/\/secure.gravatar.com\/avatar\/c2d40e2dd384331a8f7f7a2390eaafdb?s=96&d=identicon&r=g\",\"caption\":\"JSChamberi\"},\"sameAs\":[\"http:\/\/jschamberi.org\"],\"url\":\"https:\/\/www.jschamberi.org\/blog\/?author=20\"}]}<\/script>\n<!-- \/ Yoast SEO plugin. -->","yoast_head_json":{"title":"La losa sobre nuestras cabezas - Juventudes Socialistas de Chamber\u00ed","robots":{"index":"index","follow":"follow","max-snippet":"max-snippet:-1","max-image-preview":"max-image-preview:large","max-video-preview":"max-video-preview:-1"},"canonical":"https:\/\/www.jschamberi.org\/blog\/?p=2081","og_locale":"es_ES","og_type":"article","og_title":"La losa sobre nuestras cabezas - Juventudes Socialistas de Chamber\u00ed","og_description":"Para empezar el articulo quer\u00eda citar algunos titulares de el pa\u00eds, que me han parecido interesantes para ilustrar los \u00faltimos tiempos de la econom\u00eda Europea e internacional: La sombra de la recesi\u00f3n se alarga; A\u00f1o nuevo, nuevo ajuste; Recortes en cantidad y en calidad; Europa, en vilo por el pacto en Grecia; el FMI pronostica Leer m\u00e1s","og_url":"https:\/\/www.jschamberi.org\/blog\/?p=2081","og_site_name":"Juventudes Socialistas de Chamber\u00ed","article_published_time":"2012-02-09T09:52:38+00:00","article_modified_time":"2012-04-19T12:05:33+00:00","author":"JSChamberi","twitter_card":"summary_large_image","twitter_misc":{"Escrito por":"JSChamberi","Tiempo de lectura":"7 minutos"},"schema":{"@context":"https:\/\/schema.org","@graph":[{"@type":"WebPage","@id":"https:\/\/www.jschamberi.org\/blog\/?p=2081","url":"https:\/\/www.jschamberi.org\/blog\/?p=2081","name":"La losa sobre nuestras cabezas - Juventudes Socialistas de Chamber\u00ed","isPartOf":{"@id":"https:\/\/www.jschamberi.org\/blog\/#website"},"primaryImageOfPage":{"@id":"https:\/\/www.jschamberi.org\/blog\/?p=2081#primaryimage"},"image":{"@id":"https:\/\/www.jschamberi.org\/blog\/?p=2081#primaryimage"},"thumbnailUrl":"http:\/\/www.jschamberi.org\/blog\/wp-content\/uploads\/2012\/02\/escultura-Juan-Ripolles-aeropuerto-Castellon-200x300.jpg","datePublished":"2012-02-09T09:52:38+00:00","dateModified":"2012-04-19T12:05:33+00:00","author":{"@id":"https:\/\/www.jschamberi.org\/blog\/#\/schema\/person\/3f82d901471b027bfc456bee2b9d0d3d"},"breadcrumb":{"@id":"https:\/\/www.jschamberi.org\/blog\/?p=2081#breadcrumb"},"inLanguage":"es","potentialAction":[{"@type":"ReadAction","target":["https:\/\/www.jschamberi.org\/blog\/?p=2081"]}]},{"@type":"ImageObject","inLanguage":"es","@id":"https:\/\/www.jschamberi.org\/blog\/?p=2081#primaryimage","url":"","contentUrl":""},{"@type":"BreadcrumbList","@id":"https:\/\/www.jschamberi.org\/blog\/?p=2081#breadcrumb","itemListElement":[{"@type":"ListItem","position":1,"name":"Home","item":"https:\/\/www.jschamberi.org\/blog\/"},{"@type":"ListItem","position":2,"name":"La losa sobre nuestras cabezas"}]},{"@type":"WebSite","@id":"https:\/\/www.jschamberi.org\/blog\/#website","url":"https:\/\/www.jschamberi.org\/blog\/","name":"Juventudes Socialistas de Chamber\u00ed","description":"","potentialAction":[{"@type":"SearchAction","target":{"@type":"EntryPoint","urlTemplate":"https:\/\/www.jschamberi.org\/blog\/?s={search_term_string}"},"query-input":{"@type":"PropertyValueSpecification","valueRequired":true,"valueName":"search_term_string"}}],"inLanguage":"es"},{"@type":"Person","@id":"https:\/\/www.jschamberi.org\/blog\/#\/schema\/person\/3f82d901471b027bfc456bee2b9d0d3d","name":"JSChamberi","image":{"@type":"ImageObject","inLanguage":"es","@id":"https:\/\/www.jschamberi.org\/blog\/#\/schema\/person\/image\/","url":"https:\/\/secure.gravatar.com\/avatar\/c2d40e2dd384331a8f7f7a2390eaafdb?s=96&d=identicon&r=g","contentUrl":"https:\/\/secure.gravatar.com\/avatar\/c2d40e2dd384331a8f7f7a2390eaafdb?s=96&d=identicon&r=g","caption":"JSChamberi"},"sameAs":["http:\/\/jschamberi.org"],"url":"https:\/\/www.jschamberi.org\/blog\/?author=20"}]}},"_links":{"self":[{"href":"https:\/\/www.jschamberi.org\/blog\/index.php?rest_route=\/wp\/v2\/posts\/2081"}],"collection":[{"href":"https:\/\/www.jschamberi.org\/blog\/index.php?rest_route=\/wp\/v2\/posts"}],"about":[{"href":"https:\/\/www.jschamberi.org\/blog\/index.php?rest_route=\/wp\/v2\/types\/post"}],"author":[{"embeddable":true,"href":"https:\/\/www.jschamberi.org\/blog\/index.php?rest_route=\/wp\/v2\/users\/20"}],"replies":[{"embeddable":true,"href":"https:\/\/www.jschamberi.org\/blog\/index.php?rest_route=%2Fwp%2Fv2%2Fcomments&post=2081"}],"version-history":[{"count":0,"href":"https:\/\/www.jschamberi.org\/blog\/index.php?rest_route=\/wp\/v2\/posts\/2081\/revisions"}],"wp:attachment":[{"href":"https:\/\/www.jschamberi.org\/blog\/index.php?rest_route=%2Fwp%2Fv2%2Fmedia&parent=2081"}],"wp:term":[{"taxonomy":"category","embeddable":true,"href":"https:\/\/www.jschamberi.org\/blog\/index.php?rest_route=%2Fwp%2Fv2%2Fcategories&post=2081"},{"taxonomy":"post_tag","embeddable":true,"href":"https:\/\/www.jschamberi.org\/blog\/index.php?rest_route=%2Fwp%2Fv2%2Ftags&post=2081"}],"curies":[{"name":"wp","href":"https:\/\/api.w.org\/{rel}","templated":true}]}}