{"id":1933,"date":"2011-11-30T17:12:15","date_gmt":"2011-11-30T16:12:15","guid":{"rendered":"http:\/\/www.jschamberi.org\/blog\/?p=1933"},"modified":"2012-04-16T20:05:40","modified_gmt":"2012-04-16T19:05:40","slug":"nota-de-prensa-las-juventudes-socialistas-dan-un-repaso-al-distrito-el-distrito","status":"publish","type":"post","link":"https:\/\/www.jschamberi.org\/blog\/?p=1933","title":{"rendered":"Nota de prensa: &#8220;Las juventudes socialistas dan un repaso al distrito&#8221; [El Distrito]"},"content":{"rendered":"<p>El 7 de noviembre, el diario local <span style=\"text-decoration: underline;\">El Distrito<\/span>, se hac\u00eda eco de una de nuestras muchas notas de prensa en que denunci\u00e1bamos la actitud deplorable del consistorio, que ha privado a Chamber\u00ed de uno de sus m\u00e1s importantes espacios p\u00fablicos; el polideportivo Vallehermoso, sin que est\u00e9 previsto que vuelva a estar operativo a corto o medio plazo, as\u00ed como la falta de bibliotecas o espacios culturales abiertos a los ciudadanos que residen en Chamber\u00ed.<!--more--><\/p>\n<p><span style=\"text-decoration: underline;\">El Distrito<\/span> hace hincapi\u00e9 adem\u00e1s en una de nuestras denuncias m\u00e1s contundentes: estamos siendo testigos mudos de una cesi\u00f3n de espacios p\u00fablico al sector privado.<\/p>\n<p>Pod\u00e9is encontrar el art\u00edculo al completo en este <a href=\"http:\/\/www.eldistrito.es\/frontend\/eldistrito\/noticia.php?id_noticia=14569&amp;id_seccion=30\">link<\/a>.<\/p>\n<p><a href=\"http:\/\/www.jschamberi.org\/blog\/wp-content\/uploads\/2011\/11\/demolici\u00f3n.jpg\"><img loading=\"lazy\" decoding=\"async\" class=\"aligncenter size-medium wp-image-1934\" title=\"demolici\u00f3n del estadio Vallehermoso\" src=\"http:\/\/www.jschamberi.org\/blog\/wp-content\/uploads\/2011\/11\/demolici\u00f3n-300x199.jpg\" alt=\"\" width=\"300\" height=\"199\" \/><\/a><\/p>\n","protected":false},"excerpt":{"rendered":"<p>El 7 de noviembre, el diario local El Distrito, se hac\u00eda eco de una de nuestras muchas notas de prensa en que denunci\u00e1bamos la actitud deplorable del consistorio, que ha privado a Chamber\u00ed de uno de sus m\u00e1s importantes espacios p\u00fablicos; el polideportivo Vallehermoso, sin que est\u00e9 previsto que vuelva a estar operativo a corto <a class=\"read-more\" href=\"https:\/\/www.jschamberi.org\/blog\/?p=1933\">Leer m\u00e1s<\/a><\/p>\n","protected":false},"author":20,"featured_media":0,"comment_status":"open","ping_status":"open","sticky":false,"template":"","format":"standard","meta":{"footnotes":""},"categories":[16,62],"tags":[],"class_list":["post-1933","post","type-post","status-publish","format-standard","hentry","category-cultura-deportes","category-notadeprensa"],"yoast_head":"<!-- This site is optimized with the Yoast SEO plugin v23.7 - https:\/\/yoast.com\/wordpress\/plugins\/seo\/ -->\n<title>Nota de prensa: &quot;Las juventudes socialistas dan un repaso al distrito&quot; [El Distrito] - Juventudes Socialistas de Chamber\u00ed<\/title>\n<meta name=\"robots\" content=\"index, follow, max-snippet:-1, max-image-preview:large, max-video-preview:-1\" \/>\n<link rel=\"canonical\" href=\"https:\/\/www.jschamberi.org\/blog\/?p=1933\" \/>\n<meta property=\"og:locale\" content=\"es_ES\" \/>\n<meta property=\"og:type\" content=\"article\" \/>\n<meta property=\"og:title\" content=\"Nota de prensa: &quot;Las juventudes socialistas dan un repaso al distrito&quot; [El Distrito] - Juventudes Socialistas de Chamber\u00ed\" \/>\n<meta property=\"og:description\" content=\"El 7 de noviembre, el diario local El Distrito, se hac\u00eda eco de una de nuestras muchas notas de prensa en que denunci\u00e1bamos la actitud deplorable del consistorio, que ha privado a Chamber\u00ed de uno de sus m\u00e1s importantes espacios p\u00fablicos; el polideportivo Vallehermoso, sin que est\u00e9 previsto que vuelva a estar operativo a corto Leer m\u00e1s\" \/>\n<meta property=\"og:url\" content=\"https:\/\/www.jschamberi.org\/blog\/?p=1933\" \/>\n<meta property=\"og:site_name\" content=\"Juventudes Socialistas de Chamber\u00ed\" \/>\n<meta property=\"article:published_time\" content=\"2011-11-30T16:12:15+00:00\" \/>\n<meta property=\"article:modified_time\" content=\"2012-04-16T19:05:40+00:00\" \/>\n<meta name=\"author\" content=\"JSChamberi\" \/>\n<meta name=\"twitter:card\" content=\"summary_large_image\" \/>\n<meta name=\"twitter:label1\" content=\"Escrito por\" \/>\n\t<meta name=\"twitter:data1\" content=\"JSChamberi\" \/>\n\t<meta name=\"twitter:label2\" content=\"Tiempo de lectura\" \/>\n\t<meta name=\"twitter:data2\" content=\"1 minuto\" \/>\n<script type=\"application\/ld+json\" class=\"yoast-schema-graph\">{\"@context\":\"https:\/\/schema.org\",\"@graph\":[{\"@type\":\"WebPage\",\"@id\":\"https:\/\/www.jschamberi.org\/blog\/?p=1933\",\"url\":\"https:\/\/www.jschamberi.org\/blog\/?p=1933\",\"name\":\"Nota de prensa: \\\"Las juventudes socialistas dan un repaso al distrito\\\" [El Distrito] - Juventudes Socialistas de Chamber\u00ed\",\"isPartOf\":{\"@id\":\"https:\/\/www.jschamberi.org\/blog\/#website\"},\"datePublished\":\"2011-11-30T16:12:15+00:00\",\"dateModified\":\"2012-04-16T19:05:40+00:00\",\"author\":{\"@id\":\"https:\/\/www.jschamberi.org\/blog\/#\/schema\/person\/3f82d901471b027bfc456bee2b9d0d3d\"},\"breadcrumb\":{\"@id\":\"https:\/\/www.jschamberi.org\/blog\/?p=1933#breadcrumb\"},\"inLanguage\":\"es\",\"potentialAction\":[{\"@type\":\"ReadAction\",\"target\":[\"https:\/\/www.jschamberi.org\/blog\/?p=1933\"]}]},{\"@type\":\"BreadcrumbList\",\"@id\":\"https:\/\/www.jschamberi.org\/blog\/?p=1933#breadcrumb\",\"itemListElement\":[{\"@type\":\"ListItem\",\"position\":1,\"name\":\"Home\",\"item\":\"https:\/\/www.jschamberi.org\/blog\/\"},{\"@type\":\"ListItem\",\"position\":2,\"name\":\"Nota de prensa: &#8220;Las juventudes socialistas dan un repaso al distrito&#8221; [El Distrito]\"}]},{\"@type\":\"WebSite\",\"@id\":\"https:\/\/www.jschamberi.org\/blog\/#website\",\"url\":\"https:\/\/www.jschamberi.org\/blog\/\",\"name\":\"Juventudes Socialistas de Chamber\u00ed\",\"description\":\"\",\"potentialAction\":[{\"@type\":\"SearchAction\",\"target\":{\"@type\":\"EntryPoint\",\"urlTemplate\":\"https:\/\/www.jschamberi.org\/blog\/?s={search_term_string}\"},\"query-input\":{\"@type\":\"PropertyValueSpecification\",\"valueRequired\":true,\"valueName\":\"search_term_string\"}}],\"inLanguage\":\"es\"},{\"@type\":\"Person\",\"@id\":\"https:\/\/www.jschamberi.org\/blog\/#\/schema\/person\/3f82d901471b027bfc456bee2b9d0d3d\",\"name\":\"JSChamberi\",\"image\":{\"@type\":\"ImageObject\",\"inLanguage\":\"es\",\"@id\":\"https:\/\/www.jschamberi.org\/blog\/#\/schema\/person\/image\/\",\"url\":\"https:\/\/secure.gravatar.com\/avatar\/c2d40e2dd384331a8f7f7a2390eaafdb?s=96&d=identicon&r=g\",\"contentUrl\":\"https:\/\/secure.gravatar.com\/avatar\/c2d40e2dd384331a8f7f7a2390eaafdb?s=96&d=identicon&r=g\",\"caption\":\"JSChamberi\"},\"sameAs\":[\"http:\/\/jschamberi.org\"],\"url\":\"https:\/\/www.jschamberi.org\/blog\/?author=20\"}]}<\/script>\n<!-- \/ Yoast SEO plugin. -->","yoast_head_json":{"title":"Nota de prensa: \"Las juventudes socialistas dan un repaso al distrito\" [El Distrito] - Juventudes Socialistas de Chamber\u00ed","robots":{"index":"index","follow":"follow","max-snippet":"max-snippet:-1","max-image-preview":"max-image-preview:large","max-video-preview":"max-video-preview:-1"},"canonical":"https:\/\/www.jschamberi.org\/blog\/?p=1933","og_locale":"es_ES","og_type":"article","og_title":"Nota de prensa: \"Las juventudes socialistas dan un repaso al distrito\" [El Distrito] - Juventudes Socialistas de Chamber\u00ed","og_description":"El 7 de noviembre, el diario local El Distrito, se hac\u00eda eco de una de nuestras muchas notas de prensa en que denunci\u00e1bamos la actitud deplorable del consistorio, que ha privado a Chamber\u00ed de uno de sus m\u00e1s importantes espacios p\u00fablicos; el polideportivo Vallehermoso, sin que est\u00e9 previsto que vuelva a estar operativo a corto Leer m\u00e1s","og_url":"https:\/\/www.jschamberi.org\/blog\/?p=1933","og_site_name":"Juventudes Socialistas de Chamber\u00ed","article_published_time":"2011-11-30T16:12:15+00:00","article_modified_time":"2012-04-16T19:05:40+00:00","author":"JSChamberi","twitter_card":"summary_large_image","twitter_misc":{"Escrito por":"JSChamberi","Tiempo de lectura":"1 minuto"},"schema":{"@context":"https:\/\/schema.org","@graph":[{"@type":"WebPage","@id":"https:\/\/www.jschamberi.org\/blog\/?p=1933","url":"https:\/\/www.jschamberi.org\/blog\/?p=1933","name":"Nota de prensa: \"Las juventudes socialistas dan un repaso al distrito\" [El Distrito] - Juventudes Socialistas de Chamber\u00ed","isPartOf":{"@id":"https:\/\/www.jschamberi.org\/blog\/#website"},"datePublished":"2011-11-30T16:12:15+00:00","dateModified":"2012-04-16T19:05:40+00:00","author":{"@id":"https:\/\/www.jschamberi.org\/blog\/#\/schema\/person\/3f82d901471b027bfc456bee2b9d0d3d"},"breadcrumb":{"@id":"https:\/\/www.jschamberi.org\/blog\/?p=1933#breadcrumb"},"inLanguage":"es","potentialAction":[{"@type":"ReadAction","target":["https:\/\/www.jschamberi.org\/blog\/?p=1933"]}]},{"@type":"BreadcrumbList","@id":"https:\/\/www.jschamberi.org\/blog\/?p=1933#breadcrumb","itemListElement":[{"@type":"ListItem","position":1,"name":"Home","item":"https:\/\/www.jschamberi.org\/blog\/"},{"@type":"ListItem","position":2,"name":"Nota de prensa: &#8220;Las juventudes socialistas dan un repaso al distrito&#8221; [El Distrito]"}]},{"@type":"WebSite","@id":"https:\/\/www.jschamberi.org\/blog\/#website","url":"https:\/\/www.jschamberi.org\/blog\/","name":"Juventudes Socialistas de Chamber\u00ed","description":"","potentialAction":[{"@type":"SearchAction","target":{"@type":"EntryPoint","urlTemplate":"https:\/\/www.jschamberi.org\/blog\/?s={search_term_string}"},"query-input":{"@type":"PropertyValueSpecification","valueRequired":true,"valueName":"search_term_string"}}],"inLanguage":"es"},{"@type":"Person","@id":"https:\/\/www.jschamberi.org\/blog\/#\/schema\/person\/3f82d901471b027bfc456bee2b9d0d3d","name":"JSChamberi","image":{"@type":"ImageObject","inLanguage":"es","@id":"https:\/\/www.jschamberi.org\/blog\/#\/schema\/person\/image\/","url":"https:\/\/secure.gravatar.com\/avatar\/c2d40e2dd384331a8f7f7a2390eaafdb?s=96&d=identicon&r=g","contentUrl":"https:\/\/secure.gravatar.com\/avatar\/c2d40e2dd384331a8f7f7a2390eaafdb?s=96&d=identicon&r=g","caption":"JSChamberi"},"sameAs":["http:\/\/jschamberi.org"],"url":"https:\/\/www.jschamberi.org\/blog\/?author=20"}]}},"_links":{"self":[{"href":"https:\/\/www.jschamberi.org\/blog\/index.php?rest_route=\/wp\/v2\/posts\/1933"}],"collection":[{"href":"https:\/\/www.jschamberi.org\/blog\/index.php?rest_route=\/wp\/v2\/posts"}],"about":[{"href":"https:\/\/www.jschamberi.org\/blog\/index.php?rest_route=\/wp\/v2\/types\/post"}],"author":[{"embeddable":true,"href":"https:\/\/www.jschamberi.org\/blog\/index.php?rest_route=\/wp\/v2\/users\/20"}],"replies":[{"embeddable":true,"href":"https:\/\/www.jschamberi.org\/blog\/index.php?rest_route=%2Fwp%2Fv2%2Fcomments&post=1933"}],"version-history":[{"count":9,"href":"https:\/\/www.jschamberi.org\/blog\/index.php?rest_route=\/wp\/v2\/posts\/1933\/revisions"}],"predecessor-version":[{"id":1961,"href":"https:\/\/www.jschamberi.org\/blog\/index.php?rest_route=\/wp\/v2\/posts\/1933\/revisions\/1961"}],"wp:attachment":[{"href":"https:\/\/www.jschamberi.org\/blog\/index.php?rest_route=%2Fwp%2Fv2%2Fmedia&parent=1933"}],"wp:term":[{"taxonomy":"category","embeddable":true,"href":"https:\/\/www.jschamberi.org\/blog\/index.php?rest_route=%2Fwp%2Fv2%2Fcategories&post=1933"},{"taxonomy":"post_tag","embeddable":true,"href":"https:\/\/www.jschamberi.org\/blog\/index.php?rest_route=%2Fwp%2Fv2%2Ftags&post=1933"}],"curies":[{"name":"wp","href":"https:\/\/api.w.org\/{rel}","templated":true}]}}