{"id":1765,"date":"2011-05-30T10:41:58","date_gmt":"2011-05-30T09:41:58","guid":{"rendered":"http:\/\/www.jschamberi.org\/blog\/?p=1765"},"modified":"2012-02-07T16:18:40","modified_gmt":"2012-02-07T15:18:40","slug":"nota-de-prensa-carril-bici-en-chamberi","status":"publish","type":"post","link":"https:\/\/www.jschamberi.org\/blog\/?p=1765","title":{"rendered":"Nota de prensa: Carril Bici en Chamber\u00ed"},"content":{"rendered":"<p>Volvi\u00f3 a tener repercusi\u00f3n en los medios nuestra nota de prensa sobre el Carr\u00edl Bici en Chamber\u00ed:<\/p>\n<p><a href=\"http:\/\/www.jschamberi.org\/blog\/wp-content\/uploads\/2011\/05\/NOTA-DE-PRENSA-carril-bici-logo-1.pdf\"><img loading=\"lazy\" decoding=\"async\" class=\"alignleft size-medium wp-image-1769\" title=\"NOTA DE PRENSA \" src=\"http:\/\/www.jschamberi.org\/blog\/wp-content\/uploads\/2011\/05\/NOTA-DE-PRENSA-carril-bici-logo-1-210x300.jpg\" alt=\"pulsa sobre la imagen para ver la nota de prensa completa\" width=\"210\" height=\"300\" srcset=\"https:\/\/www.jschamberi.org\/blog\/wp-content\/uploads\/2011\/05\/NOTA-DE-PRENSA-carril-bici-logo-1-210x300.jpg 210w, https:\/\/www.jschamberi.org\/blog\/wp-content\/uploads\/2011\/05\/NOTA-DE-PRENSA-carril-bici-logo-1-719x1024.jpg 719w, https:\/\/www.jschamberi.org\/blog\/wp-content\/uploads\/2011\/05\/NOTA-DE-PRENSA-carril-bici-logo-1-45x65.jpg 45w, https:\/\/www.jschamberi.org\/blog\/wp-content\/uploads\/2011\/05\/NOTA-DE-PRENSA-carril-bici-logo-1.jpg 1241w\" sizes=\"(max-width: 210px) 100vw, 210px\" \/><\/a><\/p>\n<p><a href=\"http:\/\/www.jschamberi.org\/blog\/wp-content\/uploads\/2011\/05\/Bicis-1.jpg\"><img loading=\"lazy\" decoding=\"async\" class=\"aligncenter size-full wp-image-1766\" title=\"Bicis 1\" src=\"http:\/\/www.jschamberi.org\/blog\/wp-content\/uploads\/2011\/05\/Bicis-1.jpg\" alt=\"\" width=\"570\" height=\"428\" srcset=\"https:\/\/www.jschamberi.org\/blog\/wp-content\/uploads\/2011\/05\/Bicis-1.jpg 732w, https:\/\/www.jschamberi.org\/blog\/wp-content\/uploads\/2011\/05\/Bicis-1-300x225.jpg 300w, https:\/\/www.jschamberi.org\/blog\/wp-content\/uploads\/2011\/05\/Bicis-1-86x65.jpg 86w\" sizes=\"(max-width: 570px) 100vw, 570px\" \/><\/a><\/p>\n<p><a href=\"http:\/\/www.jschamberi.org\/blog\/wp-content\/uploads\/2011\/05\/Bicis-2.jpg\"><img loading=\"lazy\" decoding=\"async\" class=\"aligncenter size-full wp-image-1767\" title=\"Bicis 2\" src=\"http:\/\/www.jschamberi.org\/blog\/wp-content\/uploads\/2011\/05\/Bicis-2.jpg\" alt=\"\" width=\"578\" height=\"153\" srcset=\"https:\/\/www.jschamberi.org\/blog\/wp-content\/uploads\/2011\/05\/Bicis-2.jpg 750w, https:\/\/www.jschamberi.org\/blog\/wp-content\/uploads\/2011\/05\/Bicis-2-300x80.jpg 300w, https:\/\/www.jschamberi.org\/blog\/wp-content\/uploads\/2011\/05\/Bicis-2-195x52.jpg 195w\" sizes=\"(max-width: 578px) 100vw, 578px\" \/><\/a><\/p>\n","protected":false},"excerpt":{"rendered":"<p>Volvi\u00f3 a tener repercusi\u00f3n en los medios nuestra nota de prensa sobre el Carr\u00edl Bici en Chamber\u00ed:<\/p>\n","protected":false},"author":20,"featured_media":1766,"comment_status":"open","ping_status":"open","sticky":false,"template":"","format":"standard","meta":{"footnotes":""},"categories":[43,62,26,21],"tags":[],"class_list":["post-1765","post","type-post","status-publish","format-standard","has-post-thumbnail","hentry","category-medio-ambiente-2","category-notadeprensa","category-opinion","category-sostenibilidad"],"yoast_head":"<!-- This site is optimized with the Yoast SEO plugin v23.7 - https:\/\/yoast.com\/wordpress\/plugins\/seo\/ -->\n<title>Nota de prensa: Carril Bici en Chamber\u00ed - Juventudes Socialistas de Chamber\u00ed<\/title>\n<meta name=\"robots\" content=\"index, follow, max-snippet:-1, max-image-preview:large, max-video-preview:-1\" \/>\n<link rel=\"canonical\" href=\"https:\/\/www.jschamberi.org\/blog\/?p=1765\" \/>\n<meta property=\"og:locale\" content=\"es_ES\" \/>\n<meta property=\"og:type\" content=\"article\" \/>\n<meta property=\"og:title\" content=\"Nota de prensa: Carril Bici en Chamber\u00ed - Juventudes Socialistas de Chamber\u00ed\" \/>\n<meta property=\"og:description\" content=\"Volvi\u00f3 a tener repercusi\u00f3n en los medios nuestra nota de prensa sobre el Carr\u00edl Bici en Chamber\u00ed:\" \/>\n<meta property=\"og:url\" content=\"https:\/\/www.jschamberi.org\/blog\/?p=1765\" \/>\n<meta property=\"og:site_name\" content=\"Juventudes Socialistas de Chamber\u00ed\" \/>\n<meta property=\"article:published_time\" content=\"2011-05-30T09:41:58+00:00\" \/>\n<meta property=\"article:modified_time\" content=\"2012-02-07T15:18:40+00:00\" \/>\n<meta property=\"og:image\" content=\"https:\/\/www.jschamberi.org\/blog\/wp-content\/uploads\/2011\/05\/Bicis-1.jpg\" \/>\n\t<meta property=\"og:image:width\" content=\"732\" \/>\n\t<meta property=\"og:image:height\" content=\"550\" \/>\n\t<meta property=\"og:image:type\" content=\"image\/jpeg\" \/>\n<meta name=\"author\" content=\"JSChamberi\" \/>\n<meta name=\"twitter:card\" content=\"summary_large_image\" \/>\n<meta name=\"twitter:label1\" content=\"Escrito por\" \/>\n\t<meta name=\"twitter:data1\" content=\"JSChamberi\" \/>\n<script type=\"application\/ld+json\" class=\"yoast-schema-graph\">{\"@context\":\"https:\/\/schema.org\",\"@graph\":[{\"@type\":\"WebPage\",\"@id\":\"https:\/\/www.jschamberi.org\/blog\/?p=1765\",\"url\":\"https:\/\/www.jschamberi.org\/blog\/?p=1765\",\"name\":\"Nota de prensa: Carril Bici en Chamber\u00ed - Juventudes Socialistas de Chamber\u00ed\",\"isPartOf\":{\"@id\":\"https:\/\/www.jschamberi.org\/blog\/#website\"},\"primaryImageOfPage\":{\"@id\":\"https:\/\/www.jschamberi.org\/blog\/?p=1765#primaryimage\"},\"image\":{\"@id\":\"https:\/\/www.jschamberi.org\/blog\/?p=1765#primaryimage\"},\"thumbnailUrl\":\"https:\/\/www.jschamberi.org\/blog\/wp-content\/uploads\/2011\/05\/Bicis-1.jpg\",\"datePublished\":\"2011-05-30T09:41:58+00:00\",\"dateModified\":\"2012-02-07T15:18:40+00:00\",\"author\":{\"@id\":\"https:\/\/www.jschamberi.org\/blog\/#\/schema\/person\/3f82d901471b027bfc456bee2b9d0d3d\"},\"breadcrumb\":{\"@id\":\"https:\/\/www.jschamberi.org\/blog\/?p=1765#breadcrumb\"},\"inLanguage\":\"es\",\"potentialAction\":[{\"@type\":\"ReadAction\",\"target\":[\"https:\/\/www.jschamberi.org\/blog\/?p=1765\"]}]},{\"@type\":\"ImageObject\",\"inLanguage\":\"es\",\"@id\":\"https:\/\/www.jschamberi.org\/blog\/?p=1765#primaryimage\",\"url\":\"https:\/\/www.jschamberi.org\/blog\/wp-content\/uploads\/2011\/05\/Bicis-1.jpg\",\"contentUrl\":\"https:\/\/www.jschamberi.org\/blog\/wp-content\/uploads\/2011\/05\/Bicis-1.jpg\",\"width\":\"732\",\"height\":\"550\"},{\"@type\":\"BreadcrumbList\",\"@id\":\"https:\/\/www.jschamberi.org\/blog\/?p=1765#breadcrumb\",\"itemListElement\":[{\"@type\":\"ListItem\",\"position\":1,\"name\":\"Home\",\"item\":\"https:\/\/www.jschamberi.org\/blog\/\"},{\"@type\":\"ListItem\",\"position\":2,\"name\":\"Nota de prensa: Carril Bici en Chamber\u00ed\"}]},{\"@type\":\"WebSite\",\"@id\":\"https:\/\/www.jschamberi.org\/blog\/#website\",\"url\":\"https:\/\/www.jschamberi.org\/blog\/\",\"name\":\"Juventudes Socialistas de Chamber\u00ed\",\"description\":\"\",\"potentialAction\":[{\"@type\":\"SearchAction\",\"target\":{\"@type\":\"EntryPoint\",\"urlTemplate\":\"https:\/\/www.jschamberi.org\/blog\/?s={search_term_string}\"},\"query-input\":{\"@type\":\"PropertyValueSpecification\",\"valueRequired\":true,\"valueName\":\"search_term_string\"}}],\"inLanguage\":\"es\"},{\"@type\":\"Person\",\"@id\":\"https:\/\/www.jschamberi.org\/blog\/#\/schema\/person\/3f82d901471b027bfc456bee2b9d0d3d\",\"name\":\"JSChamberi\",\"image\":{\"@type\":\"ImageObject\",\"inLanguage\":\"es\",\"@id\":\"https:\/\/www.jschamberi.org\/blog\/#\/schema\/person\/image\/\",\"url\":\"https:\/\/secure.gravatar.com\/avatar\/c2d40e2dd384331a8f7f7a2390eaafdb?s=96&d=identicon&r=g\",\"contentUrl\":\"https:\/\/secure.gravatar.com\/avatar\/c2d40e2dd384331a8f7f7a2390eaafdb?s=96&d=identicon&r=g\",\"caption\":\"JSChamberi\"},\"sameAs\":[\"http:\/\/jschamberi.org\"],\"url\":\"https:\/\/www.jschamberi.org\/blog\/?author=20\"}]}<\/script>\n<!-- \/ Yoast SEO plugin. -->","yoast_head_json":{"title":"Nota de prensa: Carril Bici en Chamber\u00ed - Juventudes Socialistas de Chamber\u00ed","robots":{"index":"index","follow":"follow","max-snippet":"max-snippet:-1","max-image-preview":"max-image-preview:large","max-video-preview":"max-video-preview:-1"},"canonical":"https:\/\/www.jschamberi.org\/blog\/?p=1765","og_locale":"es_ES","og_type":"article","og_title":"Nota de prensa: Carril Bici en Chamber\u00ed - Juventudes Socialistas de Chamber\u00ed","og_description":"Volvi\u00f3 a tener repercusi\u00f3n en los medios nuestra nota de prensa sobre el Carr\u00edl Bici en Chamber\u00ed:","og_url":"https:\/\/www.jschamberi.org\/blog\/?p=1765","og_site_name":"Juventudes Socialistas de Chamber\u00ed","article_published_time":"2011-05-30T09:41:58+00:00","article_modified_time":"2012-02-07T15:18:40+00:00","og_image":[{"width":732,"height":550,"url":"https:\/\/www.jschamberi.org\/blog\/wp-content\/uploads\/2011\/05\/Bicis-1.jpg","type":"image\/jpeg"}],"author":"JSChamberi","twitter_card":"summary_large_image","twitter_misc":{"Escrito por":"JSChamberi"},"schema":{"@context":"https:\/\/schema.org","@graph":[{"@type":"WebPage","@id":"https:\/\/www.jschamberi.org\/blog\/?p=1765","url":"https:\/\/www.jschamberi.org\/blog\/?p=1765","name":"Nota de prensa: Carril Bici en Chamber\u00ed - Juventudes Socialistas de Chamber\u00ed","isPartOf":{"@id":"https:\/\/www.jschamberi.org\/blog\/#website"},"primaryImageOfPage":{"@id":"https:\/\/www.jschamberi.org\/blog\/?p=1765#primaryimage"},"image":{"@id":"https:\/\/www.jschamberi.org\/blog\/?p=1765#primaryimage"},"thumbnailUrl":"https:\/\/www.jschamberi.org\/blog\/wp-content\/uploads\/2011\/05\/Bicis-1.jpg","datePublished":"2011-05-30T09:41:58+00:00","dateModified":"2012-02-07T15:18:40+00:00","author":{"@id":"https:\/\/www.jschamberi.org\/blog\/#\/schema\/person\/3f82d901471b027bfc456bee2b9d0d3d"},"breadcrumb":{"@id":"https:\/\/www.jschamberi.org\/blog\/?p=1765#breadcrumb"},"inLanguage":"es","potentialAction":[{"@type":"ReadAction","target":["https:\/\/www.jschamberi.org\/blog\/?p=1765"]}]},{"@type":"ImageObject","inLanguage":"es","@id":"https:\/\/www.jschamberi.org\/blog\/?p=1765#primaryimage","url":"https:\/\/www.jschamberi.org\/blog\/wp-content\/uploads\/2011\/05\/Bicis-1.jpg","contentUrl":"https:\/\/www.jschamberi.org\/blog\/wp-content\/uploads\/2011\/05\/Bicis-1.jpg","width":"732","height":"550"},{"@type":"BreadcrumbList","@id":"https:\/\/www.jschamberi.org\/blog\/?p=1765#breadcrumb","itemListElement":[{"@type":"ListItem","position":1,"name":"Home","item":"https:\/\/www.jschamberi.org\/blog\/"},{"@type":"ListItem","position":2,"name":"Nota de prensa: Carril Bici en Chamber\u00ed"}]},{"@type":"WebSite","@id":"https:\/\/www.jschamberi.org\/blog\/#website","url":"https:\/\/www.jschamberi.org\/blog\/","name":"Juventudes Socialistas de Chamber\u00ed","description":"","potentialAction":[{"@type":"SearchAction","target":{"@type":"EntryPoint","urlTemplate":"https:\/\/www.jschamberi.org\/blog\/?s={search_term_string}"},"query-input":{"@type":"PropertyValueSpecification","valueRequired":true,"valueName":"search_term_string"}}],"inLanguage":"es"},{"@type":"Person","@id":"https:\/\/www.jschamberi.org\/blog\/#\/schema\/person\/3f82d901471b027bfc456bee2b9d0d3d","name":"JSChamberi","image":{"@type":"ImageObject","inLanguage":"es","@id":"https:\/\/www.jschamberi.org\/blog\/#\/schema\/person\/image\/","url":"https:\/\/secure.gravatar.com\/avatar\/c2d40e2dd384331a8f7f7a2390eaafdb?s=96&d=identicon&r=g","contentUrl":"https:\/\/secure.gravatar.com\/avatar\/c2d40e2dd384331a8f7f7a2390eaafdb?s=96&d=identicon&r=g","caption":"JSChamberi"},"sameAs":["http:\/\/jschamberi.org"],"url":"https:\/\/www.jschamberi.org\/blog\/?author=20"}]}},"_links":{"self":[{"href":"https:\/\/www.jschamberi.org\/blog\/index.php?rest_route=\/wp\/v2\/posts\/1765"}],"collection":[{"href":"https:\/\/www.jschamberi.org\/blog\/index.php?rest_route=\/wp\/v2\/posts"}],"about":[{"href":"https:\/\/www.jschamberi.org\/blog\/index.php?rest_route=\/wp\/v2\/types\/post"}],"author":[{"embeddable":true,"href":"https:\/\/www.jschamberi.org\/blog\/index.php?rest_route=\/wp\/v2\/users\/20"}],"replies":[{"embeddable":true,"href":"https:\/\/www.jschamberi.org\/blog\/index.php?rest_route=%2Fwp%2Fv2%2Fcomments&post=1765"}],"version-history":[{"count":4,"href":"https:\/\/www.jschamberi.org\/blog\/index.php?rest_route=\/wp\/v2\/posts\/1765\/revisions"}],"predecessor-version":[{"id":1772,"href":"https:\/\/www.jschamberi.org\/blog\/index.php?rest_route=\/wp\/v2\/posts\/1765\/revisions\/1772"}],"wp:featuredmedia":[{"embeddable":true,"href":"https:\/\/www.jschamberi.org\/blog\/index.php?rest_route=\/wp\/v2\/media\/1766"}],"wp:attachment":[{"href":"https:\/\/www.jschamberi.org\/blog\/index.php?rest_route=%2Fwp%2Fv2%2Fmedia&parent=1765"}],"wp:term":[{"taxonomy":"category","embeddable":true,"href":"https:\/\/www.jschamberi.org\/blog\/index.php?rest_route=%2Fwp%2Fv2%2Fcategories&post=1765"},{"taxonomy":"post_tag","embeddable":true,"href":"https:\/\/www.jschamberi.org\/blog\/index.php?rest_route=%2Fwp%2Fv2%2Ftags&post=1765"}],"curies":[{"name":"wp","href":"https:\/\/api.w.org\/{rel}","templated":true}]}}