{"id":1672,"date":"2011-04-18T09:17:08","date_gmt":"2011-04-18T08:17:08","guid":{"rendered":"http:\/\/www.jschamberi.org\/blog\/?p=1672"},"modified":"2011-04-18T09:29:15","modified_gmt":"2011-04-18T08:29:15","slug":"eleccionesucm","status":"publish","type":"post","link":"https:\/\/www.jschamberi.org\/blog\/?p=1672","title":{"rendered":"#eleccionesUCM"},"content":{"rendered":"<p style=\"text-align: justify;\">El pasado 13 de Abril la Universidad Complutense de Madrid eligi\u00f3 a Jos\u00e9 Carrillo como nuevo Rector de la universidad, las elecciones comenzaron a mediados de Febrero con seis claros candidatos, que fueron: <strong>Carlos Andradas, Jos\u00e9 Carrillo, Patxi Aldecoa, Jes\u00fas S\u00e1nchez, Luis Perdices y Jos\u00e9 Iturmendi.<\/strong><\/p>\n<p style=\"text-align: justify;\">Han sido dos intensos meses donde los diferentes equipos lanzaron campa\u00f1as semejantes en buscaba del voto de los diferentes sectores de la comunidad universitaria en donde la ponderaci\u00f3n da m\u00e1s valor al PDI, luego al PAS y por \u00faltimo al Alumnado pero que en el conjunto todas las partes son igual de importantes pues todas pueden ser decisivas en los comicios.<\/p>\n<p style=\"text-align: justify;\">La primera vuelta estaba fijada para el 6 de Abril donde los seis candidatos trabajaron para pasar a segunda vuelta, este trabajo se vio reflejado en las diferentes actividades que se dieron; como las reuniones con los diferentes sectores de la comunidad universitaria, los debates, tanto de candidatos como de representantes de alumnos, como pasa-calles y pasa-clases. En estas elecciones entraron en juego las tecnolog\u00edas 2.0 en donde las paginas webs, blogs y redes sociales fueron las protagonistas en la difusi\u00f3n de informaci\u00f3n y donde <strong>Twitter<\/strong> fue la estrella, con Hashtags como \u201c<strong>#EleccionesUCM<\/strong>\u201d y \u201c<strong>#UCM<\/strong>\u201d donde llegaron a convertirse en Trending Topic nacional.<\/p>\n<p style=\"text-align: justify;\"><a href=\"http:\/\/www.jschamberi.org\/blog\/wp-content\/uploads\/2011\/04\/Carrillo.jpg\"><img loading=\"lazy\" decoding=\"async\" class=\"alignleft size-medium wp-image-1675\" title=\"Carrillo\" src=\"http:\/\/www.jschamberi.org\/blog\/wp-content\/uploads\/2011\/04\/Carrillo-300x76.jpg\" alt=\"\" width=\"300\" height=\"76\" srcset=\"https:\/\/www.jschamberi.org\/blog\/wp-content\/uploads\/2011\/04\/Carrillo-300x76.jpg 300w, https:\/\/www.jschamberi.org\/blog\/wp-content\/uploads\/2011\/04\/Carrillo-195x49.jpg 195w, https:\/\/www.jschamberi.org\/blog\/wp-content\/uploads\/2011\/04\/Carrillo.jpg 955w\" sizes=\"(max-width: 300px) 100vw, 300px\" \/><\/a><\/p>\n<p style=\"text-align: justify;\">\n<p style=\"text-align: justify;\">\n<p style=\"text-align: justify;\">\n<p style=\"text-align: justify;\">\n<p style=\"text-align: justify;\">\n<p style=\"text-align: justify;\">\n<p style=\"text-align: justify;\">\n<p style=\"text-align: justify;\">\n<p style=\"text-align: justify;\">\n<p style=\"text-align: justify;\"><a href=\"http:\/\/www.jschamberi.org\/blog\/wp-content\/uploads\/2011\/04\/Iturmendi.jpg\"><img loading=\"lazy\" decoding=\"async\" class=\"alignleft size-medium wp-image-1676\" title=\"Iturmendi\" src=\"http:\/\/www.jschamberi.org\/blog\/wp-content\/uploads\/2011\/04\/Iturmendi-300x73.jpg\" alt=\"\" width=\"299\" height=\"73\" srcset=\"https:\/\/www.jschamberi.org\/blog\/wp-content\/uploads\/2011\/04\/Iturmendi-300x73.jpg 300w, https:\/\/www.jschamberi.org\/blog\/wp-content\/uploads\/2011\/04\/Iturmendi-195x47.jpg 195w, https:\/\/www.jschamberi.org\/blog\/wp-content\/uploads\/2011\/04\/Iturmendi.jpg 983w\" sizes=\"(max-width: 299px) 100vw, 299px\" \/><\/a><\/p>\n<p style=\"text-align: justify;\">\n<p style=\"text-align: justify;\">\n<p style=\"text-align: justify;\">\n<p style=\"text-align: justify;\">\n<p style=\"text-align: justify;\">\n<p style=\"text-align: justify;\">\n<p style=\"text-align: justify;\">\n<p style=\"text-align: justify;\">El 6 de Abril pasaron a segunda vuelta <strong><a href=\"http:\/\/www.josecarrillo.org\/\">Jos\u00e9 Carrillo<\/a> y <a href=\"http:\/\/www.joseiturmendi.org\/\">Jos\u00e9 Iturmendi<\/a><\/strong>, siendo sorpresa que el candidato Carlos Andradas no lo consiguiera, siendo el gran favorito para ello. Hab\u00eda una semana para preparar la segunda vuelta de estas elecciones donde la prensa y la opini\u00f3n p\u00fablica colocaron r\u00e1pidamente a los candidatos en diferentes espectros ideol\u00f3gicos, donde Carrillo representaba una izquierda progresista y renovadora e Iturmendi en una Derecha algo estancada en el plan del 53 y por una renovaci\u00f3n desde arriba.<\/p>\n<p style=\"text-align: justify;\">El debate sobre modelos educativos ha vuelto a la universidad, siendo utilizado en muchos casos con fines de acaparaci\u00f3n de poder dentro de la misma por parte de la derecha liberal en Madrid. \u00c9ste es uno de los factores que m\u00e1s anim\u00f3 a los estudiantes a votar. Mientras uno de los modelos hablaba de renovar la universidad, por parte de un Catedr\u00e1tico de Matem\u00e1ticas, el otro modelo tenia un car\u00e1cter ideol\u00f3gico y pol\u00edtico, desmarc\u00e1ndose de lo que la universidad necesita, esa independencia tan importante.<\/p>\n<p style=\"text-align: justify;\">El \u00fanico resultado alarmante, la victoria de Iturmendi en la Facultad de Derecho. Siempre se habla de una renovaci\u00f3n de la justicia, pero vemos como la mayoria de los estudiantes (futuros juristas) que ejercieron su derecho al voto en dicha facultad, distan de este af\u00e1n de progreso renovador.\u00a0 Si bien es verdad que los estudiantes\u00a0 que tienen esta visi\u00f3n de independencia de la justicia y el car\u00e1cter de futuro renovador, hacen una labor a\u00fan m\u00e1s dif\u00edcil dentro de esta facultad, donde hay situaciones inauditas en la democracia.<\/p>\n<p style=\"text-align: justify;\">Lo singular de estas elecciones es que en primera vuelta la participaci\u00f3n fue m\u00e1s baja (17.777 votos emitidos) que en anteriores comicios pero que en segunda vuelta fue notablemente m\u00e1s alta (25.777 votos emitidos), debido al miedo que produjo que <em>un requet\u00e9 cercano a Esperanza Aguirre<\/em> llegara a ser Rector de la UCM y que sumado al trabajo realizado por el equipo de <strong>Jos\u00e9 Carrillo fuera \u00e9l elegido como nuevo rector con un total del 58,74% de los votos<\/strong> (Recibiendo 11.000 votos en el sector de estudiantes).<\/p>\n<blockquote style=\"text-align: justify;\"><p><span style=\"color: #888888;\"><strong><em>Un gran trabajo conlleva una gran recompensa<\/em><\/strong><\/span><\/p><\/blockquote>\n<p style=\"text-align: justify;\"><strong><span style=\"color: #ff0000;\">Sergio Rojo, militante de JSCh y estudiante de la #UCM <\/span><em><br \/>\n<\/em><\/strong><\/p>\n","protected":false},"excerpt":{"rendered":"<p>El pasado 13 de Abril la Universidad Complutense de Madrid eligi\u00f3 a Jos\u00e9 Carrillo como nuevo Rector de la universidad, las elecciones comenzaron a mediados de Febrero con seis claros candidatos, que fueron: Carlos Andradas, Jos\u00e9 Carrillo, Patxi Aldecoa, Jes\u00fas S\u00e1nchez, Luis Perdices y Jos\u00e9 Iturmendi. Han sido dos intensos meses donde los diferentes equipos <a class=\"read-more\" href=\"https:\/\/www.jschamberi.org\/blog\/?p=1672\">Leer m\u00e1s<\/a><\/p>\n","protected":false},"author":1,"featured_media":1675,"comment_status":"open","ping_status":"open","sticky":false,"template":"","format":"standard","meta":{"footnotes":""},"categories":[3,13],"tags":[],"class_list":["post-1672","post","type-post","status-publish","format-standard","has-post-thumbnail","hentry","category-educacion","category-eventos"],"yoast_head":"<!-- This site is optimized with the Yoast SEO plugin v23.7 - https:\/\/yoast.com\/wordpress\/plugins\/seo\/ -->\n<title>#eleccionesUCM - Juventudes Socialistas de Chamber\u00ed<\/title>\n<meta name=\"robots\" content=\"index, follow, max-snippet:-1, max-image-preview:large, max-video-preview:-1\" \/>\n<link rel=\"canonical\" href=\"https:\/\/www.jschamberi.org\/blog\/?p=1672\" \/>\n<meta property=\"og:locale\" content=\"es_ES\" \/>\n<meta property=\"og:type\" content=\"article\" \/>\n<meta property=\"og:title\" content=\"#eleccionesUCM - Juventudes Socialistas de Chamber\u00ed\" \/>\n<meta property=\"og:description\" content=\"El pasado 13 de Abril la Universidad Complutense de Madrid eligi\u00f3 a Jos\u00e9 Carrillo como nuevo Rector de la universidad, las elecciones comenzaron a mediados de Febrero con seis claros candidatos, que fueron: Carlos Andradas, Jos\u00e9 Carrillo, Patxi Aldecoa, Jes\u00fas S\u00e1nchez, Luis Perdices y Jos\u00e9 Iturmendi. Han sido dos intensos meses donde los diferentes equipos Leer m\u00e1s\" \/>\n<meta property=\"og:url\" content=\"https:\/\/www.jschamberi.org\/blog\/?p=1672\" \/>\n<meta property=\"og:site_name\" content=\"Juventudes Socialistas de Chamber\u00ed\" \/>\n<meta property=\"article:published_time\" content=\"2011-04-18T08:17:08+00:00\" \/>\n<meta property=\"article:modified_time\" content=\"2011-04-18T08:29:15+00:00\" \/>\n<meta property=\"og:image\" content=\"https:\/\/www.jschamberi.org\/blog\/wp-content\/uploads\/2011\/04\/Carrillo.jpg\" \/>\n\t<meta property=\"og:image:width\" content=\"955\" \/>\n\t<meta property=\"og:image:height\" content=\"243\" \/>\n\t<meta property=\"og:image:type\" content=\"image\/jpeg\" \/>\n<meta name=\"author\" content=\"admin\" \/>\n<meta name=\"twitter:card\" content=\"summary_large_image\" \/>\n<meta name=\"twitter:label1\" content=\"Escrito por\" \/>\n\t<meta name=\"twitter:data1\" content=\"admin\" \/>\n\t<meta name=\"twitter:label2\" content=\"Tiempo de lectura\" \/>\n\t<meta name=\"twitter:data2\" content=\"3 minutos\" \/>\n<script type=\"application\/ld+json\" class=\"yoast-schema-graph\">{\"@context\":\"https:\/\/schema.org\",\"@graph\":[{\"@type\":\"WebPage\",\"@id\":\"https:\/\/www.jschamberi.org\/blog\/?p=1672\",\"url\":\"https:\/\/www.jschamberi.org\/blog\/?p=1672\",\"name\":\"#eleccionesUCM - Juventudes Socialistas de Chamber\u00ed\",\"isPartOf\":{\"@id\":\"https:\/\/www.jschamberi.org\/blog\/#website\"},\"primaryImageOfPage\":{\"@id\":\"https:\/\/www.jschamberi.org\/blog\/?p=1672#primaryimage\"},\"image\":{\"@id\":\"https:\/\/www.jschamberi.org\/blog\/?p=1672#primaryimage\"},\"thumbnailUrl\":\"https:\/\/www.jschamberi.org\/blog\/wp-content\/uploads\/2011\/04\/Carrillo.jpg\",\"datePublished\":\"2011-04-18T08:17:08+00:00\",\"dateModified\":\"2011-04-18T08:29:15+00:00\",\"author\":{\"@id\":\"https:\/\/www.jschamberi.org\/blog\/#\/schema\/person\/c059c083419d357c708520483aafc898\"},\"breadcrumb\":{\"@id\":\"https:\/\/www.jschamberi.org\/blog\/?p=1672#breadcrumb\"},\"inLanguage\":\"es\",\"potentialAction\":[{\"@type\":\"ReadAction\",\"target\":[\"https:\/\/www.jschamberi.org\/blog\/?p=1672\"]}]},{\"@type\":\"ImageObject\",\"inLanguage\":\"es\",\"@id\":\"https:\/\/www.jschamberi.org\/blog\/?p=1672#primaryimage\",\"url\":\"https:\/\/www.jschamberi.org\/blog\/wp-content\/uploads\/2011\/04\/Carrillo.jpg\",\"contentUrl\":\"https:\/\/www.jschamberi.org\/blog\/wp-content\/uploads\/2011\/04\/Carrillo.jpg\",\"width\":\"955\",\"height\":\"243\"},{\"@type\":\"BreadcrumbList\",\"@id\":\"https:\/\/www.jschamberi.org\/blog\/?p=1672#breadcrumb\",\"itemListElement\":[{\"@type\":\"ListItem\",\"position\":1,\"name\":\"Home\",\"item\":\"https:\/\/www.jschamberi.org\/blog\/\"},{\"@type\":\"ListItem\",\"position\":2,\"name\":\"#eleccionesUCM\"}]},{\"@type\":\"WebSite\",\"@id\":\"https:\/\/www.jschamberi.org\/blog\/#website\",\"url\":\"https:\/\/www.jschamberi.org\/blog\/\",\"name\":\"Juventudes Socialistas de Chamber\u00ed\",\"description\":\"\",\"potentialAction\":[{\"@type\":\"SearchAction\",\"target\":{\"@type\":\"EntryPoint\",\"urlTemplate\":\"https:\/\/www.jschamberi.org\/blog\/?s={search_term_string}\"},\"query-input\":{\"@type\":\"PropertyValueSpecification\",\"valueRequired\":true,\"valueName\":\"search_term_string\"}}],\"inLanguage\":\"es\"},{\"@type\":\"Person\",\"@id\":\"https:\/\/www.jschamberi.org\/blog\/#\/schema\/person\/c059c083419d357c708520483aafc898\",\"name\":\"admin\",\"image\":{\"@type\":\"ImageObject\",\"inLanguage\":\"es\",\"@id\":\"https:\/\/www.jschamberi.org\/blog\/#\/schema\/person\/image\/\",\"url\":\"https:\/\/secure.gravatar.com\/avatar\/7113fc9fabb67d6308a52515bfcb6797?s=96&d=identicon&r=g\",\"contentUrl\":\"https:\/\/secure.gravatar.com\/avatar\/7113fc9fabb67d6308a52515bfcb6797?s=96&d=identicon&r=g\",\"caption\":\"admin\"},\"url\":\"https:\/\/www.jschamberi.org\/blog\/?author=1\"}]}<\/script>\n<!-- \/ Yoast SEO plugin. -->","yoast_head_json":{"title":"#eleccionesUCM - Juventudes Socialistas de Chamber\u00ed","robots":{"index":"index","follow":"follow","max-snippet":"max-snippet:-1","max-image-preview":"max-image-preview:large","max-video-preview":"max-video-preview:-1"},"canonical":"https:\/\/www.jschamberi.org\/blog\/?p=1672","og_locale":"es_ES","og_type":"article","og_title":"#eleccionesUCM - Juventudes Socialistas de Chamber\u00ed","og_description":"El pasado 13 de Abril la Universidad Complutense de Madrid eligi\u00f3 a Jos\u00e9 Carrillo como nuevo Rector de la universidad, las elecciones comenzaron a mediados de Febrero con seis claros candidatos, que fueron: Carlos Andradas, Jos\u00e9 Carrillo, Patxi Aldecoa, Jes\u00fas S\u00e1nchez, Luis Perdices y Jos\u00e9 Iturmendi. Han sido dos intensos meses donde los diferentes equipos Leer m\u00e1s","og_url":"https:\/\/www.jschamberi.org\/blog\/?p=1672","og_site_name":"Juventudes Socialistas de Chamber\u00ed","article_published_time":"2011-04-18T08:17:08+00:00","article_modified_time":"2011-04-18T08:29:15+00:00","og_image":[{"width":955,"height":243,"url":"https:\/\/www.jschamberi.org\/blog\/wp-content\/uploads\/2011\/04\/Carrillo.jpg","type":"image\/jpeg"}],"author":"admin","twitter_card":"summary_large_image","twitter_misc":{"Escrito por":"admin","Tiempo de lectura":"3 minutos"},"schema":{"@context":"https:\/\/schema.org","@graph":[{"@type":"WebPage","@id":"https:\/\/www.jschamberi.org\/blog\/?p=1672","url":"https:\/\/www.jschamberi.org\/blog\/?p=1672","name":"#eleccionesUCM - Juventudes Socialistas de Chamber\u00ed","isPartOf":{"@id":"https:\/\/www.jschamberi.org\/blog\/#website"},"primaryImageOfPage":{"@id":"https:\/\/www.jschamberi.org\/blog\/?p=1672#primaryimage"},"image":{"@id":"https:\/\/www.jschamberi.org\/blog\/?p=1672#primaryimage"},"thumbnailUrl":"https:\/\/www.jschamberi.org\/blog\/wp-content\/uploads\/2011\/04\/Carrillo.jpg","datePublished":"2011-04-18T08:17:08+00:00","dateModified":"2011-04-18T08:29:15+00:00","author":{"@id":"https:\/\/www.jschamberi.org\/blog\/#\/schema\/person\/c059c083419d357c708520483aafc898"},"breadcrumb":{"@id":"https:\/\/www.jschamberi.org\/blog\/?p=1672#breadcrumb"},"inLanguage":"es","potentialAction":[{"@type":"ReadAction","target":["https:\/\/www.jschamberi.org\/blog\/?p=1672"]}]},{"@type":"ImageObject","inLanguage":"es","@id":"https:\/\/www.jschamberi.org\/blog\/?p=1672#primaryimage","url":"https:\/\/www.jschamberi.org\/blog\/wp-content\/uploads\/2011\/04\/Carrillo.jpg","contentUrl":"https:\/\/www.jschamberi.org\/blog\/wp-content\/uploads\/2011\/04\/Carrillo.jpg","width":"955","height":"243"},{"@type":"BreadcrumbList","@id":"https:\/\/www.jschamberi.org\/blog\/?p=1672#breadcrumb","itemListElement":[{"@type":"ListItem","position":1,"name":"Home","item":"https:\/\/www.jschamberi.org\/blog\/"},{"@type":"ListItem","position":2,"name":"#eleccionesUCM"}]},{"@type":"WebSite","@id":"https:\/\/www.jschamberi.org\/blog\/#website","url":"https:\/\/www.jschamberi.org\/blog\/","name":"Juventudes Socialistas de Chamber\u00ed","description":"","potentialAction":[{"@type":"SearchAction","target":{"@type":"EntryPoint","urlTemplate":"https:\/\/www.jschamberi.org\/blog\/?s={search_term_string}"},"query-input":{"@type":"PropertyValueSpecification","valueRequired":true,"valueName":"search_term_string"}}],"inLanguage":"es"},{"@type":"Person","@id":"https:\/\/www.jschamberi.org\/blog\/#\/schema\/person\/c059c083419d357c708520483aafc898","name":"admin","image":{"@type":"ImageObject","inLanguage":"es","@id":"https:\/\/www.jschamberi.org\/blog\/#\/schema\/person\/image\/","url":"https:\/\/secure.gravatar.com\/avatar\/7113fc9fabb67d6308a52515bfcb6797?s=96&d=identicon&r=g","contentUrl":"https:\/\/secure.gravatar.com\/avatar\/7113fc9fabb67d6308a52515bfcb6797?s=96&d=identicon&r=g","caption":"admin"},"url":"https:\/\/www.jschamberi.org\/blog\/?author=1"}]}},"_links":{"self":[{"href":"https:\/\/www.jschamberi.org\/blog\/index.php?rest_route=\/wp\/v2\/posts\/1672"}],"collection":[{"href":"https:\/\/www.jschamberi.org\/blog\/index.php?rest_route=\/wp\/v2\/posts"}],"about":[{"href":"https:\/\/www.jschamberi.org\/blog\/index.php?rest_route=\/wp\/v2\/types\/post"}],"author":[{"embeddable":true,"href":"https:\/\/www.jschamberi.org\/blog\/index.php?rest_route=\/wp\/v2\/users\/1"}],"replies":[{"embeddable":true,"href":"https:\/\/www.jschamberi.org\/blog\/index.php?rest_route=%2Fwp%2Fv2%2Fcomments&post=1672"}],"version-history":[{"count":15,"href":"https:\/\/www.jschamberi.org\/blog\/index.php?rest_route=\/wp\/v2\/posts\/1672\/revisions"}],"predecessor-version":[{"id":1696,"href":"https:\/\/www.jschamberi.org\/blog\/index.php?rest_route=\/wp\/v2\/posts\/1672\/revisions\/1696"}],"wp:featuredmedia":[{"embeddable":true,"href":"https:\/\/www.jschamberi.org\/blog\/index.php?rest_route=\/wp\/v2\/media\/1675"}],"wp:attachment":[{"href":"https:\/\/www.jschamberi.org\/blog\/index.php?rest_route=%2Fwp%2Fv2%2Fmedia&parent=1672"}],"wp:term":[{"taxonomy":"category","embeddable":true,"href":"https:\/\/www.jschamberi.org\/blog\/index.php?rest_route=%2Fwp%2Fv2%2Fcategories&post=1672"},{"taxonomy":"post_tag","embeddable":true,"href":"https:\/\/www.jschamberi.org\/blog\/index.php?rest_route=%2Fwp%2Fv2%2Ftags&post=1672"}],"curies":[{"name":"wp","href":"https:\/\/api.w.org\/{rel}","templated":true}]}}