{"id":1661,"date":"2011-04-14T16:02:13","date_gmt":"2011-04-14T15:02:13","guid":{"rendered":"http:\/\/www.jschamberi.org\/blog\/?p=1661"},"modified":"2011-04-14T16:10:48","modified_gmt":"2011-04-14T15:10:48","slug":"jovenes-en-movimiento","status":"publish","type":"post","link":"https:\/\/www.jschamberi.org\/blog\/?p=1661","title":{"rendered":"J\u00f3venes en Movimiento (Mu\u00e9vete por y con Argelia)"},"content":{"rendered":"<p><strong> <\/strong><\/p>\n<p style=\"text-align: justify;\"><span style=\"color: #ff0000;\"><strong>La ONG Solidaridad Internacional<\/strong><\/span> tiene un convenio con la <a href=\"http:\/\/www.aecid.es\/web\/es\/\">Agencia Espa\u00f1ola de Cooperaci\u00f3n Internacional y Desarrollo (AECID)<\/a> desde el a\u00f1o 2006 para el desarrollo de una cultura democr\u00e1tica en Argelia, as\u00ed como el fortalecimiento del tejido asociativo. Dichos objetivos se est\u00e1n alcanzando a trav\u00e9s de una serie de acciones, muchas de ellas de campo, como formaci\u00f3n, apoyo para la creaci\u00f3n de redes de asociacionismo y financiaci\u00f3n de microcr\u00e9ditos para proyectos realizados por asociaciones argelinas; y otras de intercambio entre Espa\u00f1a y Argelia, cuyo objetivo es el de compartir las experiencias de diferentes asociaciones.<\/p>\n<p style=\"text-align: justify;\"><strong>En 2008 tuvo lugar un primer encuentro en<\/strong><a href=\"http:\/\/www.jschamberi.org\/blog\/wp-content\/uploads\/2011\/04\/jovenes-en-movimiento1.bmp\"><img loading=\"lazy\" decoding=\"async\" class=\"alignleft size-full wp-image-1663\" style=\"margin-left: 10px; margin-right: 10px;\" title=\"jovenes en movimiento\" src=\"http:\/\/www.jschamberi.org\/blog\/wp-content\/uploads\/2011\/04\/jovenes-en-movimiento1.bmp\" alt=\"\" width=\"218\" height=\"68\" \/><\/a><strong> Madrid<\/strong> para el acercamiento de los dos pa\u00edses, encuentro al que s\u00f3lo acudieron instituciones p\u00fablicas argelinas y no parte de dicho tejido asociativo. Sin embargo, la actividad no ha cesado un momento, por lo que Solidaridad Internacional quiere enfatizar las comunicaciones entre los j\u00f3venes asociados en Argelia y los j\u00f3venes asociados en Espa\u00f1a. Para ello, nos hemos propuesto, desde Juventudes Socialistas de Chamber\u00ed y desde Solidaridad Internacional, hacer actividades conjuntamente para que se d\u00e9 a conocer la implicaci\u00f3n de los j\u00f3venes argelinos en el \u00e1mbito pol\u00edtico e intercambiar experiencias que ser\u00e1n por ambas partes muy enriquecedoras.<\/p>\n<p style=\"text-align: justify;\">La primera actividad ser\u00e1 un <strong>encuentro digital<\/strong> desde Solidaridad Internacional con <span style=\"color: #ff0000;\"><strong>JSCh<\/strong><\/span> y otros miembros de asociaciones como <strong>Aldaba<\/strong> y miembros de algunas asociaciones como <strong>AFEPEC<\/strong>, a trav\u00e9s de facebook, teniendo la posibilidad de conocer su perspectiva de la pol\u00edtica y del asociacionismo juvenil.<\/p>\n<p style=\"text-align: justify;\">JSCh participa con <a href=\"www.solidaridad.org\"><strong>Solidaridad Internacional<\/strong><\/a> a trav\u00e9s del <a href=\"https:\/\/www.facebook.com\/solidaridad.internacional?ref=ts\"><strong>Grupo de Facebook \u201cJ\u00f3venes en Movimiento\u201d<\/strong><\/a>. Todo aquel que quiera entrar es bienvenido y a\u00fan m\u00e1s si quiere preguntar algo a las diferentes asociaciones. Te invitamos a que hag\u00e1is clic en \u201cMe gusta\u201d y empecemos todos a relacionarnos entre nosotros. Adem\u00e1s, tendr\u00e9is a disposici\u00f3n las respuestas y tambi\u00e9n las cuestiones que nos formulen a todos los que participemos desde Espa\u00f1a, as\u00ed como nuestras sensaciones al respecto.<\/p>\n<p style=\"text-align: justify;\">Consideramos que es imprescindible para proseguir el camino hacia una sociedad m\u00e1s justa y democr\u00e1tica el aprender de personas que pueden tener una perspectiva del mundo diferente y tambi\u00e9n tener muy presente que las tecnolog\u00edas nos permiten no s\u00f3lo establecer contacto con personas distantes en el espacio pero cercanas en las ideas, sino que tambi\u00e9n nos permiten construir el modelo de sociedad por el que luchamos.<\/p>\n<p style=\"text-align: justify;\">Ten\u00e9is a vuestra disposici\u00f3n m\u00e1s informaci\u00f3n sobre Solidaridad Internacional en:<\/p>\n<p style=\"text-align: justify;\"><a href=\"http:\/\/www.solidaridad.org\/\">www.solidaridad.org<\/a> y <a href=\"https:\/\/www.facebook.com\/solidaridad.internacional?ref=ts\">https:\/\/www.facebook.com\/solidaridad.internacional?ref=ts<\/a><\/p>\n","protected":false},"excerpt":{"rendered":"<p>La ONG Solidaridad Internacional tiene un convenio con la Agencia Espa\u00f1ola de Cooperaci\u00f3n Internacional y Desarrollo (AECID) desde el a\u00f1o 2006 para el desarrollo de una cultura democr\u00e1tica en Argelia, as\u00ed como el fortalecimiento del tejido asociativo. Dichos objetivos se est\u00e1n alcanzando a trav\u00e9s de una serie de acciones, muchas de ellas de campo, como <a class=\"read-more\" href=\"https:\/\/www.jschamberi.org\/blog\/?p=1661\">Leer m\u00e1s<\/a><\/p>\n","protected":false},"author":20,"featured_media":1663,"comment_status":"open","ping_status":"open","sticky":false,"template":"","format":"standard","meta":{"footnotes":""},"categories":[3,13,5,47,37],"tags":[],"class_list":["post-1661","post","type-post","status-publish","format-standard","has-post-thumbnail","hentry","category-educacion","category-eventos","category-igualdad","category-outside","category-nuevas-tecnologias"],"yoast_head":"<!-- This site is optimized with the Yoast SEO plugin v23.7 - https:\/\/yoast.com\/wordpress\/plugins\/seo\/ -->\n<title>J\u00f3venes en Movimiento (Mu\u00e9vete por y con Argelia)  - Juventudes Socialistas de Chamber\u00ed<\/title>\n<meta name=\"robots\" content=\"index, follow, max-snippet:-1, max-image-preview:large, max-video-preview:-1\" \/>\n<link rel=\"canonical\" href=\"https:\/\/www.jschamberi.org\/blog\/?p=1661\" \/>\n<meta property=\"og:locale\" content=\"es_ES\" \/>\n<meta property=\"og:type\" content=\"article\" \/>\n<meta property=\"og:title\" content=\"J\u00f3venes en Movimiento (Mu\u00e9vete por y con Argelia)  - Juventudes Socialistas de Chamber\u00ed\" \/>\n<meta property=\"og:description\" content=\"La ONG Solidaridad Internacional tiene un convenio con la Agencia Espa\u00f1ola de Cooperaci\u00f3n Internacional y Desarrollo (AECID) desde el a\u00f1o 2006 para el desarrollo de una cultura democr\u00e1tica en Argelia, as\u00ed como el fortalecimiento del tejido asociativo. Dichos objetivos se est\u00e1n alcanzando a trav\u00e9s de una serie de acciones, muchas de ellas de campo, como Leer m\u00e1s\" \/>\n<meta property=\"og:url\" content=\"https:\/\/www.jschamberi.org\/blog\/?p=1661\" \/>\n<meta property=\"og:site_name\" content=\"Juventudes Socialistas de Chamber\u00ed\" \/>\n<meta property=\"article:published_time\" content=\"2011-04-14T15:02:13+00:00\" \/>\n<meta property=\"article:modified_time\" content=\"2011-04-14T15:10:48+00:00\" \/>\n<meta name=\"author\" content=\"JSChamberi\" \/>\n<meta name=\"twitter:card\" content=\"summary_large_image\" \/>\n<meta name=\"twitter:label1\" content=\"Escrito por\" \/>\n\t<meta name=\"twitter:data1\" content=\"JSChamberi\" \/>\n\t<meta name=\"twitter:label2\" content=\"Tiempo de lectura\" \/>\n\t<meta name=\"twitter:data2\" content=\"2 minutos\" \/>\n<script type=\"application\/ld+json\" class=\"yoast-schema-graph\">{\"@context\":\"https:\/\/schema.org\",\"@graph\":[{\"@type\":\"WebPage\",\"@id\":\"https:\/\/www.jschamberi.org\/blog\/?p=1661\",\"url\":\"https:\/\/www.jschamberi.org\/blog\/?p=1661\",\"name\":\"J\u00f3venes en Movimiento (Mu\u00e9vete por y con Argelia) - Juventudes Socialistas de Chamber\u00ed\",\"isPartOf\":{\"@id\":\"https:\/\/www.jschamberi.org\/blog\/#website\"},\"primaryImageOfPage\":{\"@id\":\"https:\/\/www.jschamberi.org\/blog\/?p=1661#primaryimage\"},\"image\":{\"@id\":\"https:\/\/www.jschamberi.org\/blog\/?p=1661#primaryimage\"},\"thumbnailUrl\":\"https:\/\/www.jschamberi.org\/blog\/wp-content\/uploads\/2011\/04\/jovenes-en-movimiento1.bmp\",\"datePublished\":\"2011-04-14T15:02:13+00:00\",\"dateModified\":\"2011-04-14T15:10:48+00:00\",\"author\":{\"@id\":\"https:\/\/www.jschamberi.org\/blog\/#\/schema\/person\/3f82d901471b027bfc456bee2b9d0d3d\"},\"breadcrumb\":{\"@id\":\"https:\/\/www.jschamberi.org\/blog\/?p=1661#breadcrumb\"},\"inLanguage\":\"es\",\"potentialAction\":[{\"@type\":\"ReadAction\",\"target\":[\"https:\/\/www.jschamberi.org\/blog\/?p=1661\"]}]},{\"@type\":\"ImageObject\",\"inLanguage\":\"es\",\"@id\":\"https:\/\/www.jschamberi.org\/blog\/?p=1661#primaryimage\",\"url\":\"https:\/\/www.jschamberi.org\/blog\/wp-content\/uploads\/2011\/04\/jovenes-en-movimiento1.bmp\",\"contentUrl\":\"https:\/\/www.jschamberi.org\/blog\/wp-content\/uploads\/2011\/04\/jovenes-en-movimiento1.bmp\"},{\"@type\":\"BreadcrumbList\",\"@id\":\"https:\/\/www.jschamberi.org\/blog\/?p=1661#breadcrumb\",\"itemListElement\":[{\"@type\":\"ListItem\",\"position\":1,\"name\":\"Home\",\"item\":\"https:\/\/www.jschamberi.org\/blog\/\"},{\"@type\":\"ListItem\",\"position\":2,\"name\":\"J\u00f3venes en Movimiento (Mu\u00e9vete por y con Argelia)\"}]},{\"@type\":\"WebSite\",\"@id\":\"https:\/\/www.jschamberi.org\/blog\/#website\",\"url\":\"https:\/\/www.jschamberi.org\/blog\/\",\"name\":\"Juventudes Socialistas de Chamber\u00ed\",\"description\":\"\",\"potentialAction\":[{\"@type\":\"SearchAction\",\"target\":{\"@type\":\"EntryPoint\",\"urlTemplate\":\"https:\/\/www.jschamberi.org\/blog\/?s={search_term_string}\"},\"query-input\":{\"@type\":\"PropertyValueSpecification\",\"valueRequired\":true,\"valueName\":\"search_term_string\"}}],\"inLanguage\":\"es\"},{\"@type\":\"Person\",\"@id\":\"https:\/\/www.jschamberi.org\/blog\/#\/schema\/person\/3f82d901471b027bfc456bee2b9d0d3d\",\"name\":\"JSChamberi\",\"image\":{\"@type\":\"ImageObject\",\"inLanguage\":\"es\",\"@id\":\"https:\/\/www.jschamberi.org\/blog\/#\/schema\/person\/image\/\",\"url\":\"https:\/\/secure.gravatar.com\/avatar\/c2d40e2dd384331a8f7f7a2390eaafdb?s=96&d=identicon&r=g\",\"contentUrl\":\"https:\/\/secure.gravatar.com\/avatar\/c2d40e2dd384331a8f7f7a2390eaafdb?s=96&d=identicon&r=g\",\"caption\":\"JSChamberi\"},\"sameAs\":[\"http:\/\/jschamberi.org\"],\"url\":\"https:\/\/www.jschamberi.org\/blog\/?author=20\"}]}<\/script>\n<!-- \/ Yoast SEO plugin. -->","yoast_head_json":{"title":"J\u00f3venes en Movimiento (Mu\u00e9vete por y con Argelia)  - Juventudes Socialistas de Chamber\u00ed","robots":{"index":"index","follow":"follow","max-snippet":"max-snippet:-1","max-image-preview":"max-image-preview:large","max-video-preview":"max-video-preview:-1"},"canonical":"https:\/\/www.jschamberi.org\/blog\/?p=1661","og_locale":"es_ES","og_type":"article","og_title":"J\u00f3venes en Movimiento (Mu\u00e9vete por y con Argelia)  - Juventudes Socialistas de Chamber\u00ed","og_description":"La ONG Solidaridad Internacional tiene un convenio con la Agencia Espa\u00f1ola de Cooperaci\u00f3n Internacional y Desarrollo (AECID) desde el a\u00f1o 2006 para el desarrollo de una cultura democr\u00e1tica en Argelia, as\u00ed como el fortalecimiento del tejido asociativo. Dichos objetivos se est\u00e1n alcanzando a trav\u00e9s de una serie de acciones, muchas de ellas de campo, como Leer m\u00e1s","og_url":"https:\/\/www.jschamberi.org\/blog\/?p=1661","og_site_name":"Juventudes Socialistas de Chamber\u00ed","article_published_time":"2011-04-14T15:02:13+00:00","article_modified_time":"2011-04-14T15:10:48+00:00","author":"JSChamberi","twitter_card":"summary_large_image","twitter_misc":{"Escrito por":"JSChamberi","Tiempo de lectura":"2 minutos"},"schema":{"@context":"https:\/\/schema.org","@graph":[{"@type":"WebPage","@id":"https:\/\/www.jschamberi.org\/blog\/?p=1661","url":"https:\/\/www.jschamberi.org\/blog\/?p=1661","name":"J\u00f3venes en Movimiento (Mu\u00e9vete por y con Argelia) - Juventudes Socialistas de Chamber\u00ed","isPartOf":{"@id":"https:\/\/www.jschamberi.org\/blog\/#website"},"primaryImageOfPage":{"@id":"https:\/\/www.jschamberi.org\/blog\/?p=1661#primaryimage"},"image":{"@id":"https:\/\/www.jschamberi.org\/blog\/?p=1661#primaryimage"},"thumbnailUrl":"https:\/\/www.jschamberi.org\/blog\/wp-content\/uploads\/2011\/04\/jovenes-en-movimiento1.bmp","datePublished":"2011-04-14T15:02:13+00:00","dateModified":"2011-04-14T15:10:48+00:00","author":{"@id":"https:\/\/www.jschamberi.org\/blog\/#\/schema\/person\/3f82d901471b027bfc456bee2b9d0d3d"},"breadcrumb":{"@id":"https:\/\/www.jschamberi.org\/blog\/?p=1661#breadcrumb"},"inLanguage":"es","potentialAction":[{"@type":"ReadAction","target":["https:\/\/www.jschamberi.org\/blog\/?p=1661"]}]},{"@type":"ImageObject","inLanguage":"es","@id":"https:\/\/www.jschamberi.org\/blog\/?p=1661#primaryimage","url":"https:\/\/www.jschamberi.org\/blog\/wp-content\/uploads\/2011\/04\/jovenes-en-movimiento1.bmp","contentUrl":"https:\/\/www.jschamberi.org\/blog\/wp-content\/uploads\/2011\/04\/jovenes-en-movimiento1.bmp"},{"@type":"BreadcrumbList","@id":"https:\/\/www.jschamberi.org\/blog\/?p=1661#breadcrumb","itemListElement":[{"@type":"ListItem","position":1,"name":"Home","item":"https:\/\/www.jschamberi.org\/blog\/"},{"@type":"ListItem","position":2,"name":"J\u00f3venes en Movimiento (Mu\u00e9vete por y con Argelia)"}]},{"@type":"WebSite","@id":"https:\/\/www.jschamberi.org\/blog\/#website","url":"https:\/\/www.jschamberi.org\/blog\/","name":"Juventudes Socialistas de Chamber\u00ed","description":"","potentialAction":[{"@type":"SearchAction","target":{"@type":"EntryPoint","urlTemplate":"https:\/\/www.jschamberi.org\/blog\/?s={search_term_string}"},"query-input":{"@type":"PropertyValueSpecification","valueRequired":true,"valueName":"search_term_string"}}],"inLanguage":"es"},{"@type":"Person","@id":"https:\/\/www.jschamberi.org\/blog\/#\/schema\/person\/3f82d901471b027bfc456bee2b9d0d3d","name":"JSChamberi","image":{"@type":"ImageObject","inLanguage":"es","@id":"https:\/\/www.jschamberi.org\/blog\/#\/schema\/person\/image\/","url":"https:\/\/secure.gravatar.com\/avatar\/c2d40e2dd384331a8f7f7a2390eaafdb?s=96&d=identicon&r=g","contentUrl":"https:\/\/secure.gravatar.com\/avatar\/c2d40e2dd384331a8f7f7a2390eaafdb?s=96&d=identicon&r=g","caption":"JSChamberi"},"sameAs":["http:\/\/jschamberi.org"],"url":"https:\/\/www.jschamberi.org\/blog\/?author=20"}]}},"_links":{"self":[{"href":"https:\/\/www.jschamberi.org\/blog\/index.php?rest_route=\/wp\/v2\/posts\/1661"}],"collection":[{"href":"https:\/\/www.jschamberi.org\/blog\/index.php?rest_route=\/wp\/v2\/posts"}],"about":[{"href":"https:\/\/www.jschamberi.org\/blog\/index.php?rest_route=\/wp\/v2\/types\/post"}],"author":[{"embeddable":true,"href":"https:\/\/www.jschamberi.org\/blog\/index.php?rest_route=\/wp\/v2\/users\/20"}],"replies":[{"embeddable":true,"href":"https:\/\/www.jschamberi.org\/blog\/index.php?rest_route=%2Fwp%2Fv2%2Fcomments&post=1661"}],"version-history":[{"count":8,"href":"https:\/\/www.jschamberi.org\/blog\/index.php?rest_route=\/wp\/v2\/posts\/1661\/revisions"}],"predecessor-version":[{"id":1671,"href":"https:\/\/www.jschamberi.org\/blog\/index.php?rest_route=\/wp\/v2\/posts\/1661\/revisions\/1671"}],"wp:featuredmedia":[{"embeddable":true,"href":"https:\/\/www.jschamberi.org\/blog\/index.php?rest_route=\/wp\/v2\/media\/1663"}],"wp:attachment":[{"href":"https:\/\/www.jschamberi.org\/blog\/index.php?rest_route=%2Fwp%2Fv2%2Fmedia&parent=1661"}],"wp:term":[{"taxonomy":"category","embeddable":true,"href":"https:\/\/www.jschamberi.org\/blog\/index.php?rest_route=%2Fwp%2Fv2%2Fcategories&post=1661"},{"taxonomy":"post_tag","embeddable":true,"href":"https:\/\/www.jschamberi.org\/blog\/index.php?rest_route=%2Fwp%2Fv2%2Ftags&post=1661"}],"curies":[{"name":"wp","href":"https:\/\/api.w.org\/{rel}","templated":true}]}}