{"id":1606,"date":"2011-03-09T21:41:14","date_gmt":"2011-03-09T20:41:14","guid":{"rendered":"http:\/\/www.jschamberi.org\/blog\/?p=1606"},"modified":"2011-11-28T10:27:09","modified_gmt":"2011-11-28T09:27:09","slug":"el-futuro-de-la-socialdemocracia-ignacio-urquizu-16mar-1930","status":"publish","type":"post","link":"https:\/\/www.jschamberi.org\/blog\/?p=1606","title":{"rendered":"El Futuro de la Socialdemocracia: Ignacio Urquizu (16Mar-19:30)"},"content":{"rendered":"<p><a href=\"http:\/\/www.jschamberi.org\/blog\/wp-content\/uploads\/2011\/03\/El-Futuro-de-la-Socialdemocracia-JSCh-16.03-19.30-.jpg\"><img loading=\"lazy\" decoding=\"async\" class=\"aligncenter size-large wp-image-1607\" title=\"El Futuro de la Socialdemocracia (JSCh 16.03 -19.30)\" src=\"http:\/\/www.jschamberi.org\/blog\/wp-content\/uploads\/2011\/03\/El-Futuro-de-la-Socialdemocracia-JSCh-16.03-19.30--1024x724.jpg\" alt=\"\" width=\"580\" height=\"409\" srcset=\"https:\/\/www.jschamberi.org\/blog\/wp-content\/uploads\/2011\/03\/El-Futuro-de-la-Socialdemocracia-JSCh-16.03-19.30--1024x724.jpg 1024w, https:\/\/www.jschamberi.org\/blog\/wp-content\/uploads\/2011\/03\/El-Futuro-de-la-Socialdemocracia-JSCh-16.03-19.30--300x212.jpg 300w, https:\/\/www.jschamberi.org\/blog\/wp-content\/uploads\/2011\/03\/El-Futuro-de-la-Socialdemocracia-JSCh-16.03-19.30--91x65.jpg 91w\" sizes=\"(max-width: 580px) 100vw, 580px\" \/><\/a><\/p>\n<p><strong>El Futuro de la Socialdemocracia<\/strong><\/p>\n<p><strong>IGNACIO URQUIZU<\/strong><\/p>\n<table style=\"height: 63px;\" cellspacing=\"0\" cellpadding=\"0\" width=\"857\">\n<tbody>\n<tr>\n<td><em>Es investigador de la Fundaci\u00f3n Alternativas.<\/em><em>Doctor europeo de la Universidad Complutense de Madrid, as\u00ed como Doctor-miembro del Instituto Juan March de Estudios e Investigaciones.<\/em><\/td>\n<\/tr>\n<\/tbody>\n<\/table>\n<p>Modera el debate: <strong>JORGE ALONSO<\/strong><\/p>\n<p>(Secretario de Sostenibilidad, Econom\u00eda y Bienestar JSCh)<\/p>\n<p>Presenta el acto:<strong> FERNANDO RUIZ BOWEN<\/strong><br \/>\n(Secretario General JSCh)<\/p>\n","protected":false},"excerpt":{"rendered":"<p>El Futuro de la Socialdemocracia IGNACIO URQUIZU Es investigador de la Fundaci\u00f3n Alternativas.Doctor europeo de la Universidad Complutense de Madrid, as\u00ed como Doctor-miembro del Instituto Juan March de Estudios e Investigaciones. Modera el debate: JORGE ALONSO (Secretario de Sostenibilidad, Econom\u00eda y Bienestar JSCh) Presenta el acto: FERNANDO RUIZ BOWEN (Secretario General JSCh)<\/p>\n","protected":false},"author":20,"featured_media":1607,"comment_status":"open","ping_status":"open","sticky":false,"template":"","format":"standard","meta":{"footnotes":""},"categories":[13,21],"tags":[],"class_list":["post-1606","post","type-post","status-publish","format-standard","has-post-thumbnail","hentry","category-eventos","category-sostenibilidad"],"yoast_head":"<!-- This site is optimized with the Yoast SEO plugin v23.7 - https:\/\/yoast.com\/wordpress\/plugins\/seo\/ -->\n<title>El Futuro de la Socialdemocracia: Ignacio Urquizu (16Mar-19:30) - Juventudes Socialistas de Chamber\u00ed<\/title>\n<meta name=\"robots\" content=\"index, follow, max-snippet:-1, max-image-preview:large, max-video-preview:-1\" \/>\n<link rel=\"canonical\" href=\"https:\/\/www.jschamberi.org\/blog\/?p=1606\" \/>\n<meta property=\"og:locale\" content=\"es_ES\" \/>\n<meta property=\"og:type\" content=\"article\" \/>\n<meta property=\"og:title\" content=\"El Futuro de la Socialdemocracia: Ignacio Urquizu (16Mar-19:30) - Juventudes Socialistas de Chamber\u00ed\" \/>\n<meta property=\"og:description\" content=\"El Futuro de la Socialdemocracia IGNACIO URQUIZU Es investigador de la Fundaci\u00f3n Alternativas.Doctor europeo de la Universidad Complutense de Madrid, as\u00ed como Doctor-miembro del Instituto Juan March de Estudios e Investigaciones. Modera el debate: JORGE ALONSO (Secretario de Sostenibilidad, Econom\u00eda y Bienestar JSCh) Presenta el acto: FERNANDO RUIZ BOWEN (Secretario General JSCh)\" \/>\n<meta property=\"og:url\" content=\"https:\/\/www.jschamberi.org\/blog\/?p=1606\" \/>\n<meta property=\"og:site_name\" content=\"Juventudes Socialistas de Chamber\u00ed\" \/>\n<meta property=\"article:published_time\" content=\"2011-03-09T20:41:14+00:00\" \/>\n<meta property=\"article:modified_time\" content=\"2011-11-28T09:27:09+00:00\" \/>\n<meta property=\"og:image\" content=\"https:\/\/www.jschamberi.org\/blog\/wp-content\/uploads\/2011\/03\/El-Futuro-de-la-Socialdemocracia-JSCh-16.03-19.30-.jpg\" \/>\n\t<meta property=\"og:image:width\" content=\"2339\" \/>\n\t<meta property=\"og:image:height\" content=\"1654\" \/>\n\t<meta property=\"og:image:type\" content=\"image\/jpeg\" \/>\n<meta name=\"author\" content=\"JSChamberi\" \/>\n<meta name=\"twitter:card\" content=\"summary_large_image\" \/>\n<meta name=\"twitter:label1\" content=\"Escrito por\" \/>\n\t<meta name=\"twitter:data1\" content=\"JSChamberi\" \/>\n<script type=\"application\/ld+json\" class=\"yoast-schema-graph\">{\"@context\":\"https:\/\/schema.org\",\"@graph\":[{\"@type\":\"WebPage\",\"@id\":\"https:\/\/www.jschamberi.org\/blog\/?p=1606\",\"url\":\"https:\/\/www.jschamberi.org\/blog\/?p=1606\",\"name\":\"El Futuro de la Socialdemocracia: Ignacio Urquizu (16Mar-19:30) - Juventudes Socialistas de Chamber\u00ed\",\"isPartOf\":{\"@id\":\"https:\/\/www.jschamberi.org\/blog\/#website\"},\"primaryImageOfPage\":{\"@id\":\"https:\/\/www.jschamberi.org\/blog\/?p=1606#primaryimage\"},\"image\":{\"@id\":\"https:\/\/www.jschamberi.org\/blog\/?p=1606#primaryimage\"},\"thumbnailUrl\":\"https:\/\/www.jschamberi.org\/blog\/wp-content\/uploads\/2011\/03\/El-Futuro-de-la-Socialdemocracia-JSCh-16.03-19.30-.jpg\",\"datePublished\":\"2011-03-09T20:41:14+00:00\",\"dateModified\":\"2011-11-28T09:27:09+00:00\",\"author\":{\"@id\":\"https:\/\/www.jschamberi.org\/blog\/#\/schema\/person\/3f82d901471b027bfc456bee2b9d0d3d\"},\"breadcrumb\":{\"@id\":\"https:\/\/www.jschamberi.org\/blog\/?p=1606#breadcrumb\"},\"inLanguage\":\"es\",\"potentialAction\":[{\"@type\":\"ReadAction\",\"target\":[\"https:\/\/www.jschamberi.org\/blog\/?p=1606\"]}]},{\"@type\":\"ImageObject\",\"inLanguage\":\"es\",\"@id\":\"https:\/\/www.jschamberi.org\/blog\/?p=1606#primaryimage\",\"url\":\"https:\/\/www.jschamberi.org\/blog\/wp-content\/uploads\/2011\/03\/El-Futuro-de-la-Socialdemocracia-JSCh-16.03-19.30-.jpg\",\"contentUrl\":\"https:\/\/www.jschamberi.org\/blog\/wp-content\/uploads\/2011\/03\/El-Futuro-de-la-Socialdemocracia-JSCh-16.03-19.30-.jpg\",\"width\":\"2339\",\"height\":\"1654\"},{\"@type\":\"BreadcrumbList\",\"@id\":\"https:\/\/www.jschamberi.org\/blog\/?p=1606#breadcrumb\",\"itemListElement\":[{\"@type\":\"ListItem\",\"position\":1,\"name\":\"Home\",\"item\":\"https:\/\/www.jschamberi.org\/blog\/\"},{\"@type\":\"ListItem\",\"position\":2,\"name\":\"El Futuro de la Socialdemocracia: Ignacio Urquizu (16Mar-19:30)\"}]},{\"@type\":\"WebSite\",\"@id\":\"https:\/\/www.jschamberi.org\/blog\/#website\",\"url\":\"https:\/\/www.jschamberi.org\/blog\/\",\"name\":\"Juventudes Socialistas de Chamber\u00ed\",\"description\":\"\",\"potentialAction\":[{\"@type\":\"SearchAction\",\"target\":{\"@type\":\"EntryPoint\",\"urlTemplate\":\"https:\/\/www.jschamberi.org\/blog\/?s={search_term_string}\"},\"query-input\":{\"@type\":\"PropertyValueSpecification\",\"valueRequired\":true,\"valueName\":\"search_term_string\"}}],\"inLanguage\":\"es\"},{\"@type\":\"Person\",\"@id\":\"https:\/\/www.jschamberi.org\/blog\/#\/schema\/person\/3f82d901471b027bfc456bee2b9d0d3d\",\"name\":\"JSChamberi\",\"image\":{\"@type\":\"ImageObject\",\"inLanguage\":\"es\",\"@id\":\"https:\/\/www.jschamberi.org\/blog\/#\/schema\/person\/image\/\",\"url\":\"https:\/\/secure.gravatar.com\/avatar\/c2d40e2dd384331a8f7f7a2390eaafdb?s=96&d=identicon&r=g\",\"contentUrl\":\"https:\/\/secure.gravatar.com\/avatar\/c2d40e2dd384331a8f7f7a2390eaafdb?s=96&d=identicon&r=g\",\"caption\":\"JSChamberi\"},\"sameAs\":[\"http:\/\/jschamberi.org\"],\"url\":\"https:\/\/www.jschamberi.org\/blog\/?author=20\"}]}<\/script>\n<!-- \/ Yoast SEO plugin. -->","yoast_head_json":{"title":"El Futuro de la Socialdemocracia: Ignacio Urquizu (16Mar-19:30) - Juventudes Socialistas de Chamber\u00ed","robots":{"index":"index","follow":"follow","max-snippet":"max-snippet:-1","max-image-preview":"max-image-preview:large","max-video-preview":"max-video-preview:-1"},"canonical":"https:\/\/www.jschamberi.org\/blog\/?p=1606","og_locale":"es_ES","og_type":"article","og_title":"El Futuro de la Socialdemocracia: Ignacio Urquizu (16Mar-19:30) - Juventudes Socialistas de Chamber\u00ed","og_description":"El Futuro de la Socialdemocracia IGNACIO URQUIZU Es investigador de la Fundaci\u00f3n Alternativas.Doctor europeo de la Universidad Complutense de Madrid, as\u00ed como Doctor-miembro del Instituto Juan March de Estudios e Investigaciones. Modera el debate: JORGE ALONSO (Secretario de Sostenibilidad, Econom\u00eda y Bienestar JSCh) Presenta el acto: FERNANDO RUIZ BOWEN (Secretario General JSCh)","og_url":"https:\/\/www.jschamberi.org\/blog\/?p=1606","og_site_name":"Juventudes Socialistas de Chamber\u00ed","article_published_time":"2011-03-09T20:41:14+00:00","article_modified_time":"2011-11-28T09:27:09+00:00","og_image":[{"width":2339,"height":1654,"url":"https:\/\/www.jschamberi.org\/blog\/wp-content\/uploads\/2011\/03\/El-Futuro-de-la-Socialdemocracia-JSCh-16.03-19.30-.jpg","type":"image\/jpeg"}],"author":"JSChamberi","twitter_card":"summary_large_image","twitter_misc":{"Escrito por":"JSChamberi"},"schema":{"@context":"https:\/\/schema.org","@graph":[{"@type":"WebPage","@id":"https:\/\/www.jschamberi.org\/blog\/?p=1606","url":"https:\/\/www.jschamberi.org\/blog\/?p=1606","name":"El Futuro de la Socialdemocracia: Ignacio Urquizu (16Mar-19:30) - Juventudes Socialistas de Chamber\u00ed","isPartOf":{"@id":"https:\/\/www.jschamberi.org\/blog\/#website"},"primaryImageOfPage":{"@id":"https:\/\/www.jschamberi.org\/blog\/?p=1606#primaryimage"},"image":{"@id":"https:\/\/www.jschamberi.org\/blog\/?p=1606#primaryimage"},"thumbnailUrl":"https:\/\/www.jschamberi.org\/blog\/wp-content\/uploads\/2011\/03\/El-Futuro-de-la-Socialdemocracia-JSCh-16.03-19.30-.jpg","datePublished":"2011-03-09T20:41:14+00:00","dateModified":"2011-11-28T09:27:09+00:00","author":{"@id":"https:\/\/www.jschamberi.org\/blog\/#\/schema\/person\/3f82d901471b027bfc456bee2b9d0d3d"},"breadcrumb":{"@id":"https:\/\/www.jschamberi.org\/blog\/?p=1606#breadcrumb"},"inLanguage":"es","potentialAction":[{"@type":"ReadAction","target":["https:\/\/www.jschamberi.org\/blog\/?p=1606"]}]},{"@type":"ImageObject","inLanguage":"es","@id":"https:\/\/www.jschamberi.org\/blog\/?p=1606#primaryimage","url":"https:\/\/www.jschamberi.org\/blog\/wp-content\/uploads\/2011\/03\/El-Futuro-de-la-Socialdemocracia-JSCh-16.03-19.30-.jpg","contentUrl":"https:\/\/www.jschamberi.org\/blog\/wp-content\/uploads\/2011\/03\/El-Futuro-de-la-Socialdemocracia-JSCh-16.03-19.30-.jpg","width":"2339","height":"1654"},{"@type":"BreadcrumbList","@id":"https:\/\/www.jschamberi.org\/blog\/?p=1606#breadcrumb","itemListElement":[{"@type":"ListItem","position":1,"name":"Home","item":"https:\/\/www.jschamberi.org\/blog\/"},{"@type":"ListItem","position":2,"name":"El Futuro de la Socialdemocracia: Ignacio Urquizu (16Mar-19:30)"}]},{"@type":"WebSite","@id":"https:\/\/www.jschamberi.org\/blog\/#website","url":"https:\/\/www.jschamberi.org\/blog\/","name":"Juventudes Socialistas de Chamber\u00ed","description":"","potentialAction":[{"@type":"SearchAction","target":{"@type":"EntryPoint","urlTemplate":"https:\/\/www.jschamberi.org\/blog\/?s={search_term_string}"},"query-input":{"@type":"PropertyValueSpecification","valueRequired":true,"valueName":"search_term_string"}}],"inLanguage":"es"},{"@type":"Person","@id":"https:\/\/www.jschamberi.org\/blog\/#\/schema\/person\/3f82d901471b027bfc456bee2b9d0d3d","name":"JSChamberi","image":{"@type":"ImageObject","inLanguage":"es","@id":"https:\/\/www.jschamberi.org\/blog\/#\/schema\/person\/image\/","url":"https:\/\/secure.gravatar.com\/avatar\/c2d40e2dd384331a8f7f7a2390eaafdb?s=96&d=identicon&r=g","contentUrl":"https:\/\/secure.gravatar.com\/avatar\/c2d40e2dd384331a8f7f7a2390eaafdb?s=96&d=identicon&r=g","caption":"JSChamberi"},"sameAs":["http:\/\/jschamberi.org"],"url":"https:\/\/www.jschamberi.org\/blog\/?author=20"}]}},"_links":{"self":[{"href":"https:\/\/www.jschamberi.org\/blog\/index.php?rest_route=\/wp\/v2\/posts\/1606"}],"collection":[{"href":"https:\/\/www.jschamberi.org\/blog\/index.php?rest_route=\/wp\/v2\/posts"}],"about":[{"href":"https:\/\/www.jschamberi.org\/blog\/index.php?rest_route=\/wp\/v2\/types\/post"}],"author":[{"embeddable":true,"href":"https:\/\/www.jschamberi.org\/blog\/index.php?rest_route=\/wp\/v2\/users\/20"}],"replies":[{"embeddable":true,"href":"https:\/\/www.jschamberi.org\/blog\/index.php?rest_route=%2Fwp%2Fv2%2Fcomments&post=1606"}],"version-history":[{"count":5,"href":"https:\/\/www.jschamberi.org\/blog\/index.php?rest_route=\/wp\/v2\/posts\/1606\/revisions"}],"predecessor-version":[{"id":1905,"href":"https:\/\/www.jschamberi.org\/blog\/index.php?rest_route=\/wp\/v2\/posts\/1606\/revisions\/1905"}],"wp:featuredmedia":[{"embeddable":true,"href":"https:\/\/www.jschamberi.org\/blog\/index.php?rest_route=\/wp\/v2\/media\/1607"}],"wp:attachment":[{"href":"https:\/\/www.jschamberi.org\/blog\/index.php?rest_route=%2Fwp%2Fv2%2Fmedia&parent=1606"}],"wp:term":[{"taxonomy":"category","embeddable":true,"href":"https:\/\/www.jschamberi.org\/blog\/index.php?rest_route=%2Fwp%2Fv2%2Fcategories&post=1606"},{"taxonomy":"post_tag","embeddable":true,"href":"https:\/\/www.jschamberi.org\/blog\/index.php?rest_route=%2Fwp%2Fv2%2Ftags&post=1606"}],"curies":[{"name":"wp","href":"https:\/\/api.w.org\/{rel}","templated":true}]}}