{"id":1591,"date":"2011-03-07T09:55:43","date_gmt":"2011-03-07T08:55:43","guid":{"rendered":"http:\/\/www.jschamberi.org\/blog\/?p=1591"},"modified":"2011-12-01T15:19:13","modified_gmt":"2011-12-01T14:19:13","slug":"los-retos-de-la-socialdemocracia-del-siglo-xxi","status":"publish","type":"post","link":"https:\/\/www.jschamberi.org\/blog\/?p=1591","title":{"rendered":"Los Retos de la Socialdemocracia del Siglo XXI"},"content":{"rendered":"<p>El fin de semana del 26 y 27 de Marzo, una vez m\u00e1s, el Instituto Jaime Vera se convirti\u00f3 en un espacio de debate y an\u00e1lisis, esta vez sobre la situaci\u00f3n actual y futura de Espa\u00f1a vista desde los ojos de la socialdemocracia.<\/p>\n<p>Como socialistas no podemos obviar que mucha parte del contexto donde, al ganar las elecciones, quer\u00edamos desarrollar nuestro Proyecto ha cambiado y estos cambios no han hecho sino mermar <strong>nuestra narrativa, que ha dejado de enamorar a los ciudadanos<\/strong> (<strong>Ram\u00f3n J\u00e1uregui<\/strong>, Ministro de la Presidencia).<\/p>\n<p>Pero este cambio que le ha sucedido al socialismo y a sus ideales de izquierdas no son causa \u00fanica del contexto crisis financiera sino de una sociedad que ha cambiado. <strong>Esta sociedad necesita que alguien le explique qu\u00e9 es ser de izquierdas<\/strong>, es por ello que hay que pasar de los argumentarios a los argumentos, hay que expresar con nuestras palabras qu\u00e9 significa ser socialistas. (<strong>Ignacio Urquizu<\/strong>, Profesor de sociolog\u00eda de la UCM y colaborador de la Fundaci\u00f3n Alternativas).<\/p>\n<p><a href=\"http:\/\/www.jschamberi.org\/blog\/wp-content\/uploads\/2011\/03\/P2261606.jpg\"><img loading=\"lazy\" decoding=\"async\" class=\"aligncenter size-full wp-image-1595\" title=\"Urquizu, Gonz\u00e1lez, Madina\" src=\"http:\/\/www.jschamberi.org\/blog\/wp-content\/uploads\/2011\/03\/P2261606.jpg\" alt=\"\" width=\"585\" height=\"335\" srcset=\"https:\/\/www.jschamberi.org\/blog\/wp-content\/uploads\/2011\/03\/P2261606.jpg 585w, https:\/\/www.jschamberi.org\/blog\/wp-content\/uploads\/2011\/03\/P2261606-300x171.jpg 300w, https:\/\/www.jschamberi.org\/blog\/wp-content\/uploads\/2011\/03\/P2261606-113x65.jpg 113w\" sizes=\"(max-width: 585px) 100vw, 585px\" \/><\/a><\/p>\n<p>Es importante mostrarle a los ciudadanos que nuestras medidas no van acompa\u00f1adas de un olvido de de nuestros valores; sino que <strong>estas actuaciones son la \u00fanica manera de poder continuar con nuestras ideas progresistas.<\/strong> La respuesta a la crisis de la socialdemocracia debe pasar por una reformulaci\u00f3n de las respuestas de la izquierda. No hay que cambiar los valores, sino los procesos para dar respuesta a las distintas situaciones. (Ram\u00f3n J\u00e1uregui)<\/p>\n<p>Estos procesos pasan por el an\u00e1lisis de distintos \u00e1mbitos que en encuentran en nuestra base socialdem\u00f3crata: econom\u00eda, sostenibilidad medioambiental, educaci\u00f3n e igualdad y desarrollo social.<\/p>\n<ul>\n<li><strong><span style=\"color: #339966;\">ECONOM\u00cdA.<\/span><\/strong><\/li>\n<\/ul>\n<p>Necesitamos crear una <strong>econom\u00eda altamente competitiva<\/strong> que tiene <strong>que apostar por la innovaci\u00f3n<\/strong>. Conforme aumente la productividad podremos apostar por un estadio de bienestar mayor que promueva una sociedad cohesionada; s\u00f3lo as\u00ed podremos lograr que nuestro Estado de Bienestar siga siendo rentable. (<strong>Felipe Gonz\u00e1lez<\/strong>, Presidente del Consejo de Progreso Global).<\/p>\n<p>Adem\u00e1s hay que redefinir la relaci\u00f3n entre pol\u00edtica y mercado y empresas. Nosotros no vamos a cambiar la <strong>econom\u00eda de mercado, pero queremos que se someta a la pol\u00edtica<\/strong>; y debemos <strong>reconfigurar el papel de la empresa<\/strong>, analizando \u00e9sta no como un enemigo sino como un miembro m\u00e1s de nuestro Proyecto para crear un mundo m\u00e1s justo, m\u00e1s igualitario y m\u00e1s sostenible. (Ram\u00f3n J\u00e1uregui)<\/p>\n<p><a href=\"http:\/\/www.jschamberi.org\/blog\/wp-content\/uploads\/2011\/03\/P2261617.jpg\"><img loading=\"lazy\" decoding=\"async\" class=\"aligncenter size-full wp-image-1594\" title=\"Jorge Felipe\" src=\"http:\/\/www.jschamberi.org\/blog\/wp-content\/uploads\/2011\/03\/P2261617.jpg\" alt=\"\" width=\"598\" height=\"344\" srcset=\"https:\/\/www.jschamberi.org\/blog\/wp-content\/uploads\/2011\/03\/P2261617.jpg 640w, https:\/\/www.jschamberi.org\/blog\/wp-content\/uploads\/2011\/03\/P2261617-300x172.jpg 300w, https:\/\/www.jschamberi.org\/blog\/wp-content\/uploads\/2011\/03\/P2261617-113x65.jpg 113w\" sizes=\"(max-width: 598px) 100vw, 598px\" \/><\/a><\/p>\n<ul>\n<li><strong><span style=\"color: #339966;\">SOSTENIBILIDAD MEDIOAMBIENTAL.<\/span><\/strong><\/li>\n<\/ul>\n<p>La din\u00e1mica del crecimiento occidental como la hemos visto actualmente requer\u00eda de varios planetas para poder subsistir; nuestra opci\u00f3n hasta la actualidad ha consistido en vampirizar los recursos de otros pa\u00edses cuando los del nuestro se han visto mermados. Hoy esta forma de vivir se ha acabado. Nos encontramos por primera vez en un punto donde las poblaciones que hasta ahora se hab\u00edan considerado en v\u00edas de desarrollo quieren tener las mismas oportunidades que nosotros, y la \u00fanica forma que tenemos para continuar es <strong>cambiar nuestra visi\u00f3n y apostar por la sostenibilidad.<\/strong> (<strong>Hugo Mor\u00e1n<\/strong>, Secretario Federal de Medio Ambiente y Desarrollo Rural)<\/p>\n<ul>\n<li><strong><span style=\"color: #339966;\">EDUCACI\u00d3N.<\/span><\/strong><\/li>\n<\/ul>\n<p>Todo nuestro Proyecto socialista pasa por una inversi\u00f3n en Educaci\u00f3n ya que la \u00fanica manera de que funcione nuestro sistema es crear ciudadanos <strong>m\u00e1s cr\u00edticos y con mayor capacidad de empleabilidad<\/strong>, esto no quiere decir que generemos desde la escuela trabajadores, sino personas vers\u00e1tiles y con capacidad de adaptaci\u00f3n. Adem\u00e1s nuestra educaci\u00f3n ir\u00e1 guiada por la bandera de <strong>la equidad, la calidad y el esfuerzo<\/strong> (que son todos ellos valores progresistas), pero que deben ir juntos porque la calidad sin equidad y sin esfuerzo de convierte en elitismo y discriminaci\u00f3n. (\u00c1ngel Gabilondo, Ministro de Educaci\u00f3n)<\/p>\n<p><a href=\"http:\/\/www.jschamberi.org\/blog\/wp-content\/uploads\/2011\/03\/Con-el-Ministro.jpg\"><img loading=\"lazy\" decoding=\"async\" class=\"aligncenter size-full wp-image-1592\" title=\"OLYMPUS DIGITAL CAMERA\" src=\"http:\/\/www.jschamberi.org\/blog\/wp-content\/uploads\/2011\/03\/Con-el-Ministro.jpg\" alt=\"\" width=\"438\" height=\"240\" srcset=\"https:\/\/www.jschamberi.org\/blog\/wp-content\/uploads\/2011\/03\/Con-el-Ministro.jpg 1024w, https:\/\/www.jschamberi.org\/blog\/wp-content\/uploads\/2011\/03\/Con-el-Ministro-300x164.jpg 300w, https:\/\/www.jschamberi.org\/blog\/wp-content\/uploads\/2011\/03\/Con-el-Ministro-118x65.jpg 118w\" sizes=\"(max-width: 438px) 100vw, 438px\" \/><\/a><\/p>\n<p><span style=\"color: #339966;\"> <\/span><\/p>\n<ul>\n<li><strong><span style=\"color: #339966;\">DESARROLLO SOCIAL E IGUALDAD.<\/span><\/strong><\/li>\n<\/ul>\n<p>Necesitamos reformular el socialismo hacia el ciudadano, <strong>fomentando sus derechos<\/strong> y construyendo <strong>caminos m\u00e1s participativos<\/strong> (Ram\u00f3n J\u00e1uregui), y esto pasa por seguir trabajando por alcanzar una <strong>mayor igualdad para la mujer<\/strong>.<\/p>\n<p><a href=\"http:\/\/www.jschamberi.org\/blog\/wp-content\/uploads\/2011\/03\/P2271650.jpg\"><img loading=\"lazy\" decoding=\"async\" class=\"alignleft size-medium wp-image-1593\" style=\"margin-left: 20px; margin-right: 20px;\" title=\"OLYMPUS DIGITAL CAMERA\" src=\"http:\/\/www.jschamberi.org\/blog\/wp-content\/uploads\/2011\/03\/P2271650-232x300.jpg\" alt=\"\" width=\"173\" height=\"223\" srcset=\"https:\/\/www.jschamberi.org\/blog\/wp-content\/uploads\/2011\/03\/P2271650-232x300.jpg 232w, https:\/\/www.jschamberi.org\/blog\/wp-content\/uploads\/2011\/03\/P2271650-794x1024.jpg 794w, https:\/\/www.jschamberi.org\/blog\/wp-content\/uploads\/2011\/03\/P2271650-50x65.jpg 50w, https:\/\/www.jschamberi.org\/blog\/wp-content\/uploads\/2011\/03\/P2271650.jpg 1937w\" sizes=\"(max-width: 173px) 100vw, 173px\" \/><\/a>Actualmente: las mujeres realizan 2\/3 de trabajos del mundo, reciben 1\/10 de los ingresos, 2\/3 de ella son analfabetas, poseen 1 de cada 1000 propiedades y son la mayor\u00eda de esa poblaci\u00f3n que vive con menos de un d\u00f3lar al d\u00eda. En Espa\u00f1a hemos avanzado mucho, somos pioneros en la Ley de igualdad, pero a\u00fan nos queda mucho camino por andar. (<strong>Laura Seara<\/strong>, Directora General del Instituto de la Mujer).<\/p>\n<p>Vivimos una \u00e9poca apasionante, que nadie nos haga pensar lo contrario; no ha habido \u00e9poca mejor que \u00e9sta para luchar y defender lo que hemos logrado y lo que queremos conseguir, pero a la sociedad se le ha olvidado que los pasos que se han andado no tienen porqu\u00e9 ser irreversibles y que es necesario seguir trabajando por ellos (<strong>Eduardo Madina<\/strong>, Diputado Nacional)<\/p>\n<p>Es justo ese nuestro trabajo como miembros de Juventudes Socialistas, mostrar a la sociedad que el Estado de Bienestar que ahora disfrutan ha sido logrado con el esfuerzo y el trabajo de aquellas personas que como nosotros cre\u00edan en unos ideales progresistas, pero que esta realidad puede cambiar si dejan de so\u00f1ar, de reflexionar y de debatir sobre un futuro mejor para todos, el futuro de la socialdemocracia; y es que tal y como dijo el Ministro <strong>\u00c1ngel Gabilondo<em>, no s\u00f3lo hay que estar convencidos, sino ser convincentes.<\/em><\/strong><\/p>\n<p><strong><em><span style=\"color: #800000;\">Marina Pascual , Jorge Alonso y \u00c1ngel Mart\u00ednez\u00a0 asistieron al curso en la Jaime Vera. <\/span><br \/>\n<\/em><\/strong><\/p>\n","protected":false},"excerpt":{"rendered":"<p>El fin de semana del 26 y 27 de Marzo, una vez m\u00e1s, el Instituto Jaime Vera se convirti\u00f3 en un espacio de debate y an\u00e1lisis, esta vez sobre la situaci\u00f3n actual y futura de Espa\u00f1a vista desde los ojos de la socialdemocracia. Como socialistas no podemos obviar que mucha parte del contexto donde, al <a class=\"read-more\" href=\"https:\/\/www.jschamberi.org\/blog\/?p=1591\">Leer m\u00e1s<\/a><\/p>\n","protected":false},"author":1,"featured_media":1600,"comment_status":"open","ping_status":"open","sticky":false,"template":"","format":"standard","meta":{"footnotes":""},"categories":[3,5,43,26,21],"tags":[],"class_list":["post-1591","post","type-post","status-publish","format-standard","has-post-thumbnail","hentry","category-educacion","category-igualdad","category-medio-ambiente-2","category-opinion","category-sostenibilidad"],"yoast_head":"<!-- This site is optimized with the Yoast SEO plugin v23.7 - https:\/\/yoast.com\/wordpress\/plugins\/seo\/ -->\n<title>Los Retos de la Socialdemocracia del Siglo XXI - Juventudes Socialistas de Chamber\u00ed<\/title>\n<meta name=\"robots\" content=\"index, follow, max-snippet:-1, max-image-preview:large, max-video-preview:-1\" \/>\n<link rel=\"canonical\" href=\"https:\/\/www.jschamberi.org\/blog\/?p=1591\" \/>\n<meta property=\"og:locale\" content=\"es_ES\" \/>\n<meta property=\"og:type\" content=\"article\" \/>\n<meta property=\"og:title\" content=\"Los Retos de la Socialdemocracia del Siglo XXI - Juventudes Socialistas de Chamber\u00ed\" \/>\n<meta property=\"og:description\" content=\"El fin de semana del 26 y 27 de Marzo, una vez m\u00e1s, el Instituto Jaime Vera se convirti\u00f3 en un espacio de debate y an\u00e1lisis, esta vez sobre la situaci\u00f3n actual y futura de Espa\u00f1a vista desde los ojos de la socialdemocracia. Como socialistas no podemos obviar que mucha parte del contexto donde, al Leer m\u00e1s\" \/>\n<meta property=\"og:url\" content=\"https:\/\/www.jschamberi.org\/blog\/?p=1591\" \/>\n<meta property=\"og:site_name\" content=\"Juventudes Socialistas de Chamber\u00ed\" \/>\n<meta property=\"article:published_time\" content=\"2011-03-07T08:55:43+00:00\" \/>\n<meta property=\"article:modified_time\" content=\"2011-12-01T14:19:13+00:00\" \/>\n<meta property=\"og:image\" content=\"https:\/\/www.jschamberi.org\/blog\/wp-content\/uploads\/2011\/03\/P22616431.jpg\" \/>\n\t<meta property=\"og:image:width\" content=\"1024\" \/>\n\t<meta property=\"og:image:height\" content=\"332\" \/>\n\t<meta property=\"og:image:type\" content=\"image\/jpeg\" \/>\n<meta name=\"author\" content=\"admin\" \/>\n<meta name=\"twitter:card\" content=\"summary_large_image\" \/>\n<meta name=\"twitter:label1\" content=\"Escrito por\" \/>\n\t<meta name=\"twitter:data1\" content=\"admin\" \/>\n\t<meta name=\"twitter:label2\" content=\"Tiempo de lectura\" \/>\n\t<meta name=\"twitter:data2\" content=\"5 minutos\" \/>\n<script type=\"application\/ld+json\" class=\"yoast-schema-graph\">{\"@context\":\"https:\/\/schema.org\",\"@graph\":[{\"@type\":\"WebPage\",\"@id\":\"https:\/\/www.jschamberi.org\/blog\/?p=1591\",\"url\":\"https:\/\/www.jschamberi.org\/blog\/?p=1591\",\"name\":\"Los Retos de la Socialdemocracia del Siglo XXI - Juventudes Socialistas de Chamber\u00ed\",\"isPartOf\":{\"@id\":\"https:\/\/www.jschamberi.org\/blog\/#website\"},\"primaryImageOfPage\":{\"@id\":\"https:\/\/www.jschamberi.org\/blog\/?p=1591#primaryimage\"},\"image\":{\"@id\":\"https:\/\/www.jschamberi.org\/blog\/?p=1591#primaryimage\"},\"thumbnailUrl\":\"https:\/\/www.jschamberi.org\/blog\/wp-content\/uploads\/2011\/03\/P22616431.jpg\",\"datePublished\":\"2011-03-07T08:55:43+00:00\",\"dateModified\":\"2011-12-01T14:19:13+00:00\",\"author\":{\"@id\":\"https:\/\/www.jschamberi.org\/blog\/#\/schema\/person\/c059c083419d357c708520483aafc898\"},\"breadcrumb\":{\"@id\":\"https:\/\/www.jschamberi.org\/blog\/?p=1591#breadcrumb\"},\"inLanguage\":\"es\",\"potentialAction\":[{\"@type\":\"ReadAction\",\"target\":[\"https:\/\/www.jschamberi.org\/blog\/?p=1591\"]}]},{\"@type\":\"ImageObject\",\"inLanguage\":\"es\",\"@id\":\"https:\/\/www.jschamberi.org\/blog\/?p=1591#primaryimage\",\"url\":\"https:\/\/www.jschamberi.org\/blog\/wp-content\/uploads\/2011\/03\/P22616431.jpg\",\"contentUrl\":\"https:\/\/www.jschamberi.org\/blog\/wp-content\/uploads\/2011\/03\/P22616431.jpg\",\"width\":\"1024\",\"height\":\"332\"},{\"@type\":\"BreadcrumbList\",\"@id\":\"https:\/\/www.jschamberi.org\/blog\/?p=1591#breadcrumb\",\"itemListElement\":[{\"@type\":\"ListItem\",\"position\":1,\"name\":\"Home\",\"item\":\"https:\/\/www.jschamberi.org\/blog\/\"},{\"@type\":\"ListItem\",\"position\":2,\"name\":\"Los Retos de la Socialdemocracia del Siglo XXI\"}]},{\"@type\":\"WebSite\",\"@id\":\"https:\/\/www.jschamberi.org\/blog\/#website\",\"url\":\"https:\/\/www.jschamberi.org\/blog\/\",\"name\":\"Juventudes Socialistas de Chamber\u00ed\",\"description\":\"\",\"potentialAction\":[{\"@type\":\"SearchAction\",\"target\":{\"@type\":\"EntryPoint\",\"urlTemplate\":\"https:\/\/www.jschamberi.org\/blog\/?s={search_term_string}\"},\"query-input\":{\"@type\":\"PropertyValueSpecification\",\"valueRequired\":true,\"valueName\":\"search_term_string\"}}],\"inLanguage\":\"es\"},{\"@type\":\"Person\",\"@id\":\"https:\/\/www.jschamberi.org\/blog\/#\/schema\/person\/c059c083419d357c708520483aafc898\",\"name\":\"admin\",\"image\":{\"@type\":\"ImageObject\",\"inLanguage\":\"es\",\"@id\":\"https:\/\/www.jschamberi.org\/blog\/#\/schema\/person\/image\/\",\"url\":\"https:\/\/secure.gravatar.com\/avatar\/7113fc9fabb67d6308a52515bfcb6797?s=96&d=identicon&r=g\",\"contentUrl\":\"https:\/\/secure.gravatar.com\/avatar\/7113fc9fabb67d6308a52515bfcb6797?s=96&d=identicon&r=g\",\"caption\":\"admin\"},\"url\":\"https:\/\/www.jschamberi.org\/blog\/?author=1\"}]}<\/script>\n<!-- \/ Yoast SEO plugin. -->","yoast_head_json":{"title":"Los Retos de la Socialdemocracia del Siglo XXI - Juventudes Socialistas de Chamber\u00ed","robots":{"index":"index","follow":"follow","max-snippet":"max-snippet:-1","max-image-preview":"max-image-preview:large","max-video-preview":"max-video-preview:-1"},"canonical":"https:\/\/www.jschamberi.org\/blog\/?p=1591","og_locale":"es_ES","og_type":"article","og_title":"Los Retos de la Socialdemocracia del Siglo XXI - Juventudes Socialistas de Chamber\u00ed","og_description":"El fin de semana del 26 y 27 de Marzo, una vez m\u00e1s, el Instituto Jaime Vera se convirti\u00f3 en un espacio de debate y an\u00e1lisis, esta vez sobre la situaci\u00f3n actual y futura de Espa\u00f1a vista desde los ojos de la socialdemocracia. Como socialistas no podemos obviar que mucha parte del contexto donde, al Leer m\u00e1s","og_url":"https:\/\/www.jschamberi.org\/blog\/?p=1591","og_site_name":"Juventudes Socialistas de Chamber\u00ed","article_published_time":"2011-03-07T08:55:43+00:00","article_modified_time":"2011-12-01T14:19:13+00:00","og_image":[{"width":1024,"height":332,"url":"https:\/\/www.jschamberi.org\/blog\/wp-content\/uploads\/2011\/03\/P22616431.jpg","type":"image\/jpeg"}],"author":"admin","twitter_card":"summary_large_image","twitter_misc":{"Escrito por":"admin","Tiempo de lectura":"5 minutos"},"schema":{"@context":"https:\/\/schema.org","@graph":[{"@type":"WebPage","@id":"https:\/\/www.jschamberi.org\/blog\/?p=1591","url":"https:\/\/www.jschamberi.org\/blog\/?p=1591","name":"Los Retos de la Socialdemocracia del Siglo XXI - Juventudes Socialistas de Chamber\u00ed","isPartOf":{"@id":"https:\/\/www.jschamberi.org\/blog\/#website"},"primaryImageOfPage":{"@id":"https:\/\/www.jschamberi.org\/blog\/?p=1591#primaryimage"},"image":{"@id":"https:\/\/www.jschamberi.org\/blog\/?p=1591#primaryimage"},"thumbnailUrl":"https:\/\/www.jschamberi.org\/blog\/wp-content\/uploads\/2011\/03\/P22616431.jpg","datePublished":"2011-03-07T08:55:43+00:00","dateModified":"2011-12-01T14:19:13+00:00","author":{"@id":"https:\/\/www.jschamberi.org\/blog\/#\/schema\/person\/c059c083419d357c708520483aafc898"},"breadcrumb":{"@id":"https:\/\/www.jschamberi.org\/blog\/?p=1591#breadcrumb"},"inLanguage":"es","potentialAction":[{"@type":"ReadAction","target":["https:\/\/www.jschamberi.org\/blog\/?p=1591"]}]},{"@type":"ImageObject","inLanguage":"es","@id":"https:\/\/www.jschamberi.org\/blog\/?p=1591#primaryimage","url":"https:\/\/www.jschamberi.org\/blog\/wp-content\/uploads\/2011\/03\/P22616431.jpg","contentUrl":"https:\/\/www.jschamberi.org\/blog\/wp-content\/uploads\/2011\/03\/P22616431.jpg","width":"1024","height":"332"},{"@type":"BreadcrumbList","@id":"https:\/\/www.jschamberi.org\/blog\/?p=1591#breadcrumb","itemListElement":[{"@type":"ListItem","position":1,"name":"Home","item":"https:\/\/www.jschamberi.org\/blog\/"},{"@type":"ListItem","position":2,"name":"Los Retos de la Socialdemocracia del Siglo XXI"}]},{"@type":"WebSite","@id":"https:\/\/www.jschamberi.org\/blog\/#website","url":"https:\/\/www.jschamberi.org\/blog\/","name":"Juventudes Socialistas de Chamber\u00ed","description":"","potentialAction":[{"@type":"SearchAction","target":{"@type":"EntryPoint","urlTemplate":"https:\/\/www.jschamberi.org\/blog\/?s={search_term_string}"},"query-input":{"@type":"PropertyValueSpecification","valueRequired":true,"valueName":"search_term_string"}}],"inLanguage":"es"},{"@type":"Person","@id":"https:\/\/www.jschamberi.org\/blog\/#\/schema\/person\/c059c083419d357c708520483aafc898","name":"admin","image":{"@type":"ImageObject","inLanguage":"es","@id":"https:\/\/www.jschamberi.org\/blog\/#\/schema\/person\/image\/","url":"https:\/\/secure.gravatar.com\/avatar\/7113fc9fabb67d6308a52515bfcb6797?s=96&d=identicon&r=g","contentUrl":"https:\/\/secure.gravatar.com\/avatar\/7113fc9fabb67d6308a52515bfcb6797?s=96&d=identicon&r=g","caption":"admin"},"url":"https:\/\/www.jschamberi.org\/blog\/?author=1"}]}},"_links":{"self":[{"href":"https:\/\/www.jschamberi.org\/blog\/index.php?rest_route=\/wp\/v2\/posts\/1591"}],"collection":[{"href":"https:\/\/www.jschamberi.org\/blog\/index.php?rest_route=\/wp\/v2\/posts"}],"about":[{"href":"https:\/\/www.jschamberi.org\/blog\/index.php?rest_route=\/wp\/v2\/types\/post"}],"author":[{"embeddable":true,"href":"https:\/\/www.jschamberi.org\/blog\/index.php?rest_route=\/wp\/v2\/users\/1"}],"replies":[{"embeddable":true,"href":"https:\/\/www.jschamberi.org\/blog\/index.php?rest_route=%2Fwp%2Fv2%2Fcomments&post=1591"}],"version-history":[{"count":9,"href":"https:\/\/www.jschamberi.org\/blog\/index.php?rest_route=\/wp\/v2\/posts\/1591\/revisions"}],"predecessor-version":[{"id":1597,"href":"https:\/\/www.jschamberi.org\/blog\/index.php?rest_route=\/wp\/v2\/posts\/1591\/revisions\/1597"}],"wp:featuredmedia":[{"embeddable":true,"href":"https:\/\/www.jschamberi.org\/blog\/index.php?rest_route=\/wp\/v2\/media\/1600"}],"wp:attachment":[{"href":"https:\/\/www.jschamberi.org\/blog\/index.php?rest_route=%2Fwp%2Fv2%2Fmedia&parent=1591"}],"wp:term":[{"taxonomy":"category","embeddable":true,"href":"https:\/\/www.jschamberi.org\/blog\/index.php?rest_route=%2Fwp%2Fv2%2Fcategories&post=1591"},{"taxonomy":"post_tag","embeddable":true,"href":"https:\/\/www.jschamberi.org\/blog\/index.php?rest_route=%2Fwp%2Fv2%2Ftags&post=1591"}],"curies":[{"name":"wp","href":"https:\/\/api.w.org\/{rel}","templated":true}]}}