{"id":1580,"date":"2011-03-03T10:10:27","date_gmt":"2011-03-03T09:10:27","guid":{"rendered":"http:\/\/www.jschamberi.org\/blog\/?p=1580"},"modified":"2012-02-07T16:19:01","modified_gmt":"2012-02-07T15:19:01","slug":"nota-de-prensa-el-no-estadio-vallehermoso-y-la-falta-dotaciones-publicas-deportivas","status":"publish","type":"post","link":"https:\/\/www.jschamberi.org\/blog\/?p=1580","title":{"rendered":"Nota de Prensa: El (no) Estadio Vallehermoso y la falta dotaciones p\u00fablicas deportivas en Chamber\u00ed"},"content":{"rendered":"<p>La prensa del distrito se vuelve a hacer eco de nuestra Nota de prensa por la falta de instalaciones p\u00fablicas deportivas en Chamber\u00ed.<\/p>\n<p>Consulta la noticia en <strong>GENTE EN MADRID<\/strong>:<\/p>\n<p><a href=\"http:\/\/www.gentedigital.es\/madrid\/noticia\/492931\/vallehermoso-el-ocaso-del-deporte-municipal-en-chamberi\/\">http:\/\/www.gentedigital.es\/madrid\/noticia\/492931\/vallehermoso-el-ocaso-del-deporte-municipal-en-chamberi\/<\/a><\/p>\n<p><img decoding=\"async\" src=\"file:\/\/\/C:\/DOCUME%7E1\/AMMART%7E1\/CONFIG%7E1\/Temp\/moz-screenshot-32.png\" alt=\"\" \/><\/p>\n<p><a href=\"http:\/\/www.jschamberi.org\/blog\/wp-content\/uploads\/2011\/03\/Gente.bmp\"><img loading=\"lazy\" decoding=\"async\" class=\"aligncenter size-full wp-image-1583\" title=\"Gente\" src=\"http:\/\/www.jschamberi.org\/blog\/wp-content\/uploads\/2011\/03\/Gente.bmp\" alt=\"\" width=\"505\" height=\"644\" \/><\/a><a href=\"http:\/\/www.jschamberi.org\/blog\/wp-content\/uploads\/2011\/03\/Nota-de-prensa-dotaciones-p\u00fablicas-deportivas.pdf\"><\/a><\/p>\n<p>Y la edici\u00f3n digital de<strong> Gacetas locales<\/strong>:<\/p>\n<p><a href=\"http:\/\/www.gacetaslocales.com\/pdfs\/FEBRERO2011\/17FEBRERO\/centro_17febrero11.pdf\">http:\/\/www.gacetaslocales.com\/pdfs\/FEBRERO2011\/17FEBRERO\/centro_17febrero11.pdf<\/a><\/p>\n<p><a href=\"http:\/\/www.jschamberi.org\/blog\/wp-content\/uploads\/2011\/03\/Gaceta.bmp\"><img loading=\"lazy\" decoding=\"async\" class=\"aligncenter size-full wp-image-1584\" title=\"Gaceta\" src=\"http:\/\/www.jschamberi.org\/blog\/wp-content\/uploads\/2011\/03\/Gaceta.bmp\" alt=\"\" width=\"112\" height=\"405\" \/><\/a><\/p>\n<p>Para leer la Nota de prensa completa:<\/p>\n<p><a href=\"http:\/\/www.jschamberi.org\/blog\/wp-content\/uploads\/2011\/03\/Nota-de-prensa-dotaciones-p\u00fablicas-deportivas.pdf\"><img loading=\"lazy\" decoding=\"async\" class=\"size-large wp-image-1581 alignleft\" title=\"Nota de prensa dotaciones p\u00fablicas deportivas\" src=\"http:\/\/www.jschamberi.org\/blog\/wp-content\/uploads\/2011\/03\/Nota-de-prensa-dotaciones-p\u00fablicas-deportivas-729x1024.png\" alt=\"\" width=\"272\" height=\"383\" srcset=\"https:\/\/www.jschamberi.org\/blog\/wp-content\/uploads\/2011\/03\/Nota-de-prensa-dotaciones-p\u00fablicas-deportivas-729x1024.png 729w, https:\/\/www.jschamberi.org\/blog\/wp-content\/uploads\/2011\/03\/Nota-de-prensa-dotaciones-p\u00fablicas-deportivas-213x300.png 213w, https:\/\/www.jschamberi.org\/blog\/wp-content\/uploads\/2011\/03\/Nota-de-prensa-dotaciones-p\u00fablicas-deportivas-46x65.png 46w\" sizes=\"(max-width: 272px) 100vw, 272px\" \/><\/a><\/p>\n<p><a href=\"http:\/\/www.jschamberi.org\/blog\/wp-content\/uploads\/2011\/03\/Nota-de-prensa-dotaciones-p\u00fablicas-deportivas.pdf\">Nota de prensa dotaciones p\u00fablicas deportivas<\/a><\/p>\n","protected":false},"excerpt":{"rendered":"<p>La prensa del distrito se vuelve a hacer eco de nuestra Nota de prensa por la falta de instalaciones p\u00fablicas deportivas en Chamber\u00ed. Consulta la noticia en GENTE EN MADRID: http:\/\/www.gentedigital.es\/madrid\/noticia\/492931\/vallehermoso-el-ocaso-del-deporte-municipal-en-chamberi\/ Y la edici\u00f3n digital de Gacetas locales: http:\/\/www.gacetaslocales.com\/pdfs\/FEBRERO2011\/17FEBRERO\/centro_17febrero11.pdf Para leer la Nota de prensa completa: Nota de prensa dotaciones p\u00fablicas deportivas<\/p>\n","protected":false},"author":20,"featured_media":1581,"comment_status":"open","ping_status":"open","sticky":false,"template":"","format":"standard","meta":{"footnotes":""},"categories":[16,62],"tags":[],"class_list":["post-1580","post","type-post","status-publish","format-standard","has-post-thumbnail","hentry","category-cultura-deportes","category-notadeprensa"],"yoast_head":"<!-- This site is optimized with the Yoast SEO plugin v23.7 - https:\/\/yoast.com\/wordpress\/plugins\/seo\/ -->\n<title>Nota de Prensa: El (no) Estadio Vallehermoso y la falta dotaciones p\u00fablicas deportivas en Chamber\u00ed - Juventudes Socialistas de Chamber\u00ed<\/title>\n<meta name=\"robots\" content=\"index, follow, max-snippet:-1, max-image-preview:large, max-video-preview:-1\" \/>\n<link rel=\"canonical\" href=\"https:\/\/www.jschamberi.org\/blog\/?p=1580\" \/>\n<meta property=\"og:locale\" content=\"es_ES\" \/>\n<meta property=\"og:type\" content=\"article\" \/>\n<meta property=\"og:title\" content=\"Nota de Prensa: El (no) Estadio Vallehermoso y la falta dotaciones p\u00fablicas deportivas en Chamber\u00ed - Juventudes Socialistas de Chamber\u00ed\" \/>\n<meta property=\"og:description\" content=\"La prensa del distrito se vuelve a hacer eco de nuestra Nota de prensa por la falta de instalaciones p\u00fablicas deportivas en Chamber\u00ed. Consulta la noticia en GENTE EN MADRID: http:\/\/www.gentedigital.es\/madrid\/noticia\/492931\/vallehermoso-el-ocaso-del-deporte-municipal-en-chamberi\/ Y la edici\u00f3n digital de Gacetas locales: http:\/\/www.gacetaslocales.com\/pdfs\/FEBRERO2011\/17FEBRERO\/centro_17febrero11.pdf Para leer la Nota de prensa completa: Nota de prensa dotaciones p\u00fablicas deportivas\" \/>\n<meta property=\"og:url\" content=\"https:\/\/www.jschamberi.org\/blog\/?p=1580\" \/>\n<meta property=\"og:site_name\" content=\"Juventudes Socialistas de Chamber\u00ed\" \/>\n<meta property=\"article:published_time\" content=\"2011-03-03T09:10:27+00:00\" \/>\n<meta property=\"article:modified_time\" content=\"2012-02-07T15:19:01+00:00\" \/>\n<meta property=\"og:image\" content=\"https:\/\/www.jschamberi.org\/blog\/wp-content\/uploads\/2011\/03\/Nota-de-prensa-dotaciones-p\u00fablicas-deportivas.png\" \/>\n\t<meta property=\"og:image:width\" content=\"2167\" \/>\n\t<meta property=\"og:image:height\" content=\"3041\" \/>\n\t<meta property=\"og:image:type\" content=\"image\/png\" \/>\n<meta name=\"author\" content=\"JSChamberi\" \/>\n<meta name=\"twitter:card\" content=\"summary_large_image\" \/>\n<meta name=\"twitter:label1\" content=\"Escrito por\" \/>\n\t<meta name=\"twitter:data1\" content=\"JSChamberi\" \/>\n<script type=\"application\/ld+json\" class=\"yoast-schema-graph\">{\"@context\":\"https:\/\/schema.org\",\"@graph\":[{\"@type\":\"WebPage\",\"@id\":\"https:\/\/www.jschamberi.org\/blog\/?p=1580\",\"url\":\"https:\/\/www.jschamberi.org\/blog\/?p=1580\",\"name\":\"Nota de Prensa: El (no) Estadio Vallehermoso y la falta dotaciones p\u00fablicas deportivas en Chamber\u00ed - Juventudes Socialistas de Chamber\u00ed\",\"isPartOf\":{\"@id\":\"https:\/\/www.jschamberi.org\/blog\/#website\"},\"primaryImageOfPage\":{\"@id\":\"https:\/\/www.jschamberi.org\/blog\/?p=1580#primaryimage\"},\"image\":{\"@id\":\"https:\/\/www.jschamberi.org\/blog\/?p=1580#primaryimage\"},\"thumbnailUrl\":\"https:\/\/www.jschamberi.org\/blog\/wp-content\/uploads\/2011\/03\/Nota-de-prensa-dotaciones-p\u00fablicas-deportivas.png\",\"datePublished\":\"2011-03-03T09:10:27+00:00\",\"dateModified\":\"2012-02-07T15:19:01+00:00\",\"author\":{\"@id\":\"https:\/\/www.jschamberi.org\/blog\/#\/schema\/person\/3f82d901471b027bfc456bee2b9d0d3d\"},\"breadcrumb\":{\"@id\":\"https:\/\/www.jschamberi.org\/blog\/?p=1580#breadcrumb\"},\"inLanguage\":\"es\",\"potentialAction\":[{\"@type\":\"ReadAction\",\"target\":[\"https:\/\/www.jschamberi.org\/blog\/?p=1580\"]}]},{\"@type\":\"ImageObject\",\"inLanguage\":\"es\",\"@id\":\"https:\/\/www.jschamberi.org\/blog\/?p=1580#primaryimage\",\"url\":\"https:\/\/www.jschamberi.org\/blog\/wp-content\/uploads\/2011\/03\/Nota-de-prensa-dotaciones-p\u00fablicas-deportivas.png\",\"contentUrl\":\"https:\/\/www.jschamberi.org\/blog\/wp-content\/uploads\/2011\/03\/Nota-de-prensa-dotaciones-p\u00fablicas-deportivas.png\",\"width\":\"2167\",\"height\":\"3041\"},{\"@type\":\"BreadcrumbList\",\"@id\":\"https:\/\/www.jschamberi.org\/blog\/?p=1580#breadcrumb\",\"itemListElement\":[{\"@type\":\"ListItem\",\"position\":1,\"name\":\"Home\",\"item\":\"https:\/\/www.jschamberi.org\/blog\/\"},{\"@type\":\"ListItem\",\"position\":2,\"name\":\"Nota de Prensa: El (no) Estadio Vallehermoso y la falta dotaciones p\u00fablicas deportivas en Chamber\u00ed\"}]},{\"@type\":\"WebSite\",\"@id\":\"https:\/\/www.jschamberi.org\/blog\/#website\",\"url\":\"https:\/\/www.jschamberi.org\/blog\/\",\"name\":\"Juventudes Socialistas de Chamber\u00ed\",\"description\":\"\",\"potentialAction\":[{\"@type\":\"SearchAction\",\"target\":{\"@type\":\"EntryPoint\",\"urlTemplate\":\"https:\/\/www.jschamberi.org\/blog\/?s={search_term_string}\"},\"query-input\":{\"@type\":\"PropertyValueSpecification\",\"valueRequired\":true,\"valueName\":\"search_term_string\"}}],\"inLanguage\":\"es\"},{\"@type\":\"Person\",\"@id\":\"https:\/\/www.jschamberi.org\/blog\/#\/schema\/person\/3f82d901471b027bfc456bee2b9d0d3d\",\"name\":\"JSChamberi\",\"image\":{\"@type\":\"ImageObject\",\"inLanguage\":\"es\",\"@id\":\"https:\/\/www.jschamberi.org\/blog\/#\/schema\/person\/image\/\",\"url\":\"https:\/\/secure.gravatar.com\/avatar\/c2d40e2dd384331a8f7f7a2390eaafdb?s=96&d=identicon&r=g\",\"contentUrl\":\"https:\/\/secure.gravatar.com\/avatar\/c2d40e2dd384331a8f7f7a2390eaafdb?s=96&d=identicon&r=g\",\"caption\":\"JSChamberi\"},\"sameAs\":[\"http:\/\/jschamberi.org\"],\"url\":\"https:\/\/www.jschamberi.org\/blog\/?author=20\"}]}<\/script>\n<!-- \/ Yoast SEO plugin. -->","yoast_head_json":{"title":"Nota de Prensa: El (no) Estadio Vallehermoso y la falta dotaciones p\u00fablicas deportivas en Chamber\u00ed - Juventudes Socialistas de Chamber\u00ed","robots":{"index":"index","follow":"follow","max-snippet":"max-snippet:-1","max-image-preview":"max-image-preview:large","max-video-preview":"max-video-preview:-1"},"canonical":"https:\/\/www.jschamberi.org\/blog\/?p=1580","og_locale":"es_ES","og_type":"article","og_title":"Nota de Prensa: El (no) Estadio Vallehermoso y la falta dotaciones p\u00fablicas deportivas en Chamber\u00ed - Juventudes Socialistas de Chamber\u00ed","og_description":"La prensa del distrito se vuelve a hacer eco de nuestra Nota de prensa por la falta de instalaciones p\u00fablicas deportivas en Chamber\u00ed. Consulta la noticia en GENTE EN MADRID: http:\/\/www.gentedigital.es\/madrid\/noticia\/492931\/vallehermoso-el-ocaso-del-deporte-municipal-en-chamberi\/ Y la edici\u00f3n digital de Gacetas locales: http:\/\/www.gacetaslocales.com\/pdfs\/FEBRERO2011\/17FEBRERO\/centro_17febrero11.pdf Para leer la Nota de prensa completa: Nota de prensa dotaciones p\u00fablicas deportivas","og_url":"https:\/\/www.jschamberi.org\/blog\/?p=1580","og_site_name":"Juventudes Socialistas de Chamber\u00ed","article_published_time":"2011-03-03T09:10:27+00:00","article_modified_time":"2012-02-07T15:19:01+00:00","og_image":[{"width":2167,"height":3041,"url":"https:\/\/www.jschamberi.org\/blog\/wp-content\/uploads\/2011\/03\/Nota-de-prensa-dotaciones-p\u00fablicas-deportivas.png","type":"image\/png"}],"author":"JSChamberi","twitter_card":"summary_large_image","twitter_misc":{"Escrito por":"JSChamberi"},"schema":{"@context":"https:\/\/schema.org","@graph":[{"@type":"WebPage","@id":"https:\/\/www.jschamberi.org\/blog\/?p=1580","url":"https:\/\/www.jschamberi.org\/blog\/?p=1580","name":"Nota de Prensa: El (no) Estadio Vallehermoso y la falta dotaciones p\u00fablicas deportivas en Chamber\u00ed - Juventudes Socialistas de Chamber\u00ed","isPartOf":{"@id":"https:\/\/www.jschamberi.org\/blog\/#website"},"primaryImageOfPage":{"@id":"https:\/\/www.jschamberi.org\/blog\/?p=1580#primaryimage"},"image":{"@id":"https:\/\/www.jschamberi.org\/blog\/?p=1580#primaryimage"},"thumbnailUrl":"https:\/\/www.jschamberi.org\/blog\/wp-content\/uploads\/2011\/03\/Nota-de-prensa-dotaciones-p\u00fablicas-deportivas.png","datePublished":"2011-03-03T09:10:27+00:00","dateModified":"2012-02-07T15:19:01+00:00","author":{"@id":"https:\/\/www.jschamberi.org\/blog\/#\/schema\/person\/3f82d901471b027bfc456bee2b9d0d3d"},"breadcrumb":{"@id":"https:\/\/www.jschamberi.org\/blog\/?p=1580#breadcrumb"},"inLanguage":"es","potentialAction":[{"@type":"ReadAction","target":["https:\/\/www.jschamberi.org\/blog\/?p=1580"]}]},{"@type":"ImageObject","inLanguage":"es","@id":"https:\/\/www.jschamberi.org\/blog\/?p=1580#primaryimage","url":"https:\/\/www.jschamberi.org\/blog\/wp-content\/uploads\/2011\/03\/Nota-de-prensa-dotaciones-p\u00fablicas-deportivas.png","contentUrl":"https:\/\/www.jschamberi.org\/blog\/wp-content\/uploads\/2011\/03\/Nota-de-prensa-dotaciones-p\u00fablicas-deportivas.png","width":"2167","height":"3041"},{"@type":"BreadcrumbList","@id":"https:\/\/www.jschamberi.org\/blog\/?p=1580#breadcrumb","itemListElement":[{"@type":"ListItem","position":1,"name":"Home","item":"https:\/\/www.jschamberi.org\/blog\/"},{"@type":"ListItem","position":2,"name":"Nota de Prensa: El (no) Estadio Vallehermoso y la falta dotaciones p\u00fablicas deportivas en Chamber\u00ed"}]},{"@type":"WebSite","@id":"https:\/\/www.jschamberi.org\/blog\/#website","url":"https:\/\/www.jschamberi.org\/blog\/","name":"Juventudes Socialistas de Chamber\u00ed","description":"","potentialAction":[{"@type":"SearchAction","target":{"@type":"EntryPoint","urlTemplate":"https:\/\/www.jschamberi.org\/blog\/?s={search_term_string}"},"query-input":{"@type":"PropertyValueSpecification","valueRequired":true,"valueName":"search_term_string"}}],"inLanguage":"es"},{"@type":"Person","@id":"https:\/\/www.jschamberi.org\/blog\/#\/schema\/person\/3f82d901471b027bfc456bee2b9d0d3d","name":"JSChamberi","image":{"@type":"ImageObject","inLanguage":"es","@id":"https:\/\/www.jschamberi.org\/blog\/#\/schema\/person\/image\/","url":"https:\/\/secure.gravatar.com\/avatar\/c2d40e2dd384331a8f7f7a2390eaafdb?s=96&d=identicon&r=g","contentUrl":"https:\/\/secure.gravatar.com\/avatar\/c2d40e2dd384331a8f7f7a2390eaafdb?s=96&d=identicon&r=g","caption":"JSChamberi"},"sameAs":["http:\/\/jschamberi.org"],"url":"https:\/\/www.jschamberi.org\/blog\/?author=20"}]}},"_links":{"self":[{"href":"https:\/\/www.jschamberi.org\/blog\/index.php?rest_route=\/wp\/v2\/posts\/1580"}],"collection":[{"href":"https:\/\/www.jschamberi.org\/blog\/index.php?rest_route=\/wp\/v2\/posts"}],"about":[{"href":"https:\/\/www.jschamberi.org\/blog\/index.php?rest_route=\/wp\/v2\/types\/post"}],"author":[{"embeddable":true,"href":"https:\/\/www.jschamberi.org\/blog\/index.php?rest_route=\/wp\/v2\/users\/20"}],"replies":[{"embeddable":true,"href":"https:\/\/www.jschamberi.org\/blog\/index.php?rest_route=%2Fwp%2Fv2%2Fcomments&post=1580"}],"version-history":[{"count":4,"href":"https:\/\/www.jschamberi.org\/blog\/index.php?rest_route=\/wp\/v2\/posts\/1580\/revisions"}],"predecessor-version":[{"id":1588,"href":"https:\/\/www.jschamberi.org\/blog\/index.php?rest_route=\/wp\/v2\/posts\/1580\/revisions\/1588"}],"wp:featuredmedia":[{"embeddable":true,"href":"https:\/\/www.jschamberi.org\/blog\/index.php?rest_route=\/wp\/v2\/media\/1581"}],"wp:attachment":[{"href":"https:\/\/www.jschamberi.org\/blog\/index.php?rest_route=%2Fwp%2Fv2%2Fmedia&parent=1580"}],"wp:term":[{"taxonomy":"category","embeddable":true,"href":"https:\/\/www.jschamberi.org\/blog\/index.php?rest_route=%2Fwp%2Fv2%2Fcategories&post=1580"},{"taxonomy":"post_tag","embeddable":true,"href":"https:\/\/www.jschamberi.org\/blog\/index.php?rest_route=%2Fwp%2Fv2%2Ftags&post=1580"}],"curies":[{"name":"wp","href":"https:\/\/api.w.org\/{rel}","templated":true}]}}