{"id":1505,"date":"2011-02-07T12:00:49","date_gmt":"2011-02-07T11:00:49","guid":{"rendered":"http:\/\/www.jschamberi.org\/blog\/?p=1505"},"modified":"2012-02-07T16:19:36","modified_gmt":"2012-02-07T15:19:36","slug":"nota-de-prensa-jsch-denuncia-que-no-hay-bibliotecas-municipales-en-su-distrito","status":"publish","type":"post","link":"https:\/\/www.jschamberi.org\/blog\/?p=1505","title":{"rendered":"Nota de Prensa: JSCh denuncia que no hay Bibliotecas Municipales en su Distrito."},"content":{"rendered":"<p>Os adjuntamos\u00a0 la nota de prensa en la que protestamos a la Junta de Distrito la ausencia de una Biblioteca p\u00fablica Municipal en el distrito de Chamber\u00ed.<\/p>\n<p><a href=\"http:\/\/www.jschamberi.org\/blog\/wp-content\/uploads\/2011\/02\/NOTA-DE-PRENSA-Formato-2.pdf\">NOTA DE PRENSA Bibliotecas Chamber\u00ed<\/a><\/p>\n<p>Adem\u00e1s recogemos la repercusi\u00f3n en prensa de la Nota, lo cual debe apremiarnos a seguir denunciando las carencias de nuestro distrito ante la Junta.<\/p>\n<p><a href=\"http:\/\/www.jschamberi.org\/blog\/wp-content\/uploads\/2011\/02\/centro_3febrero11_P\u00e1gina_05.png\"><img loading=\"lazy\" decoding=\"async\" class=\"aligncenter size-large wp-image-1507\" title=\"centro_3febrero11_P\u00e1gina_05\" src=\"http:\/\/www.jschamberi.org\/blog\/wp-content\/uploads\/2011\/02\/centro_3febrero11_P\u00e1gina_05-740x1024.png\" alt=\"\" width=\"550\" height=\"758\" \/><\/a><a href=\"http:\/\/www.jschamberi.org\/blog\/wp-content\/uploads\/2011\/02\/Distrito.bmp\"><img loading=\"lazy\" decoding=\"async\" class=\"aligncenter size-full wp-image-1509\" title=\"Distrito\" src=\"http:\/\/www.jschamberi.org\/blog\/wp-content\/uploads\/2011\/02\/Distrito.bmp\" alt=\"\" width=\"550\" height=\"626\" \/><\/a><strong> <\/strong><\/p>\n<p><strong>Victor Ruiz de Almiron , Secretario de Acci\u00f3n Reivindicativa y Prensa de JSCh<\/strong><\/p>\n","protected":false},"excerpt":{"rendered":"<p>Os adjuntamos\u00a0 la nota de prensa en la que protestamos a la Junta de Distrito la ausencia de una Biblioteca p\u00fablica Municipal en el distrito de Chamber\u00ed. NOTA DE PRENSA Bibliotecas Chamber\u00ed Adem\u00e1s recogemos la repercusi\u00f3n en prensa de la Nota, lo cual debe apremiarnos a seguir denunciando las carencias de nuestro distrito ante la <a class=\"read-more\" href=\"https:\/\/www.jschamberi.org\/blog\/?p=1505\">Leer m\u00e1s<\/a><\/p>\n","protected":false},"author":20,"featured_media":1508,"comment_status":"open","ping_status":"open","sticky":false,"template":"","format":"standard","meta":{"footnotes":""},"categories":[3,62],"tags":[],"class_list":["post-1505","post","type-post","status-publish","format-standard","has-post-thumbnail","hentry","category-educacion","category-notadeprensa"],"yoast_head":"<!-- This site is optimized with the Yoast SEO plugin v23.7 - https:\/\/yoast.com\/wordpress\/plugins\/seo\/ -->\n<title>Nota de Prensa: JSCh denuncia que no hay Bibliotecas Municipales en su Distrito. - Juventudes Socialistas de Chamber\u00ed<\/title>\n<meta name=\"robots\" content=\"index, follow, max-snippet:-1, max-image-preview:large, max-video-preview:-1\" \/>\n<link rel=\"canonical\" href=\"https:\/\/www.jschamberi.org\/blog\/?p=1505\" \/>\n<meta property=\"og:locale\" content=\"es_ES\" \/>\n<meta property=\"og:type\" content=\"article\" \/>\n<meta property=\"og:title\" content=\"Nota de Prensa: JSCh denuncia que no hay Bibliotecas Municipales en su Distrito. - Juventudes Socialistas de Chamber\u00ed\" \/>\n<meta property=\"og:description\" content=\"Os adjuntamos\u00a0 la nota de prensa en la que protestamos a la Junta de Distrito la ausencia de una Biblioteca p\u00fablica Municipal en el distrito de Chamber\u00ed. NOTA DE PRENSA Bibliotecas Chamber\u00ed Adem\u00e1s recogemos la repercusi\u00f3n en prensa de la Nota, lo cual debe apremiarnos a seguir denunciando las carencias de nuestro distrito ante la Leer m\u00e1s\" \/>\n<meta property=\"og:url\" content=\"https:\/\/www.jschamberi.org\/blog\/?p=1505\" \/>\n<meta property=\"og:site_name\" content=\"Juventudes Socialistas de Chamber\u00ed\" \/>\n<meta property=\"article:published_time\" content=\"2011-02-07T11:00:49+00:00\" \/>\n<meta property=\"article:modified_time\" content=\"2012-02-07T15:19:36+00:00\" \/>\n<meta property=\"og:image\" content=\"https:\/\/www.jschamberi.org\/blog\/wp-content\/uploads\/2011\/02\/centro_3febrero11_P\u00e1gina_051.png\" \/>\n\t<meta property=\"og:image:width\" content=\"1110\" \/>\n\t<meta property=\"og:image:height\" content=\"1535\" \/>\n\t<meta property=\"og:image:type\" content=\"image\/png\" \/>\n<meta name=\"author\" content=\"JSChamberi\" \/>\n<meta name=\"twitter:card\" content=\"summary_large_image\" \/>\n<meta name=\"twitter:label1\" content=\"Escrito por\" \/>\n\t<meta name=\"twitter:data1\" content=\"JSChamberi\" \/>\n<script type=\"application\/ld+json\" class=\"yoast-schema-graph\">{\"@context\":\"https:\/\/schema.org\",\"@graph\":[{\"@type\":\"WebPage\",\"@id\":\"https:\/\/www.jschamberi.org\/blog\/?p=1505\",\"url\":\"https:\/\/www.jschamberi.org\/blog\/?p=1505\",\"name\":\"Nota de Prensa: JSCh denuncia que no hay Bibliotecas Municipales en su Distrito. - Juventudes Socialistas de Chamber\u00ed\",\"isPartOf\":{\"@id\":\"https:\/\/www.jschamberi.org\/blog\/#website\"},\"primaryImageOfPage\":{\"@id\":\"https:\/\/www.jschamberi.org\/blog\/?p=1505#primaryimage\"},\"image\":{\"@id\":\"https:\/\/www.jschamberi.org\/blog\/?p=1505#primaryimage\"},\"thumbnailUrl\":\"https:\/\/www.jschamberi.org\/blog\/wp-content\/uploads\/2011\/02\/centro_3febrero11_P\u00e1gina_051.png\",\"datePublished\":\"2011-02-07T11:00:49+00:00\",\"dateModified\":\"2012-02-07T15:19:36+00:00\",\"author\":{\"@id\":\"https:\/\/www.jschamberi.org\/blog\/#\/schema\/person\/3f82d901471b027bfc456bee2b9d0d3d\"},\"breadcrumb\":{\"@id\":\"https:\/\/www.jschamberi.org\/blog\/?p=1505#breadcrumb\"},\"inLanguage\":\"es\",\"potentialAction\":[{\"@type\":\"ReadAction\",\"target\":[\"https:\/\/www.jschamberi.org\/blog\/?p=1505\"]}]},{\"@type\":\"ImageObject\",\"inLanguage\":\"es\",\"@id\":\"https:\/\/www.jschamberi.org\/blog\/?p=1505#primaryimage\",\"url\":\"https:\/\/www.jschamberi.org\/blog\/wp-content\/uploads\/2011\/02\/centro_3febrero11_P\u00e1gina_051.png\",\"contentUrl\":\"https:\/\/www.jschamberi.org\/blog\/wp-content\/uploads\/2011\/02\/centro_3febrero11_P\u00e1gina_051.png\",\"width\":\"1110\",\"height\":\"1535\"},{\"@type\":\"BreadcrumbList\",\"@id\":\"https:\/\/www.jschamberi.org\/blog\/?p=1505#breadcrumb\",\"itemListElement\":[{\"@type\":\"ListItem\",\"position\":1,\"name\":\"Home\",\"item\":\"https:\/\/www.jschamberi.org\/blog\/\"},{\"@type\":\"ListItem\",\"position\":2,\"name\":\"Nota de Prensa: JSCh denuncia que no hay Bibliotecas Municipales en su Distrito.\"}]},{\"@type\":\"WebSite\",\"@id\":\"https:\/\/www.jschamberi.org\/blog\/#website\",\"url\":\"https:\/\/www.jschamberi.org\/blog\/\",\"name\":\"Juventudes Socialistas de Chamber\u00ed\",\"description\":\"\",\"potentialAction\":[{\"@type\":\"SearchAction\",\"target\":{\"@type\":\"EntryPoint\",\"urlTemplate\":\"https:\/\/www.jschamberi.org\/blog\/?s={search_term_string}\"},\"query-input\":{\"@type\":\"PropertyValueSpecification\",\"valueRequired\":true,\"valueName\":\"search_term_string\"}}],\"inLanguage\":\"es\"},{\"@type\":\"Person\",\"@id\":\"https:\/\/www.jschamberi.org\/blog\/#\/schema\/person\/3f82d901471b027bfc456bee2b9d0d3d\",\"name\":\"JSChamberi\",\"image\":{\"@type\":\"ImageObject\",\"inLanguage\":\"es\",\"@id\":\"https:\/\/www.jschamberi.org\/blog\/#\/schema\/person\/image\/\",\"url\":\"https:\/\/secure.gravatar.com\/avatar\/c2d40e2dd384331a8f7f7a2390eaafdb?s=96&d=identicon&r=g\",\"contentUrl\":\"https:\/\/secure.gravatar.com\/avatar\/c2d40e2dd384331a8f7f7a2390eaafdb?s=96&d=identicon&r=g\",\"caption\":\"JSChamberi\"},\"sameAs\":[\"http:\/\/jschamberi.org\"],\"url\":\"https:\/\/www.jschamberi.org\/blog\/?author=20\"}]}<\/script>\n<!-- \/ Yoast SEO plugin. -->","yoast_head_json":{"title":"Nota de Prensa: JSCh denuncia que no hay Bibliotecas Municipales en su Distrito. - Juventudes Socialistas de Chamber\u00ed","robots":{"index":"index","follow":"follow","max-snippet":"max-snippet:-1","max-image-preview":"max-image-preview:large","max-video-preview":"max-video-preview:-1"},"canonical":"https:\/\/www.jschamberi.org\/blog\/?p=1505","og_locale":"es_ES","og_type":"article","og_title":"Nota de Prensa: JSCh denuncia que no hay Bibliotecas Municipales en su Distrito. - Juventudes Socialistas de Chamber\u00ed","og_description":"Os adjuntamos\u00a0 la nota de prensa en la que protestamos a la Junta de Distrito la ausencia de una Biblioteca p\u00fablica Municipal en el distrito de Chamber\u00ed. NOTA DE PRENSA Bibliotecas Chamber\u00ed Adem\u00e1s recogemos la repercusi\u00f3n en prensa de la Nota, lo cual debe apremiarnos a seguir denunciando las carencias de nuestro distrito ante la Leer m\u00e1s","og_url":"https:\/\/www.jschamberi.org\/blog\/?p=1505","og_site_name":"Juventudes Socialistas de Chamber\u00ed","article_published_time":"2011-02-07T11:00:49+00:00","article_modified_time":"2012-02-07T15:19:36+00:00","og_image":[{"width":1110,"height":1535,"url":"https:\/\/www.jschamberi.org\/blog\/wp-content\/uploads\/2011\/02\/centro_3febrero11_P\u00e1gina_051.png","type":"image\/png"}],"author":"JSChamberi","twitter_card":"summary_large_image","twitter_misc":{"Escrito por":"JSChamberi"},"schema":{"@context":"https:\/\/schema.org","@graph":[{"@type":"WebPage","@id":"https:\/\/www.jschamberi.org\/blog\/?p=1505","url":"https:\/\/www.jschamberi.org\/blog\/?p=1505","name":"Nota de Prensa: JSCh denuncia que no hay Bibliotecas Municipales en su Distrito. - Juventudes Socialistas de Chamber\u00ed","isPartOf":{"@id":"https:\/\/www.jschamberi.org\/blog\/#website"},"primaryImageOfPage":{"@id":"https:\/\/www.jschamberi.org\/blog\/?p=1505#primaryimage"},"image":{"@id":"https:\/\/www.jschamberi.org\/blog\/?p=1505#primaryimage"},"thumbnailUrl":"https:\/\/www.jschamberi.org\/blog\/wp-content\/uploads\/2011\/02\/centro_3febrero11_P\u00e1gina_051.png","datePublished":"2011-02-07T11:00:49+00:00","dateModified":"2012-02-07T15:19:36+00:00","author":{"@id":"https:\/\/www.jschamberi.org\/blog\/#\/schema\/person\/3f82d901471b027bfc456bee2b9d0d3d"},"breadcrumb":{"@id":"https:\/\/www.jschamberi.org\/blog\/?p=1505#breadcrumb"},"inLanguage":"es","potentialAction":[{"@type":"ReadAction","target":["https:\/\/www.jschamberi.org\/blog\/?p=1505"]}]},{"@type":"ImageObject","inLanguage":"es","@id":"https:\/\/www.jschamberi.org\/blog\/?p=1505#primaryimage","url":"https:\/\/www.jschamberi.org\/blog\/wp-content\/uploads\/2011\/02\/centro_3febrero11_P\u00e1gina_051.png","contentUrl":"https:\/\/www.jschamberi.org\/blog\/wp-content\/uploads\/2011\/02\/centro_3febrero11_P\u00e1gina_051.png","width":"1110","height":"1535"},{"@type":"BreadcrumbList","@id":"https:\/\/www.jschamberi.org\/blog\/?p=1505#breadcrumb","itemListElement":[{"@type":"ListItem","position":1,"name":"Home","item":"https:\/\/www.jschamberi.org\/blog\/"},{"@type":"ListItem","position":2,"name":"Nota de Prensa: JSCh denuncia que no hay Bibliotecas Municipales en su Distrito."}]},{"@type":"WebSite","@id":"https:\/\/www.jschamberi.org\/blog\/#website","url":"https:\/\/www.jschamberi.org\/blog\/","name":"Juventudes Socialistas de Chamber\u00ed","description":"","potentialAction":[{"@type":"SearchAction","target":{"@type":"EntryPoint","urlTemplate":"https:\/\/www.jschamberi.org\/blog\/?s={search_term_string}"},"query-input":{"@type":"PropertyValueSpecification","valueRequired":true,"valueName":"search_term_string"}}],"inLanguage":"es"},{"@type":"Person","@id":"https:\/\/www.jschamberi.org\/blog\/#\/schema\/person\/3f82d901471b027bfc456bee2b9d0d3d","name":"JSChamberi","image":{"@type":"ImageObject","inLanguage":"es","@id":"https:\/\/www.jschamberi.org\/blog\/#\/schema\/person\/image\/","url":"https:\/\/secure.gravatar.com\/avatar\/c2d40e2dd384331a8f7f7a2390eaafdb?s=96&d=identicon&r=g","contentUrl":"https:\/\/secure.gravatar.com\/avatar\/c2d40e2dd384331a8f7f7a2390eaafdb?s=96&d=identicon&r=g","caption":"JSChamberi"},"sameAs":["http:\/\/jschamberi.org"],"url":"https:\/\/www.jschamberi.org\/blog\/?author=20"}]}},"_links":{"self":[{"href":"https:\/\/www.jschamberi.org\/blog\/index.php?rest_route=\/wp\/v2\/posts\/1505"}],"collection":[{"href":"https:\/\/www.jschamberi.org\/blog\/index.php?rest_route=\/wp\/v2\/posts"}],"about":[{"href":"https:\/\/www.jschamberi.org\/blog\/index.php?rest_route=\/wp\/v2\/types\/post"}],"author":[{"embeddable":true,"href":"https:\/\/www.jschamberi.org\/blog\/index.php?rest_route=\/wp\/v2\/users\/20"}],"replies":[{"embeddable":true,"href":"https:\/\/www.jschamberi.org\/blog\/index.php?rest_route=%2Fwp%2Fv2%2Fcomments&post=1505"}],"version-history":[{"count":10,"href":"https:\/\/www.jschamberi.org\/blog\/index.php?rest_route=\/wp\/v2\/posts\/1505\/revisions"}],"predecessor-version":[{"id":1520,"href":"https:\/\/www.jschamberi.org\/blog\/index.php?rest_route=\/wp\/v2\/posts\/1505\/revisions\/1520"}],"wp:featuredmedia":[{"embeddable":true,"href":"https:\/\/www.jschamberi.org\/blog\/index.php?rest_route=\/wp\/v2\/media\/1508"}],"wp:attachment":[{"href":"https:\/\/www.jschamberi.org\/blog\/index.php?rest_route=%2Fwp%2Fv2%2Fmedia&parent=1505"}],"wp:term":[{"taxonomy":"category","embeddable":true,"href":"https:\/\/www.jschamberi.org\/blog\/index.php?rest_route=%2Fwp%2Fv2%2Fcategories&post=1505"},{"taxonomy":"post_tag","embeddable":true,"href":"https:\/\/www.jschamberi.org\/blog\/index.php?rest_route=%2Fwp%2Fv2%2Ftags&post=1505"}],"curies":[{"name":"wp","href":"https:\/\/api.w.org\/{rel}","templated":true}]}}