{"id":1435,"date":"2011-01-20T12:09:15","date_gmt":"2011-01-20T11:09:15","guid":{"rendered":"http:\/\/www.jschamberi.org\/blog\/?p=1435"},"modified":"2011-01-20T12:10:25","modified_gmt":"2011-01-20T11:10:25","slug":"la-responsabilidad-es-de-todos-los-ciudadanos-ii","status":"publish","type":"post","link":"https:\/\/www.jschamberi.org\/blog\/?p=1435","title":{"rendered":"La responsabilidad es de todos. Los Ciudadanos (II)"},"content":{"rendered":"<p style=\"text-align: justify;\">Tras haber analizado <a href=\"..\/?p=1409\">la responsabilidad que las empresas<\/a> tuvieron en la crisis internacional y en su r\u00e1pida degradaci\u00f3n debida a las consecuencias ha tenido en Espa\u00f1a, me centrar\u00e9 en analizar una responsabilidad que normalmente nadie asume o cita: <strong>la responsabilidad de los ciudadanos<\/strong>.<\/p>\n<p style=\"text-align: justify;\">Se podr\u00eda estudiar el comportamiento desde la sociolog\u00eda y las consecuencias que largas d\u00e9cadas de modelo neoliberal a escala global han tenido sobre nuestra forma de actuar a nivel macrosc\u00f3pico. Si un soci\u00f3logo hiciera un boceto de las caracter\u00edsticas que tenia la Europa de los a\u00f1os 80 de prosperidad basada en la solidaridad entre pa\u00edses, este boceto no tendr\u00eda nada que ver con una fotograf\u00eda actual. Si bajamos la escala sociol\u00f3gica, de pa\u00edses a pueblos y de pueblos a personas, tambi\u00e9n se ha degradado en exceso la solidaridad de unas con otras.<\/p>\n<p style=\"text-align: justify;\">\n<figure style=\"width: 300px\" class=\"wp-caption aligncenter\"><img loading=\"lazy\" decoding=\"async\" src=\"http:\/\/www.bbc.co.uk\/spanish\/specials\/images\/1430_franco\/3154429_unioneuropea.jpg\" alt=\"\" width=\"300\" height=\"250\" \/><figcaption class=\"wp-caption-text\">Felipe Gonz\u00e1lez firmando el tratado de adhesi\u00f3n a la UE en 1985<\/figcaption><\/figure>\n<p style=\"text-align: justify;\">En este proceso de p\u00e9rdida de solidaridad entre los propios ciudadanos, ha influido en gran parte la transformaci\u00f3n de un pa\u00eds agrario y en cierto sentido industrial, donde prima el trabajo en equipo, a un modelo de pa\u00eds de servicios neoliberal, donde la competencia es el sino \u00faltimo.<\/p>\n<p style=\"text-align: justify;\"><img loading=\"lazy\" decoding=\"async\" class=\"aligncenter\" src=\"http:\/\/t0.gstatic.com\/images?q=tbn:ANd9GcS5JWly9PFpJTzMyLEWaKnF_NSwta1Kycqv5UHw7qXEw3pHGH7_\" alt=\"\" width=\"259\" height=\"194\" \/><\/p>\n<p style=\"text-align: justify;\"><img loading=\"lazy\" decoding=\"async\" class=\"aligncenter\" src=\"http:\/\/t1.gstatic.com\/images?q=tbn:ANd9GcQKGeIHJgBEz1yKUAomP_C4-IUnvTQLN2LHp6FYyX8KAVdJTbUm\" alt=\"\" width=\"144\" height=\"212\" \/><\/p>\n<p style=\"text-align: justify;\">Los modelos de empresa cambiaron y tras presionar al trabajador de manera individual, tras hacerle que vea sus objetivos como \u00fanicos a la hora de primar su trabajo, en funci\u00f3n de su desempe\u00f1o no colectivo, se instala en la sociedad un comportamiento asociado peligroso. Si a esto le sumamos la facilidad especulativa de ganancia de capital que hubo durante el final de los 90\u2019s y principio de\u00a0 los 00\u2019s, tenemos una sociedad basada en el <em>ego\u00edsmo colectivo<\/em> (concepto explicado en el <a href=\"..\/?p=1409\">anterior art\u00edculo<\/a>) Trazos de esta sociedad:<\/p>\n<ul style=\"text-align: justify;\">\n<li>La p\u00e9rdida del sentimiento de pertenencia a barrios en las grandes ciudades, el crecimiento del n\u00famero de empleados de las multinacionales, hasta considerar a los mismos como n\u00ba de \u00edtem y no personas con nombres y apellidos.<\/li>\n<li>La p\u00e9rdida de los espacios p\u00fablicos.<\/li>\n<li>El consumismo exacerbado.<\/li>\n<\/ul>\n<p style=\"text-align: justify;\">Estos factores tienen consecuencias nefastas en el modelo social en el que vivimos, trampa del propio capitalismo que se devora desde sus mismas entra\u00f1as. La b\u00fasqueda de objetivos personales dentro de una misma empresa, poniendo la competencia como primer valor, hace que se dificulten al extremo la b\u00fasqueda de objetivos colectivos. Y si pasa con una empresa, al igual con la ciudadan\u00eda que convive en un estado de derecho. La b\u00fasqueda del bienestar personal, sin pensar en que este s\u00f3lo depende de una convivencia en igualdad, empeora el rendimiento de un pa\u00eds. Los liberales lo niegan, pero es as\u00ed. Las tasas de desarrollo de pa\u00edses m\u00e1s justos, con empresas que cumplen con su responsabilidad social corporativa, con ciudadanos m\u00e1s implicados socialmente, esas tasas son mayores que en pa\u00edses donde reina la individualidad. Al igual por ejemplo que mientras m\u00e1s democracia hay m\u00e1s crecimiento. As\u00ed como mientras m\u00e1s igualdad hay en las sociedad, estas progresan m\u00e1s.\u00a0 Un ejemplo de esto podemos ver en un gr\u00e1fico realizado con <a href=\"http:\/\/www.gapminder.org\/\">Gapminder<\/a>, software gratuito de generaci\u00f3n de estad\u00edsticas comparativas de variables socioecon\u00f3mica.<\/p>\n<p style=\"text-align: center;\"><a href=\"http:\/\/www.gapminder.org\/world\/#$majorMode=chart$is;shi=t;ly=2003;lb=f;il=t;fs=11;al=30;stl=t;st=t;nsl=t;se=t$wst;tts=C$ts;sp=5.59290322580644;ti=2005$zpv;v=0$inc_x;mmid=XCOORDS;iid=p7mVTH_9OzWHQ2J6f54LXXA;by=ind$inc_y;mmid=YCOORDS;iid=0ArfEDsV3bBwCdHh3d1FPOVg1WXM3V2huRWc2cjM3TkE;by=ind$inc_s;uniValue=8.21;iid=phAwcNAVuyj0XOoBL_n5tAQ;by=ind$inc_c;uniValue=255;gid=CATID0;by=grp$map_x;scale=lin;dataMin=-10;dataMax=10$map_y;scale=log;dataMin=62;dataMax=77880$map_s;sma=49;smi=2.65$cd;bd=0$inds=\"><img loading=\"lazy\" decoding=\"async\" class=\"aligncenter size-full wp-image-1436\" title=\"gapminder\" src=\"http:\/\/www.jschamberi.org\/blog\/wp-content\/uploads\/2011\/01\/gapminder.jpg\" alt=\"\" width=\"550\" height=\"407\" srcset=\"https:\/\/www.jschamberi.org\/blog\/wp-content\/uploads\/2011\/01\/gapminder.jpg 1005w, https:\/\/www.jschamberi.org\/blog\/wp-content\/uploads\/2011\/01\/gapminder-300x222.jpg 300w, https:\/\/www.jschamberi.org\/blog\/wp-content\/uploads\/2011\/01\/gapminder-87x65.jpg 87w\" sizes=\"(max-width: 550px) 100vw, 550px\" \/><\/a><\/p>\n<p style=\"text-align: justify;\">Ante la crisis y los efectos, todos podemos hacer algo. Peque\u00f1os gestos, o grandes seg\u00fan su trascendencia. Sobre la Responsabilidad Social Corporativa, cabe destacar la gran labor que por ejemplo est\u00e1 haciendo la <strong>Junta de Andaluc\u00eda<\/strong>, a trav\u00e9s de su Servicio Andaluz de Empleo , con la iniciativa del <strong><a href=\"http:\/\/www.juntadeandalucia.es\/servicioandaluzdeempleo\/web\/blogs\/socialconfirming\/?p=135\">Social Confirming<\/a><\/strong>. Un observatorio donde trabajadores, empresarios\u00a0 y administraci\u00f3n buscan la mejor manera de lograr los objetivos mutuos de RSC.<\/p>\n<p style=\"text-align: center;\"><img loading=\"lazy\" decoding=\"async\" class=\"aligncenter\" src=\"http:\/\/www.ticpymes.es\/Archivos\/Contenidos\/201007290050\/industria2.jpg\" alt=\"\" width=\"312\" height=\"234\" \/><\/p>\n<p style=\"text-align: justify;\"><strong>La pregunta es: \u00bfPodemos hacer algo los ciudadanos? <\/strong><\/p>\n<ul>\n<li>\u00bfCu\u00e1ntas personas te han preguntado este a\u00f1o por un puesto de trabajo?<\/li>\n<li>\u00bfHas movido alg\u00fan curr\u00edculum en tu empresa?<\/li>\n<li>\u00bfHas ayudado a formar en alg\u00fan \u00e1rea de conocimiento que tengas a alg\u00fan amigo\/a desempleados?<\/li>\n<li>\u00bfHas usado las redes sociales (las f\u00edsicas o virtuales) para ayudar a esas personas?<\/li>\n<li>\u00bfHas invertido en proyectos innovadores?<\/li>\n<li>\u00bfTienes ideas que puedan ser innovadoras y servir como base de negocio?<\/li>\n<li>\u00bfRealizas tareas en tu trabajo no asignadas a nadie para conseguir que los proyectos comunes salgan adelante?<\/li>\n<li>\u00bfDetectas problemas en la organizaci\u00f3n y los haces saber con soluciones pr\u00e1cticas?<\/li>\n<li>\u00bfConsigues hacer grupos de trabajo solidarios entre s\u00ed?<\/li>\n<li>\u00bfEres responsable con los empleados que tienes a tu cargo?<\/li>\n<li>\u00bfGeneras pol\u00edticas de igualdad en tu empresa? \u00bfTienes buenas pol\u00edticas de formaci\u00f3n? \u00bfCrees en la felicidad de los trabajadores?<\/li>\n<li>\u00bfTienes h\u00e1bitos de consumo responsable?<\/li>\n<li>\u00bfEres solidario? \u00bfHas llevado a cabo alguna campa\u00f1a social durante el a\u00f1o 2010?<\/li>\n<\/ul>\n<p style=\"text-align: justify;\">Como j\u00f3venes podemos hacer que nuestras conductas intervengan en la mejora de la sociedad, aunque ser\u00e1 una tarea ardua y que se extienda en el tiempo,\u00a0 y que determine el mundo en el que queremos vivir.<\/p>\n","protected":false},"excerpt":{"rendered":"<p>Tras haber analizado la responsabilidad que las empresas tuvieron en la crisis internacional y en su r\u00e1pida degradaci\u00f3n debida a las consecuencias ha tenido en Espa\u00f1a, me centrar\u00e9 en analizar una responsabilidad que normalmente nadie asume o cita: la responsabilidad de los ciudadanos. Se podr\u00eda estudiar el comportamiento desde la sociolog\u00eda y las consecuencias que <a class=\"read-more\" href=\"https:\/\/www.jschamberi.org\/blog\/?p=1435\">Leer m\u00e1s<\/a><\/p>\n","protected":false},"author":1,"featured_media":1436,"comment_status":"open","ping_status":"open","sticky":false,"template":"","format":"standard","meta":{"footnotes":""},"categories":[26,37,21],"tags":[],"class_list":["post-1435","post","type-post","status-publish","format-standard","has-post-thumbnail","hentry","category-opinion","category-nuevas-tecnologias","category-sostenibilidad"],"yoast_head":"<!-- This site is optimized with the Yoast SEO plugin v23.7 - https:\/\/yoast.com\/wordpress\/plugins\/seo\/ -->\n<title>La responsabilidad es de todos. Los Ciudadanos (II)  - Juventudes Socialistas de Chamber\u00ed<\/title>\n<meta name=\"robots\" content=\"index, follow, max-snippet:-1, max-image-preview:large, max-video-preview:-1\" \/>\n<link rel=\"canonical\" href=\"https:\/\/www.jschamberi.org\/blog\/?p=1435\" \/>\n<meta property=\"og:locale\" content=\"es_ES\" \/>\n<meta property=\"og:type\" content=\"article\" \/>\n<meta property=\"og:title\" content=\"La responsabilidad es de todos. Los Ciudadanos (II)  - Juventudes Socialistas de Chamber\u00ed\" \/>\n<meta property=\"og:description\" content=\"Tras haber analizado la responsabilidad que las empresas tuvieron en la crisis internacional y en su r\u00e1pida degradaci\u00f3n debida a las consecuencias ha tenido en Espa\u00f1a, me centrar\u00e9 en analizar una responsabilidad que normalmente nadie asume o cita: la responsabilidad de los ciudadanos. Se podr\u00eda estudiar el comportamiento desde la sociolog\u00eda y las consecuencias que Leer m\u00e1s\" \/>\n<meta property=\"og:url\" content=\"https:\/\/www.jschamberi.org\/blog\/?p=1435\" \/>\n<meta property=\"og:site_name\" content=\"Juventudes Socialistas de Chamber\u00ed\" \/>\n<meta property=\"article:published_time\" content=\"2011-01-20T11:09:15+00:00\" \/>\n<meta property=\"article:modified_time\" content=\"2011-01-20T11:10:25+00:00\" \/>\n<meta property=\"og:image\" content=\"https:\/\/www.jschamberi.org\/blog\/wp-content\/uploads\/2011\/01\/gapminder.jpg\" \/>\n\t<meta property=\"og:image:width\" content=\"1005\" \/>\n\t<meta property=\"og:image:height\" content=\"745\" \/>\n\t<meta property=\"og:image:type\" content=\"image\/jpeg\" \/>\n<meta name=\"author\" content=\"admin\" \/>\n<meta name=\"twitter:card\" content=\"summary_large_image\" \/>\n<meta name=\"twitter:label1\" content=\"Escrito por\" \/>\n\t<meta name=\"twitter:data1\" content=\"admin\" \/>\n\t<meta name=\"twitter:label2\" content=\"Tiempo de lectura\" \/>\n\t<meta name=\"twitter:data2\" content=\"4 minutos\" \/>\n<script type=\"application\/ld+json\" class=\"yoast-schema-graph\">{\"@context\":\"https:\/\/schema.org\",\"@graph\":[{\"@type\":\"WebPage\",\"@id\":\"https:\/\/www.jschamberi.org\/blog\/?p=1435\",\"url\":\"https:\/\/www.jschamberi.org\/blog\/?p=1435\",\"name\":\"La responsabilidad es de todos. Los Ciudadanos (II) - Juventudes Socialistas de Chamber\u00ed\",\"isPartOf\":{\"@id\":\"https:\/\/www.jschamberi.org\/blog\/#website\"},\"primaryImageOfPage\":{\"@id\":\"https:\/\/www.jschamberi.org\/blog\/?p=1435#primaryimage\"},\"image\":{\"@id\":\"https:\/\/www.jschamberi.org\/blog\/?p=1435#primaryimage\"},\"thumbnailUrl\":\"https:\/\/www.jschamberi.org\/blog\/wp-content\/uploads\/2011\/01\/gapminder.jpg\",\"datePublished\":\"2011-01-20T11:09:15+00:00\",\"dateModified\":\"2011-01-20T11:10:25+00:00\",\"author\":{\"@id\":\"https:\/\/www.jschamberi.org\/blog\/#\/schema\/person\/c059c083419d357c708520483aafc898\"},\"breadcrumb\":{\"@id\":\"https:\/\/www.jschamberi.org\/blog\/?p=1435#breadcrumb\"},\"inLanguage\":\"es\",\"potentialAction\":[{\"@type\":\"ReadAction\",\"target\":[\"https:\/\/www.jschamberi.org\/blog\/?p=1435\"]}]},{\"@type\":\"ImageObject\",\"inLanguage\":\"es\",\"@id\":\"https:\/\/www.jschamberi.org\/blog\/?p=1435#primaryimage\",\"url\":\"https:\/\/www.jschamberi.org\/blog\/wp-content\/uploads\/2011\/01\/gapminder.jpg\",\"contentUrl\":\"https:\/\/www.jschamberi.org\/blog\/wp-content\/uploads\/2011\/01\/gapminder.jpg\",\"width\":\"1005\",\"height\":\"745\"},{\"@type\":\"BreadcrumbList\",\"@id\":\"https:\/\/www.jschamberi.org\/blog\/?p=1435#breadcrumb\",\"itemListElement\":[{\"@type\":\"ListItem\",\"position\":1,\"name\":\"Home\",\"item\":\"https:\/\/www.jschamberi.org\/blog\/\"},{\"@type\":\"ListItem\",\"position\":2,\"name\":\"La responsabilidad es de todos. Los Ciudadanos (II)\"}]},{\"@type\":\"WebSite\",\"@id\":\"https:\/\/www.jschamberi.org\/blog\/#website\",\"url\":\"https:\/\/www.jschamberi.org\/blog\/\",\"name\":\"Juventudes Socialistas de Chamber\u00ed\",\"description\":\"\",\"potentialAction\":[{\"@type\":\"SearchAction\",\"target\":{\"@type\":\"EntryPoint\",\"urlTemplate\":\"https:\/\/www.jschamberi.org\/blog\/?s={search_term_string}\"},\"query-input\":{\"@type\":\"PropertyValueSpecification\",\"valueRequired\":true,\"valueName\":\"search_term_string\"}}],\"inLanguage\":\"es\"},{\"@type\":\"Person\",\"@id\":\"https:\/\/www.jschamberi.org\/blog\/#\/schema\/person\/c059c083419d357c708520483aafc898\",\"name\":\"admin\",\"image\":{\"@type\":\"ImageObject\",\"inLanguage\":\"es\",\"@id\":\"https:\/\/www.jschamberi.org\/blog\/#\/schema\/person\/image\/\",\"url\":\"https:\/\/secure.gravatar.com\/avatar\/7113fc9fabb67d6308a52515bfcb6797?s=96&d=identicon&r=g\",\"contentUrl\":\"https:\/\/secure.gravatar.com\/avatar\/7113fc9fabb67d6308a52515bfcb6797?s=96&d=identicon&r=g\",\"caption\":\"admin\"},\"url\":\"https:\/\/www.jschamberi.org\/blog\/?author=1\"}]}<\/script>\n<!-- \/ Yoast SEO plugin. -->","yoast_head_json":{"title":"La responsabilidad es de todos. Los Ciudadanos (II)  - Juventudes Socialistas de Chamber\u00ed","robots":{"index":"index","follow":"follow","max-snippet":"max-snippet:-1","max-image-preview":"max-image-preview:large","max-video-preview":"max-video-preview:-1"},"canonical":"https:\/\/www.jschamberi.org\/blog\/?p=1435","og_locale":"es_ES","og_type":"article","og_title":"La responsabilidad es de todos. Los Ciudadanos (II)  - Juventudes Socialistas de Chamber\u00ed","og_description":"Tras haber analizado la responsabilidad que las empresas tuvieron en la crisis internacional y en su r\u00e1pida degradaci\u00f3n debida a las consecuencias ha tenido en Espa\u00f1a, me centrar\u00e9 en analizar una responsabilidad que normalmente nadie asume o cita: la responsabilidad de los ciudadanos. Se podr\u00eda estudiar el comportamiento desde la sociolog\u00eda y las consecuencias que Leer m\u00e1s","og_url":"https:\/\/www.jschamberi.org\/blog\/?p=1435","og_site_name":"Juventudes Socialistas de Chamber\u00ed","article_published_time":"2011-01-20T11:09:15+00:00","article_modified_time":"2011-01-20T11:10:25+00:00","og_image":[{"width":1005,"height":745,"url":"https:\/\/www.jschamberi.org\/blog\/wp-content\/uploads\/2011\/01\/gapminder.jpg","type":"image\/jpeg"}],"author":"admin","twitter_card":"summary_large_image","twitter_misc":{"Escrito por":"admin","Tiempo de lectura":"4 minutos"},"schema":{"@context":"https:\/\/schema.org","@graph":[{"@type":"WebPage","@id":"https:\/\/www.jschamberi.org\/blog\/?p=1435","url":"https:\/\/www.jschamberi.org\/blog\/?p=1435","name":"La responsabilidad es de todos. Los Ciudadanos (II) - Juventudes Socialistas de Chamber\u00ed","isPartOf":{"@id":"https:\/\/www.jschamberi.org\/blog\/#website"},"primaryImageOfPage":{"@id":"https:\/\/www.jschamberi.org\/blog\/?p=1435#primaryimage"},"image":{"@id":"https:\/\/www.jschamberi.org\/blog\/?p=1435#primaryimage"},"thumbnailUrl":"https:\/\/www.jschamberi.org\/blog\/wp-content\/uploads\/2011\/01\/gapminder.jpg","datePublished":"2011-01-20T11:09:15+00:00","dateModified":"2011-01-20T11:10:25+00:00","author":{"@id":"https:\/\/www.jschamberi.org\/blog\/#\/schema\/person\/c059c083419d357c708520483aafc898"},"breadcrumb":{"@id":"https:\/\/www.jschamberi.org\/blog\/?p=1435#breadcrumb"},"inLanguage":"es","potentialAction":[{"@type":"ReadAction","target":["https:\/\/www.jschamberi.org\/blog\/?p=1435"]}]},{"@type":"ImageObject","inLanguage":"es","@id":"https:\/\/www.jschamberi.org\/blog\/?p=1435#primaryimage","url":"https:\/\/www.jschamberi.org\/blog\/wp-content\/uploads\/2011\/01\/gapminder.jpg","contentUrl":"https:\/\/www.jschamberi.org\/blog\/wp-content\/uploads\/2011\/01\/gapminder.jpg","width":"1005","height":"745"},{"@type":"BreadcrumbList","@id":"https:\/\/www.jschamberi.org\/blog\/?p=1435#breadcrumb","itemListElement":[{"@type":"ListItem","position":1,"name":"Home","item":"https:\/\/www.jschamberi.org\/blog\/"},{"@type":"ListItem","position":2,"name":"La responsabilidad es de todos. Los Ciudadanos (II)"}]},{"@type":"WebSite","@id":"https:\/\/www.jschamberi.org\/blog\/#website","url":"https:\/\/www.jschamberi.org\/blog\/","name":"Juventudes Socialistas de Chamber\u00ed","description":"","potentialAction":[{"@type":"SearchAction","target":{"@type":"EntryPoint","urlTemplate":"https:\/\/www.jschamberi.org\/blog\/?s={search_term_string}"},"query-input":{"@type":"PropertyValueSpecification","valueRequired":true,"valueName":"search_term_string"}}],"inLanguage":"es"},{"@type":"Person","@id":"https:\/\/www.jschamberi.org\/blog\/#\/schema\/person\/c059c083419d357c708520483aafc898","name":"admin","image":{"@type":"ImageObject","inLanguage":"es","@id":"https:\/\/www.jschamberi.org\/blog\/#\/schema\/person\/image\/","url":"https:\/\/secure.gravatar.com\/avatar\/7113fc9fabb67d6308a52515bfcb6797?s=96&d=identicon&r=g","contentUrl":"https:\/\/secure.gravatar.com\/avatar\/7113fc9fabb67d6308a52515bfcb6797?s=96&d=identicon&r=g","caption":"admin"},"url":"https:\/\/www.jschamberi.org\/blog\/?author=1"}]}},"_links":{"self":[{"href":"https:\/\/www.jschamberi.org\/blog\/index.php?rest_route=\/wp\/v2\/posts\/1435"}],"collection":[{"href":"https:\/\/www.jschamberi.org\/blog\/index.php?rest_route=\/wp\/v2\/posts"}],"about":[{"href":"https:\/\/www.jschamberi.org\/blog\/index.php?rest_route=\/wp\/v2\/types\/post"}],"author":[{"embeddable":true,"href":"https:\/\/www.jschamberi.org\/blog\/index.php?rest_route=\/wp\/v2\/users\/1"}],"replies":[{"embeddable":true,"href":"https:\/\/www.jschamberi.org\/blog\/index.php?rest_route=%2Fwp%2Fv2%2Fcomments&post=1435"}],"version-history":[{"count":2,"href":"https:\/\/www.jschamberi.org\/blog\/index.php?rest_route=\/wp\/v2\/posts\/1435\/revisions"}],"predecessor-version":[{"id":1438,"href":"https:\/\/www.jschamberi.org\/blog\/index.php?rest_route=\/wp\/v2\/posts\/1435\/revisions\/1438"}],"wp:featuredmedia":[{"embeddable":true,"href":"https:\/\/www.jschamberi.org\/blog\/index.php?rest_route=\/wp\/v2\/media\/1436"}],"wp:attachment":[{"href":"https:\/\/www.jschamberi.org\/blog\/index.php?rest_route=%2Fwp%2Fv2%2Fmedia&parent=1435"}],"wp:term":[{"taxonomy":"category","embeddable":true,"href":"https:\/\/www.jschamberi.org\/blog\/index.php?rest_route=%2Fwp%2Fv2%2Fcategories&post=1435"},{"taxonomy":"post_tag","embeddable":true,"href":"https:\/\/www.jschamberi.org\/blog\/index.php?rest_route=%2Fwp%2Fv2%2Ftags&post=1435"}],"curies":[{"name":"wp","href":"https:\/\/api.w.org\/{rel}","templated":true}]}}